{"id":10083,"date":"2021-06-06T16:21:00","date_gmt":"2021-06-06T14:21:00","guid":{"rendered":"https:\/\/e-cristians.cat\/?p=10083"},"modified":"2021-06-08T16:38:59","modified_gmt":"2021-06-08T14:38:59","slug":"jornada-y-manifiesto-religiosos-sanitarios-ante-la-ley-de-la-eutanasia","status":"publish","type":"post","link":"https:\/\/e-cristians.cat\/es\/jornada-y-manifiesto-religiosos-sanitarios-ante-la-ley-de-la-eutanasia\/","title":{"rendered":"Jornada y Manifiesto Religiosos sanitarios ante la ley de la eutanasia"},"content":{"rendered":"<p>Los Hermanos de San Juan de Dios y los Camilos, contactando con CONFER Nacional, LARES Nacional y Hospitales Cat\u00f3licos de Madrid, han considerado oportuno expresar un pensar, sentir y hacer com\u00fan en relaci\u00f3n a la pr\u00f3xima entrada en vigor de la Ley de Eutanasia.<\/p>\n<p>Por ello, han elaborado un sencillo manifiesto de expresi\u00f3n del valor de la vida y del cuidado, y de oposici\u00f3n a la pr\u00e1ctica eutan\u00e1sica en entidades de Iglesia cat\u00f3lica.<\/p>\n<p>La <strong>presentaci\u00f3n<\/strong> de este texto de p\u00e1gina y media y una reflexi\u00f3n al respecto, la realizar\u00e1n en el Centro San Camilo de Tres Cantos (Madrid), <strong>el d\u00eda 23, de 11 a 13 hs.<\/strong> (<a href=\"https:\/\/e-cristians.cat\/wp-content\/uploads\/2021\/06\/Programa-Jornadas-Religiosos-sanitarios-ante-la-ley-de-la-eutanasia-v4-para-impresora-DinA3-1.pdf\">programa<\/a>). Convocan a los Superiores\/as Mayores, adem\u00e1s de con la conexi\u00f3n on-line de quien lo desee, particularmente profesionales de Centros cat\u00f3licos. Por eso, os invitan a realizar la inscripci\u00f3n para participar presencialmente y a promover entre otros la participaci\u00f3n on-line.<\/p>\n<p>Para participar presencialmente escribir a <a href=\"mailto:formacion@humanizar.es\">formacion@humanizar.es<\/a><\/p>\n<p>Para la participaci\u00f3n on line, recibir\u00e9is un enlace de Youtube, previa inscripci\u00f3n en <a href=\"http:\/\/www.humanizar.es\" target=\"_blank\" rel=\"noopener\">www.humanizar.es<\/a><\/p>\n","protected":false},"excerpt":{"rendered":"<p>Los Hermanos de San Juan de Dios y los Camilos, contactando con CONFER Nacional, LARES Nacional y Hospitales Cat\u00f3licos de Madrid, han considerado oportuno expresar un pensar, sentir y hacer com\u00fan en relaci\u00f3n a la pr\u00f3xima entrada en vigor de la Ley de Eutanasia. Por ello, han elaborado un sencillo manifiesto de expresi\u00f3n del valor&#8230;<\/p>\n","protected":false},"author":2,"featured_media":10086,"comment_status":"closed","ping_status":"closed","sticky":false,"template":"","format":"standard","meta":{"_jetpack_memberships_contains_paid_content":false,"footnotes":""},"categories":[33,39],"tags":[44],"class_list":["post-10083","post","type-post","status-publish","format-standard","has-post-thumbnail","hentry","category-altres-entitats-informacions-agenda-i-documents-es","category-portada_news-es","tag-eutanasia-es"],"yoast_head":"<!-- This site is optimized with the Yoast SEO plugin v20.0 - https:\/\/yoast.com\/wordpress\/plugins\/seo\/ -->\n<title>Jornada y Manifiesto Religiosos sanitarios ante la ley de la eutanasia - e-Cristians<\/title>\n<meta name=\"robots\" content=\"noindex, nofollow\" \/>\n<meta property=\"og:locale\" content=\"es_ES\" \/>\n<meta property=\"og:type\" content=\"article\" \/>\n<meta property=\"og:title\" content=\"Jornada y Manifiesto Religiosos sanitarios ante la ley de la eutanasia - e-Cristians\" \/>\n<meta property=\"og:description\" content=\"Los Hermanos de San Juan de Dios y los Camilos, contactando con CONFER Nacional, LARES Nacional y Hospitales Cat\u00f3licos de Madrid, han considerado oportuno expresar un pensar, sentir y hacer com\u00fan en relaci\u00f3n a la pr\u00f3xima entrada en vigor de la Ley de Eutanasia. Por ello, han elaborado un sencillo manifiesto de expresi\u00f3n del valor...\" \/>\n<meta property=\"og:url\" content=\"https:\/\/e-cristians.cat\/es\/jornada-y-manifiesto-religiosos-sanitarios-ante-la-ley-de-la-eutanasia\/\" \/>\n<meta property=\"og:site_name\" content=\"e-Cristians\" \/>\n<meta property=\"article:published_time\" content=\"2021-06-06T14:21:00+00:00\" \/>\n<meta property=\"article:modified_time\" content=\"2021-06-08T14:38:59+00:00\" \/>\n<meta property=\"og:image\" content=\"https:\/\/e-cristians.cat\/wp-content\/uploads\/2021\/06\/religiosos.jpg\" \/>\n\t<meta property=\"og:image:width\" content=\"781\" \/>\n\t<meta property=\"og:image:height\" content=\"440\" \/>\n\t<meta property=\"og:image:type\" content=\"image\/jpeg\" \/>\n<meta name=\"author\" content=\"e-Cristians\" \/>\n<meta name=\"twitter:card\" content=\"summary_large_image\" \/>\n<meta name=\"twitter:label1\" content=\"Escrito por\" \/>\n\t<meta name=\"twitter:data1\" content=\"e-Cristians\" \/>\n\t<meta name=\"twitter:label2\" content=\"Tiempo de lectura\" \/>\n\t<meta name=\"twitter:data2\" content=\"1 minuto\" \/>\n<script type=\"application\/ld+json\" class=\"yoast-schema-graph\">{\"@context\":\"https:\/\/schema.org\",\"@graph\":[{\"@type\":\"WebPage\",\"@id\":\"https:\/\/e-cristians.cat\/es\/jornada-y-manifiesto-religiosos-sanitarios-ante-la-ley-de-la-eutanasia\/\",\"url\":\"https:\/\/e-cristians.cat\/es\/jornada-y-manifiesto-religiosos-sanitarios-ante-la-ley-de-la-eutanasia\/\",\"name\":\"Jornada y Manifiesto Religiosos sanitarios ante la ley de la eutanasia - e-Cristians\",\"isPartOf\":{\"@id\":\"https:\/\/e-cristians.cat\/#website\"},\"datePublished\":\"2021-06-06T14:21:00+00:00\",\"dateModified\":\"2021-06-08T14:38:59+00:00\",\"author\":{\"@id\":\"https:\/\/e-cristians.cat\/#\/schema\/person\/f0ec475338e49aaef9c9dc9d9f162861\"},\"breadcrumb\":{\"@id\":\"https:\/\/e-cristians.cat\/es\/jornada-y-manifiesto-religiosos-sanitarios-ante-la-ley-de-la-eutanasia\/#breadcrumb\"},\"inLanguage\":\"es\",\"potentialAction\":[{\"@type\":\"ReadAction\",\"target\":[\"https:\/\/e-cristians.cat\/es\/jornada-y-manifiesto-religiosos-sanitarios-ante-la-ley-de-la-eutanasia\/\"]}]},{\"@type\":\"BreadcrumbList\",\"@id\":\"https:\/\/e-cristians.cat\/es\/jornada-y-manifiesto-religiosos-sanitarios-ante-la-ley-de-la-eutanasia\/#breadcrumb\",\"itemListElement\":[{\"@type\":\"ListItem\",\"position\":1,\"name\":\"Inici\",\"item\":\"https:\/\/e-cristians.cat\/es\/\"},{\"@type\":\"ListItem\",\"position\":2,\"name\":\"Jornada y Manifiesto Religiosos sanitarios ante la ley de la eutanasia\"}]},{\"@type\":\"WebSite\",\"@id\":\"https:\/\/e-cristians.cat\/#website\",\"url\":\"https:\/\/e-cristians.cat\/\",\"name\":\"e-Cristians\",\"description\":\"\",\"potentialAction\":[{\"@type\":\"SearchAction\",\"target\":{\"@type\":\"EntryPoint\",\"urlTemplate\":\"https:\/\/e-cristians.cat\/?s={search_term_string}\"},\"query-input\":\"required name=search_term_string\"}],\"inLanguage\":\"es\"},{\"@type\":\"Person\",\"@id\":\"https:\/\/e-cristians.cat\/#\/schema\/person\/f0ec475338e49aaef9c9dc9d9f162861\",\"name\":\"e-Cristians\",\"image\":{\"@type\":\"ImageObject\",\"inLanguage\":\"es\",\"@id\":\"https:\/\/e-cristians.cat\/#\/schema\/person\/image\/\",\"url\":\"https:\/\/secure.gravatar.com\/avatar\/14bc9e5b0ca69070f1075ad3efcb33c4?s=96&d=mm&r=g\",\"contentUrl\":\"https:\/\/secure.gravatar.com\/avatar\/14bc9e5b0ca69070f1075ad3efcb33c4?s=96&d=mm&r=g\",\"caption\":\"e-Cristians\"}}]}<\/script>\n<!-- \/ Yoast SEO plugin. -->","yoast_head_json":{"title":"Jornada y Manifiesto Religiosos sanitarios ante la ley de la eutanasia - e-Cristians","robots":{"index":"noindex","follow":"nofollow"},"og_locale":"es_ES","og_type":"article","og_title":"Jornada y Manifiesto Religiosos sanitarios ante la ley de la eutanasia - e-Cristians","og_description":"Los Hermanos de San Juan de Dios y los Camilos, contactando con CONFER Nacional, LARES Nacional y Hospitales Cat\u00f3licos de Madrid, han considerado oportuno expresar un pensar, sentir y hacer com\u00fan en relaci\u00f3n a la pr\u00f3xima entrada en vigor de la Ley de Eutanasia. Por ello, han elaborado un sencillo manifiesto de expresi\u00f3n del valor...","og_url":"https:\/\/e-cristians.cat\/es\/jornada-y-manifiesto-religiosos-sanitarios-ante-la-ley-de-la-eutanasia\/","og_site_name":"e-Cristians","article_published_time":"2021-06-06T14:21:00+00:00","article_modified_time":"2021-06-08T14:38:59+00:00","og_image":[{"width":781,"height":440,"url":"https:\/\/e-cristians.cat\/wp-content\/uploads\/2021\/06\/religiosos.jpg","type":"image\/jpeg"}],"author":"e-Cristians","twitter_card":"summary_large_image","twitter_misc":{"Escrito por":"e-Cristians","Tiempo de lectura":"1 minuto"},"schema":{"@context":"https:\/\/schema.org","@graph":[{"@type":"WebPage","@id":"https:\/\/e-cristians.cat\/es\/jornada-y-manifiesto-religiosos-sanitarios-ante-la-ley-de-la-eutanasia\/","url":"https:\/\/e-cristians.cat\/es\/jornada-y-manifiesto-religiosos-sanitarios-ante-la-ley-de-la-eutanasia\/","name":"Jornada y Manifiesto Religiosos sanitarios ante la ley de la eutanasia - e-Cristians","isPartOf":{"@id":"https:\/\/e-cristians.cat\/#website"},"datePublished":"2021-06-06T14:21:00+00:00","dateModified":"2021-06-08T14:38:59+00:00","author":{"@id":"https:\/\/e-cristians.cat\/#\/schema\/person\/f0ec475338e49aaef9c9dc9d9f162861"},"breadcrumb":{"@id":"https:\/\/e-cristians.cat\/es\/jornada-y-manifiesto-religiosos-sanitarios-ante-la-ley-de-la-eutanasia\/#breadcrumb"},"inLanguage":"es","potentialAction":[{"@type":"ReadAction","target":["https:\/\/e-cristians.cat\/es\/jornada-y-manifiesto-religiosos-sanitarios-ante-la-ley-de-la-eutanasia\/"]}]},{"@type":"BreadcrumbList","@id":"https:\/\/e-cristians.cat\/es\/jornada-y-manifiesto-religiosos-sanitarios-ante-la-ley-de-la-eutanasia\/#breadcrumb","itemListElement":[{"@type":"ListItem","position":1,"name":"Inici","item":"https:\/\/e-cristians.cat\/es\/"},{"@type":"ListItem","position":2,"name":"Jornada y Manifiesto Religiosos sanitarios ante la ley de la eutanasia"}]},{"@type":"WebSite","@id":"https:\/\/e-cristians.cat\/#website","url":"https:\/\/e-cristians.cat\/","name":"e-Cristians","description":"","potentialAction":[{"@type":"SearchAction","target":{"@type":"EntryPoint","urlTemplate":"https:\/\/e-cristians.cat\/?s={search_term_string}"},"query-input":"required name=search_term_string"}],"inLanguage":"es"},{"@type":"Person","@id":"https:\/\/e-cristians.cat\/#\/schema\/person\/f0ec475338e49aaef9c9dc9d9f162861","name":"e-Cristians","image":{"@type":"ImageObject","inLanguage":"es","@id":"https:\/\/e-cristians.cat\/#\/schema\/person\/image\/","url":"https:\/\/secure.gravatar.com\/avatar\/14bc9e5b0ca69070f1075ad3efcb33c4?s=96&d=mm&r=g","contentUrl":"https:\/\/secure.gravatar.com\/avatar\/14bc9e5b0ca69070f1075ad3efcb33c4?s=96&d=mm&r=g","caption":"e-Cristians"}}]}},"jetpack_sharing_enabled":true,"jetpack_featured_media_url":"https:\/\/e-cristians.cat\/wp-content\/uploads\/2021\/06\/religiosos.jpg","_links":{"self":[{"href":"https:\/\/e-cristians.cat\/es\/wp-json\/wp\/v2\/posts\/10083"}],"collection":[{"href":"https:\/\/e-cristians.cat\/es\/wp-json\/wp\/v2\/posts"}],"about":[{"href":"https:\/\/e-cristians.cat\/es\/wp-json\/wp\/v2\/types\/post"}],"author":[{"embeddable":true,"href":"https:\/\/e-cristians.cat\/es\/wp-json\/wp\/v2\/users\/2"}],"replies":[{"embeddable":true,"href":"https:\/\/e-cristians.cat\/es\/wp-json\/wp\/v2\/comments?post=10083"}],"version-history":[{"count":3,"href":"https:\/\/e-cristians.cat\/es\/wp-json\/wp\/v2\/posts\/10083\/revisions"}],"predecessor-version":[{"id":10093,"href":"https:\/\/e-cristians.cat\/es\/wp-json\/wp\/v2\/posts\/10083\/revisions\/10093"}],"wp:featuredmedia":[{"embeddable":true,"href":"https:\/\/e-cristians.cat\/es\/wp-json\/wp\/v2\/media\/10086"}],"wp:attachment":[{"href":"https:\/\/e-cristians.cat\/es\/wp-json\/wp\/v2\/media?parent=10083"}],"wp:term":[{"taxonomy":"category","embeddable":true,"href":"https:\/\/e-cristians.cat\/es\/wp-json\/wp\/v2\/categories?post=10083"},{"taxonomy":"post_tag","embeddable":true,"href":"https:\/\/e-cristians.cat\/es\/wp-json\/wp\/v2\/tags?post=10083"}],"curies":[{"name":"wp","href":"https:\/\/api.w.org\/{rel}","templated":true}]}}