{"id":101272,"date":"2023-04-21T12:45:23","date_gmt":"2023-04-21T10:45:23","guid":{"rendered":"https:\/\/e-cristians.cat\/?p=101272"},"modified":"2023-04-21T12:45:23","modified_gmt":"2023-04-21T10:45:23","slug":"ahora-van-a-por-san-juan-pablo-ii","status":"publish","type":"post","link":"https:\/\/e-cristians.cat\/es\/ahora-van-a-por-san-juan-pablo-ii\/","title":{"rendered":"Ahora van a por san Juan Pablo II"},"content":{"rendered":"<p><em>ForumLibertas.com<\/em><\/p>\n<p>Hace treinta a\u00f1os, treinta, que, desde el \u00e1rea anglosajona, el liberalismo cosmopolita inici\u00f3 un\u00a0<strong>ataque contra la Iglesia cat\u00f3lica<\/strong>\u00a0que todav\u00eda se mantiene. Se trata de las denuncias por\u00a0<strong>casos de pederastia<\/strong> de la Iglesia. <a href=\"https:\/\/www.forumlibertas.com\/ahora-van-a-por-juan-pablo-ii\/\" target=\"_blank\" rel=\"noopener\">Leer m\u00e1s.<\/a><\/p>\n","protected":false},"excerpt":{"rendered":"<p>ForumLibertas.com Hace treinta a\u00f1os, treinta, que, desde el \u00e1rea anglosajona, el liberalismo cosmopolita inici\u00f3 un\u00a0ataque contra la Iglesia cat\u00f3lica\u00a0que todav\u00eda se mantiene. Se trata de las denuncias por\u00a0casos de pederastia de la Iglesia. Leer m\u00e1s.<\/p>\n","protected":false},"author":2,"featured_media":101273,"comment_status":"closed","ping_status":"closed","sticky":false,"template":"","format":"standard","meta":{"_jetpack_memberships_contains_paid_content":false,"footnotes":""},"categories":[34,39],"tags":[],"class_list":["post-101272","post","type-post","status-publish","format-standard","has-post-thumbnail","hentry","category-editorials-i-blogs-de-forumlibertas-es","category-portada_news-es"],"yoast_head":"<!-- This site is optimized with the Yoast SEO plugin v20.0 - https:\/\/yoast.com\/wordpress\/plugins\/seo\/ -->\n<title>Ahora van a por san Juan Pablo II - e-Cristians<\/title>\n<meta name=\"robots\" content=\"noindex, nofollow\" \/>\n<meta property=\"og:locale\" content=\"es_ES\" \/>\n<meta property=\"og:type\" content=\"article\" \/>\n<meta property=\"og:title\" content=\"Ahora van a por san Juan Pablo II - e-Cristians\" \/>\n<meta property=\"og:description\" content=\"ForumLibertas.com Hace treinta a\u00f1os, treinta, que, desde el \u00e1rea anglosajona, el liberalismo cosmopolita inici\u00f3 un\u00a0ataque contra la Iglesia cat\u00f3lica\u00a0que todav\u00eda se mantiene. Se trata de las denuncias por\u00a0casos de pederastia de la Iglesia. Leer m\u00e1s.\" \/>\n<meta property=\"og:url\" content=\"https:\/\/e-cristians.cat\/es\/ahora-van-a-por-san-juan-pablo-ii\/\" \/>\n<meta property=\"og:site_name\" content=\"e-Cristians\" \/>\n<meta property=\"article:published_time\" content=\"2023-04-21T10:45:23+00:00\" \/>\n<meta property=\"og:image\" content=\"https:\/\/e-cristians.cat\/wp-content\/uploads\/2023\/04\/atentado-juan-pablo-ii-600x337-1.jpg\" \/>\n\t<meta property=\"og:image:width\" content=\"600\" \/>\n\t<meta property=\"og:image:height\" content=\"337\" \/>\n\t<meta property=\"og:image:type\" content=\"image\/jpeg\" \/>\n<meta name=\"author\" content=\"e-Cristians\" \/>\n<meta name=\"twitter:card\" content=\"summary_large_image\" \/>\n<meta name=\"twitter:label1\" content=\"Escrito por\" \/>\n\t<meta name=\"twitter:data1\" content=\"e-Cristians\" \/>\n\t<meta name=\"twitter:label2\" content=\"Tiempo de lectura\" \/>\n\t<meta name=\"twitter:data2\" content=\"1 minuto\" \/>\n<script type=\"application\/ld+json\" class=\"yoast-schema-graph\">{\"@context\":\"https:\/\/schema.org\",\"@graph\":[{\"@type\":\"WebPage\",\"@id\":\"https:\/\/e-cristians.cat\/es\/ahora-van-a-por-san-juan-pablo-ii\/\",\"url\":\"https:\/\/e-cristians.cat\/es\/ahora-van-a-por-san-juan-pablo-ii\/\",\"name\":\"Ahora van a por san Juan Pablo II - e-Cristians\",\"isPartOf\":{\"@id\":\"https:\/\/e-cristians.cat\/#website\"},\"datePublished\":\"2023-04-21T10:45:23+00:00\",\"dateModified\":\"2023-04-21T10:45:23+00:00\",\"author\":{\"@id\":\"https:\/\/e-cristians.cat\/#\/schema\/person\/f0ec475338e49aaef9c9dc9d9f162861\"},\"breadcrumb\":{\"@id\":\"https:\/\/e-cristians.cat\/es\/ahora-van-a-por-san-juan-pablo-ii\/#breadcrumb\"},\"inLanguage\":\"es\",\"potentialAction\":[{\"@type\":\"ReadAction\",\"target\":[\"https:\/\/e-cristians.cat\/es\/ahora-van-a-por-san-juan-pablo-ii\/\"]}]},{\"@type\":\"BreadcrumbList\",\"@id\":\"https:\/\/e-cristians.cat\/es\/ahora-van-a-por-san-juan-pablo-ii\/#breadcrumb\",\"itemListElement\":[{\"@type\":\"ListItem\",\"position\":1,\"name\":\"Inici\",\"item\":\"https:\/\/e-cristians.cat\/es\/\"},{\"@type\":\"ListItem\",\"position\":2,\"name\":\"Ahora van a por san Juan Pablo II\"}]},{\"@type\":\"WebSite\",\"@id\":\"https:\/\/e-cristians.cat\/#website\",\"url\":\"https:\/\/e-cristians.cat\/\",\"name\":\"e-Cristians\",\"description\":\"\",\"potentialAction\":[{\"@type\":\"SearchAction\",\"target\":{\"@type\":\"EntryPoint\",\"urlTemplate\":\"https:\/\/e-cristians.cat\/?s={search_term_string}\"},\"query-input\":\"required name=search_term_string\"}],\"inLanguage\":\"es\"},{\"@type\":\"Person\",\"@id\":\"https:\/\/e-cristians.cat\/#\/schema\/person\/f0ec475338e49aaef9c9dc9d9f162861\",\"name\":\"e-Cristians\",\"image\":{\"@type\":\"ImageObject\",\"inLanguage\":\"es\",\"@id\":\"https:\/\/e-cristians.cat\/#\/schema\/person\/image\/\",\"url\":\"https:\/\/secure.gravatar.com\/avatar\/14bc9e5b0ca69070f1075ad3efcb33c4?s=96&d=mm&r=g\",\"contentUrl\":\"https:\/\/secure.gravatar.com\/avatar\/14bc9e5b0ca69070f1075ad3efcb33c4?s=96&d=mm&r=g\",\"caption\":\"e-Cristians\"}}]}<\/script>\n<!-- \/ Yoast SEO plugin. -->","yoast_head_json":{"title":"Ahora van a por san Juan Pablo II - e-Cristians","robots":{"index":"noindex","follow":"nofollow"},"og_locale":"es_ES","og_type":"article","og_title":"Ahora van a por san Juan Pablo II - e-Cristians","og_description":"ForumLibertas.com Hace treinta a\u00f1os, treinta, que, desde el \u00e1rea anglosajona, el liberalismo cosmopolita inici\u00f3 un\u00a0ataque contra la Iglesia cat\u00f3lica\u00a0que todav\u00eda se mantiene. Se trata de las denuncias por\u00a0casos de pederastia de la Iglesia. Leer m\u00e1s.","og_url":"https:\/\/e-cristians.cat\/es\/ahora-van-a-por-san-juan-pablo-ii\/","og_site_name":"e-Cristians","article_published_time":"2023-04-21T10:45:23+00:00","og_image":[{"width":600,"height":337,"url":"https:\/\/e-cristians.cat\/wp-content\/uploads\/2023\/04\/atentado-juan-pablo-ii-600x337-1.jpg","type":"image\/jpeg"}],"author":"e-Cristians","twitter_card":"summary_large_image","twitter_misc":{"Escrito por":"e-Cristians","Tiempo de lectura":"1 minuto"},"schema":{"@context":"https:\/\/schema.org","@graph":[{"@type":"WebPage","@id":"https:\/\/e-cristians.cat\/es\/ahora-van-a-por-san-juan-pablo-ii\/","url":"https:\/\/e-cristians.cat\/es\/ahora-van-a-por-san-juan-pablo-ii\/","name":"Ahora van a por san Juan Pablo II - e-Cristians","isPartOf":{"@id":"https:\/\/e-cristians.cat\/#website"},"datePublished":"2023-04-21T10:45:23+00:00","dateModified":"2023-04-21T10:45:23+00:00","author":{"@id":"https:\/\/e-cristians.cat\/#\/schema\/person\/f0ec475338e49aaef9c9dc9d9f162861"},"breadcrumb":{"@id":"https:\/\/e-cristians.cat\/es\/ahora-van-a-por-san-juan-pablo-ii\/#breadcrumb"},"inLanguage":"es","potentialAction":[{"@type":"ReadAction","target":["https:\/\/e-cristians.cat\/es\/ahora-van-a-por-san-juan-pablo-ii\/"]}]},{"@type":"BreadcrumbList","@id":"https:\/\/e-cristians.cat\/es\/ahora-van-a-por-san-juan-pablo-ii\/#breadcrumb","itemListElement":[{"@type":"ListItem","position":1,"name":"Inici","item":"https:\/\/e-cristians.cat\/es\/"},{"@type":"ListItem","position":2,"name":"Ahora van a por san Juan Pablo II"}]},{"@type":"WebSite","@id":"https:\/\/e-cristians.cat\/#website","url":"https:\/\/e-cristians.cat\/","name":"e-Cristians","description":"","potentialAction":[{"@type":"SearchAction","target":{"@type":"EntryPoint","urlTemplate":"https:\/\/e-cristians.cat\/?s={search_term_string}"},"query-input":"required name=search_term_string"}],"inLanguage":"es"},{"@type":"Person","@id":"https:\/\/e-cristians.cat\/#\/schema\/person\/f0ec475338e49aaef9c9dc9d9f162861","name":"e-Cristians","image":{"@type":"ImageObject","inLanguage":"es","@id":"https:\/\/e-cristians.cat\/#\/schema\/person\/image\/","url":"https:\/\/secure.gravatar.com\/avatar\/14bc9e5b0ca69070f1075ad3efcb33c4?s=96&d=mm&r=g","contentUrl":"https:\/\/secure.gravatar.com\/avatar\/14bc9e5b0ca69070f1075ad3efcb33c4?s=96&d=mm&r=g","caption":"e-Cristians"}}]}},"jetpack_sharing_enabled":true,"jetpack_featured_media_url":"https:\/\/e-cristians.cat\/wp-content\/uploads\/2023\/04\/atentado-juan-pablo-ii-600x337-1.jpg","_links":{"self":[{"href":"https:\/\/e-cristians.cat\/es\/wp-json\/wp\/v2\/posts\/101272"}],"collection":[{"href":"https:\/\/e-cristians.cat\/es\/wp-json\/wp\/v2\/posts"}],"about":[{"href":"https:\/\/e-cristians.cat\/es\/wp-json\/wp\/v2\/types\/post"}],"author":[{"embeddable":true,"href":"https:\/\/e-cristians.cat\/es\/wp-json\/wp\/v2\/users\/2"}],"replies":[{"embeddable":true,"href":"https:\/\/e-cristians.cat\/es\/wp-json\/wp\/v2\/comments?post=101272"}],"version-history":[{"count":1,"href":"https:\/\/e-cristians.cat\/es\/wp-json\/wp\/v2\/posts\/101272\/revisions"}],"predecessor-version":[{"id":101275,"href":"https:\/\/e-cristians.cat\/es\/wp-json\/wp\/v2\/posts\/101272\/revisions\/101275"}],"wp:featuredmedia":[{"embeddable":true,"href":"https:\/\/e-cristians.cat\/es\/wp-json\/wp\/v2\/media\/101273"}],"wp:attachment":[{"href":"https:\/\/e-cristians.cat\/es\/wp-json\/wp\/v2\/media?parent=101272"}],"wp:term":[{"taxonomy":"category","embeddable":true,"href":"https:\/\/e-cristians.cat\/es\/wp-json\/wp\/v2\/categories?post=101272"},{"taxonomy":"post_tag","embeddable":true,"href":"https:\/\/e-cristians.cat\/es\/wp-json\/wp\/v2\/tags?post=101272"}],"curies":[{"name":"wp","href":"https:\/\/api.w.org\/{rel}","templated":true}]}}