{"id":1013,"date":"2020-07-14T19:08:02","date_gmt":"2020-07-14T17:08:02","guid":{"rendered":"https:\/\/e-cristians.cat\/?p=1013"},"modified":"2020-07-14T19:14:06","modified_gmt":"2020-07-14T17:14:06","slug":"tareas-y-desafios-de-la-iglesia-en-tiempos-de-pandemia-perfiles-estilizados","status":"publish","type":"post","link":"https:\/\/e-cristians.cat\/es\/tareas-y-desafios-de-la-iglesia-en-tiempos-de-pandemia-perfiles-estilizados\/","title":{"rendered":"Tareas y desaf\u00edos de la Iglesia en tiempos de pandemia: perfiles estilizados"},"content":{"rendered":"<p><em>ForumLibertas.com<\/em><\/p>\n<p>El doctor Guzm\u00e1n Carriquiry pronunci\u00f3 el pasado 8 de julio una\u00a0<a href=\"https:\/\/e-cristians.cat\/es\/conferencia-on-line-del-dr-guzman-m-carriquiry-para-los-directores-de-las-obras-misioneras-pontificias-de-los-paises-latinoamericanos-y-posteriormente-para-los-docentes-del-centro\/\" target=\"_blank\" rel=\"noopener noreferrer\">importante conferencia<\/a>\u00a0para todos los Directores de las Obras Misioneras Pontificias de los pa\u00edses latinoamericanos (y posteriormente para los docentes del Centro de Investigaciones Sociales Avanzadas (CISAV, M\u00e9xico). Trata de una cuesti\u00f3n tan fundamental y actual como son las\u00a0<em>tareas y desaf\u00edos para la misi\u00f3n de la Iglesia en tiempos de pandemia<\/em>. Centrada en Am\u00e9rica Latina, su inter\u00e9s es mucho m\u00e1s global y constituye una valiosa indicaci\u00f3n para los cat\u00f3licos europeos, salvando las l\u00f3gicas diferencias entre pa\u00edses y, de una manera especial, para los espa\u00f1oles. <a href=\"https:\/\/www.forumlibertas.com\/tareas-y-desafios-de-la-iglesia-pandemia\/\" target=\"_blank\" rel=\"noopener noreferrer\">Leer m\u00e1s.<\/a><\/p>\n","protected":false},"excerpt":{"rendered":"<p>ForumLibertas.com El doctor Guzm\u00e1n Carriquiry pronunci\u00f3 el pasado 8 de julio una\u00a0importante conferencia\u00a0para todos los Directores de las Obras Misioneras Pontificias de los pa\u00edses latinoamericanos (y posteriormente para los docentes del Centro de Investigaciones Sociales Avanzadas (CISAV, M\u00e9xico). Trata de una cuesti\u00f3n tan fundamental y actual como son las\u00a0tareas y desaf\u00edos para la misi\u00f3n de&#8230;<\/p>\n","protected":false},"author":2,"featured_media":1014,"comment_status":"closed","ping_status":"closed","sticky":false,"template":"","format":"standard","meta":{"_jetpack_memberships_contains_paid_content":false,"footnotes":""},"categories":[34],"tags":[],"class_list":["post-1013","post","type-post","status-publish","format-standard","has-post-thumbnail","hentry","category-editorials-i-blogs-de-forumlibertas-es"],"yoast_head":"<!-- This site is optimized with the Yoast SEO plugin v20.0 - https:\/\/yoast.com\/wordpress\/plugins\/seo\/ -->\n<title>Tareas y desaf\u00edos de la Iglesia en tiempos de pandemia: perfiles estilizados - e-Cristians<\/title>\n<meta name=\"robots\" content=\"noindex, nofollow\" \/>\n<meta property=\"og:locale\" content=\"es_ES\" \/>\n<meta property=\"og:type\" content=\"article\" \/>\n<meta property=\"og:title\" content=\"Tareas y desaf\u00edos de la Iglesia en tiempos de pandemia: perfiles estilizados - e-Cristians\" \/>\n<meta property=\"og:description\" content=\"ForumLibertas.com El doctor Guzm\u00e1n Carriquiry pronunci\u00f3 el pasado 8 de julio una\u00a0importante conferencia\u00a0para todos los Directores de las Obras Misioneras Pontificias de los pa\u00edses latinoamericanos (y posteriormente para los docentes del Centro de Investigaciones Sociales Avanzadas (CISAV, M\u00e9xico). Trata de una cuesti\u00f3n tan fundamental y actual como son las\u00a0tareas y desaf\u00edos para la misi\u00f3n de...\" \/>\n<meta property=\"og:url\" content=\"https:\/\/e-cristians.cat\/es\/tareas-y-desafios-de-la-iglesia-en-tiempos-de-pandemia-perfiles-estilizados\/\" \/>\n<meta property=\"og:site_name\" content=\"e-Cristians\" \/>\n<meta property=\"article:published_time\" content=\"2020-07-14T17:08:02+00:00\" \/>\n<meta property=\"article:modified_time\" content=\"2020-07-14T17:14:06+00:00\" \/>\n<meta property=\"og:image\" content=\"https:\/\/e-cristians.cat\/wp-content\/uploads\/2020\/07\/iglesia-y-covid-600x337-1.jpeg\" \/>\n\t<meta property=\"og:image:width\" content=\"600\" \/>\n\t<meta property=\"og:image:height\" content=\"337\" \/>\n\t<meta property=\"og:image:type\" content=\"image\/jpeg\" \/>\n<meta name=\"author\" content=\"e-Cristians\" \/>\n<meta name=\"twitter:card\" content=\"summary_large_image\" \/>\n<meta name=\"twitter:label1\" content=\"Escrito por\" \/>\n\t<meta name=\"twitter:data1\" content=\"e-Cristians\" \/>\n\t<meta name=\"twitter:label2\" content=\"Tiempo de lectura\" \/>\n\t<meta name=\"twitter:data2\" content=\"1 minuto\" \/>\n<script type=\"application\/ld+json\" class=\"yoast-schema-graph\">{\"@context\":\"https:\/\/schema.org\",\"@graph\":[{\"@type\":\"WebPage\",\"@id\":\"https:\/\/e-cristians.cat\/es\/tareas-y-desafios-de-la-iglesia-en-tiempos-de-pandemia-perfiles-estilizados\/\",\"url\":\"https:\/\/e-cristians.cat\/es\/tareas-y-desafios-de-la-iglesia-en-tiempos-de-pandemia-perfiles-estilizados\/\",\"name\":\"Tareas y desaf\u00edos de la Iglesia en tiempos de pandemia: perfiles estilizados - e-Cristians\",\"isPartOf\":{\"@id\":\"https:\/\/e-cristians.cat\/#website\"},\"datePublished\":\"2020-07-14T17:08:02+00:00\",\"dateModified\":\"2020-07-14T17:14:06+00:00\",\"author\":{\"@id\":\"https:\/\/e-cristians.cat\/#\/schema\/person\/f0ec475338e49aaef9c9dc9d9f162861\"},\"breadcrumb\":{\"@id\":\"https:\/\/e-cristians.cat\/es\/tareas-y-desafios-de-la-iglesia-en-tiempos-de-pandemia-perfiles-estilizados\/#breadcrumb\"},\"inLanguage\":\"es\",\"potentialAction\":[{\"@type\":\"ReadAction\",\"target\":[\"https:\/\/e-cristians.cat\/es\/tareas-y-desafios-de-la-iglesia-en-tiempos-de-pandemia-perfiles-estilizados\/\"]}]},{\"@type\":\"BreadcrumbList\",\"@id\":\"https:\/\/e-cristians.cat\/es\/tareas-y-desafios-de-la-iglesia-en-tiempos-de-pandemia-perfiles-estilizados\/#breadcrumb\",\"itemListElement\":[{\"@type\":\"ListItem\",\"position\":1,\"name\":\"Inici\",\"item\":\"https:\/\/e-cristians.cat\/es\/\"},{\"@type\":\"ListItem\",\"position\":2,\"name\":\"Tareas y desaf\u00edos de la Iglesia en tiempos de pandemia: perfiles estilizados\"}]},{\"@type\":\"WebSite\",\"@id\":\"https:\/\/e-cristians.cat\/#website\",\"url\":\"https:\/\/e-cristians.cat\/\",\"name\":\"e-Cristians\",\"description\":\"\",\"potentialAction\":[{\"@type\":\"SearchAction\",\"target\":{\"@type\":\"EntryPoint\",\"urlTemplate\":\"https:\/\/e-cristians.cat\/?s={search_term_string}\"},\"query-input\":\"required name=search_term_string\"}],\"inLanguage\":\"es\"},{\"@type\":\"Person\",\"@id\":\"https:\/\/e-cristians.cat\/#\/schema\/person\/f0ec475338e49aaef9c9dc9d9f162861\",\"name\":\"e-Cristians\",\"image\":{\"@type\":\"ImageObject\",\"inLanguage\":\"es\",\"@id\":\"https:\/\/e-cristians.cat\/#\/schema\/person\/image\/\",\"url\":\"https:\/\/secure.gravatar.com\/avatar\/14bc9e5b0ca69070f1075ad3efcb33c4?s=96&d=mm&r=g\",\"contentUrl\":\"https:\/\/secure.gravatar.com\/avatar\/14bc9e5b0ca69070f1075ad3efcb33c4?s=96&d=mm&r=g\",\"caption\":\"e-Cristians\"}}]}<\/script>\n<!-- \/ Yoast SEO plugin. -->","yoast_head_json":{"title":"Tareas y desaf\u00edos de la Iglesia en tiempos de pandemia: perfiles estilizados - e-Cristians","robots":{"index":"noindex","follow":"nofollow"},"og_locale":"es_ES","og_type":"article","og_title":"Tareas y desaf\u00edos de la Iglesia en tiempos de pandemia: perfiles estilizados - e-Cristians","og_description":"ForumLibertas.com El doctor Guzm\u00e1n Carriquiry pronunci\u00f3 el pasado 8 de julio una\u00a0importante conferencia\u00a0para todos los Directores de las Obras Misioneras Pontificias de los pa\u00edses latinoamericanos (y posteriormente para los docentes del Centro de Investigaciones Sociales Avanzadas (CISAV, M\u00e9xico). Trata de una cuesti\u00f3n tan fundamental y actual como son las\u00a0tareas y desaf\u00edos para la misi\u00f3n de...","og_url":"https:\/\/e-cristians.cat\/es\/tareas-y-desafios-de-la-iglesia-en-tiempos-de-pandemia-perfiles-estilizados\/","og_site_name":"e-Cristians","article_published_time":"2020-07-14T17:08:02+00:00","article_modified_time":"2020-07-14T17:14:06+00:00","og_image":[{"width":600,"height":337,"url":"https:\/\/e-cristians.cat\/wp-content\/uploads\/2020\/07\/iglesia-y-covid-600x337-1.jpeg","type":"image\/jpeg"}],"author":"e-Cristians","twitter_card":"summary_large_image","twitter_misc":{"Escrito por":"e-Cristians","Tiempo de lectura":"1 minuto"},"schema":{"@context":"https:\/\/schema.org","@graph":[{"@type":"WebPage","@id":"https:\/\/e-cristians.cat\/es\/tareas-y-desafios-de-la-iglesia-en-tiempos-de-pandemia-perfiles-estilizados\/","url":"https:\/\/e-cristians.cat\/es\/tareas-y-desafios-de-la-iglesia-en-tiempos-de-pandemia-perfiles-estilizados\/","name":"Tareas y desaf\u00edos de la Iglesia en tiempos de pandemia: perfiles estilizados - e-Cristians","isPartOf":{"@id":"https:\/\/e-cristians.cat\/#website"},"datePublished":"2020-07-14T17:08:02+00:00","dateModified":"2020-07-14T17:14:06+00:00","author":{"@id":"https:\/\/e-cristians.cat\/#\/schema\/person\/f0ec475338e49aaef9c9dc9d9f162861"},"breadcrumb":{"@id":"https:\/\/e-cristians.cat\/es\/tareas-y-desafios-de-la-iglesia-en-tiempos-de-pandemia-perfiles-estilizados\/#breadcrumb"},"inLanguage":"es","potentialAction":[{"@type":"ReadAction","target":["https:\/\/e-cristians.cat\/es\/tareas-y-desafios-de-la-iglesia-en-tiempos-de-pandemia-perfiles-estilizados\/"]}]},{"@type":"BreadcrumbList","@id":"https:\/\/e-cristians.cat\/es\/tareas-y-desafios-de-la-iglesia-en-tiempos-de-pandemia-perfiles-estilizados\/#breadcrumb","itemListElement":[{"@type":"ListItem","position":1,"name":"Inici","item":"https:\/\/e-cristians.cat\/es\/"},{"@type":"ListItem","position":2,"name":"Tareas y desaf\u00edos de la Iglesia en tiempos de pandemia: perfiles estilizados"}]},{"@type":"WebSite","@id":"https:\/\/e-cristians.cat\/#website","url":"https:\/\/e-cristians.cat\/","name":"e-Cristians","description":"","potentialAction":[{"@type":"SearchAction","target":{"@type":"EntryPoint","urlTemplate":"https:\/\/e-cristians.cat\/?s={search_term_string}"},"query-input":"required name=search_term_string"}],"inLanguage":"es"},{"@type":"Person","@id":"https:\/\/e-cristians.cat\/#\/schema\/person\/f0ec475338e49aaef9c9dc9d9f162861","name":"e-Cristians","image":{"@type":"ImageObject","inLanguage":"es","@id":"https:\/\/e-cristians.cat\/#\/schema\/person\/image\/","url":"https:\/\/secure.gravatar.com\/avatar\/14bc9e5b0ca69070f1075ad3efcb33c4?s=96&d=mm&r=g","contentUrl":"https:\/\/secure.gravatar.com\/avatar\/14bc9e5b0ca69070f1075ad3efcb33c4?s=96&d=mm&r=g","caption":"e-Cristians"}}]}},"jetpack_sharing_enabled":true,"jetpack_featured_media_url":"https:\/\/e-cristians.cat\/wp-content\/uploads\/2020\/07\/iglesia-y-covid-600x337-1.jpeg","_links":{"self":[{"href":"https:\/\/e-cristians.cat\/es\/wp-json\/wp\/v2\/posts\/1013"}],"collection":[{"href":"https:\/\/e-cristians.cat\/es\/wp-json\/wp\/v2\/posts"}],"about":[{"href":"https:\/\/e-cristians.cat\/es\/wp-json\/wp\/v2\/types\/post"}],"author":[{"embeddable":true,"href":"https:\/\/e-cristians.cat\/es\/wp-json\/wp\/v2\/users\/2"}],"replies":[{"embeddable":true,"href":"https:\/\/e-cristians.cat\/es\/wp-json\/wp\/v2\/comments?post=1013"}],"version-history":[{"count":2,"href":"https:\/\/e-cristians.cat\/es\/wp-json\/wp\/v2\/posts\/1013\/revisions"}],"predecessor-version":[{"id":1019,"href":"https:\/\/e-cristians.cat\/es\/wp-json\/wp\/v2\/posts\/1013\/revisions\/1019"}],"wp:featuredmedia":[{"embeddable":true,"href":"https:\/\/e-cristians.cat\/es\/wp-json\/wp\/v2\/media\/1014"}],"wp:attachment":[{"href":"https:\/\/e-cristians.cat\/es\/wp-json\/wp\/v2\/media?parent=1013"}],"wp:term":[{"taxonomy":"category","embeddable":true,"href":"https:\/\/e-cristians.cat\/es\/wp-json\/wp\/v2\/categories?post=1013"},{"taxonomy":"post_tag","embeddable":true,"href":"https:\/\/e-cristians.cat\/es\/wp-json\/wp\/v2\/tags?post=1013"}],"curies":[{"name":"wp","href":"https:\/\/api.w.org\/{rel}","templated":true}]}}