{"id":10710,"date":"2021-06-18T20:00:01","date_gmt":"2021-06-18T18:00:01","guid":{"rendered":"https:\/\/e-cristians.cat\/?p=10710"},"modified":"2021-06-23T12:57:45","modified_gmt":"2021-06-23T10:57:45","slug":"curso-de-verano-fe-y-cultura-popular","status":"publish","type":"post","link":"https:\/\/e-cristians.cat\/es\/curso-de-verano-fe-y-cultura-popular\/","title":{"rendered":"Curso de verano: \u00abFE y cultura POPular\u00bb"},"content":{"rendered":"<p>La asociaci\u00f3n <strong>POLIS<\/strong> ha organizado para 2020\/2021 este sencillo Curso de Verano por ZOOM: <strong>FE y Cultura POPular.<\/strong><\/p>\n<p>Consistir\u00e1 en una Mesa Redonda-Coloquio, en la que contar\u00e1n con participantes que tratan de vivir su vida cristiana en las realidades del deporte, la moda, la m\u00fasica y el cine, \u00e1mbitos muy importantes en nuestras vidas y que nos influyen enormemente. Y que han de ser evangelizados, como nos encomienda el Se\u00f1or y San Pablo VI ilumin\u00f3 tan certeramente.<\/p>\n<p>Animamos de manera especial a los j\u00f3venes, dados los temas a tratar y la presencia de ponentes muy conocidos por ellos: Luc\u00eda P\u00e1ramo o GRILEX. SEPAJU colabora en la organizaci\u00f3n y patrocinio del evento.<\/p>\n<p>D\u00eda: Viernes, <strong>25 de junio <\/strong>de 2021<\/p>\n<p>Hora:<strong>18h.<\/strong><\/p>\n<p>Descargar el <a ref=\"magnificPopup\" href=\"https:\/\/e-cristians.cat\/wp-content\/uploads\/2021\/06\/cartel_curso-de-verano-2021_completo.jpg\" target=\"_blank\" rel=\"noopener\">POPgrama<\/a>.<\/p>\n<p>La inscripci\u00f3n est\u00e1 ya abierta: <a href=\"mailto:apostoladoseglar@architoledo.org\" target=\"_blank\" rel=\"noopener\">apostoladoseglar@architoledo.org<\/a><\/p>\n","protected":false},"excerpt":{"rendered":"<p>La asociaci\u00f3n POLIS ha organizado para 2020\/2021 este sencillo Curso de Verano por ZOOM: FE y Cultura POPular. Consistir\u00e1 en una Mesa Redonda-Coloquio, en la que contar\u00e1n con participantes que tratan de vivir su vida cristiana en las realidades del deporte, la moda, la m\u00fasica y el cine, \u00e1mbitos muy importantes en nuestras vidas y&#8230;<\/p>\n","protected":false},"author":2,"featured_media":10713,"comment_status":"closed","ping_status":"closed","sticky":false,"template":"","format":"standard","meta":{"_jetpack_memberships_contains_paid_content":false,"footnotes":""},"categories":[33,39],"tags":[],"class_list":["post-10710","post","type-post","status-publish","format-standard","has-post-thumbnail","hentry","category-altres-entitats-informacions-agenda-i-documents-es","category-portada_news-es"],"yoast_head":"<!-- This site is optimized with the Yoast SEO plugin v20.0 - https:\/\/yoast.com\/wordpress\/plugins\/seo\/ -->\n<title>Curso de verano: &quot;FE y cultura POPular&quot; - e-Cristians<\/title>\n<meta name=\"robots\" content=\"noindex, nofollow\" \/>\n<meta property=\"og:locale\" content=\"es_ES\" \/>\n<meta property=\"og:type\" content=\"article\" \/>\n<meta property=\"og:title\" content=\"Curso de verano: &quot;FE y cultura POPular&quot; - e-Cristians\" \/>\n<meta property=\"og:description\" content=\"La asociaci\u00f3n POLIS ha organizado para 2020\/2021 este sencillo Curso de Verano por ZOOM: FE y Cultura POPular. Consistir\u00e1 en una Mesa Redonda-Coloquio, en la que contar\u00e1n con participantes que tratan de vivir su vida cristiana en las realidades del deporte, la moda, la m\u00fasica y el cine, \u00e1mbitos muy importantes en nuestras vidas y...\" \/>\n<meta property=\"og:url\" content=\"https:\/\/e-cristians.cat\/es\/curso-de-verano-fe-y-cultura-popular\/\" \/>\n<meta property=\"og:site_name\" content=\"e-Cristians\" \/>\n<meta property=\"article:published_time\" content=\"2021-06-18T18:00:01+00:00\" \/>\n<meta property=\"article:modified_time\" content=\"2021-06-23T10:57:45+00:00\" \/>\n<meta property=\"og:image\" content=\"https:\/\/e-cristians.cat\/wp-content\/uploads\/2021\/06\/cartel_curso-de-verano-2021_completo-1.jpg\" \/>\n\t<meta property=\"og:image:width\" content=\"1301\" \/>\n\t<meta property=\"og:image:height\" content=\"1673\" \/>\n\t<meta property=\"og:image:type\" content=\"image\/jpeg\" \/>\n<meta name=\"author\" content=\"e-Cristians\" \/>\n<meta name=\"twitter:card\" content=\"summary_large_image\" \/>\n<meta name=\"twitter:label1\" content=\"Escrito por\" \/>\n\t<meta name=\"twitter:data1\" content=\"e-Cristians\" \/>\n\t<meta name=\"twitter:label2\" content=\"Tiempo de lectura\" \/>\n\t<meta name=\"twitter:data2\" content=\"1 minuto\" \/>\n<script type=\"application\/ld+json\" class=\"yoast-schema-graph\">{\"@context\":\"https:\/\/schema.org\",\"@graph\":[{\"@type\":\"WebPage\",\"@id\":\"https:\/\/e-cristians.cat\/es\/curso-de-verano-fe-y-cultura-popular\/\",\"url\":\"https:\/\/e-cristians.cat\/es\/curso-de-verano-fe-y-cultura-popular\/\",\"name\":\"Curso de verano: \\\"FE y cultura POPular\\\" - e-Cristians\",\"isPartOf\":{\"@id\":\"https:\/\/e-cristians.cat\/#website\"},\"datePublished\":\"2021-06-18T18:00:01+00:00\",\"dateModified\":\"2021-06-23T10:57:45+00:00\",\"author\":{\"@id\":\"https:\/\/e-cristians.cat\/#\/schema\/person\/f0ec475338e49aaef9c9dc9d9f162861\"},\"breadcrumb\":{\"@id\":\"https:\/\/e-cristians.cat\/es\/curso-de-verano-fe-y-cultura-popular\/#breadcrumb\"},\"inLanguage\":\"es\",\"potentialAction\":[{\"@type\":\"ReadAction\",\"target\":[\"https:\/\/e-cristians.cat\/es\/curso-de-verano-fe-y-cultura-popular\/\"]}]},{\"@type\":\"BreadcrumbList\",\"@id\":\"https:\/\/e-cristians.cat\/es\/curso-de-verano-fe-y-cultura-popular\/#breadcrumb\",\"itemListElement\":[{\"@type\":\"ListItem\",\"position\":1,\"name\":\"Inici\",\"item\":\"https:\/\/e-cristians.cat\/es\/\"},{\"@type\":\"ListItem\",\"position\":2,\"name\":\"Curso de verano: \u00abFE y cultura POPular\u00bb\"}]},{\"@type\":\"WebSite\",\"@id\":\"https:\/\/e-cristians.cat\/#website\",\"url\":\"https:\/\/e-cristians.cat\/\",\"name\":\"e-Cristians\",\"description\":\"\",\"potentialAction\":[{\"@type\":\"SearchAction\",\"target\":{\"@type\":\"EntryPoint\",\"urlTemplate\":\"https:\/\/e-cristians.cat\/?s={search_term_string}\"},\"query-input\":\"required name=search_term_string\"}],\"inLanguage\":\"es\"},{\"@type\":\"Person\",\"@id\":\"https:\/\/e-cristians.cat\/#\/schema\/person\/f0ec475338e49aaef9c9dc9d9f162861\",\"name\":\"e-Cristians\",\"image\":{\"@type\":\"ImageObject\",\"inLanguage\":\"es\",\"@id\":\"https:\/\/e-cristians.cat\/#\/schema\/person\/image\/\",\"url\":\"https:\/\/secure.gravatar.com\/avatar\/14bc9e5b0ca69070f1075ad3efcb33c4?s=96&d=mm&r=g\",\"contentUrl\":\"https:\/\/secure.gravatar.com\/avatar\/14bc9e5b0ca69070f1075ad3efcb33c4?s=96&d=mm&r=g\",\"caption\":\"e-Cristians\"}}]}<\/script>\n<!-- \/ Yoast SEO plugin. -->","yoast_head_json":{"title":"Curso de verano: \"FE y cultura POPular\" - e-Cristians","robots":{"index":"noindex","follow":"nofollow"},"og_locale":"es_ES","og_type":"article","og_title":"Curso de verano: \"FE y cultura POPular\" - e-Cristians","og_description":"La asociaci\u00f3n POLIS ha organizado para 2020\/2021 este sencillo Curso de Verano por ZOOM: FE y Cultura POPular. Consistir\u00e1 en una Mesa Redonda-Coloquio, en la que contar\u00e1n con participantes que tratan de vivir su vida cristiana en las realidades del deporte, la moda, la m\u00fasica y el cine, \u00e1mbitos muy importantes en nuestras vidas y...","og_url":"https:\/\/e-cristians.cat\/es\/curso-de-verano-fe-y-cultura-popular\/","og_site_name":"e-Cristians","article_published_time":"2021-06-18T18:00:01+00:00","article_modified_time":"2021-06-23T10:57:45+00:00","og_image":[{"width":1301,"height":1673,"url":"https:\/\/e-cristians.cat\/wp-content\/uploads\/2021\/06\/cartel_curso-de-verano-2021_completo-1.jpg","type":"image\/jpeg"}],"author":"e-Cristians","twitter_card":"summary_large_image","twitter_misc":{"Escrito por":"e-Cristians","Tiempo de lectura":"1 minuto"},"schema":{"@context":"https:\/\/schema.org","@graph":[{"@type":"WebPage","@id":"https:\/\/e-cristians.cat\/es\/curso-de-verano-fe-y-cultura-popular\/","url":"https:\/\/e-cristians.cat\/es\/curso-de-verano-fe-y-cultura-popular\/","name":"Curso de verano: \"FE y cultura POPular\" - e-Cristians","isPartOf":{"@id":"https:\/\/e-cristians.cat\/#website"},"datePublished":"2021-06-18T18:00:01+00:00","dateModified":"2021-06-23T10:57:45+00:00","author":{"@id":"https:\/\/e-cristians.cat\/#\/schema\/person\/f0ec475338e49aaef9c9dc9d9f162861"},"breadcrumb":{"@id":"https:\/\/e-cristians.cat\/es\/curso-de-verano-fe-y-cultura-popular\/#breadcrumb"},"inLanguage":"es","potentialAction":[{"@type":"ReadAction","target":["https:\/\/e-cristians.cat\/es\/curso-de-verano-fe-y-cultura-popular\/"]}]},{"@type":"BreadcrumbList","@id":"https:\/\/e-cristians.cat\/es\/curso-de-verano-fe-y-cultura-popular\/#breadcrumb","itemListElement":[{"@type":"ListItem","position":1,"name":"Inici","item":"https:\/\/e-cristians.cat\/es\/"},{"@type":"ListItem","position":2,"name":"Curso de verano: \u00abFE y cultura POPular\u00bb"}]},{"@type":"WebSite","@id":"https:\/\/e-cristians.cat\/#website","url":"https:\/\/e-cristians.cat\/","name":"e-Cristians","description":"","potentialAction":[{"@type":"SearchAction","target":{"@type":"EntryPoint","urlTemplate":"https:\/\/e-cristians.cat\/?s={search_term_string}"},"query-input":"required name=search_term_string"}],"inLanguage":"es"},{"@type":"Person","@id":"https:\/\/e-cristians.cat\/#\/schema\/person\/f0ec475338e49aaef9c9dc9d9f162861","name":"e-Cristians","image":{"@type":"ImageObject","inLanguage":"es","@id":"https:\/\/e-cristians.cat\/#\/schema\/person\/image\/","url":"https:\/\/secure.gravatar.com\/avatar\/14bc9e5b0ca69070f1075ad3efcb33c4?s=96&d=mm&r=g","contentUrl":"https:\/\/secure.gravatar.com\/avatar\/14bc9e5b0ca69070f1075ad3efcb33c4?s=96&d=mm&r=g","caption":"e-Cristians"}}]}},"jetpack_sharing_enabled":true,"jetpack_featured_media_url":"https:\/\/e-cristians.cat\/wp-content\/uploads\/2021\/06\/cartel_curso-de-verano-2021_completo-1.jpg","_links":{"self":[{"href":"https:\/\/e-cristians.cat\/es\/wp-json\/wp\/v2\/posts\/10710"}],"collection":[{"href":"https:\/\/e-cristians.cat\/es\/wp-json\/wp\/v2\/posts"}],"about":[{"href":"https:\/\/e-cristians.cat\/es\/wp-json\/wp\/v2\/types\/post"}],"author":[{"embeddable":true,"href":"https:\/\/e-cristians.cat\/es\/wp-json\/wp\/v2\/users\/2"}],"replies":[{"embeddable":true,"href":"https:\/\/e-cristians.cat\/es\/wp-json\/wp\/v2\/comments?post=10710"}],"version-history":[{"count":3,"href":"https:\/\/e-cristians.cat\/es\/wp-json\/wp\/v2\/posts\/10710\/revisions"}],"predecessor-version":[{"id":10722,"href":"https:\/\/e-cristians.cat\/es\/wp-json\/wp\/v2\/posts\/10710\/revisions\/10722"}],"wp:featuredmedia":[{"embeddable":true,"href":"https:\/\/e-cristians.cat\/es\/wp-json\/wp\/v2\/media\/10713"}],"wp:attachment":[{"href":"https:\/\/e-cristians.cat\/es\/wp-json\/wp\/v2\/media?parent=10710"}],"wp:term":[{"taxonomy":"category","embeddable":true,"href":"https:\/\/e-cristians.cat\/es\/wp-json\/wp\/v2\/categories?post=10710"},{"taxonomy":"post_tag","embeddable":true,"href":"https:\/\/e-cristians.cat\/es\/wp-json\/wp\/v2\/tags?post=10710"}],"curies":[{"name":"wp","href":"https:\/\/api.w.org\/{rel}","templated":true}]}}