{"id":107355,"date":"2023-05-30T12:51:02","date_gmt":"2023-05-30T10:51:02","guid":{"rendered":"https:\/\/e-cristians.cat\/?p=107355"},"modified":"2023-05-30T12:51:48","modified_gmt":"2023-05-30T10:51:48","slug":"jornada-formativa-en-pastoral-de-la-salud","status":"publish","type":"post","link":"https:\/\/e-cristians.cat\/es\/jornada-formativa-en-pastoral-de-la-salud\/","title":{"rendered":"Jornada formativa en pastoral de la salud"},"content":{"rendered":"<h3 style=\"text-align: center;\"><strong>Atenci\u00f3n integral a la salud<\/strong><\/h3>\n<p>Ponentes:<\/p>\n<ul>\n<li><strong>Dr. Fernando Trullols<\/strong>, m\u00e9dico especialista en Medicina Interna y Salut Laboral. M\u00e1ster en Sexualidad humana. DEA en Filosof\u00eda<\/li>\n<li><strong>Mn. Joan Ramon Mar\u00edn<\/strong>, profesor de Sagrada Escritura. Facultad de Teolog\u00eda de Catalunya<\/li>\n<li><strong>Jordi Ramon i Rizo<\/strong>, enfermero especialista en Salud Mental. Centro de Salud Mental de Cornell\u00e0. Parque Sanitario Sant Joan de D\u00e9u<\/li>\n<\/ul>\n<p>D\u00eda: S\u00e1bado, <strong>3 de juny<\/strong><\/p>\n<p>Hora: De\u00a0<strong>10h. a 13:30h.<\/strong><\/p>\n<p>Lugar: <strong>CaixaForum Barcelona<\/strong>\u00a0(Avda. Francesc Ferrer i Gu\u00e0rdia, 6-8, Bcn)<\/p>\n<p>Entrada gratuita. Plazas limitadas.<\/p>\n<p>Inscripciones: sipscatalunya@gmail.com; 93.317.15.97<\/p>\n","protected":false},"excerpt":{"rendered":"<p>Atenci\u00f3n integral a la salud Ponentes: Dr. Fernando Trullols, m\u00e9dico especialista en Medicina Interna y Salut Laboral. M\u00e1ster en Sexualidad humana. DEA en Filosof\u00eda Mn. Joan Ramon Mar\u00edn, profesor de Sagrada Escritura. Facultad de Teolog\u00eda de Catalunya Jordi Ramon i Rizo, enfermero especialista en Salud Mental. Centro de Salud Mental de Cornell\u00e0. Parque Sanitario Sant&#8230;<\/p>\n","protected":false},"author":2,"featured_media":107351,"comment_status":"closed","ping_status":"closed","sticky":false,"template":"","format":"standard","meta":{"_jetpack_memberships_contains_paid_content":false,"footnotes":""},"categories":[33,39],"tags":[],"class_list":["post-107355","post","type-post","status-publish","format-standard","has-post-thumbnail","hentry","category-altres-entitats-informacions-agenda-i-documents-es","category-portada_news-es"],"yoast_head":"<!-- This site is optimized with the Yoast SEO plugin v20.0 - https:\/\/yoast.com\/wordpress\/plugins\/seo\/ -->\n<title>Jornada formativa en pastoral de la salud - e-Cristians<\/title>\n<meta name=\"robots\" content=\"noindex, nofollow\" \/>\n<meta property=\"og:locale\" content=\"es_ES\" \/>\n<meta property=\"og:type\" content=\"article\" \/>\n<meta property=\"og:title\" content=\"Jornada formativa en pastoral de la salud - e-Cristians\" \/>\n<meta property=\"og:description\" content=\"Atenci\u00f3n integral a la salud Ponentes: Dr. Fernando Trullols, m\u00e9dico especialista en Medicina Interna y Salut Laboral. M\u00e1ster en Sexualidad humana. DEA en Filosof\u00eda Mn. Joan Ramon Mar\u00edn, profesor de Sagrada Escritura. Facultad de Teolog\u00eda de Catalunya Jordi Ramon i Rizo, enfermero especialista en Salud Mental. Centro de Salud Mental de Cornell\u00e0. Parque Sanitario Sant...\" \/>\n<meta property=\"og:url\" content=\"https:\/\/e-cristians.cat\/es\/jornada-formativa-en-pastoral-de-la-salud\/\" \/>\n<meta property=\"og:site_name\" content=\"e-Cristians\" \/>\n<meta property=\"article:published_time\" content=\"2023-05-30T10:51:02+00:00\" \/>\n<meta property=\"article:modified_time\" content=\"2023-05-30T10:51:48+00:00\" \/>\n<meta property=\"og:image\" content=\"https:\/\/e-cristians.cat\/wp-content\/uploads\/2023\/05\/IMG-20230521-WA0000.jpg\" \/>\n\t<meta property=\"og:image:width\" content=\"724\" \/>\n\t<meta property=\"og:image:height\" content=\"1024\" \/>\n\t<meta property=\"og:image:type\" content=\"image\/jpeg\" \/>\n<meta name=\"author\" content=\"e-Cristians\" \/>\n<meta name=\"twitter:card\" content=\"summary_large_image\" \/>\n<meta name=\"twitter:label1\" content=\"Escrito por\" \/>\n\t<meta name=\"twitter:data1\" content=\"e-Cristians\" \/>\n\t<meta name=\"twitter:label2\" content=\"Tiempo de lectura\" \/>\n\t<meta name=\"twitter:data2\" content=\"1 minuto\" \/>\n<script type=\"application\/ld+json\" class=\"yoast-schema-graph\">{\"@context\":\"https:\/\/schema.org\",\"@graph\":[{\"@type\":\"WebPage\",\"@id\":\"https:\/\/e-cristians.cat\/es\/jornada-formativa-en-pastoral-de-la-salud\/\",\"url\":\"https:\/\/e-cristians.cat\/es\/jornada-formativa-en-pastoral-de-la-salud\/\",\"name\":\"Jornada formativa en pastoral de la salud - e-Cristians\",\"isPartOf\":{\"@id\":\"https:\/\/e-cristians.cat\/#website\"},\"datePublished\":\"2023-05-30T10:51:02+00:00\",\"dateModified\":\"2023-05-30T10:51:48+00:00\",\"author\":{\"@id\":\"https:\/\/e-cristians.cat\/#\/schema\/person\/f0ec475338e49aaef9c9dc9d9f162861\"},\"breadcrumb\":{\"@id\":\"https:\/\/e-cristians.cat\/es\/jornada-formativa-en-pastoral-de-la-salud\/#breadcrumb\"},\"inLanguage\":\"es\",\"potentialAction\":[{\"@type\":\"ReadAction\",\"target\":[\"https:\/\/e-cristians.cat\/es\/jornada-formativa-en-pastoral-de-la-salud\/\"]}]},{\"@type\":\"BreadcrumbList\",\"@id\":\"https:\/\/e-cristians.cat\/es\/jornada-formativa-en-pastoral-de-la-salud\/#breadcrumb\",\"itemListElement\":[{\"@type\":\"ListItem\",\"position\":1,\"name\":\"Inici\",\"item\":\"https:\/\/e-cristians.cat\/es\/\"},{\"@type\":\"ListItem\",\"position\":2,\"name\":\"Jornada formativa en pastoral de la salud\"}]},{\"@type\":\"WebSite\",\"@id\":\"https:\/\/e-cristians.cat\/#website\",\"url\":\"https:\/\/e-cristians.cat\/\",\"name\":\"e-Cristians\",\"description\":\"\",\"potentialAction\":[{\"@type\":\"SearchAction\",\"target\":{\"@type\":\"EntryPoint\",\"urlTemplate\":\"https:\/\/e-cristians.cat\/?s={search_term_string}\"},\"query-input\":\"required name=search_term_string\"}],\"inLanguage\":\"es\"},{\"@type\":\"Person\",\"@id\":\"https:\/\/e-cristians.cat\/#\/schema\/person\/f0ec475338e49aaef9c9dc9d9f162861\",\"name\":\"e-Cristians\",\"image\":{\"@type\":\"ImageObject\",\"inLanguage\":\"es\",\"@id\":\"https:\/\/e-cristians.cat\/#\/schema\/person\/image\/\",\"url\":\"https:\/\/secure.gravatar.com\/avatar\/14bc9e5b0ca69070f1075ad3efcb33c4?s=96&d=mm&r=g\",\"contentUrl\":\"https:\/\/secure.gravatar.com\/avatar\/14bc9e5b0ca69070f1075ad3efcb33c4?s=96&d=mm&r=g\",\"caption\":\"e-Cristians\"}}]}<\/script>\n<!-- \/ Yoast SEO plugin. -->","yoast_head_json":{"title":"Jornada formativa en pastoral de la salud - e-Cristians","robots":{"index":"noindex","follow":"nofollow"},"og_locale":"es_ES","og_type":"article","og_title":"Jornada formativa en pastoral de la salud - e-Cristians","og_description":"Atenci\u00f3n integral a la salud Ponentes: Dr. Fernando Trullols, m\u00e9dico especialista en Medicina Interna y Salut Laboral. M\u00e1ster en Sexualidad humana. DEA en Filosof\u00eda Mn. Joan Ramon Mar\u00edn, profesor de Sagrada Escritura. Facultad de Teolog\u00eda de Catalunya Jordi Ramon i Rizo, enfermero especialista en Salud Mental. Centro de Salud Mental de Cornell\u00e0. Parque Sanitario Sant...","og_url":"https:\/\/e-cristians.cat\/es\/jornada-formativa-en-pastoral-de-la-salud\/","og_site_name":"e-Cristians","article_published_time":"2023-05-30T10:51:02+00:00","article_modified_time":"2023-05-30T10:51:48+00:00","og_image":[{"width":724,"height":1024,"url":"https:\/\/e-cristians.cat\/wp-content\/uploads\/2023\/05\/IMG-20230521-WA0000.jpg","type":"image\/jpeg"}],"author":"e-Cristians","twitter_card":"summary_large_image","twitter_misc":{"Escrito por":"e-Cristians","Tiempo de lectura":"1 minuto"},"schema":{"@context":"https:\/\/schema.org","@graph":[{"@type":"WebPage","@id":"https:\/\/e-cristians.cat\/es\/jornada-formativa-en-pastoral-de-la-salud\/","url":"https:\/\/e-cristians.cat\/es\/jornada-formativa-en-pastoral-de-la-salud\/","name":"Jornada formativa en pastoral de la salud - e-Cristians","isPartOf":{"@id":"https:\/\/e-cristians.cat\/#website"},"datePublished":"2023-05-30T10:51:02+00:00","dateModified":"2023-05-30T10:51:48+00:00","author":{"@id":"https:\/\/e-cristians.cat\/#\/schema\/person\/f0ec475338e49aaef9c9dc9d9f162861"},"breadcrumb":{"@id":"https:\/\/e-cristians.cat\/es\/jornada-formativa-en-pastoral-de-la-salud\/#breadcrumb"},"inLanguage":"es","potentialAction":[{"@type":"ReadAction","target":["https:\/\/e-cristians.cat\/es\/jornada-formativa-en-pastoral-de-la-salud\/"]}]},{"@type":"BreadcrumbList","@id":"https:\/\/e-cristians.cat\/es\/jornada-formativa-en-pastoral-de-la-salud\/#breadcrumb","itemListElement":[{"@type":"ListItem","position":1,"name":"Inici","item":"https:\/\/e-cristians.cat\/es\/"},{"@type":"ListItem","position":2,"name":"Jornada formativa en pastoral de la salud"}]},{"@type":"WebSite","@id":"https:\/\/e-cristians.cat\/#website","url":"https:\/\/e-cristians.cat\/","name":"e-Cristians","description":"","potentialAction":[{"@type":"SearchAction","target":{"@type":"EntryPoint","urlTemplate":"https:\/\/e-cristians.cat\/?s={search_term_string}"},"query-input":"required name=search_term_string"}],"inLanguage":"es"},{"@type":"Person","@id":"https:\/\/e-cristians.cat\/#\/schema\/person\/f0ec475338e49aaef9c9dc9d9f162861","name":"e-Cristians","image":{"@type":"ImageObject","inLanguage":"es","@id":"https:\/\/e-cristians.cat\/#\/schema\/person\/image\/","url":"https:\/\/secure.gravatar.com\/avatar\/14bc9e5b0ca69070f1075ad3efcb33c4?s=96&d=mm&r=g","contentUrl":"https:\/\/secure.gravatar.com\/avatar\/14bc9e5b0ca69070f1075ad3efcb33c4?s=96&d=mm&r=g","caption":"e-Cristians"}}]}},"jetpack_sharing_enabled":true,"jetpack_featured_media_url":"https:\/\/e-cristians.cat\/wp-content\/uploads\/2023\/05\/IMG-20230521-WA0000.jpg","_links":{"self":[{"href":"https:\/\/e-cristians.cat\/es\/wp-json\/wp\/v2\/posts\/107355"}],"collection":[{"href":"https:\/\/e-cristians.cat\/es\/wp-json\/wp\/v2\/posts"}],"about":[{"href":"https:\/\/e-cristians.cat\/es\/wp-json\/wp\/v2\/types\/post"}],"author":[{"embeddable":true,"href":"https:\/\/e-cristians.cat\/es\/wp-json\/wp\/v2\/users\/2"}],"replies":[{"embeddable":true,"href":"https:\/\/e-cristians.cat\/es\/wp-json\/wp\/v2\/comments?post=107355"}],"version-history":[{"count":1,"href":"https:\/\/e-cristians.cat\/es\/wp-json\/wp\/v2\/posts\/107355\/revisions"}],"predecessor-version":[{"id":107359,"href":"https:\/\/e-cristians.cat\/es\/wp-json\/wp\/v2\/posts\/107355\/revisions\/107359"}],"wp:featuredmedia":[{"embeddable":true,"href":"https:\/\/e-cristians.cat\/es\/wp-json\/wp\/v2\/media\/107351"}],"wp:attachment":[{"href":"https:\/\/e-cristians.cat\/es\/wp-json\/wp\/v2\/media?parent=107355"}],"wp:term":[{"taxonomy":"category","embeddable":true,"href":"https:\/\/e-cristians.cat\/es\/wp-json\/wp\/v2\/categories?post=107355"},{"taxonomy":"post_tag","embeddable":true,"href":"https:\/\/e-cristians.cat\/es\/wp-json\/wp\/v2\/tags?post=107355"}],"curies":[{"name":"wp","href":"https:\/\/api.w.org\/{rel}","templated":true}]}}