{"id":10811,"date":"2021-06-19T12:02:59","date_gmt":"2021-06-19T10:02:59","guid":{"rendered":"https:\/\/e-cristians.cat\/?p=10811"},"modified":"2021-06-23T13:01:00","modified_gmt":"2021-06-23T11:01:00","slug":"17-anos-de-forumlibertas","status":"publish","type":"post","link":"https:\/\/e-cristians.cat\/es\/17-anos-de-forumlibertas\/","title":{"rendered":"17 a\u00f1os de ForumLibertas"},"content":{"rendered":"<p><em>ForumLibertas.com<\/em><\/p>\n<p>17 a\u00f1os, este es el tiempo que ha transcurrido desde que ForumLibertas se independiz\u00f3 de la p\u00e1gina web de\u00a0<a href=\"https:\/\/e-cristians.cat\/es\/\" target=\"_blank\" rel=\"noopener\"><strong>e- Cristians<\/strong><\/a>\u00a0para constituir un medio de comunicaci\u00f3n totalmente independiente. Su finalidad, a la que hemos venido sirviendo desde el primer momento, era aportar una visi\u00f3n de la realidad, un juicio sobre la misma desde una\u00a0<strong>perspectiva cristiana<\/strong>, porque ya entonces nos d\u00e1bamos cuenta de que, cada vez en mayor medida, el prisma a trav\u00e9s del cual pasaba la informaci\u00f3n y la opini\u00f3n de la inmensa mayor\u00eda de medios se estaba alejando, si es que no era contrario, a la concepci\u00f3n cultural cristiana. <a href=\"https:\/\/www.forumlibertas.com\/17-anos-de-forumlibertas\/\" target=\"_blank\" rel=\"noopener\">Leer m\u00e1s.<\/a><\/p>\n","protected":false},"excerpt":{"rendered":"<p>ForumLibertas.com 17 a\u00f1os, este es el tiempo que ha transcurrido desde que ForumLibertas se independiz\u00f3 de la p\u00e1gina web de\u00a0e- Cristians\u00a0para constituir un medio de comunicaci\u00f3n totalmente independiente. Su finalidad, a la que hemos venido sirviendo desde el primer momento, era aportar una visi\u00f3n de la realidad, un juicio sobre la misma desde una\u00a0perspectiva cristiana,&#8230;<\/p>\n","protected":false},"author":2,"featured_media":10812,"comment_status":"closed","ping_status":"closed","sticky":false,"template":"","format":"standard","meta":{"_jetpack_memberships_contains_paid_content":false,"footnotes":""},"categories":[34,39],"tags":[],"class_list":["post-10811","post","type-post","status-publish","format-standard","has-post-thumbnail","hentry","category-editorials-i-blogs-de-forumlibertas-es","category-portada_news-es"],"yoast_head":"<!-- This site is optimized with the Yoast SEO plugin v20.0 - https:\/\/yoast.com\/wordpress\/plugins\/seo\/ -->\n<title>17 a\u00f1os de ForumLibertas - e-Cristians<\/title>\n<meta name=\"robots\" content=\"noindex, nofollow\" \/>\n<meta property=\"og:locale\" content=\"es_ES\" \/>\n<meta property=\"og:type\" content=\"article\" \/>\n<meta property=\"og:title\" content=\"17 a\u00f1os de ForumLibertas - e-Cristians\" \/>\n<meta property=\"og:description\" content=\"ForumLibertas.com 17 a\u00f1os, este es el tiempo que ha transcurrido desde que ForumLibertas se independiz\u00f3 de la p\u00e1gina web de\u00a0e- Cristians\u00a0para constituir un medio de comunicaci\u00f3n totalmente independiente. Su finalidad, a la que hemos venido sirviendo desde el primer momento, era aportar una visi\u00f3n de la realidad, un juicio sobre la misma desde una\u00a0perspectiva cristiana,...\" \/>\n<meta property=\"og:url\" content=\"https:\/\/e-cristians.cat\/es\/17-anos-de-forumlibertas\/\" \/>\n<meta property=\"og:site_name\" content=\"e-Cristians\" \/>\n<meta property=\"article:published_time\" content=\"2021-06-19T10:02:59+00:00\" \/>\n<meta property=\"article:modified_time\" content=\"2021-06-23T11:01:00+00:00\" \/>\n<meta property=\"og:image\" content=\"https:\/\/e-cristians.cat\/wp-content\/uploads\/2021\/06\/logo-FL1.jpg\" \/>\n\t<meta property=\"og:image:width\" content=\"217\" \/>\n\t<meta property=\"og:image:height\" content=\"217\" \/>\n\t<meta property=\"og:image:type\" content=\"image\/jpeg\" \/>\n<meta name=\"author\" content=\"e-Cristians\" \/>\n<meta name=\"twitter:card\" content=\"summary_large_image\" \/>\n<meta name=\"twitter:label1\" content=\"Escrito por\" \/>\n\t<meta name=\"twitter:data1\" content=\"e-Cristians\" \/>\n\t<meta name=\"twitter:label2\" content=\"Tiempo de lectura\" \/>\n\t<meta name=\"twitter:data2\" content=\"1 minuto\" \/>\n<script type=\"application\/ld+json\" class=\"yoast-schema-graph\">{\"@context\":\"https:\/\/schema.org\",\"@graph\":[{\"@type\":\"WebPage\",\"@id\":\"https:\/\/e-cristians.cat\/es\/17-anos-de-forumlibertas\/\",\"url\":\"https:\/\/e-cristians.cat\/es\/17-anos-de-forumlibertas\/\",\"name\":\"17 a\u00f1os de ForumLibertas - e-Cristians\",\"isPartOf\":{\"@id\":\"https:\/\/e-cristians.cat\/#website\"},\"datePublished\":\"2021-06-19T10:02:59+00:00\",\"dateModified\":\"2021-06-23T11:01:00+00:00\",\"author\":{\"@id\":\"https:\/\/e-cristians.cat\/#\/schema\/person\/f0ec475338e49aaef9c9dc9d9f162861\"},\"breadcrumb\":{\"@id\":\"https:\/\/e-cristians.cat\/es\/17-anos-de-forumlibertas\/#breadcrumb\"},\"inLanguage\":\"es\",\"potentialAction\":[{\"@type\":\"ReadAction\",\"target\":[\"https:\/\/e-cristians.cat\/es\/17-anos-de-forumlibertas\/\"]}]},{\"@type\":\"BreadcrumbList\",\"@id\":\"https:\/\/e-cristians.cat\/es\/17-anos-de-forumlibertas\/#breadcrumb\",\"itemListElement\":[{\"@type\":\"ListItem\",\"position\":1,\"name\":\"Inici\",\"item\":\"https:\/\/e-cristians.cat\/es\/\"},{\"@type\":\"ListItem\",\"position\":2,\"name\":\"17 a\u00f1os de ForumLibertas\"}]},{\"@type\":\"WebSite\",\"@id\":\"https:\/\/e-cristians.cat\/#website\",\"url\":\"https:\/\/e-cristians.cat\/\",\"name\":\"e-Cristians\",\"description\":\"\",\"potentialAction\":[{\"@type\":\"SearchAction\",\"target\":{\"@type\":\"EntryPoint\",\"urlTemplate\":\"https:\/\/e-cristians.cat\/?s={search_term_string}\"},\"query-input\":\"required name=search_term_string\"}],\"inLanguage\":\"es\"},{\"@type\":\"Person\",\"@id\":\"https:\/\/e-cristians.cat\/#\/schema\/person\/f0ec475338e49aaef9c9dc9d9f162861\",\"name\":\"e-Cristians\",\"image\":{\"@type\":\"ImageObject\",\"inLanguage\":\"es\",\"@id\":\"https:\/\/e-cristians.cat\/#\/schema\/person\/image\/\",\"url\":\"https:\/\/secure.gravatar.com\/avatar\/14bc9e5b0ca69070f1075ad3efcb33c4?s=96&d=mm&r=g\",\"contentUrl\":\"https:\/\/secure.gravatar.com\/avatar\/14bc9e5b0ca69070f1075ad3efcb33c4?s=96&d=mm&r=g\",\"caption\":\"e-Cristians\"}}]}<\/script>\n<!-- \/ Yoast SEO plugin. -->","yoast_head_json":{"title":"17 a\u00f1os de ForumLibertas - e-Cristians","robots":{"index":"noindex","follow":"nofollow"},"og_locale":"es_ES","og_type":"article","og_title":"17 a\u00f1os de ForumLibertas - e-Cristians","og_description":"ForumLibertas.com 17 a\u00f1os, este es el tiempo que ha transcurrido desde que ForumLibertas se independiz\u00f3 de la p\u00e1gina web de\u00a0e- Cristians\u00a0para constituir un medio de comunicaci\u00f3n totalmente independiente. Su finalidad, a la que hemos venido sirviendo desde el primer momento, era aportar una visi\u00f3n de la realidad, un juicio sobre la misma desde una\u00a0perspectiva cristiana,...","og_url":"https:\/\/e-cristians.cat\/es\/17-anos-de-forumlibertas\/","og_site_name":"e-Cristians","article_published_time":"2021-06-19T10:02:59+00:00","article_modified_time":"2021-06-23T11:01:00+00:00","og_image":[{"width":217,"height":217,"url":"https:\/\/e-cristians.cat\/wp-content\/uploads\/2021\/06\/logo-FL1.jpg","type":"image\/jpeg"}],"author":"e-Cristians","twitter_card":"summary_large_image","twitter_misc":{"Escrito por":"e-Cristians","Tiempo de lectura":"1 minuto"},"schema":{"@context":"https:\/\/schema.org","@graph":[{"@type":"WebPage","@id":"https:\/\/e-cristians.cat\/es\/17-anos-de-forumlibertas\/","url":"https:\/\/e-cristians.cat\/es\/17-anos-de-forumlibertas\/","name":"17 a\u00f1os de ForumLibertas - e-Cristians","isPartOf":{"@id":"https:\/\/e-cristians.cat\/#website"},"datePublished":"2021-06-19T10:02:59+00:00","dateModified":"2021-06-23T11:01:00+00:00","author":{"@id":"https:\/\/e-cristians.cat\/#\/schema\/person\/f0ec475338e49aaef9c9dc9d9f162861"},"breadcrumb":{"@id":"https:\/\/e-cristians.cat\/es\/17-anos-de-forumlibertas\/#breadcrumb"},"inLanguage":"es","potentialAction":[{"@type":"ReadAction","target":["https:\/\/e-cristians.cat\/es\/17-anos-de-forumlibertas\/"]}]},{"@type":"BreadcrumbList","@id":"https:\/\/e-cristians.cat\/es\/17-anos-de-forumlibertas\/#breadcrumb","itemListElement":[{"@type":"ListItem","position":1,"name":"Inici","item":"https:\/\/e-cristians.cat\/es\/"},{"@type":"ListItem","position":2,"name":"17 a\u00f1os de ForumLibertas"}]},{"@type":"WebSite","@id":"https:\/\/e-cristians.cat\/#website","url":"https:\/\/e-cristians.cat\/","name":"e-Cristians","description":"","potentialAction":[{"@type":"SearchAction","target":{"@type":"EntryPoint","urlTemplate":"https:\/\/e-cristians.cat\/?s={search_term_string}"},"query-input":"required name=search_term_string"}],"inLanguage":"es"},{"@type":"Person","@id":"https:\/\/e-cristians.cat\/#\/schema\/person\/f0ec475338e49aaef9c9dc9d9f162861","name":"e-Cristians","image":{"@type":"ImageObject","inLanguage":"es","@id":"https:\/\/e-cristians.cat\/#\/schema\/person\/image\/","url":"https:\/\/secure.gravatar.com\/avatar\/14bc9e5b0ca69070f1075ad3efcb33c4?s=96&d=mm&r=g","contentUrl":"https:\/\/secure.gravatar.com\/avatar\/14bc9e5b0ca69070f1075ad3efcb33c4?s=96&d=mm&r=g","caption":"e-Cristians"}}]}},"jetpack_sharing_enabled":true,"jetpack_featured_media_url":"https:\/\/e-cristians.cat\/wp-content\/uploads\/2021\/06\/logo-FL1.jpg","_links":{"self":[{"href":"https:\/\/e-cristians.cat\/es\/wp-json\/wp\/v2\/posts\/10811"}],"collection":[{"href":"https:\/\/e-cristians.cat\/es\/wp-json\/wp\/v2\/posts"}],"about":[{"href":"https:\/\/e-cristians.cat\/es\/wp-json\/wp\/v2\/types\/post"}],"author":[{"embeddable":true,"href":"https:\/\/e-cristians.cat\/es\/wp-json\/wp\/v2\/users\/2"}],"replies":[{"embeddable":true,"href":"https:\/\/e-cristians.cat\/es\/wp-json\/wp\/v2\/comments?post=10811"}],"version-history":[{"count":1,"href":"https:\/\/e-cristians.cat\/es\/wp-json\/wp\/v2\/posts\/10811\/revisions"}],"predecessor-version":[{"id":10814,"href":"https:\/\/e-cristians.cat\/es\/wp-json\/wp\/v2\/posts\/10811\/revisions\/10814"}],"wp:featuredmedia":[{"embeddable":true,"href":"https:\/\/e-cristians.cat\/es\/wp-json\/wp\/v2\/media\/10812"}],"wp:attachment":[{"href":"https:\/\/e-cristians.cat\/es\/wp-json\/wp\/v2\/media?parent=10811"}],"wp:term":[{"taxonomy":"category","embeddable":true,"href":"https:\/\/e-cristians.cat\/es\/wp-json\/wp\/v2\/categories?post=10811"},{"taxonomy":"post_tag","embeddable":true,"href":"https:\/\/e-cristians.cat\/es\/wp-json\/wp\/v2\/tags?post=10811"}],"curies":[{"name":"wp","href":"https:\/\/api.w.org\/{rel}","templated":true}]}}