{"id":11064,"date":"2021-06-23T12:47:43","date_gmt":"2021-06-23T10:47:43","guid":{"rendered":"https:\/\/e-cristians.cat\/?p=11064"},"modified":"2021-06-23T12:52:56","modified_gmt":"2021-06-23T10:52:56","slug":"la-objecion-de-conciencia-un-derecho-en-entredicho-video-elaborado-por-andoc","status":"publish","type":"post","link":"https:\/\/e-cristians.cat\/es\/la-objecion-de-conciencia-un-derecho-en-entredicho-video-elaborado-por-andoc\/","title":{"rendered":"La objeci\u00f3n de conciencia: un derecho \u201cen entredicho\u201d. V\u00eddeo elaborado por ANDOC"},"content":{"rendered":"<p>En el actual contexto socio pol\u00edtico se est\u00e1n produciendo movimientos que amenazan uno de los derechos individuales que constituyen la base de una sociedad democr\u00e1tica y pluralista: la objeci\u00f3n de conciencia. En unos casos, se proponen restricciones a su libre ejercicio; en otros, sencillamente, se promueve su supresi\u00f3n en la esfera p\u00fablica.<\/p>\n<p>Ahora mismo, hay un importante debate en la sociedad civil sobre el valor de la objeci\u00f3n de conciencia: la ley de la eutanasia, la proyectada regulaci\u00f3n del acceso al aborto en hospitales p\u00fablicos; el informe \u201cMatic\u201d que se debate en el Parlamento Europeo la pr\u00f3xima semana, etc.<\/p>\n<p>No debe olvidarse que la libertad de conciencia tiene entre sus manifestaciones m\u00e1s genuinas, el derecho a la objeci\u00f3n de conciencia. No es patrimonio de una ideolog\u00eda concreta: puede afectar a cualquiera, al margen de sus posiciones morales o ideol\u00f3gicas. Cuando \u00e9sta se ejerce de modo responsable y es fruto de un pensamiento coherente y sincero, debe ser respetada y garantizada.<\/p>\n<p>Con este fin, un grupo de juristas y profesionales sanitarios, han lanzado un breve v\u00eddeo donde explican el sentido y el valor este derecho, especialmente, en el \u00e1mbito sanitario. El v\u00eddeo aspira a proporcionar algunos puntos de reflexi\u00f3n sobre la trascendencia de un derecho que suele cuestionarse desde posturas que tratan de imponer desde los poderes p\u00fablicos y las instituciones un modo unilateral de pensar y comportarse en la sociedad.<\/p>\n<p>Enlace video en canal Youtube: <a href=\"https:\/\/youtu.be\/I9Ysz6sg7f0\" target=\"_blank\" rel=\"noopener\">https:\/\/youtu.be\/I9Ysz6sg7f0<\/a><\/p>\n","protected":false},"excerpt":{"rendered":"<p>En el actual contexto socio pol\u00edtico se est\u00e1n produciendo movimientos que amenazan uno de los derechos individuales que constituyen la base de una sociedad democr\u00e1tica y pluralista: la objeci\u00f3n de conciencia. En unos casos, se proponen restricciones a su libre ejercicio; en otros, sencillamente, se promueve su supresi\u00f3n en la esfera p\u00fablica. Ahora mismo, hay&#8230;<\/p>\n","protected":false},"author":2,"featured_media":11065,"comment_status":"closed","ping_status":"closed","sticky":false,"template":"","format":"standard","meta":{"_jetpack_memberships_contains_paid_content":false,"footnotes":""},"categories":[33,39],"tags":[44],"class_list":["post-11064","post","type-post","status-publish","format-standard","has-post-thumbnail","hentry","category-altres-entitats-informacions-agenda-i-documents-es","category-portada_news-es","tag-eutanasia-es"],"yoast_head":"<!-- This site is optimized with the Yoast SEO plugin v20.0 - https:\/\/yoast.com\/wordpress\/plugins\/seo\/ -->\n<title>La objeci\u00f3n de conciencia: un derecho \u201cen entredicho\u201d. V\u00eddeo elaborado por ANDOC - e-Cristians<\/title>\n<meta name=\"robots\" content=\"noindex, nofollow\" \/>\n<meta property=\"og:locale\" content=\"es_ES\" \/>\n<meta property=\"og:type\" content=\"article\" \/>\n<meta property=\"og:title\" content=\"La objeci\u00f3n de conciencia: un derecho \u201cen entredicho\u201d. V\u00eddeo elaborado por ANDOC - e-Cristians\" \/>\n<meta property=\"og:description\" content=\"En el actual contexto socio pol\u00edtico se est\u00e1n produciendo movimientos que amenazan uno de los derechos individuales que constituyen la base de una sociedad democr\u00e1tica y pluralista: la objeci\u00f3n de conciencia. En unos casos, se proponen restricciones a su libre ejercicio; en otros, sencillamente, se promueve su supresi\u00f3n en la esfera p\u00fablica. Ahora mismo, hay...\" \/>\n<meta property=\"og:url\" content=\"https:\/\/e-cristians.cat\/es\/la-objecion-de-conciencia-un-derecho-en-entredicho-video-elaborado-por-andoc\/\" \/>\n<meta property=\"og:site_name\" content=\"e-Cristians\" \/>\n<meta property=\"article:published_time\" content=\"2021-06-23T10:47:43+00:00\" \/>\n<meta property=\"article:modified_time\" content=\"2021-06-23T10:52:56+00:00\" \/>\n<meta property=\"og:image\" content=\"https:\/\/e-cristians.cat\/wp-content\/uploads\/2021\/06\/ANDOC.jpg\" \/>\n\t<meta property=\"og:image:width\" content=\"556\" \/>\n\t<meta property=\"og:image:height\" content=\"311\" \/>\n\t<meta property=\"og:image:type\" content=\"image\/jpeg\" \/>\n<meta name=\"author\" content=\"e-Cristians\" \/>\n<meta name=\"twitter:card\" content=\"summary_large_image\" \/>\n<meta name=\"twitter:label1\" content=\"Escrito por\" \/>\n\t<meta name=\"twitter:data1\" content=\"e-Cristians\" \/>\n\t<meta name=\"twitter:label2\" content=\"Tiempo de lectura\" \/>\n\t<meta name=\"twitter:data2\" content=\"2 minutos\" \/>\n<script type=\"application\/ld+json\" class=\"yoast-schema-graph\">{\"@context\":\"https:\/\/schema.org\",\"@graph\":[{\"@type\":\"WebPage\",\"@id\":\"https:\/\/e-cristians.cat\/es\/la-objecion-de-conciencia-un-derecho-en-entredicho-video-elaborado-por-andoc\/\",\"url\":\"https:\/\/e-cristians.cat\/es\/la-objecion-de-conciencia-un-derecho-en-entredicho-video-elaborado-por-andoc\/\",\"name\":\"La objeci\u00f3n de conciencia: un derecho \u201cen entredicho\u201d. V\u00eddeo elaborado por ANDOC - e-Cristians\",\"isPartOf\":{\"@id\":\"https:\/\/e-cristians.cat\/#website\"},\"datePublished\":\"2021-06-23T10:47:43+00:00\",\"dateModified\":\"2021-06-23T10:52:56+00:00\",\"author\":{\"@id\":\"https:\/\/e-cristians.cat\/#\/schema\/person\/f0ec475338e49aaef9c9dc9d9f162861\"},\"breadcrumb\":{\"@id\":\"https:\/\/e-cristians.cat\/es\/la-objecion-de-conciencia-un-derecho-en-entredicho-video-elaborado-por-andoc\/#breadcrumb\"},\"inLanguage\":\"es\",\"potentialAction\":[{\"@type\":\"ReadAction\",\"target\":[\"https:\/\/e-cristians.cat\/es\/la-objecion-de-conciencia-un-derecho-en-entredicho-video-elaborado-por-andoc\/\"]}]},{\"@type\":\"BreadcrumbList\",\"@id\":\"https:\/\/e-cristians.cat\/es\/la-objecion-de-conciencia-un-derecho-en-entredicho-video-elaborado-por-andoc\/#breadcrumb\",\"itemListElement\":[{\"@type\":\"ListItem\",\"position\":1,\"name\":\"Inici\",\"item\":\"https:\/\/e-cristians.cat\/es\/\"},{\"@type\":\"ListItem\",\"position\":2,\"name\":\"La objeci\u00f3n de conciencia: un derecho \u201cen entredicho\u201d. V\u00eddeo elaborado por ANDOC\"}]},{\"@type\":\"WebSite\",\"@id\":\"https:\/\/e-cristians.cat\/#website\",\"url\":\"https:\/\/e-cristians.cat\/\",\"name\":\"e-Cristians\",\"description\":\"\",\"potentialAction\":[{\"@type\":\"SearchAction\",\"target\":{\"@type\":\"EntryPoint\",\"urlTemplate\":\"https:\/\/e-cristians.cat\/?s={search_term_string}\"},\"query-input\":\"required name=search_term_string\"}],\"inLanguage\":\"es\"},{\"@type\":\"Person\",\"@id\":\"https:\/\/e-cristians.cat\/#\/schema\/person\/f0ec475338e49aaef9c9dc9d9f162861\",\"name\":\"e-Cristians\",\"image\":{\"@type\":\"ImageObject\",\"inLanguage\":\"es\",\"@id\":\"https:\/\/e-cristians.cat\/#\/schema\/person\/image\/\",\"url\":\"https:\/\/secure.gravatar.com\/avatar\/14bc9e5b0ca69070f1075ad3efcb33c4?s=96&d=mm&r=g\",\"contentUrl\":\"https:\/\/secure.gravatar.com\/avatar\/14bc9e5b0ca69070f1075ad3efcb33c4?s=96&d=mm&r=g\",\"caption\":\"e-Cristians\"}}]}<\/script>\n<!-- \/ Yoast SEO plugin. -->","yoast_head_json":{"title":"La objeci\u00f3n de conciencia: un derecho \u201cen entredicho\u201d. V\u00eddeo elaborado por ANDOC - e-Cristians","robots":{"index":"noindex","follow":"nofollow"},"og_locale":"es_ES","og_type":"article","og_title":"La objeci\u00f3n de conciencia: un derecho \u201cen entredicho\u201d. V\u00eddeo elaborado por ANDOC - e-Cristians","og_description":"En el actual contexto socio pol\u00edtico se est\u00e1n produciendo movimientos que amenazan uno de los derechos individuales que constituyen la base de una sociedad democr\u00e1tica y pluralista: la objeci\u00f3n de conciencia. En unos casos, se proponen restricciones a su libre ejercicio; en otros, sencillamente, se promueve su supresi\u00f3n en la esfera p\u00fablica. Ahora mismo, hay...","og_url":"https:\/\/e-cristians.cat\/es\/la-objecion-de-conciencia-un-derecho-en-entredicho-video-elaborado-por-andoc\/","og_site_name":"e-Cristians","article_published_time":"2021-06-23T10:47:43+00:00","article_modified_time":"2021-06-23T10:52:56+00:00","og_image":[{"width":556,"height":311,"url":"https:\/\/e-cristians.cat\/wp-content\/uploads\/2021\/06\/ANDOC.jpg","type":"image\/jpeg"}],"author":"e-Cristians","twitter_card":"summary_large_image","twitter_misc":{"Escrito por":"e-Cristians","Tiempo de lectura":"2 minutos"},"schema":{"@context":"https:\/\/schema.org","@graph":[{"@type":"WebPage","@id":"https:\/\/e-cristians.cat\/es\/la-objecion-de-conciencia-un-derecho-en-entredicho-video-elaborado-por-andoc\/","url":"https:\/\/e-cristians.cat\/es\/la-objecion-de-conciencia-un-derecho-en-entredicho-video-elaborado-por-andoc\/","name":"La objeci\u00f3n de conciencia: un derecho \u201cen entredicho\u201d. V\u00eddeo elaborado por ANDOC - e-Cristians","isPartOf":{"@id":"https:\/\/e-cristians.cat\/#website"},"datePublished":"2021-06-23T10:47:43+00:00","dateModified":"2021-06-23T10:52:56+00:00","author":{"@id":"https:\/\/e-cristians.cat\/#\/schema\/person\/f0ec475338e49aaef9c9dc9d9f162861"},"breadcrumb":{"@id":"https:\/\/e-cristians.cat\/es\/la-objecion-de-conciencia-un-derecho-en-entredicho-video-elaborado-por-andoc\/#breadcrumb"},"inLanguage":"es","potentialAction":[{"@type":"ReadAction","target":["https:\/\/e-cristians.cat\/es\/la-objecion-de-conciencia-un-derecho-en-entredicho-video-elaborado-por-andoc\/"]}]},{"@type":"BreadcrumbList","@id":"https:\/\/e-cristians.cat\/es\/la-objecion-de-conciencia-un-derecho-en-entredicho-video-elaborado-por-andoc\/#breadcrumb","itemListElement":[{"@type":"ListItem","position":1,"name":"Inici","item":"https:\/\/e-cristians.cat\/es\/"},{"@type":"ListItem","position":2,"name":"La objeci\u00f3n de conciencia: un derecho \u201cen entredicho\u201d. V\u00eddeo elaborado por ANDOC"}]},{"@type":"WebSite","@id":"https:\/\/e-cristians.cat\/#website","url":"https:\/\/e-cristians.cat\/","name":"e-Cristians","description":"","potentialAction":[{"@type":"SearchAction","target":{"@type":"EntryPoint","urlTemplate":"https:\/\/e-cristians.cat\/?s={search_term_string}"},"query-input":"required name=search_term_string"}],"inLanguage":"es"},{"@type":"Person","@id":"https:\/\/e-cristians.cat\/#\/schema\/person\/f0ec475338e49aaef9c9dc9d9f162861","name":"e-Cristians","image":{"@type":"ImageObject","inLanguage":"es","@id":"https:\/\/e-cristians.cat\/#\/schema\/person\/image\/","url":"https:\/\/secure.gravatar.com\/avatar\/14bc9e5b0ca69070f1075ad3efcb33c4?s=96&d=mm&r=g","contentUrl":"https:\/\/secure.gravatar.com\/avatar\/14bc9e5b0ca69070f1075ad3efcb33c4?s=96&d=mm&r=g","caption":"e-Cristians"}}]}},"jetpack_sharing_enabled":true,"jetpack_featured_media_url":"https:\/\/e-cristians.cat\/wp-content\/uploads\/2021\/06\/ANDOC.jpg","_links":{"self":[{"href":"https:\/\/e-cristians.cat\/es\/wp-json\/wp\/v2\/posts\/11064"}],"collection":[{"href":"https:\/\/e-cristians.cat\/es\/wp-json\/wp\/v2\/posts"}],"about":[{"href":"https:\/\/e-cristians.cat\/es\/wp-json\/wp\/v2\/types\/post"}],"author":[{"embeddable":true,"href":"https:\/\/e-cristians.cat\/es\/wp-json\/wp\/v2\/users\/2"}],"replies":[{"embeddable":true,"href":"https:\/\/e-cristians.cat\/es\/wp-json\/wp\/v2\/comments?post=11064"}],"version-history":[{"count":1,"href":"https:\/\/e-cristians.cat\/es\/wp-json\/wp\/v2\/posts\/11064\/revisions"}],"predecessor-version":[{"id":11067,"href":"https:\/\/e-cristians.cat\/es\/wp-json\/wp\/v2\/posts\/11064\/revisions\/11067"}],"wp:featuredmedia":[{"embeddable":true,"href":"https:\/\/e-cristians.cat\/es\/wp-json\/wp\/v2\/media\/11065"}],"wp:attachment":[{"href":"https:\/\/e-cristians.cat\/es\/wp-json\/wp\/v2\/media?parent=11064"}],"wp:term":[{"taxonomy":"category","embeddable":true,"href":"https:\/\/e-cristians.cat\/es\/wp-json\/wp\/v2\/categories?post=11064"},{"taxonomy":"post_tag","embeddable":true,"href":"https:\/\/e-cristians.cat\/es\/wp-json\/wp\/v2\/tags?post=11064"}],"curies":[{"name":"wp","href":"https:\/\/api.w.org\/{rel}","templated":true}]}}