{"id":11342,"date":"2021-06-29T16:59:03","date_gmt":"2021-06-29T14:59:03","guid":{"rendered":"https:\/\/e-cristians.cat\/?p=11342"},"modified":"2021-06-29T16:59:03","modified_gmt":"2021-06-29T14:59:03","slug":"concierto-del-70a-aniversario-del-coro-madrigal","status":"publish","type":"post","link":"https:\/\/e-cristians.cat\/es\/concierto-del-70a-aniversario-del-coro-madrigal\/","title":{"rendered":"Concierto del 70a. Aniversario del Coro Madrigal"},"content":{"rendered":"<p>Casi una vida. En 2021 el Coro Madrigal celebran su 70 aniversario, despu\u00e9s de que Manel Cabero lo fundara en 1951.<\/p>\n<p>Setenta a\u00f1os que tambi\u00e9n son los a\u00f1os que hace que fueron compuestas algunas obras del programa.<\/p>\n<p>Y setenta a\u00f1os, casi una vida, durante los cuales el Coro Madrigal mantiene el balance entre tradici\u00f3n y modernidad.<\/p>\n<p>Obras a cappella de S. Barber, A. Schnittke, J. Vila, J. Serra, J. Magran\u00e9, J. Busto y C. Prat.<\/p>\n<p>Percusi\u00f3n: Marc Cabero Pueyo. Direcci\u00f3n: Pere Llu\u00eds Biosca<\/p>\n<ul>\n<li>Fecha: Viernes, <strong>2 de julio<\/strong> de 2021<\/li>\n<li>Hora: <strong>19:00h.<\/strong> primer pase | <strong>20:30h.<\/strong> segundo pase<\/li>\n<li>Lugar: <strong>Bas\u00edlica de la Merc\u00e8<\/strong> (Calle de la Merc\u00e8, 1, Barcelona)<\/li>\n<li>Precio entradas: 12 \u20ac Anticipada \/ 15 \u20ac Taquilla compra \/ 8 \u20ac Ni\u00f1os de 3 a 12 a\u00f1os. <a href=\"https:\/\/docs.google.com\/forms\/d\/e\/1FAIpQLSei8ghM5rt0-jRpNdBEoj6XKnhJDUJVQDaauknEyBqBScYkfg\/viewform\" target=\"_blank\" rel=\"noopener\">Enlace de compra de entradas<\/a><\/li>\n<\/ul>\n","protected":false},"excerpt":{"rendered":"<p>Casi una vida. En 2021 el Coro Madrigal celebran su 70 aniversario, despu\u00e9s de que Manel Cabero lo fundara en 1951. Setenta a\u00f1os que tambi\u00e9n son los a\u00f1os que hace que fueron compuestas algunas obras del programa. Y setenta a\u00f1os, casi una vida, durante los cuales el Coro Madrigal mantiene el balance entre tradici\u00f3n y&#8230;<\/p>\n","protected":false},"author":2,"featured_media":11343,"comment_status":"closed","ping_status":"closed","sticky":false,"template":"","format":"standard","meta":{"_jetpack_memberships_contains_paid_content":false,"footnotes":""},"categories":[33,39],"tags":[],"class_list":["post-11342","post","type-post","status-publish","format-standard","has-post-thumbnail","hentry","category-altres-entitats-informacions-agenda-i-documents-es","category-portada_news-es"],"yoast_head":"<!-- This site is optimized with the Yoast SEO plugin v20.0 - https:\/\/yoast.com\/wordpress\/plugins\/seo\/ -->\n<title>Concierto del 70a. Aniversario del Coro Madrigal - e-Cristians<\/title>\n<meta name=\"robots\" content=\"noindex, nofollow\" \/>\n<meta property=\"og:locale\" content=\"es_ES\" \/>\n<meta property=\"og:type\" content=\"article\" \/>\n<meta property=\"og:title\" content=\"Concierto del 70a. Aniversario del Coro Madrigal - e-Cristians\" \/>\n<meta property=\"og:description\" content=\"Casi una vida. En 2021 el Coro Madrigal celebran su 70 aniversario, despu\u00e9s de que Manel Cabero lo fundara en 1951. Setenta a\u00f1os que tambi\u00e9n son los a\u00f1os que hace que fueron compuestas algunas obras del programa. Y setenta a\u00f1os, casi una vida, durante los cuales el Coro Madrigal mantiene el balance entre tradici\u00f3n y...\" \/>\n<meta property=\"og:url\" content=\"https:\/\/e-cristians.cat\/es\/concierto-del-70a-aniversario-del-coro-madrigal\/\" \/>\n<meta property=\"og:site_name\" content=\"e-Cristians\" \/>\n<meta property=\"article:published_time\" content=\"2021-06-29T14:59:03+00:00\" \/>\n<meta property=\"og:image\" content=\"https:\/\/e-cristians.cat\/wp-content\/uploads\/2021\/06\/P.-Fermin.jpg\" \/>\n\t<meta property=\"og:image:width\" content=\"720\" \/>\n\t<meta property=\"og:image:height\" content=\"720\" \/>\n\t<meta property=\"og:image:type\" content=\"image\/jpeg\" \/>\n<meta name=\"author\" content=\"e-Cristians\" \/>\n<meta name=\"twitter:card\" content=\"summary_large_image\" \/>\n<meta name=\"twitter:label1\" content=\"Escrito por\" \/>\n\t<meta name=\"twitter:data1\" content=\"e-Cristians\" \/>\n\t<meta name=\"twitter:label2\" content=\"Tiempo de lectura\" \/>\n\t<meta name=\"twitter:data2\" content=\"1 minuto\" \/>\n<script type=\"application\/ld+json\" class=\"yoast-schema-graph\">{\"@context\":\"https:\/\/schema.org\",\"@graph\":[{\"@type\":\"WebPage\",\"@id\":\"https:\/\/e-cristians.cat\/es\/concierto-del-70a-aniversario-del-coro-madrigal\/\",\"url\":\"https:\/\/e-cristians.cat\/es\/concierto-del-70a-aniversario-del-coro-madrigal\/\",\"name\":\"Concierto del 70a. Aniversario del Coro Madrigal - e-Cristians\",\"isPartOf\":{\"@id\":\"https:\/\/e-cristians.cat\/#website\"},\"datePublished\":\"2021-06-29T14:59:03+00:00\",\"dateModified\":\"2021-06-29T14:59:03+00:00\",\"author\":{\"@id\":\"https:\/\/e-cristians.cat\/#\/schema\/person\/f0ec475338e49aaef9c9dc9d9f162861\"},\"breadcrumb\":{\"@id\":\"https:\/\/e-cristians.cat\/es\/concierto-del-70a-aniversario-del-coro-madrigal\/#breadcrumb\"},\"inLanguage\":\"es\",\"potentialAction\":[{\"@type\":\"ReadAction\",\"target\":[\"https:\/\/e-cristians.cat\/es\/concierto-del-70a-aniversario-del-coro-madrigal\/\"]}]},{\"@type\":\"BreadcrumbList\",\"@id\":\"https:\/\/e-cristians.cat\/es\/concierto-del-70a-aniversario-del-coro-madrigal\/#breadcrumb\",\"itemListElement\":[{\"@type\":\"ListItem\",\"position\":1,\"name\":\"Inici\",\"item\":\"https:\/\/e-cristians.cat\/es\/\"},{\"@type\":\"ListItem\",\"position\":2,\"name\":\"Concierto del 70a. Aniversario del Coro Madrigal\"}]},{\"@type\":\"WebSite\",\"@id\":\"https:\/\/e-cristians.cat\/#website\",\"url\":\"https:\/\/e-cristians.cat\/\",\"name\":\"e-Cristians\",\"description\":\"\",\"potentialAction\":[{\"@type\":\"SearchAction\",\"target\":{\"@type\":\"EntryPoint\",\"urlTemplate\":\"https:\/\/e-cristians.cat\/?s={search_term_string}\"},\"query-input\":\"required name=search_term_string\"}],\"inLanguage\":\"es\"},{\"@type\":\"Person\",\"@id\":\"https:\/\/e-cristians.cat\/#\/schema\/person\/f0ec475338e49aaef9c9dc9d9f162861\",\"name\":\"e-Cristians\",\"image\":{\"@type\":\"ImageObject\",\"inLanguage\":\"es\",\"@id\":\"https:\/\/e-cristians.cat\/#\/schema\/person\/image\/\",\"url\":\"https:\/\/secure.gravatar.com\/avatar\/14bc9e5b0ca69070f1075ad3efcb33c4?s=96&d=mm&r=g\",\"contentUrl\":\"https:\/\/secure.gravatar.com\/avatar\/14bc9e5b0ca69070f1075ad3efcb33c4?s=96&d=mm&r=g\",\"caption\":\"e-Cristians\"}}]}<\/script>\n<!-- \/ Yoast SEO plugin. -->","yoast_head_json":{"title":"Concierto del 70a. Aniversario del Coro Madrigal - e-Cristians","robots":{"index":"noindex","follow":"nofollow"},"og_locale":"es_ES","og_type":"article","og_title":"Concierto del 70a. Aniversario del Coro Madrigal - e-Cristians","og_description":"Casi una vida. En 2021 el Coro Madrigal celebran su 70 aniversario, despu\u00e9s de que Manel Cabero lo fundara en 1951. Setenta a\u00f1os que tambi\u00e9n son los a\u00f1os que hace que fueron compuestas algunas obras del programa. Y setenta a\u00f1os, casi una vida, durante los cuales el Coro Madrigal mantiene el balance entre tradici\u00f3n y...","og_url":"https:\/\/e-cristians.cat\/es\/concierto-del-70a-aniversario-del-coro-madrigal\/","og_site_name":"e-Cristians","article_published_time":"2021-06-29T14:59:03+00:00","og_image":[{"width":720,"height":720,"url":"https:\/\/e-cristians.cat\/wp-content\/uploads\/2021\/06\/P.-Fermin.jpg","type":"image\/jpeg"}],"author":"e-Cristians","twitter_card":"summary_large_image","twitter_misc":{"Escrito por":"e-Cristians","Tiempo de lectura":"1 minuto"},"schema":{"@context":"https:\/\/schema.org","@graph":[{"@type":"WebPage","@id":"https:\/\/e-cristians.cat\/es\/concierto-del-70a-aniversario-del-coro-madrigal\/","url":"https:\/\/e-cristians.cat\/es\/concierto-del-70a-aniversario-del-coro-madrigal\/","name":"Concierto del 70a. Aniversario del Coro Madrigal - e-Cristians","isPartOf":{"@id":"https:\/\/e-cristians.cat\/#website"},"datePublished":"2021-06-29T14:59:03+00:00","dateModified":"2021-06-29T14:59:03+00:00","author":{"@id":"https:\/\/e-cristians.cat\/#\/schema\/person\/f0ec475338e49aaef9c9dc9d9f162861"},"breadcrumb":{"@id":"https:\/\/e-cristians.cat\/es\/concierto-del-70a-aniversario-del-coro-madrigal\/#breadcrumb"},"inLanguage":"es","potentialAction":[{"@type":"ReadAction","target":["https:\/\/e-cristians.cat\/es\/concierto-del-70a-aniversario-del-coro-madrigal\/"]}]},{"@type":"BreadcrumbList","@id":"https:\/\/e-cristians.cat\/es\/concierto-del-70a-aniversario-del-coro-madrigal\/#breadcrumb","itemListElement":[{"@type":"ListItem","position":1,"name":"Inici","item":"https:\/\/e-cristians.cat\/es\/"},{"@type":"ListItem","position":2,"name":"Concierto del 70a. Aniversario del Coro Madrigal"}]},{"@type":"WebSite","@id":"https:\/\/e-cristians.cat\/#website","url":"https:\/\/e-cristians.cat\/","name":"e-Cristians","description":"","potentialAction":[{"@type":"SearchAction","target":{"@type":"EntryPoint","urlTemplate":"https:\/\/e-cristians.cat\/?s={search_term_string}"},"query-input":"required name=search_term_string"}],"inLanguage":"es"},{"@type":"Person","@id":"https:\/\/e-cristians.cat\/#\/schema\/person\/f0ec475338e49aaef9c9dc9d9f162861","name":"e-Cristians","image":{"@type":"ImageObject","inLanguage":"es","@id":"https:\/\/e-cristians.cat\/#\/schema\/person\/image\/","url":"https:\/\/secure.gravatar.com\/avatar\/14bc9e5b0ca69070f1075ad3efcb33c4?s=96&d=mm&r=g","contentUrl":"https:\/\/secure.gravatar.com\/avatar\/14bc9e5b0ca69070f1075ad3efcb33c4?s=96&d=mm&r=g","caption":"e-Cristians"}}]}},"jetpack_sharing_enabled":true,"jetpack_featured_media_url":"https:\/\/e-cristians.cat\/wp-content\/uploads\/2021\/06\/P.-Fermin.jpg","_links":{"self":[{"href":"https:\/\/e-cristians.cat\/es\/wp-json\/wp\/v2\/posts\/11342"}],"collection":[{"href":"https:\/\/e-cristians.cat\/es\/wp-json\/wp\/v2\/posts"}],"about":[{"href":"https:\/\/e-cristians.cat\/es\/wp-json\/wp\/v2\/types\/post"}],"author":[{"embeddable":true,"href":"https:\/\/e-cristians.cat\/es\/wp-json\/wp\/v2\/users\/2"}],"replies":[{"embeddable":true,"href":"https:\/\/e-cristians.cat\/es\/wp-json\/wp\/v2\/comments?post=11342"}],"version-history":[{"count":4,"href":"https:\/\/e-cristians.cat\/es\/wp-json\/wp\/v2\/posts\/11342\/revisions"}],"predecessor-version":[{"id":11348,"href":"https:\/\/e-cristians.cat\/es\/wp-json\/wp\/v2\/posts\/11342\/revisions\/11348"}],"wp:featuredmedia":[{"embeddable":true,"href":"https:\/\/e-cristians.cat\/es\/wp-json\/wp\/v2\/media\/11343"}],"wp:attachment":[{"href":"https:\/\/e-cristians.cat\/es\/wp-json\/wp\/v2\/media?parent=11342"}],"wp:term":[{"taxonomy":"category","embeddable":true,"href":"https:\/\/e-cristians.cat\/es\/wp-json\/wp\/v2\/categories?post=11342"},{"taxonomy":"post_tag","embeddable":true,"href":"https:\/\/e-cristians.cat\/es\/wp-json\/wp\/v2\/tags?post=11342"}],"curies":[{"name":"wp","href":"https:\/\/api.w.org\/{rel}","templated":true}]}}