{"id":11413,"date":"2021-07-01T13:10:55","date_gmt":"2021-07-01T11:10:55","guid":{"rendered":"https:\/\/e-cristians.cat\/?p=11413"},"modified":"2021-07-01T13:56:44","modified_gmt":"2021-07-01T11:56:44","slug":"i-asamblea-virtual-de-forumlibertas-contribuyendo-a-la-alternativa-cultural-cristiana","status":"publish","type":"post","link":"https:\/\/e-cristians.cat\/es\/i-asamblea-virtual-de-forumlibertas-contribuyendo-a-la-alternativa-cultural-cristiana\/","title":{"rendered":"I Asamblea virtual de ForumLibertas: contribuyendo a la alternativa cultural cristiana"},"content":{"rendered":"<ul>\n<li><strong>Esto es un llamamiento para participar en la I Asamblea de ForumLibertas<\/strong><\/li>\n<li><strong>Es una invitaci\u00f3n para formar parte de la transformaci\u00f3n de ForumLibertas en un instrumento eficaz al servicio de la construcci\u00f3n de la Alternativa Cultural Cristiana (ACC)<\/strong><\/li>\n<li><strong>D\u00eda: Martes, 13 de julio. Hora: 19h. de Espa\u00f1a. Inscr\u00edbete <a href=\"https:\/\/www.forumlibertas.com\/inscripcion-i-video-asamblea-por-una-alternativa-cultural-cristiana\/\">AQU\u00cd<\/a>.<\/strong><\/li>\n<\/ul>\n<h3><strong><u>La guerra cultural y el estado policial rosa<\/u><\/strong><\/h3>\n<p>Somos v\u00edctimas de una guerra cultural que\u00a0<strong>tiene como fin construir una cultura y una civilizaci\u00f3n totalmente opuesta a lo que puede ser concebido no ya desde la fe, sino solo desde una cultura de matriz cristiana<\/strong>. Se trata de la sustituci\u00f3n de nuestro estado de derecho, por otro de leyes, donde los derechos son asim\u00e9tricos, en funci\u00f3n de si se trata de seguir la doctrina hegem\u00f3nica que tienen como principal fundamento la perspectiva de g\u00e9nero, en sus formulaciones pol\u00edticas de feminismo o identidades de g\u00e9nero, o de quienes se oponen a ella, que son reprimidos, penalizados, castigados. Se trata de la construcci\u00f3n de un estado policial rosa, para utilizar la misma expresi\u00f3n que emplea Ross Douthat\u00a0en su libro\u00a0<em>La Sociedad Decadente<\/em>, \u201c<em>un estado policial con caracter\u00edsticas liberales<\/em>\u201d. Se necesita una alternativa cultural cristiana.<\/p>\n<p>Es una guerra que se da en todo Occidente con diferencias locales, sobre todo en Europa, donde salvo casos concretos se impone en los diversos estados, y ahora ya, de forma clara, desde la propia Comisi\u00f3n y Consejo de Europa.\u00a0<strong>Ha encontrado una fuerte resistencia en Estados Unidos, y se propaga en gran medida en Am\u00e9rica Latina a partir de los recursos econ\u00f3micos estadounidense y la mimesis de la pol\u00edtica espa\u00f1ola.<\/strong><\/p>\n<p>Espa\u00f1a posee importancia estrat\u00e9gica, porque refuerza el estado policial rosa entre los pa\u00edses del sur, all\u00ed donde no ha alcanzado todav\u00eda la plena hegemon\u00eda y a la vez, exporta proyectos pol\u00edticos hacia Am\u00e9rica Latina, aprovechando la comunidad de lengua y cultura.<\/p>\n<h3><strong><u>Las fichas del domin\u00f3 caen cada vez con mayor rapidez<\/u><\/strong><\/h3>\n<p>Lo que hace pocos a\u00f1os hubiera parecido ins\u00f3lito hoy las leyes lo imponen, el cambio legal de sexo solo por una simple declaraci\u00f3n subjetiva, y a partir de los 14 a\u00f1os sin consentimiento de los padres, el aborto declarado derecho humano universal, y la objeci\u00f3n de conciencia proscrita, para apuntar solo lo que ha sucedido en las \u00faltimas semanas en Espa\u00f1a y Europa.<\/p>\n<p>Se emprende la conquista de Marte, y a la vez se declara que la muy vieja soluci\u00f3n veterinaria de matar al animal para que no sufra, la eutanasia, es lo m\u00e1ximo que el estado puede ofrecernos ante el sufrimiento humano.<\/p>\n<h3><strong><u>Es necesario construir la alternativa cultural cristiana<\/u><\/strong><\/h3>\n<p>La alternativa a todo esto y para un mundo mejor existe, lo sabemos. Es concreta, surge de la concepci\u00f3n cristiana, pero nuestra dispersi\u00f3n, la incapacidad para actuar conjuntamente, para forjar grandes iniciativas, nos impide convertirla en realidad, es la alternativa cultural cristiana<strong>.\u00a0<\/strong>Pero no podemos esperar m\u00e1s.\u00a0<strong>Queremos convertir <\/strong><a href=\"http:\/\/www.forumlibertas.com\"><strong>ForumLibertas<\/strong><\/a><strong>\u00a0en una aportaci\u00f3n decisiva para la construcci\u00f3n de la alternativa.<\/strong><\/p>\n<p>ForumLibertas por su posici\u00f3n en Espa\u00f1a, a caballo entre Europa y Latinoam\u00e9rica, por sus 17 a\u00f1os de presencia, que le otorgan credibilidad y constituir una referencia cre\u00edble, por el capital cultural acumulado y su presencia en las redes<strong>, es un gran punto de apoyo sobre el que levantar la palanca.<\/strong><\/p>\n<p>Vamos a construir un proyecto m\u00e1s potente, m\u00e1s amplio, m\u00e1s fuerte, que solo es posible con\u00a0<strong>vuestra participaci\u00f3n<\/strong>. Te invitamos a participar en la primera Asamblea de <a href=\"ww.forumlibertas.com\">ForumLibertas<\/a> para tratar sobre esta iniciativa del\u00a0<strong>pr\u00f3ximo 13 de julio.\u00a0<\/strong><strong>Inscr\u00edbete ya para recibir el enlace y las siguientes notas informativas que preparan la Asamblea, <\/strong><a href=\"https:\/\/www.forumlibertas.com\/inscripcion-i-video-asamblea-por-una-alternativa-cultural-cristiana\/\"><strong>AQU\u00cd<\/strong><\/a><strong>.<\/strong><\/p>\n<h3><strong><u>Horas de los distintos husos horarios en relaci\u00f3n con las 19h. de Espa\u00f1a<\/u><\/strong><\/h3>\n<p><strong>Algunos pa\u00edses: M\u00e9xico 12h., Chile 14h., Argentina 15h.<\/strong><\/p>\n<p>&nbsp;<\/p>\n","protected":false},"excerpt":{"rendered":"<p>Esto es un llamamiento para participar en la I Asamblea de ForumLibertas Es una invitaci\u00f3n para formar parte de la transformaci\u00f3n de ForumLibertas en un instrumento eficaz al servicio de la construcci\u00f3n de la Alternativa Cultural Cristiana (ACC) D\u00eda: Martes, 13 de julio. Hora: 19h. de Espa\u00f1a. Inscr\u00edbete AQU\u00cd. La guerra cultural y el estado&#8230;<\/p>\n","protected":false},"author":2,"featured_media":11415,"comment_status":"closed","ping_status":"closed","sticky":false,"template":"","format":"standard","meta":{"_jetpack_memberships_contains_paid_content":false,"footnotes":""},"categories":[33,39],"tags":[],"class_list":["post-11413","post","type-post","status-publish","format-standard","has-post-thumbnail","hentry","category-altres-entitats-informacions-agenda-i-documents-es","category-portada_news-es"],"yoast_head":"<!-- This site is optimized with the Yoast SEO plugin v20.0 - https:\/\/yoast.com\/wordpress\/plugins\/seo\/ -->\n<title>I Asamblea virtual de ForumLibertas: contribuyendo a la alternativa cultural cristiana - e-Cristians<\/title>\n<meta name=\"robots\" content=\"noindex, nofollow\" \/>\n<meta property=\"og:locale\" content=\"es_ES\" \/>\n<meta property=\"og:type\" content=\"article\" \/>\n<meta property=\"og:title\" content=\"I Asamblea virtual de ForumLibertas: contribuyendo a la alternativa cultural cristiana - e-Cristians\" \/>\n<meta property=\"og:description\" content=\"Esto es un llamamiento para participar en la I Asamblea de ForumLibertas Es una invitaci\u00f3n para formar parte de la transformaci\u00f3n de ForumLibertas en un instrumento eficaz al servicio de la construcci\u00f3n de la Alternativa Cultural Cristiana (ACC) D\u00eda: Martes, 13 de julio. Hora: 19h. de Espa\u00f1a. Inscr\u00edbete AQU\u00cd. La guerra cultural y el estado...\" \/>\n<meta property=\"og:url\" content=\"https:\/\/e-cristians.cat\/es\/i-asamblea-virtual-de-forumlibertas-contribuyendo-a-la-alternativa-cultural-cristiana\/\" \/>\n<meta property=\"og:site_name\" content=\"e-Cristians\" \/>\n<meta property=\"article:published_time\" content=\"2021-07-01T11:10:55+00:00\" \/>\n<meta property=\"article:modified_time\" content=\"2021-07-01T11:56:44+00:00\" \/>\n<meta property=\"og:image\" content=\"https:\/\/e-cristians.cat\/wp-content\/uploads\/2021\/07\/asamblea-FL-1-600x337-1.png\" \/>\n\t<meta property=\"og:image:width\" content=\"600\" \/>\n\t<meta property=\"og:image:height\" content=\"337\" \/>\n\t<meta property=\"og:image:type\" content=\"image\/png\" \/>\n<meta name=\"author\" content=\"e-Cristians\" \/>\n<meta name=\"twitter:card\" content=\"summary_large_image\" \/>\n<meta name=\"twitter:label1\" content=\"Escrito por\" \/>\n\t<meta name=\"twitter:data1\" content=\"e-Cristians\" \/>\n\t<meta name=\"twitter:label2\" content=\"Tiempo de lectura\" \/>\n\t<meta name=\"twitter:data2\" content=\"3 minutos\" \/>\n<script type=\"application\/ld+json\" class=\"yoast-schema-graph\">{\"@context\":\"https:\/\/schema.org\",\"@graph\":[{\"@type\":\"WebPage\",\"@id\":\"https:\/\/e-cristians.cat\/es\/i-asamblea-virtual-de-forumlibertas-contribuyendo-a-la-alternativa-cultural-cristiana\/\",\"url\":\"https:\/\/e-cristians.cat\/es\/i-asamblea-virtual-de-forumlibertas-contribuyendo-a-la-alternativa-cultural-cristiana\/\",\"name\":\"I Asamblea virtual de ForumLibertas: contribuyendo a la alternativa cultural cristiana - e-Cristians\",\"isPartOf\":{\"@id\":\"https:\/\/e-cristians.cat\/#website\"},\"datePublished\":\"2021-07-01T11:10:55+00:00\",\"dateModified\":\"2021-07-01T11:56:44+00:00\",\"author\":{\"@id\":\"https:\/\/e-cristians.cat\/#\/schema\/person\/f0ec475338e49aaef9c9dc9d9f162861\"},\"breadcrumb\":{\"@id\":\"https:\/\/e-cristians.cat\/es\/i-asamblea-virtual-de-forumlibertas-contribuyendo-a-la-alternativa-cultural-cristiana\/#breadcrumb\"},\"inLanguage\":\"es\",\"potentialAction\":[{\"@type\":\"ReadAction\",\"target\":[\"https:\/\/e-cristians.cat\/es\/i-asamblea-virtual-de-forumlibertas-contribuyendo-a-la-alternativa-cultural-cristiana\/\"]}]},{\"@type\":\"BreadcrumbList\",\"@id\":\"https:\/\/e-cristians.cat\/es\/i-asamblea-virtual-de-forumlibertas-contribuyendo-a-la-alternativa-cultural-cristiana\/#breadcrumb\",\"itemListElement\":[{\"@type\":\"ListItem\",\"position\":1,\"name\":\"Inici\",\"item\":\"https:\/\/e-cristians.cat\/es\/\"},{\"@type\":\"ListItem\",\"position\":2,\"name\":\"I Asamblea virtual de ForumLibertas: contribuyendo a la alternativa cultural cristiana\"}]},{\"@type\":\"WebSite\",\"@id\":\"https:\/\/e-cristians.cat\/#website\",\"url\":\"https:\/\/e-cristians.cat\/\",\"name\":\"e-Cristians\",\"description\":\"\",\"potentialAction\":[{\"@type\":\"SearchAction\",\"target\":{\"@type\":\"EntryPoint\",\"urlTemplate\":\"https:\/\/e-cristians.cat\/?s={search_term_string}\"},\"query-input\":\"required name=search_term_string\"}],\"inLanguage\":\"es\"},{\"@type\":\"Person\",\"@id\":\"https:\/\/e-cristians.cat\/#\/schema\/person\/f0ec475338e49aaef9c9dc9d9f162861\",\"name\":\"e-Cristians\",\"image\":{\"@type\":\"ImageObject\",\"inLanguage\":\"es\",\"@id\":\"https:\/\/e-cristians.cat\/#\/schema\/person\/image\/\",\"url\":\"https:\/\/secure.gravatar.com\/avatar\/14bc9e5b0ca69070f1075ad3efcb33c4?s=96&d=mm&r=g\",\"contentUrl\":\"https:\/\/secure.gravatar.com\/avatar\/14bc9e5b0ca69070f1075ad3efcb33c4?s=96&d=mm&r=g\",\"caption\":\"e-Cristians\"}}]}<\/script>\n<!-- \/ Yoast SEO plugin. -->","yoast_head_json":{"title":"I Asamblea virtual de ForumLibertas: contribuyendo a la alternativa cultural cristiana - e-Cristians","robots":{"index":"noindex","follow":"nofollow"},"og_locale":"es_ES","og_type":"article","og_title":"I Asamblea virtual de ForumLibertas: contribuyendo a la alternativa cultural cristiana - e-Cristians","og_description":"Esto es un llamamiento para participar en la I Asamblea de ForumLibertas Es una invitaci\u00f3n para formar parte de la transformaci\u00f3n de ForumLibertas en un instrumento eficaz al servicio de la construcci\u00f3n de la Alternativa Cultural Cristiana (ACC) D\u00eda: Martes, 13 de julio. Hora: 19h. de Espa\u00f1a. Inscr\u00edbete AQU\u00cd. La guerra cultural y el estado...","og_url":"https:\/\/e-cristians.cat\/es\/i-asamblea-virtual-de-forumlibertas-contribuyendo-a-la-alternativa-cultural-cristiana\/","og_site_name":"e-Cristians","article_published_time":"2021-07-01T11:10:55+00:00","article_modified_time":"2021-07-01T11:56:44+00:00","og_image":[{"width":600,"height":337,"url":"https:\/\/e-cristians.cat\/wp-content\/uploads\/2021\/07\/asamblea-FL-1-600x337-1.png","type":"image\/png"}],"author":"e-Cristians","twitter_card":"summary_large_image","twitter_misc":{"Escrito por":"e-Cristians","Tiempo de lectura":"3 minutos"},"schema":{"@context":"https:\/\/schema.org","@graph":[{"@type":"WebPage","@id":"https:\/\/e-cristians.cat\/es\/i-asamblea-virtual-de-forumlibertas-contribuyendo-a-la-alternativa-cultural-cristiana\/","url":"https:\/\/e-cristians.cat\/es\/i-asamblea-virtual-de-forumlibertas-contribuyendo-a-la-alternativa-cultural-cristiana\/","name":"I Asamblea virtual de ForumLibertas: contribuyendo a la alternativa cultural cristiana - e-Cristians","isPartOf":{"@id":"https:\/\/e-cristians.cat\/#website"},"datePublished":"2021-07-01T11:10:55+00:00","dateModified":"2021-07-01T11:56:44+00:00","author":{"@id":"https:\/\/e-cristians.cat\/#\/schema\/person\/f0ec475338e49aaef9c9dc9d9f162861"},"breadcrumb":{"@id":"https:\/\/e-cristians.cat\/es\/i-asamblea-virtual-de-forumlibertas-contribuyendo-a-la-alternativa-cultural-cristiana\/#breadcrumb"},"inLanguage":"es","potentialAction":[{"@type":"ReadAction","target":["https:\/\/e-cristians.cat\/es\/i-asamblea-virtual-de-forumlibertas-contribuyendo-a-la-alternativa-cultural-cristiana\/"]}]},{"@type":"BreadcrumbList","@id":"https:\/\/e-cristians.cat\/es\/i-asamblea-virtual-de-forumlibertas-contribuyendo-a-la-alternativa-cultural-cristiana\/#breadcrumb","itemListElement":[{"@type":"ListItem","position":1,"name":"Inici","item":"https:\/\/e-cristians.cat\/es\/"},{"@type":"ListItem","position":2,"name":"I Asamblea virtual de ForumLibertas: contribuyendo a la alternativa cultural cristiana"}]},{"@type":"WebSite","@id":"https:\/\/e-cristians.cat\/#website","url":"https:\/\/e-cristians.cat\/","name":"e-Cristians","description":"","potentialAction":[{"@type":"SearchAction","target":{"@type":"EntryPoint","urlTemplate":"https:\/\/e-cristians.cat\/?s={search_term_string}"},"query-input":"required name=search_term_string"}],"inLanguage":"es"},{"@type":"Person","@id":"https:\/\/e-cristians.cat\/#\/schema\/person\/f0ec475338e49aaef9c9dc9d9f162861","name":"e-Cristians","image":{"@type":"ImageObject","inLanguage":"es","@id":"https:\/\/e-cristians.cat\/#\/schema\/person\/image\/","url":"https:\/\/secure.gravatar.com\/avatar\/14bc9e5b0ca69070f1075ad3efcb33c4?s=96&d=mm&r=g","contentUrl":"https:\/\/secure.gravatar.com\/avatar\/14bc9e5b0ca69070f1075ad3efcb33c4?s=96&d=mm&r=g","caption":"e-Cristians"}}]}},"jetpack_sharing_enabled":true,"jetpack_featured_media_url":"https:\/\/e-cristians.cat\/wp-content\/uploads\/2021\/07\/asamblea-FL-1-600x337-1.png","_links":{"self":[{"href":"https:\/\/e-cristians.cat\/es\/wp-json\/wp\/v2\/posts\/11413"}],"collection":[{"href":"https:\/\/e-cristians.cat\/es\/wp-json\/wp\/v2\/posts"}],"about":[{"href":"https:\/\/e-cristians.cat\/es\/wp-json\/wp\/v2\/types\/post"}],"author":[{"embeddable":true,"href":"https:\/\/e-cristians.cat\/es\/wp-json\/wp\/v2\/users\/2"}],"replies":[{"embeddable":true,"href":"https:\/\/e-cristians.cat\/es\/wp-json\/wp\/v2\/comments?post=11413"}],"version-history":[{"count":4,"href":"https:\/\/e-cristians.cat\/es\/wp-json\/wp\/v2\/posts\/11413\/revisions"}],"predecessor-version":[{"id":11419,"href":"https:\/\/e-cristians.cat\/es\/wp-json\/wp\/v2\/posts\/11413\/revisions\/11419"}],"wp:featuredmedia":[{"embeddable":true,"href":"https:\/\/e-cristians.cat\/es\/wp-json\/wp\/v2\/media\/11415"}],"wp:attachment":[{"href":"https:\/\/e-cristians.cat\/es\/wp-json\/wp\/v2\/media?parent=11413"}],"wp:term":[{"taxonomy":"category","embeddable":true,"href":"https:\/\/e-cristians.cat\/es\/wp-json\/wp\/v2\/categories?post=11413"},{"taxonomy":"post_tag","embeddable":true,"href":"https:\/\/e-cristians.cat\/es\/wp-json\/wp\/v2\/tags?post=11413"}],"curies":[{"name":"wp","href":"https:\/\/api.w.org\/{rel}","templated":true}]}}