{"id":11429,"date":"2021-07-01T17:22:16","date_gmt":"2021-07-01T15:22:16","guid":{"rendered":"https:\/\/e-cristians.cat\/?p=11429"},"modified":"2021-07-07T15:57:47","modified_gmt":"2021-07-07T13:57:47","slug":"carta-semanal-de-josep-miro-somos-victimas-de-una-guerra-cultural","status":"publish","type":"post","link":"https:\/\/e-cristians.cat\/es\/carta-semanal-de-josep-miro-somos-victimas-de-una-guerra-cultural\/","title":{"rendered":"Somos v\u00edctimas de una guerra cultural"},"content":{"rendered":"<p>Apreciado amigo\/Apreciada amiga:<\/p>\n<p>En todo occidente hace tiempo que se ha desencadenado una guerra cultural contra todo lo que el cristianismo ha aportado a nuestra sociedad a lo largo de la historia. No se trata s\u00f3lo de cancelar el papel de la Iglesia y expulsar el hecho religioso cristiano de la vida p\u00fablica y reducirlo a una pr\u00e1ctica dom\u00e9stica, sino que esta guerra va m\u00e1s all\u00e1 porque lo que quiere es <strong>liquidar la cultura secular<\/strong> que ha surgido de aquella matriz cristiana que a la vez beb\u00eda de las fuentes de la cultura de la antig\u00fcedad cl\u00e1sica. Es tambi\u00e9n, y m\u00e1s all\u00e1 de eso, una ofensiva universal porque quiere destruir la conciencia de que existe: una ley natural que regula de una manera no determinista los comportamientos y las relaciones humanas. Es la ley que hace posible que exista, a pesar de las diferencias, una humanidad como un todo. En esta guerra hasta ahora nosotros, los que no participamos de esta ideolog\u00eda, <strong>somos las v\u00edctimas<\/strong> y cada vez lo seremos m\u00e1s, si no levantamos la cabeza. Mientras tanto, la continua aberraci\u00f3n se ir\u00e1 propagando. No har\u00e9 un memorial de agravios, s\u00f3lo citar\u00e9 tres ejemplos inmediatos:<\/p>\n<ul>\n<li>Uno, la iniciativa legislativa que quiere <a href=\"https:\/\/e-cristians.cat\/es\/la-ambulancia-vida-esta-en-peligro\/\" target=\"_blank\" rel=\"noopener\">castigar con penas de prisi\u00f3n a aquellas personas que en las inmediaciones de las cl\u00ednicas abortistas rezan o reparten folletos<\/a> con la acusaci\u00f3n de que coaccionan a las mujeres que acuden a la cl\u00ednica. \u00a1Qu\u00e9 gran iron\u00eda! Esta gente que se comporta cuidadosamente puede ser encarcelada, mientras que aquellos que entran en las iglesias ense\u00f1ando los pechos, profiriendo gritos e impidiendo el culto, son consideradas manifestaciones propias de la libertad de expresi\u00f3n.<\/li>\n<li>Otro ejemplo es el acuerdo del <a href=\"https:\/\/www.forumlibertas.com\/parlamento-europeo-aborto\/\" target=\"_blank\" rel=\"noopener\">Parlamento Europeo de considerar el aborto un derecho humano de car\u00e1cter universal<\/a> y pedir que se impida la objeci\u00f3n de conciencia para que un derecho no puede ser contrariado.<\/li>\n<li>Y la tercera, la <a href=\"https:\/\/conversesacatalunya.cat\/es\/espana-aprueba-ley-trans-suecia\/\" target=\"_blank\" rel=\"noopener\">ley <em>trans<\/em><\/a> que permite a adolescentes de 16 a\u00f1os sin autorizaci\u00f3n de los padres someterse a transformaciones de cirug\u00eda y farmacolog\u00eda para cambiar de sexo, al considerar que ya son lo suficientemente maduros para decidir sobre el futuro de su vida. Al mismo tiempo no pueden votar, ni sacarse el carnet de conducir, ni apuntarse voluntarios al ej\u00e9rcito, ni otras muchas cuestiones por falta de madurez.<\/li>\n<\/ul>\n<p>Es el problema de los que hacen esta guerra. Las contradicciones brutales que continuamente generan y que pagar\u00e1, de hecho ya lo hace, la sociedad tambi\u00e9n en t\u00e9rminos econ\u00f3micos.<\/p>\n<p>Hay que responder a todo esto. Como cristianos, como seres humanos, como ciudadanos. Y en este sentido, te pido que te comprometas. Que lo hagas con <strong>dos iniciativas concretas<\/strong>:<\/p>\n<p>Una, la de convertir <a href=\"https:\/\/e-cristians.cat\/es\/i-asamblea-virtual-de-forumlibertas-contribuyendo-a-la-alternativa-cultural-cristiana\/\" target=\"_blank\" rel=\"noopener\">ForumLibertas en un eje de la alterativa cultural cristiana<\/a> tanto en Espa\u00f1a como en Am\u00e9rica Latina, articulando tambi\u00e9n de esta forma un puente con Europa. <strong><a href=\"https:\/\/www.forumlibertas.com\/inscripcion-i-video-asamblea-por-una-alternativa-cultural-cristiana\/\" target=\"_blank\" rel=\"noopener\">Ap\u00fantate aqu\u00ed<\/a><\/strong> a la <strong>I Asamblea virtual de ForumLibertas<\/strong> por la alternativa cristiana del <strong>13 de julio a las 19h.<\/strong> (hora espa\u00f1ola).<\/p>\n<p>La otra, es que contestes positivamente y participes tambi\u00e9n en la preparaci\u00f3n de la <a href=\"https:\/\/e-cristians.cat\/es\/carta-semanal-de-josep-miro-vamos-a-mas-continuamos-impulsando-la-alternativa-cristiana\/\" target=\"_blank\" rel=\"noopener\">Asamblea extraordinaria de e-Cristians<\/a> que preparamos desde ahora mismo y que tiene por objetivo organizar, junto con otros, esta alternativa en el caso concreto de nuestro pa\u00eds. Si est\u00e1s interesado, contacta con nosotros (<a href=\"mailto:secretaria@e-cristians.net\" target=\"_blank\" rel=\"noopener\">secretaria@e-cristians.net<\/a>).<\/p>\n<p>Son dos <strong>iniciativas complementarias<\/strong>. Una en el terreno de la informaci\u00f3n, la comunicaci\u00f3n, la opini\u00f3n, la acci\u00f3n en las redes. La otra, en el \u00e1mbito de la organizaci\u00f3n, impulso a proyectos e iniciativas en el espacio p\u00fablicopol\u00edtico y en las coordenadas concretas de nuestro pa\u00eds.<\/p>\n<p><strong>Si te quedas en casa, los efectos de la guerra te pasar\u00e1n por encima. Al menos ten la satisfacci\u00f3n de hacerle frente ahora para ganar despu\u00e9s.<\/strong><\/p>\n","protected":false},"excerpt":{"rendered":"<p>Apreciado amigo\/Apreciada amiga: En todo occidente hace tiempo que se ha desencadenado una guerra cultural contra todo lo que el cristianismo ha aportado a nuestra sociedad a lo largo de la historia. No se trata s\u00f3lo de cancelar el papel de la Iglesia y expulsar el hecho religioso cristiano de la vida p\u00fablica y reducirlo&#8230;<\/p>\n","protected":false},"author":2,"featured_media":11430,"comment_status":"closed","ping_status":"closed","sticky":false,"template":"","format":"standard","meta":{"_jetpack_memberships_contains_paid_content":false,"footnotes":""},"categories":[29],"tags":[],"class_list":["post-11429","post","type-post","status-publish","format-standard","has-post-thumbnail","hentry","category-carta-setmanal-de-josep-miro-i-ardevol-es"],"yoast_head":"<!-- This site is optimized with the Yoast SEO plugin v20.0 - https:\/\/yoast.com\/wordpress\/plugins\/seo\/ -->\n<title>Somos v\u00edctimas de una guerra cultural - e-Cristians<\/title>\n<meta name=\"description\" content=\"En todo occidente hace tiempo que se ha desencadenado una guerra cultural contra todo lo que el cristianismo ha aportado a nuestra sociedad\" \/>\n<meta name=\"robots\" content=\"index, follow, max-snippet:-1, max-image-preview:large, max-video-preview:-1\" \/>\n<link rel=\"canonical\" href=\"https:\/\/e-cristians.cat\/es\/carta-semanal-de-josep-miro-somos-victimas-de-una-guerra-cultural\/\" \/>\n<meta property=\"og:locale\" content=\"es_ES\" \/>\n<meta property=\"og:type\" content=\"article\" \/>\n<meta property=\"og:title\" content=\"Somos v\u00edctimas de una guerra cultural - e-Cristians\" \/>\n<meta property=\"og:description\" content=\"En todo occidente hace tiempo que se ha desencadenado una guerra cultural contra todo lo que el cristianismo ha aportado a nuestra sociedad\" \/>\n<meta property=\"og:url\" content=\"https:\/\/e-cristians.cat\/es\/carta-semanal-de-josep-miro-somos-victimas-de-una-guerra-cultural\/\" \/>\n<meta property=\"og:site_name\" content=\"e-Cristians\" \/>\n<meta property=\"article:published_time\" content=\"2021-07-01T15:22:16+00:00\" \/>\n<meta property=\"article:modified_time\" content=\"2021-07-07T13:57:47+00:00\" \/>\n<meta property=\"og:image\" content=\"https:\/\/e-cristians.cat\/wp-content\/uploads\/2021\/07\/Sense-titol.jpg\" \/>\n\t<meta property=\"og:image:width\" content=\"150\" \/>\n\t<meta property=\"og:image:height\" content=\"150\" \/>\n\t<meta property=\"og:image:type\" content=\"image\/jpeg\" \/>\n<meta name=\"author\" content=\"e-Cristians\" \/>\n<meta name=\"twitter:card\" content=\"summary_large_image\" \/>\n<meta name=\"twitter:label1\" content=\"Escrito por\" \/>\n\t<meta name=\"twitter:data1\" content=\"e-Cristians\" \/>\n\t<meta name=\"twitter:label2\" content=\"Tiempo de lectura\" \/>\n\t<meta name=\"twitter:data2\" content=\"3 minutos\" \/>\n<script type=\"application\/ld+json\" class=\"yoast-schema-graph\">{\"@context\":\"https:\/\/schema.org\",\"@graph\":[{\"@type\":\"WebPage\",\"@id\":\"https:\/\/e-cristians.cat\/es\/carta-semanal-de-josep-miro-somos-victimas-de-una-guerra-cultural\/\",\"url\":\"https:\/\/e-cristians.cat\/es\/carta-semanal-de-josep-miro-somos-victimas-de-una-guerra-cultural\/\",\"name\":\"Somos v\u00edctimas de una guerra cultural - e-Cristians\",\"isPartOf\":{\"@id\":\"https:\/\/e-cristians.cat\/#website\"},\"datePublished\":\"2021-07-01T15:22:16+00:00\",\"dateModified\":\"2021-07-07T13:57:47+00:00\",\"author\":{\"@id\":\"https:\/\/e-cristians.cat\/#\/schema\/person\/f0ec475338e49aaef9c9dc9d9f162861\"},\"description\":\"En todo occidente hace tiempo que se ha desencadenado una guerra cultural contra todo lo que el cristianismo ha aportado a nuestra sociedad\",\"breadcrumb\":{\"@id\":\"https:\/\/e-cristians.cat\/es\/carta-semanal-de-josep-miro-somos-victimas-de-una-guerra-cultural\/#breadcrumb\"},\"inLanguage\":\"es\",\"potentialAction\":[{\"@type\":\"ReadAction\",\"target\":[\"https:\/\/e-cristians.cat\/es\/carta-semanal-de-josep-miro-somos-victimas-de-una-guerra-cultural\/\"]}]},{\"@type\":\"BreadcrumbList\",\"@id\":\"https:\/\/e-cristians.cat\/es\/carta-semanal-de-josep-miro-somos-victimas-de-una-guerra-cultural\/#breadcrumb\",\"itemListElement\":[{\"@type\":\"ListItem\",\"position\":1,\"name\":\"Inici\",\"item\":\"https:\/\/e-cristians.cat\/es\/\"},{\"@type\":\"ListItem\",\"position\":2,\"name\":\"Somos v\u00edctimas de una guerra cultural\"}]},{\"@type\":\"WebSite\",\"@id\":\"https:\/\/e-cristians.cat\/#website\",\"url\":\"https:\/\/e-cristians.cat\/\",\"name\":\"e-Cristians\",\"description\":\"\",\"potentialAction\":[{\"@type\":\"SearchAction\",\"target\":{\"@type\":\"EntryPoint\",\"urlTemplate\":\"https:\/\/e-cristians.cat\/?s={search_term_string}\"},\"query-input\":\"required name=search_term_string\"}],\"inLanguage\":\"es\"},{\"@type\":\"Person\",\"@id\":\"https:\/\/e-cristians.cat\/#\/schema\/person\/f0ec475338e49aaef9c9dc9d9f162861\",\"name\":\"e-Cristians\",\"image\":{\"@type\":\"ImageObject\",\"inLanguage\":\"es\",\"@id\":\"https:\/\/e-cristians.cat\/#\/schema\/person\/image\/\",\"url\":\"https:\/\/secure.gravatar.com\/avatar\/14bc9e5b0ca69070f1075ad3efcb33c4?s=96&d=mm&r=g\",\"contentUrl\":\"https:\/\/secure.gravatar.com\/avatar\/14bc9e5b0ca69070f1075ad3efcb33c4?s=96&d=mm&r=g\",\"caption\":\"e-Cristians\"}}]}<\/script>\n<!-- \/ Yoast SEO plugin. -->","yoast_head_json":{"title":"Somos v\u00edctimas de una guerra cultural - e-Cristians","description":"En todo occidente hace tiempo que se ha desencadenado una guerra cultural contra todo lo que el cristianismo ha aportado a nuestra sociedad","robots":{"index":"index","follow":"follow","max-snippet":"max-snippet:-1","max-image-preview":"max-image-preview:large","max-video-preview":"max-video-preview:-1"},"canonical":"https:\/\/e-cristians.cat\/es\/carta-semanal-de-josep-miro-somos-victimas-de-una-guerra-cultural\/","og_locale":"es_ES","og_type":"article","og_title":"Somos v\u00edctimas de una guerra cultural - e-Cristians","og_description":"En todo occidente hace tiempo que se ha desencadenado una guerra cultural contra todo lo que el cristianismo ha aportado a nuestra sociedad","og_url":"https:\/\/e-cristians.cat\/es\/carta-semanal-de-josep-miro-somos-victimas-de-una-guerra-cultural\/","og_site_name":"e-Cristians","article_published_time":"2021-07-01T15:22:16+00:00","article_modified_time":"2021-07-07T13:57:47+00:00","og_image":[{"width":150,"height":150,"url":"https:\/\/e-cristians.cat\/wp-content\/uploads\/2021\/07\/Sense-titol.jpg","type":"image\/jpeg"}],"author":"e-Cristians","twitter_card":"summary_large_image","twitter_misc":{"Escrito por":"e-Cristians","Tiempo de lectura":"3 minutos"},"schema":{"@context":"https:\/\/schema.org","@graph":[{"@type":"WebPage","@id":"https:\/\/e-cristians.cat\/es\/carta-semanal-de-josep-miro-somos-victimas-de-una-guerra-cultural\/","url":"https:\/\/e-cristians.cat\/es\/carta-semanal-de-josep-miro-somos-victimas-de-una-guerra-cultural\/","name":"Somos v\u00edctimas de una guerra cultural - e-Cristians","isPartOf":{"@id":"https:\/\/e-cristians.cat\/#website"},"datePublished":"2021-07-01T15:22:16+00:00","dateModified":"2021-07-07T13:57:47+00:00","author":{"@id":"https:\/\/e-cristians.cat\/#\/schema\/person\/f0ec475338e49aaef9c9dc9d9f162861"},"description":"En todo occidente hace tiempo que se ha desencadenado una guerra cultural contra todo lo que el cristianismo ha aportado a nuestra sociedad","breadcrumb":{"@id":"https:\/\/e-cristians.cat\/es\/carta-semanal-de-josep-miro-somos-victimas-de-una-guerra-cultural\/#breadcrumb"},"inLanguage":"es","potentialAction":[{"@type":"ReadAction","target":["https:\/\/e-cristians.cat\/es\/carta-semanal-de-josep-miro-somos-victimas-de-una-guerra-cultural\/"]}]},{"@type":"BreadcrumbList","@id":"https:\/\/e-cristians.cat\/es\/carta-semanal-de-josep-miro-somos-victimas-de-una-guerra-cultural\/#breadcrumb","itemListElement":[{"@type":"ListItem","position":1,"name":"Inici","item":"https:\/\/e-cristians.cat\/es\/"},{"@type":"ListItem","position":2,"name":"Somos v\u00edctimas de una guerra cultural"}]},{"@type":"WebSite","@id":"https:\/\/e-cristians.cat\/#website","url":"https:\/\/e-cristians.cat\/","name":"e-Cristians","description":"","potentialAction":[{"@type":"SearchAction","target":{"@type":"EntryPoint","urlTemplate":"https:\/\/e-cristians.cat\/?s={search_term_string}"},"query-input":"required name=search_term_string"}],"inLanguage":"es"},{"@type":"Person","@id":"https:\/\/e-cristians.cat\/#\/schema\/person\/f0ec475338e49aaef9c9dc9d9f162861","name":"e-Cristians","image":{"@type":"ImageObject","inLanguage":"es","@id":"https:\/\/e-cristians.cat\/#\/schema\/person\/image\/","url":"https:\/\/secure.gravatar.com\/avatar\/14bc9e5b0ca69070f1075ad3efcb33c4?s=96&d=mm&r=g","contentUrl":"https:\/\/secure.gravatar.com\/avatar\/14bc9e5b0ca69070f1075ad3efcb33c4?s=96&d=mm&r=g","caption":"e-Cristians"}}]}},"jetpack_sharing_enabled":true,"jetpack_featured_media_url":"https:\/\/e-cristians.cat\/wp-content\/uploads\/2021\/07\/Sense-titol.jpg","_links":{"self":[{"href":"https:\/\/e-cristians.cat\/es\/wp-json\/wp\/v2\/posts\/11429"}],"collection":[{"href":"https:\/\/e-cristians.cat\/es\/wp-json\/wp\/v2\/posts"}],"about":[{"href":"https:\/\/e-cristians.cat\/es\/wp-json\/wp\/v2\/types\/post"}],"author":[{"embeddable":true,"href":"https:\/\/e-cristians.cat\/es\/wp-json\/wp\/v2\/users\/2"}],"replies":[{"embeddable":true,"href":"https:\/\/e-cristians.cat\/es\/wp-json\/wp\/v2\/comments?post=11429"}],"version-history":[{"count":2,"href":"https:\/\/e-cristians.cat\/es\/wp-json\/wp\/v2\/posts\/11429\/revisions"}],"predecessor-version":[{"id":11580,"href":"https:\/\/e-cristians.cat\/es\/wp-json\/wp\/v2\/posts\/11429\/revisions\/11580"}],"wp:featuredmedia":[{"embeddable":true,"href":"https:\/\/e-cristians.cat\/es\/wp-json\/wp\/v2\/media\/11430"}],"wp:attachment":[{"href":"https:\/\/e-cristians.cat\/es\/wp-json\/wp\/v2\/media?parent=11429"}],"wp:term":[{"taxonomy":"category","embeddable":true,"href":"https:\/\/e-cristians.cat\/es\/wp-json\/wp\/v2\/categories?post=11429"},{"taxonomy":"post_tag","embeddable":true,"href":"https:\/\/e-cristians.cat\/es\/wp-json\/wp\/v2\/tags?post=11429"}],"curies":[{"name":"wp","href":"https:\/\/api.w.org\/{rel}","templated":true}]}}