{"id":1174,"date":"2020-08-20T15:56:51","date_gmt":"2020-08-20T13:56:51","guid":{"rendered":"https:\/\/e-cristians.cat\/?p=1174"},"modified":"2020-08-27T16:08:20","modified_gmt":"2020-08-27T14:08:20","slug":"el-caso-del-juez-del-tribunal-constitucional-o-los-peligros-de-la-ley-contra-la-violencia-de-genero","status":"publish","type":"post","link":"https:\/\/e-cristians.cat\/es\/el-caso-del-juez-del-tribunal-constitucional-o-los-peligros-de-la-ley-contra-la-violencia-de-genero\/","title":{"rendered":"El caso del juez del Tribunal Constitucional o los peligros de la ley contra la violencia de g\u00e9nero"},"content":{"rendered":"<p><em>ForumLibertas.com<\/em><\/p>\n<p>Un extra\u00f1o caso se ha producido este mes de agosto que afecta nada menos que a un juez del m\u00e1s alto tribunal espa\u00f1ol, el Magistrado Fernando Vald\u00e9s, que forma parte de este por la propuesta del PSOE. <a href=\"https:\/\/www.forumlibertas.com\/el-caso-del-juez-del-tribunal-constitucional-o-los-peligros-de-la-ley-contra-la-violencia-de-genero\/\" target=\"_blank\" rel=\"noopener noreferrer\">Leer m\u00e1s.<\/a><\/p>\n","protected":false},"excerpt":{"rendered":"<p>ForumLibertas.com Un extra\u00f1o caso se ha producido este mes de agosto que afecta nada menos que a un juez del m\u00e1s alto tribunal espa\u00f1ol, el Magistrado Fernando Vald\u00e9s, que forma parte de este por la propuesta del PSOE. Leer m\u00e1s.<\/p>\n","protected":false},"author":2,"featured_media":1175,"comment_status":"closed","ping_status":"closed","sticky":false,"template":"","format":"standard","meta":{"_jetpack_memberships_contains_paid_content":false,"footnotes":""},"categories":[34,39],"tags":[],"class_list":["post-1174","post","type-post","status-publish","format-standard","has-post-thumbnail","hentry","category-editorials-i-blogs-de-forumlibertas-es","category-portada_news-es"],"yoast_head":"<!-- This site is optimized with the Yoast SEO plugin v20.0 - https:\/\/yoast.com\/wordpress\/plugins\/seo\/ -->\n<title>El caso del juez del Tribunal Constitucional o los peligros de la ley contra la violencia de g\u00e9nero - e-Cristians<\/title>\n<meta name=\"robots\" content=\"noindex, nofollow\" \/>\n<meta property=\"og:locale\" content=\"es_ES\" \/>\n<meta property=\"og:type\" content=\"article\" \/>\n<meta property=\"og:title\" content=\"El caso del juez del Tribunal Constitucional o los peligros de la ley contra la violencia de g\u00e9nero - e-Cristians\" \/>\n<meta property=\"og:description\" content=\"ForumLibertas.com Un extra\u00f1o caso se ha producido este mes de agosto que afecta nada menos que a un juez del m\u00e1s alto tribunal espa\u00f1ol, el Magistrado Fernando Vald\u00e9s, que forma parte de este por la propuesta del PSOE. Leer m\u00e1s.\" \/>\n<meta property=\"og:url\" content=\"https:\/\/e-cristians.cat\/es\/el-caso-del-juez-del-tribunal-constitucional-o-los-peligros-de-la-ley-contra-la-violencia-de-genero\/\" \/>\n<meta property=\"og:site_name\" content=\"e-Cristians\" \/>\n<meta property=\"article:published_time\" content=\"2020-08-20T13:56:51+00:00\" \/>\n<meta property=\"article:modified_time\" content=\"2020-08-27T14:08:20+00:00\" \/>\n<meta property=\"og:image\" content=\"https:\/\/e-cristians.cat\/wp-content\/uploads\/2020\/08\/captura-1260-600x337-1.png\" \/>\n\t<meta property=\"og:image:width\" content=\"600\" \/>\n\t<meta property=\"og:image:height\" content=\"337\" \/>\n\t<meta property=\"og:image:type\" content=\"image\/png\" \/>\n<meta name=\"author\" content=\"e-Cristians\" \/>\n<meta name=\"twitter:card\" content=\"summary_large_image\" \/>\n<meta name=\"twitter:label1\" content=\"Escrito por\" \/>\n\t<meta name=\"twitter:data1\" content=\"e-Cristians\" \/>\n<script type=\"application\/ld+json\" class=\"yoast-schema-graph\">{\"@context\":\"https:\/\/schema.org\",\"@graph\":[{\"@type\":\"WebPage\",\"@id\":\"https:\/\/e-cristians.cat\/es\/el-caso-del-juez-del-tribunal-constitucional-o-los-peligros-de-la-ley-contra-la-violencia-de-genero\/\",\"url\":\"https:\/\/e-cristians.cat\/es\/el-caso-del-juez-del-tribunal-constitucional-o-los-peligros-de-la-ley-contra-la-violencia-de-genero\/\",\"name\":\"El caso del juez del Tribunal Constitucional o los peligros de la ley contra la violencia de g\u00e9nero - e-Cristians\",\"isPartOf\":{\"@id\":\"https:\/\/e-cristians.cat\/#website\"},\"datePublished\":\"2020-08-20T13:56:51+00:00\",\"dateModified\":\"2020-08-27T14:08:20+00:00\",\"author\":{\"@id\":\"https:\/\/e-cristians.cat\/#\/schema\/person\/f0ec475338e49aaef9c9dc9d9f162861\"},\"breadcrumb\":{\"@id\":\"https:\/\/e-cristians.cat\/es\/el-caso-del-juez-del-tribunal-constitucional-o-los-peligros-de-la-ley-contra-la-violencia-de-genero\/#breadcrumb\"},\"inLanguage\":\"es\",\"potentialAction\":[{\"@type\":\"ReadAction\",\"target\":[\"https:\/\/e-cristians.cat\/es\/el-caso-del-juez-del-tribunal-constitucional-o-los-peligros-de-la-ley-contra-la-violencia-de-genero\/\"]}]},{\"@type\":\"BreadcrumbList\",\"@id\":\"https:\/\/e-cristians.cat\/es\/el-caso-del-juez-del-tribunal-constitucional-o-los-peligros-de-la-ley-contra-la-violencia-de-genero\/#breadcrumb\",\"itemListElement\":[{\"@type\":\"ListItem\",\"position\":1,\"name\":\"Inici\",\"item\":\"https:\/\/e-cristians.cat\/es\/\"},{\"@type\":\"ListItem\",\"position\":2,\"name\":\"El caso del juez del Tribunal Constitucional o los peligros de la ley contra la violencia de g\u00e9nero\"}]},{\"@type\":\"WebSite\",\"@id\":\"https:\/\/e-cristians.cat\/#website\",\"url\":\"https:\/\/e-cristians.cat\/\",\"name\":\"e-Cristians\",\"description\":\"\",\"potentialAction\":[{\"@type\":\"SearchAction\",\"target\":{\"@type\":\"EntryPoint\",\"urlTemplate\":\"https:\/\/e-cristians.cat\/?s={search_term_string}\"},\"query-input\":\"required name=search_term_string\"}],\"inLanguage\":\"es\"},{\"@type\":\"Person\",\"@id\":\"https:\/\/e-cristians.cat\/#\/schema\/person\/f0ec475338e49aaef9c9dc9d9f162861\",\"name\":\"e-Cristians\",\"image\":{\"@type\":\"ImageObject\",\"inLanguage\":\"es\",\"@id\":\"https:\/\/e-cristians.cat\/#\/schema\/person\/image\/\",\"url\":\"https:\/\/secure.gravatar.com\/avatar\/14bc9e5b0ca69070f1075ad3efcb33c4?s=96&d=mm&r=g\",\"contentUrl\":\"https:\/\/secure.gravatar.com\/avatar\/14bc9e5b0ca69070f1075ad3efcb33c4?s=96&d=mm&r=g\",\"caption\":\"e-Cristians\"}}]}<\/script>\n<!-- \/ Yoast SEO plugin. -->","yoast_head_json":{"title":"El caso del juez del Tribunal Constitucional o los peligros de la ley contra la violencia de g\u00e9nero - e-Cristians","robots":{"index":"noindex","follow":"nofollow"},"og_locale":"es_ES","og_type":"article","og_title":"El caso del juez del Tribunal Constitucional o los peligros de la ley contra la violencia de g\u00e9nero - e-Cristians","og_description":"ForumLibertas.com Un extra\u00f1o caso se ha producido este mes de agosto que afecta nada menos que a un juez del m\u00e1s alto tribunal espa\u00f1ol, el Magistrado Fernando Vald\u00e9s, que forma parte de este por la propuesta del PSOE. Leer m\u00e1s.","og_url":"https:\/\/e-cristians.cat\/es\/el-caso-del-juez-del-tribunal-constitucional-o-los-peligros-de-la-ley-contra-la-violencia-de-genero\/","og_site_name":"e-Cristians","article_published_time":"2020-08-20T13:56:51+00:00","article_modified_time":"2020-08-27T14:08:20+00:00","og_image":[{"width":600,"height":337,"url":"https:\/\/e-cristians.cat\/wp-content\/uploads\/2020\/08\/captura-1260-600x337-1.png","type":"image\/png"}],"author":"e-Cristians","twitter_card":"summary_large_image","twitter_misc":{"Escrito por":"e-Cristians"},"schema":{"@context":"https:\/\/schema.org","@graph":[{"@type":"WebPage","@id":"https:\/\/e-cristians.cat\/es\/el-caso-del-juez-del-tribunal-constitucional-o-los-peligros-de-la-ley-contra-la-violencia-de-genero\/","url":"https:\/\/e-cristians.cat\/es\/el-caso-del-juez-del-tribunal-constitucional-o-los-peligros-de-la-ley-contra-la-violencia-de-genero\/","name":"El caso del juez del Tribunal Constitucional o los peligros de la ley contra la violencia de g\u00e9nero - e-Cristians","isPartOf":{"@id":"https:\/\/e-cristians.cat\/#website"},"datePublished":"2020-08-20T13:56:51+00:00","dateModified":"2020-08-27T14:08:20+00:00","author":{"@id":"https:\/\/e-cristians.cat\/#\/schema\/person\/f0ec475338e49aaef9c9dc9d9f162861"},"breadcrumb":{"@id":"https:\/\/e-cristians.cat\/es\/el-caso-del-juez-del-tribunal-constitucional-o-los-peligros-de-la-ley-contra-la-violencia-de-genero\/#breadcrumb"},"inLanguage":"es","potentialAction":[{"@type":"ReadAction","target":["https:\/\/e-cristians.cat\/es\/el-caso-del-juez-del-tribunal-constitucional-o-los-peligros-de-la-ley-contra-la-violencia-de-genero\/"]}]},{"@type":"BreadcrumbList","@id":"https:\/\/e-cristians.cat\/es\/el-caso-del-juez-del-tribunal-constitucional-o-los-peligros-de-la-ley-contra-la-violencia-de-genero\/#breadcrumb","itemListElement":[{"@type":"ListItem","position":1,"name":"Inici","item":"https:\/\/e-cristians.cat\/es\/"},{"@type":"ListItem","position":2,"name":"El caso del juez del Tribunal Constitucional o los peligros de la ley contra la violencia de g\u00e9nero"}]},{"@type":"WebSite","@id":"https:\/\/e-cristians.cat\/#website","url":"https:\/\/e-cristians.cat\/","name":"e-Cristians","description":"","potentialAction":[{"@type":"SearchAction","target":{"@type":"EntryPoint","urlTemplate":"https:\/\/e-cristians.cat\/?s={search_term_string}"},"query-input":"required name=search_term_string"}],"inLanguage":"es"},{"@type":"Person","@id":"https:\/\/e-cristians.cat\/#\/schema\/person\/f0ec475338e49aaef9c9dc9d9f162861","name":"e-Cristians","image":{"@type":"ImageObject","inLanguage":"es","@id":"https:\/\/e-cristians.cat\/#\/schema\/person\/image\/","url":"https:\/\/secure.gravatar.com\/avatar\/14bc9e5b0ca69070f1075ad3efcb33c4?s=96&d=mm&r=g","contentUrl":"https:\/\/secure.gravatar.com\/avatar\/14bc9e5b0ca69070f1075ad3efcb33c4?s=96&d=mm&r=g","caption":"e-Cristians"}}]}},"jetpack_sharing_enabled":true,"jetpack_featured_media_url":"https:\/\/e-cristians.cat\/wp-content\/uploads\/2020\/08\/captura-1260-600x337-1.png","_links":{"self":[{"href":"https:\/\/e-cristians.cat\/es\/wp-json\/wp\/v2\/posts\/1174"}],"collection":[{"href":"https:\/\/e-cristians.cat\/es\/wp-json\/wp\/v2\/posts"}],"about":[{"href":"https:\/\/e-cristians.cat\/es\/wp-json\/wp\/v2\/types\/post"}],"author":[{"embeddable":true,"href":"https:\/\/e-cristians.cat\/es\/wp-json\/wp\/v2\/users\/2"}],"replies":[{"embeddable":true,"href":"https:\/\/e-cristians.cat\/es\/wp-json\/wp\/v2\/comments?post=1174"}],"version-history":[{"count":1,"href":"https:\/\/e-cristians.cat\/es\/wp-json\/wp\/v2\/posts\/1174\/revisions"}],"predecessor-version":[{"id":1177,"href":"https:\/\/e-cristians.cat\/es\/wp-json\/wp\/v2\/posts\/1174\/revisions\/1177"}],"wp:featuredmedia":[{"embeddable":true,"href":"https:\/\/e-cristians.cat\/es\/wp-json\/wp\/v2\/media\/1175"}],"wp:attachment":[{"href":"https:\/\/e-cristians.cat\/es\/wp-json\/wp\/v2\/media?parent=1174"}],"wp:term":[{"taxonomy":"category","embeddable":true,"href":"https:\/\/e-cristians.cat\/es\/wp-json\/wp\/v2\/categories?post=1174"},{"taxonomy":"post_tag","embeddable":true,"href":"https:\/\/e-cristians.cat\/es\/wp-json\/wp\/v2\/tags?post=1174"}],"curies":[{"name":"wp","href":"https:\/\/api.w.org\/{rel}","templated":true}]}}