{"id":117833,"date":"2023-07-06T17:30:12","date_gmt":"2023-07-06T15:30:12","guid":{"rendered":"https:\/\/e-cristians.cat\/?p=117833"},"modified":"2023-07-14T12:28:28","modified_gmt":"2023-07-14T10:28:28","slug":"carta-semanal-de-josep-miro-un-curso-bien-aprovechado-nuevos-retos-para-el-curso-que-comienza","status":"publish","type":"post","link":"https:\/\/e-cristians.cat\/es\/carta-semanal-de-josep-miro-un-curso-bien-aprovechado-nuevos-retos-para-el-curso-que-comienza\/","title":{"rendered":"Un curso bien aprovechado, nuevos retos para el curso que comienza"},"content":{"rendered":"<p>Apreciado amigo\/Apreciada amiga de e-Cristians:<\/p>\n<p>Estamos terminando el curso y es necesario afrontar nuevos retos. El segundo semestre del a\u00f1o ha sido particularmente fruct\u00edfero. Dos actuaciones, basadas en textos, han marcado este per\u00edodo que comenz\u00f3 en el mes de enero.<\/p>\n<p>Una ha sido toda la <a href=\"https:\/\/e-cristians.cat\/es\/declaracion-de-e-cristians-sobre-el-cac-y-el-programa-esta-passant-de-toni-soler-en-tv3-del-4-de-abril-dedicado-a-la-virgen-del-rocio\/\" target=\"_blank\" rel=\"noopener\"><strong>argumentaci\u00f3n<\/strong><\/a> de ocultaci\u00f3n de datos poniendo en evidencia el car\u00e1cter sectario de <strong>TV3 y del propio CAC<\/strong> con la forma de abordar el programa de <strong>Toni Soler \u201cEst\u00e0 passant\u201d haciendo mofa de la Virgen del Roc\u00edo<\/strong>. El hecho de que no apliquen los criterios que tienen establecidos desde el 2002, o que reaccionen de forma distinta si la parte ofendida es el PSC, la reina o somos los cat\u00f3licos, han sido puestos en evidencia.<\/p>\n<p>El <a href=\"https:\/\/e-cristians.cat\/es\/declaracion-e-cristians-politicas-gobierno-sanchez-proclamamos-evidencia-hechos\/\" target=\"_blank\" rel=\"noopener\"><strong>otro documento es m\u00e1s reciente<\/strong><\/a> y es el texto en el que se <strong>valora la pol\u00edtica del gobierno S\u00e1nchez desde la perspectiva de la DSE<\/strong>. Por cierto, el pasado d\u00eda 4 se llev\u00f3 a cabo la presentaci\u00f3n del documento con una Ponencia-Coloquio por Zoom a la que asistieron del orden de medio centenar de personas.<\/p>\n<p>Desde el punto de vista de la acci\u00f3n, debe se\u00f1alarse un hecho que marca un salto adelante.<\/p>\n<p>Fue la <a href=\"https:\/\/e-cristians.cat\/es\/ya-estan-disponibles-todos-los-videos-de-la-ii-asamblea-cristiana\/\" target=\"_blank\" rel=\"noopener\"><strong>II Asamblea Cristiana<\/strong><\/a> en marzo que despert\u00f3 un gran inter\u00e9s y registr\u00f3 una participaci\u00f3n a\u00fan m\u00e1s alta que la anterior. Una consecuencia de esta asamblea, que no deja de ser un escaparate de iniciativa, es el inicio de un nuevo impulso con el nombre provisional de la <a href=\"https:\/\/e-cristians.cat\/es\/ya-estan-disponibles-todos-los-videos-de-la-ii-asamblea-cristiana\/\" target=\"_blank\" rel=\"noopener\"><strong>Corriente Social Cristiana<\/strong><\/a>, que ha empezado caminar con grupos de trabajo que re\u00fanen a m\u00e1s de 40 personas y con un entorno que participa de cerca del centenar. Hay que ver el alcance y la significaci\u00f3n, pero el inicio es realmente muy bueno y genera un horizonte de ilusi\u00f3n porque puede convertirse en la respuesta que los cristianos necesitamos para una eficaz presencia efectiva en el espacio p\u00fablico-pol\u00edtico.<\/p>\n<p>Ahora, en lo que falta hasta las elecciones generales, la principal acci\u00f3n es <strong>difundir al m\u00e1ximo el documento de valoraci\u00f3n del gobierno espa\u00f1ol<\/strong>.<\/p>\n<p><strong>Pasadas las vacaciones<\/strong>, y sin prejuzgar que como siempre se presentan nuevos eventos, unas referencias aparecen claras:<\/p>\n<p>Unas son de car\u00e1cter interno, la preceptiva celebraci\u00f3n de la <strong>Asamblea ordinaria de e-Cristians<\/strong> con la renovaci\u00f3n de cargos, la reforma de los estatutos y la fijaci\u00f3n de un nuevo horizonte para e-Cristians. Tambi\u00e9n la necesidad de llevar a cabo, de una vez por todas, la renovaci\u00f3n de la presidencia.<\/p>\n<p>Otra acci\u00f3n a la que hay que apoyar intensamente es la ya mencionada de la <strong>Corriente<\/strong> que en principio tiene previsto realizar un <strong>gran acto de presentaci\u00f3n<\/strong> a finales de noviembre o principios de diciembre.<\/p>\n<p>Tambi\u00e9n debemos preparar la <strong>participaci\u00f3n en el proyecto diocesano Inspira<\/strong> que se llevar\u00e1 a cabo en Barcelona los d\u00edas 17 y 18 de noviembre.<\/p>\n<p>Estos son algunos de los hitos previsibles. Y como siempre debemos estar en condiciones de asumir lo que la iniciativa cultural, social y pol\u00edtica nos ofrezca.<\/p>\n<p><strong>Todo esto lo hemos podido hacer<\/strong>, y todav\u00eda lo podremos hacer m\u00e1s, <strong>con vuestra ayuda<\/strong>. Si esta no existe, e-Cristians no puede actuar porque solo dependemos de nuestras propias fuerzas. Por tanto, en este final de curso que todav\u00eda tiene que durar unas semanas, <strong>os pido dos iniciativas<\/strong>:<\/p>\n<ul>\n<li>Una que <strong>divulgu\u00e9is<\/strong> el mencionado documento <a href=\"https:\/\/e-cristians.cat\/es\/declaracion-e-cristians-politicas-gobierno-sanchez-proclamamos-evidencia-hechos\/\" target=\"_blank\" rel=\"noopener\"><em><strong>\u201cAnte las pol\u00edticas del gobierno S\u00e1nchez, proclamamos la evidencia de los hechos\u201d<\/strong><\/em><\/a>.<\/li>\n<li>La otra, que d\u00e9is un empuj\u00f3n y <strong>difund\u00e1is la buena nueva de e-Cristians<\/strong> a otras personas para que <a href=\"https:\/\/e-cristians.cat\/es\/hazte-socio\/\" target=\"_blank\" rel=\"noopener\"><strong>se asocien<\/strong><\/a> a nuestra iniciativa.<\/li>\n<\/ul>\n<p>\u00a1Paz i bien!<\/p>\n<p><a href=\"https:\/\/twitter.com\/jmiroardevol\" target=\"_blank\" rel=\"noopener\">@jmiroardevol<\/a><\/p>\n","protected":false},"excerpt":{"rendered":"<p>Apreciado amigo\/Apreciada amiga de e-Cristians: Estamos terminando el curso y es necesario afrontar nuevos retos. El segundo semestre del a\u00f1o ha sido particularmente fruct\u00edfero. Dos actuaciones, basadas en textos, han marcado este per\u00edodo que comenz\u00f3 en el mes de enero. Una ha sido toda la argumentaci\u00f3n de ocultaci\u00f3n de datos poniendo en evidencia el car\u00e1cter&#8230;<\/p>\n","protected":false},"author":2,"featured_media":117829,"comment_status":"closed","ping_status":"closed","sticky":false,"template":"","format":"standard","meta":{"_jetpack_memberships_contains_paid_content":false,"footnotes":""},"categories":[29],"tags":[],"class_list":["post-117833","post","type-post","status-publish","format-standard","has-post-thumbnail","hentry","category-carta-setmanal-de-josep-miro-i-ardevol-es"],"yoast_head":"<!-- This site is optimized with the Yoast SEO plugin v20.0 - https:\/\/yoast.com\/wordpress\/plugins\/seo\/ -->\n<title>Carta Semanal: nuevos retos para el curso que comienza<\/title>\n<meta name=\"description\" content=\"Estamos terminando el curso y es necesario afrontar nuevos retos. El segundo semestre del a\u00f1o ha sido particularmente fruct\u00edfero\" \/>\n<meta name=\"robots\" content=\"index, follow, max-snippet:-1, max-image-preview:large, max-video-preview:-1\" \/>\n<link rel=\"canonical\" href=\"https:\/\/e-cristians.cat\/es\/carta-semanal-de-josep-miro-un-curso-bien-aprovechado-nuevos-retos-para-el-curso-que-comienza\/\" \/>\n<meta property=\"og:locale\" content=\"es_ES\" \/>\n<meta property=\"og:type\" content=\"article\" \/>\n<meta property=\"og:title\" content=\"Carta Semanal: nuevos retos para el curso que comienza\" \/>\n<meta property=\"og:description\" content=\"Estamos terminando el curso y es necesario afrontar nuevos retos. El segundo semestre del a\u00f1o ha sido particularmente fruct\u00edfero\" \/>\n<meta property=\"og:url\" content=\"https:\/\/e-cristians.cat\/es\/carta-semanal-de-josep-miro-un-curso-bien-aprovechado-nuevos-retos-para-el-curso-que-comienza\/\" \/>\n<meta property=\"og:site_name\" content=\"e-Cristians\" \/>\n<meta property=\"article:published_time\" content=\"2023-07-06T15:30:12+00:00\" \/>\n<meta property=\"article:modified_time\" content=\"2023-07-14T10:28:28+00:00\" \/>\n<meta property=\"og:image\" content=\"https:\/\/e-cristians.cat\/wp-content\/uploads\/2023\/07\/36111096_s.jpg\" \/>\n\t<meta property=\"og:image:width\" content=\"799\" \/>\n\t<meta property=\"og:image:height\" content=\"599\" \/>\n\t<meta property=\"og:image:type\" content=\"image\/jpeg\" \/>\n<meta name=\"author\" content=\"e-Cristians\" \/>\n<meta name=\"twitter:card\" content=\"summary_large_image\" \/>\n<meta name=\"twitter:label1\" content=\"Escrito por\" \/>\n\t<meta name=\"twitter:data1\" content=\"e-Cristians\" \/>\n\t<meta name=\"twitter:label2\" content=\"Tiempo de lectura\" \/>\n\t<meta name=\"twitter:data2\" content=\"4 minutos\" \/>\n<script type=\"application\/ld+json\" class=\"yoast-schema-graph\">{\"@context\":\"https:\/\/schema.org\",\"@graph\":[{\"@type\":\"WebPage\",\"@id\":\"https:\/\/e-cristians.cat\/es\/carta-semanal-de-josep-miro-un-curso-bien-aprovechado-nuevos-retos-para-el-curso-que-comienza\/\",\"url\":\"https:\/\/e-cristians.cat\/es\/carta-semanal-de-josep-miro-un-curso-bien-aprovechado-nuevos-retos-para-el-curso-que-comienza\/\",\"name\":\"Carta Semanal: nuevos retos para el curso que comienza\",\"isPartOf\":{\"@id\":\"https:\/\/e-cristians.cat\/#website\"},\"datePublished\":\"2023-07-06T15:30:12+00:00\",\"dateModified\":\"2023-07-14T10:28:28+00:00\",\"author\":{\"@id\":\"https:\/\/e-cristians.cat\/#\/schema\/person\/f0ec475338e49aaef9c9dc9d9f162861\"},\"description\":\"Estamos terminando el curso y es necesario afrontar nuevos retos. El segundo semestre del a\u00f1o ha sido particularmente fruct\u00edfero\",\"breadcrumb\":{\"@id\":\"https:\/\/e-cristians.cat\/es\/carta-semanal-de-josep-miro-un-curso-bien-aprovechado-nuevos-retos-para-el-curso-que-comienza\/#breadcrumb\"},\"inLanguage\":\"es\",\"potentialAction\":[{\"@type\":\"ReadAction\",\"target\":[\"https:\/\/e-cristians.cat\/es\/carta-semanal-de-josep-miro-un-curso-bien-aprovechado-nuevos-retos-para-el-curso-que-comienza\/\"]}]},{\"@type\":\"BreadcrumbList\",\"@id\":\"https:\/\/e-cristians.cat\/es\/carta-semanal-de-josep-miro-un-curso-bien-aprovechado-nuevos-retos-para-el-curso-que-comienza\/#breadcrumb\",\"itemListElement\":[{\"@type\":\"ListItem\",\"position\":1,\"name\":\"Inici\",\"item\":\"https:\/\/e-cristians.cat\/es\/\"},{\"@type\":\"ListItem\",\"position\":2,\"name\":\"Un curso bien aprovechado, nuevos retos para el curso que comienza\"}]},{\"@type\":\"WebSite\",\"@id\":\"https:\/\/e-cristians.cat\/#website\",\"url\":\"https:\/\/e-cristians.cat\/\",\"name\":\"e-Cristians\",\"description\":\"\",\"potentialAction\":[{\"@type\":\"SearchAction\",\"target\":{\"@type\":\"EntryPoint\",\"urlTemplate\":\"https:\/\/e-cristians.cat\/?s={search_term_string}\"},\"query-input\":\"required name=search_term_string\"}],\"inLanguage\":\"es\"},{\"@type\":\"Person\",\"@id\":\"https:\/\/e-cristians.cat\/#\/schema\/person\/f0ec475338e49aaef9c9dc9d9f162861\",\"name\":\"e-Cristians\",\"image\":{\"@type\":\"ImageObject\",\"inLanguage\":\"es\",\"@id\":\"https:\/\/e-cristians.cat\/#\/schema\/person\/image\/\",\"url\":\"https:\/\/secure.gravatar.com\/avatar\/14bc9e5b0ca69070f1075ad3efcb33c4?s=96&d=mm&r=g\",\"contentUrl\":\"https:\/\/secure.gravatar.com\/avatar\/14bc9e5b0ca69070f1075ad3efcb33c4?s=96&d=mm&r=g\",\"caption\":\"e-Cristians\"}}]}<\/script>\n<!-- \/ Yoast SEO plugin. -->","yoast_head_json":{"title":"Carta Semanal: nuevos retos para el curso que comienza","description":"Estamos terminando el curso y es necesario afrontar nuevos retos. El segundo semestre del a\u00f1o ha sido particularmente fruct\u00edfero","robots":{"index":"index","follow":"follow","max-snippet":"max-snippet:-1","max-image-preview":"max-image-preview:large","max-video-preview":"max-video-preview:-1"},"canonical":"https:\/\/e-cristians.cat\/es\/carta-semanal-de-josep-miro-un-curso-bien-aprovechado-nuevos-retos-para-el-curso-que-comienza\/","og_locale":"es_ES","og_type":"article","og_title":"Carta Semanal: nuevos retos para el curso que comienza","og_description":"Estamos terminando el curso y es necesario afrontar nuevos retos. El segundo semestre del a\u00f1o ha sido particularmente fruct\u00edfero","og_url":"https:\/\/e-cristians.cat\/es\/carta-semanal-de-josep-miro-un-curso-bien-aprovechado-nuevos-retos-para-el-curso-que-comienza\/","og_site_name":"e-Cristians","article_published_time":"2023-07-06T15:30:12+00:00","article_modified_time":"2023-07-14T10:28:28+00:00","og_image":[{"width":799,"height":599,"url":"https:\/\/e-cristians.cat\/wp-content\/uploads\/2023\/07\/36111096_s.jpg","type":"image\/jpeg"}],"author":"e-Cristians","twitter_card":"summary_large_image","twitter_misc":{"Escrito por":"e-Cristians","Tiempo de lectura":"4 minutos"},"schema":{"@context":"https:\/\/schema.org","@graph":[{"@type":"WebPage","@id":"https:\/\/e-cristians.cat\/es\/carta-semanal-de-josep-miro-un-curso-bien-aprovechado-nuevos-retos-para-el-curso-que-comienza\/","url":"https:\/\/e-cristians.cat\/es\/carta-semanal-de-josep-miro-un-curso-bien-aprovechado-nuevos-retos-para-el-curso-que-comienza\/","name":"Carta Semanal: nuevos retos para el curso que comienza","isPartOf":{"@id":"https:\/\/e-cristians.cat\/#website"},"datePublished":"2023-07-06T15:30:12+00:00","dateModified":"2023-07-14T10:28:28+00:00","author":{"@id":"https:\/\/e-cristians.cat\/#\/schema\/person\/f0ec475338e49aaef9c9dc9d9f162861"},"description":"Estamos terminando el curso y es necesario afrontar nuevos retos. El segundo semestre del a\u00f1o ha sido particularmente fruct\u00edfero","breadcrumb":{"@id":"https:\/\/e-cristians.cat\/es\/carta-semanal-de-josep-miro-un-curso-bien-aprovechado-nuevos-retos-para-el-curso-que-comienza\/#breadcrumb"},"inLanguage":"es","potentialAction":[{"@type":"ReadAction","target":["https:\/\/e-cristians.cat\/es\/carta-semanal-de-josep-miro-un-curso-bien-aprovechado-nuevos-retos-para-el-curso-que-comienza\/"]}]},{"@type":"BreadcrumbList","@id":"https:\/\/e-cristians.cat\/es\/carta-semanal-de-josep-miro-un-curso-bien-aprovechado-nuevos-retos-para-el-curso-que-comienza\/#breadcrumb","itemListElement":[{"@type":"ListItem","position":1,"name":"Inici","item":"https:\/\/e-cristians.cat\/es\/"},{"@type":"ListItem","position":2,"name":"Un curso bien aprovechado, nuevos retos para el curso que comienza"}]},{"@type":"WebSite","@id":"https:\/\/e-cristians.cat\/#website","url":"https:\/\/e-cristians.cat\/","name":"e-Cristians","description":"","potentialAction":[{"@type":"SearchAction","target":{"@type":"EntryPoint","urlTemplate":"https:\/\/e-cristians.cat\/?s={search_term_string}"},"query-input":"required name=search_term_string"}],"inLanguage":"es"},{"@type":"Person","@id":"https:\/\/e-cristians.cat\/#\/schema\/person\/f0ec475338e49aaef9c9dc9d9f162861","name":"e-Cristians","image":{"@type":"ImageObject","inLanguage":"es","@id":"https:\/\/e-cristians.cat\/#\/schema\/person\/image\/","url":"https:\/\/secure.gravatar.com\/avatar\/14bc9e5b0ca69070f1075ad3efcb33c4?s=96&d=mm&r=g","contentUrl":"https:\/\/secure.gravatar.com\/avatar\/14bc9e5b0ca69070f1075ad3efcb33c4?s=96&d=mm&r=g","caption":"e-Cristians"}}]}},"jetpack_sharing_enabled":true,"jetpack_featured_media_url":"https:\/\/e-cristians.cat\/wp-content\/uploads\/2023\/07\/36111096_s.jpg","_links":{"self":[{"href":"https:\/\/e-cristians.cat\/es\/wp-json\/wp\/v2\/posts\/117833"}],"collection":[{"href":"https:\/\/e-cristians.cat\/es\/wp-json\/wp\/v2\/posts"}],"about":[{"href":"https:\/\/e-cristians.cat\/es\/wp-json\/wp\/v2\/types\/post"}],"author":[{"embeddable":true,"href":"https:\/\/e-cristians.cat\/es\/wp-json\/wp\/v2\/users\/2"}],"replies":[{"embeddable":true,"href":"https:\/\/e-cristians.cat\/es\/wp-json\/wp\/v2\/comments?post=117833"}],"version-history":[{"count":4,"href":"https:\/\/e-cristians.cat\/es\/wp-json\/wp\/v2\/posts\/117833\/revisions"}],"predecessor-version":[{"id":119394,"href":"https:\/\/e-cristians.cat\/es\/wp-json\/wp\/v2\/posts\/117833\/revisions\/119394"}],"wp:featuredmedia":[{"embeddable":true,"href":"https:\/\/e-cristians.cat\/es\/wp-json\/wp\/v2\/media\/117829"}],"wp:attachment":[{"href":"https:\/\/e-cristians.cat\/es\/wp-json\/wp\/v2\/media?parent=117833"}],"wp:term":[{"taxonomy":"category","embeddable":true,"href":"https:\/\/e-cristians.cat\/es\/wp-json\/wp\/v2\/categories?post=117833"},{"taxonomy":"post_tag","embeddable":true,"href":"https:\/\/e-cristians.cat\/es\/wp-json\/wp\/v2\/tags?post=117833"}],"curies":[{"name":"wp","href":"https:\/\/api.w.org\/{rel}","templated":true}]}}