{"id":11950,"date":"2021-07-16T11:40:23","date_gmt":"2021-07-16T09:40:23","guid":{"rendered":"https:\/\/e-cristians.cat\/?p=11950"},"modified":"2021-07-16T11:40:23","modified_gmt":"2021-07-16T09:40:23","slug":"ahora-comienza-la-construccion-de-la-alternativa-cultural-cristina-en-forumlibertas","status":"publish","type":"post","link":"https:\/\/e-cristians.cat\/es\/ahora-comienza-la-construccion-de-la-alternativa-cultural-cristina-en-forumlibertas\/","title":{"rendered":"Ahora comienza la Construcci\u00f3n de la Alternativa Cultural Cristina en ForumLibertas"},"content":{"rendered":"<p><em>ForumLibertas.com<\/em><\/p>\n<p>Como se dijo en la I Asamblea virtual de ForumLibertas, el 13 de julio, sobre la\u00a0<strong>Alternativa Cultural Cristiana<\/strong>, la tarea empieza el d\u00eda siguiente. En ello estamos.<\/p>\n<p>El encuentro era una gran inc\u00f3gnita que result\u00f3 un \u00e9xito. Lo era, porque reun\u00eda a personas que en su inmensa mayor\u00eda se desconoc\u00edan, y su \u00fanico v\u00ednculo era\u00a0<a href=\"https:\/\/forumlibertas.com\/\">ForumLibertas<\/a>\u00a0y su inter\u00e9s por la\u00a0<strong>Alternativa Cultural Cristiana<\/strong>\u00a0(ACC), si bien como subray\u00f3 el editor Josep Mir\u00f3 i Ard\u00e8vol \u201c<em>sobre todo lo que nos une es el seguimiento de Jesucristo Dios vivo y Se\u00f1or del tiempo y de la historia<\/em>.\u201d <a href=\"https:\/\/www.forumlibertas.com\/ahora-comienza-la-construccion-de-la-alternativa-cultural-cristina-en-forumlibertas\/\" target=\"_blank\" rel=\"noopener\">Leer m\u00e1s.<\/a><\/p>\n","protected":false},"excerpt":{"rendered":"<p>ForumLibertas.com Como se dijo en la I Asamblea virtual de ForumLibertas, el 13 de julio, sobre la\u00a0Alternativa Cultural Cristiana, la tarea empieza el d\u00eda siguiente. En ello estamos. El encuentro era una gran inc\u00f3gnita que result\u00f3 un \u00e9xito. Lo era, porque reun\u00eda a personas que en su inmensa mayor\u00eda se desconoc\u00edan, y su \u00fanico v\u00ednculo&#8230;<\/p>\n","protected":false},"author":2,"featured_media":11951,"comment_status":"closed","ping_status":"closed","sticky":false,"template":"","format":"standard","meta":{"_jetpack_memberships_contains_paid_content":false,"footnotes":""},"categories":[34,39],"tags":[],"class_list":["post-11950","post","type-post","status-publish","format-standard","has-post-thumbnail","hentry","category-editorials-i-blogs-de-forumlibertas-es","category-portada_news-es"],"yoast_head":"<!-- This site is optimized with the Yoast SEO plugin v20.0 - https:\/\/yoast.com\/wordpress\/plugins\/seo\/ -->\n<title>Ahora comienza la Construcci\u00f3n de la Alternativa Cultural Cristina en ForumLibertas - e-Cristians<\/title>\n<meta name=\"robots\" content=\"noindex, nofollow\" \/>\n<meta property=\"og:locale\" content=\"es_ES\" \/>\n<meta property=\"og:type\" content=\"article\" \/>\n<meta property=\"og:title\" content=\"Ahora comienza la Construcci\u00f3n de la Alternativa Cultural Cristina en ForumLibertas - e-Cristians\" \/>\n<meta property=\"og:description\" content=\"ForumLibertas.com Como se dijo en la I Asamblea virtual de ForumLibertas, el 13 de julio, sobre la\u00a0Alternativa Cultural Cristiana, la tarea empieza el d\u00eda siguiente. En ello estamos. El encuentro era una gran inc\u00f3gnita que result\u00f3 un \u00e9xito. Lo era, porque reun\u00eda a personas que en su inmensa mayor\u00eda se desconoc\u00edan, y su \u00fanico v\u00ednculo...\" \/>\n<meta property=\"og:url\" content=\"https:\/\/e-cristians.cat\/es\/ahora-comienza-la-construccion-de-la-alternativa-cultural-cristina-en-forumlibertas\/\" \/>\n<meta property=\"og:site_name\" content=\"e-Cristians\" \/>\n<meta property=\"article:published_time\" content=\"2021-07-16T09:40:23+00:00\" \/>\n<meta property=\"og:image\" content=\"https:\/\/e-cristians.cat\/wp-content\/uploads\/2021\/07\/crucifijo-europa-644x362-1-600x337-1.jpg\" \/>\n\t<meta property=\"og:image:width\" content=\"600\" \/>\n\t<meta property=\"og:image:height\" content=\"337\" \/>\n\t<meta property=\"og:image:type\" content=\"image\/jpeg\" \/>\n<meta name=\"author\" content=\"e-Cristians\" \/>\n<meta name=\"twitter:card\" content=\"summary_large_image\" \/>\n<meta name=\"twitter:label1\" content=\"Escrito por\" \/>\n\t<meta name=\"twitter:data1\" content=\"e-Cristians\" \/>\n\t<meta name=\"twitter:label2\" content=\"Tiempo de lectura\" \/>\n\t<meta name=\"twitter:data2\" content=\"1 minuto\" \/>\n<script type=\"application\/ld+json\" class=\"yoast-schema-graph\">{\"@context\":\"https:\/\/schema.org\",\"@graph\":[{\"@type\":\"WebPage\",\"@id\":\"https:\/\/e-cristians.cat\/es\/ahora-comienza-la-construccion-de-la-alternativa-cultural-cristina-en-forumlibertas\/\",\"url\":\"https:\/\/e-cristians.cat\/es\/ahora-comienza-la-construccion-de-la-alternativa-cultural-cristina-en-forumlibertas\/\",\"name\":\"Ahora comienza la Construcci\u00f3n de la Alternativa Cultural Cristina en ForumLibertas - e-Cristians\",\"isPartOf\":{\"@id\":\"https:\/\/e-cristians.cat\/#website\"},\"datePublished\":\"2021-07-16T09:40:23+00:00\",\"dateModified\":\"2021-07-16T09:40:23+00:00\",\"author\":{\"@id\":\"https:\/\/e-cristians.cat\/#\/schema\/person\/f0ec475338e49aaef9c9dc9d9f162861\"},\"breadcrumb\":{\"@id\":\"https:\/\/e-cristians.cat\/es\/ahora-comienza-la-construccion-de-la-alternativa-cultural-cristina-en-forumlibertas\/#breadcrumb\"},\"inLanguage\":\"es\",\"potentialAction\":[{\"@type\":\"ReadAction\",\"target\":[\"https:\/\/e-cristians.cat\/es\/ahora-comienza-la-construccion-de-la-alternativa-cultural-cristina-en-forumlibertas\/\"]}]},{\"@type\":\"BreadcrumbList\",\"@id\":\"https:\/\/e-cristians.cat\/es\/ahora-comienza-la-construccion-de-la-alternativa-cultural-cristina-en-forumlibertas\/#breadcrumb\",\"itemListElement\":[{\"@type\":\"ListItem\",\"position\":1,\"name\":\"Inici\",\"item\":\"https:\/\/e-cristians.cat\/es\/\"},{\"@type\":\"ListItem\",\"position\":2,\"name\":\"Ahora comienza la Construcci\u00f3n de la Alternativa Cultural Cristina en ForumLibertas\"}]},{\"@type\":\"WebSite\",\"@id\":\"https:\/\/e-cristians.cat\/#website\",\"url\":\"https:\/\/e-cristians.cat\/\",\"name\":\"e-Cristians\",\"description\":\"\",\"potentialAction\":[{\"@type\":\"SearchAction\",\"target\":{\"@type\":\"EntryPoint\",\"urlTemplate\":\"https:\/\/e-cristians.cat\/?s={search_term_string}\"},\"query-input\":\"required name=search_term_string\"}],\"inLanguage\":\"es\"},{\"@type\":\"Person\",\"@id\":\"https:\/\/e-cristians.cat\/#\/schema\/person\/f0ec475338e49aaef9c9dc9d9f162861\",\"name\":\"e-Cristians\",\"image\":{\"@type\":\"ImageObject\",\"inLanguage\":\"es\",\"@id\":\"https:\/\/e-cristians.cat\/#\/schema\/person\/image\/\",\"url\":\"https:\/\/secure.gravatar.com\/avatar\/14bc9e5b0ca69070f1075ad3efcb33c4?s=96&d=mm&r=g\",\"contentUrl\":\"https:\/\/secure.gravatar.com\/avatar\/14bc9e5b0ca69070f1075ad3efcb33c4?s=96&d=mm&r=g\",\"caption\":\"e-Cristians\"}}]}<\/script>\n<!-- \/ Yoast SEO plugin. -->","yoast_head_json":{"title":"Ahora comienza la Construcci\u00f3n de la Alternativa Cultural Cristina en ForumLibertas - e-Cristians","robots":{"index":"noindex","follow":"nofollow"},"og_locale":"es_ES","og_type":"article","og_title":"Ahora comienza la Construcci\u00f3n de la Alternativa Cultural Cristina en ForumLibertas - e-Cristians","og_description":"ForumLibertas.com Como se dijo en la I Asamblea virtual de ForumLibertas, el 13 de julio, sobre la\u00a0Alternativa Cultural Cristiana, la tarea empieza el d\u00eda siguiente. En ello estamos. El encuentro era una gran inc\u00f3gnita que result\u00f3 un \u00e9xito. Lo era, porque reun\u00eda a personas que en su inmensa mayor\u00eda se desconoc\u00edan, y su \u00fanico v\u00ednculo...","og_url":"https:\/\/e-cristians.cat\/es\/ahora-comienza-la-construccion-de-la-alternativa-cultural-cristina-en-forumlibertas\/","og_site_name":"e-Cristians","article_published_time":"2021-07-16T09:40:23+00:00","og_image":[{"width":600,"height":337,"url":"https:\/\/e-cristians.cat\/wp-content\/uploads\/2021\/07\/crucifijo-europa-644x362-1-600x337-1.jpg","type":"image\/jpeg"}],"author":"e-Cristians","twitter_card":"summary_large_image","twitter_misc":{"Escrito por":"e-Cristians","Tiempo de lectura":"1 minuto"},"schema":{"@context":"https:\/\/schema.org","@graph":[{"@type":"WebPage","@id":"https:\/\/e-cristians.cat\/es\/ahora-comienza-la-construccion-de-la-alternativa-cultural-cristina-en-forumlibertas\/","url":"https:\/\/e-cristians.cat\/es\/ahora-comienza-la-construccion-de-la-alternativa-cultural-cristina-en-forumlibertas\/","name":"Ahora comienza la Construcci\u00f3n de la Alternativa Cultural Cristina en ForumLibertas - e-Cristians","isPartOf":{"@id":"https:\/\/e-cristians.cat\/#website"},"datePublished":"2021-07-16T09:40:23+00:00","dateModified":"2021-07-16T09:40:23+00:00","author":{"@id":"https:\/\/e-cristians.cat\/#\/schema\/person\/f0ec475338e49aaef9c9dc9d9f162861"},"breadcrumb":{"@id":"https:\/\/e-cristians.cat\/es\/ahora-comienza-la-construccion-de-la-alternativa-cultural-cristina-en-forumlibertas\/#breadcrumb"},"inLanguage":"es","potentialAction":[{"@type":"ReadAction","target":["https:\/\/e-cristians.cat\/es\/ahora-comienza-la-construccion-de-la-alternativa-cultural-cristina-en-forumlibertas\/"]}]},{"@type":"BreadcrumbList","@id":"https:\/\/e-cristians.cat\/es\/ahora-comienza-la-construccion-de-la-alternativa-cultural-cristina-en-forumlibertas\/#breadcrumb","itemListElement":[{"@type":"ListItem","position":1,"name":"Inici","item":"https:\/\/e-cristians.cat\/es\/"},{"@type":"ListItem","position":2,"name":"Ahora comienza la Construcci\u00f3n de la Alternativa Cultural Cristina en ForumLibertas"}]},{"@type":"WebSite","@id":"https:\/\/e-cristians.cat\/#website","url":"https:\/\/e-cristians.cat\/","name":"e-Cristians","description":"","potentialAction":[{"@type":"SearchAction","target":{"@type":"EntryPoint","urlTemplate":"https:\/\/e-cristians.cat\/?s={search_term_string}"},"query-input":"required name=search_term_string"}],"inLanguage":"es"},{"@type":"Person","@id":"https:\/\/e-cristians.cat\/#\/schema\/person\/f0ec475338e49aaef9c9dc9d9f162861","name":"e-Cristians","image":{"@type":"ImageObject","inLanguage":"es","@id":"https:\/\/e-cristians.cat\/#\/schema\/person\/image\/","url":"https:\/\/secure.gravatar.com\/avatar\/14bc9e5b0ca69070f1075ad3efcb33c4?s=96&d=mm&r=g","contentUrl":"https:\/\/secure.gravatar.com\/avatar\/14bc9e5b0ca69070f1075ad3efcb33c4?s=96&d=mm&r=g","caption":"e-Cristians"}}]}},"jetpack_sharing_enabled":true,"jetpack_featured_media_url":"https:\/\/e-cristians.cat\/wp-content\/uploads\/2021\/07\/crucifijo-europa-644x362-1-600x337-1.jpg","_links":{"self":[{"href":"https:\/\/e-cristians.cat\/es\/wp-json\/wp\/v2\/posts\/11950"}],"collection":[{"href":"https:\/\/e-cristians.cat\/es\/wp-json\/wp\/v2\/posts"}],"about":[{"href":"https:\/\/e-cristians.cat\/es\/wp-json\/wp\/v2\/types\/post"}],"author":[{"embeddable":true,"href":"https:\/\/e-cristians.cat\/es\/wp-json\/wp\/v2\/users\/2"}],"replies":[{"embeddable":true,"href":"https:\/\/e-cristians.cat\/es\/wp-json\/wp\/v2\/comments?post=11950"}],"version-history":[{"count":1,"href":"https:\/\/e-cristians.cat\/es\/wp-json\/wp\/v2\/posts\/11950\/revisions"}],"predecessor-version":[{"id":11953,"href":"https:\/\/e-cristians.cat\/es\/wp-json\/wp\/v2\/posts\/11950\/revisions\/11953"}],"wp:featuredmedia":[{"embeddable":true,"href":"https:\/\/e-cristians.cat\/es\/wp-json\/wp\/v2\/media\/11951"}],"wp:attachment":[{"href":"https:\/\/e-cristians.cat\/es\/wp-json\/wp\/v2\/media?parent=11950"}],"wp:term":[{"taxonomy":"category","embeddable":true,"href":"https:\/\/e-cristians.cat\/es\/wp-json\/wp\/v2\/categories?post=11950"},{"taxonomy":"post_tag","embeddable":true,"href":"https:\/\/e-cristians.cat\/es\/wp-json\/wp\/v2\/tags?post=11950"}],"curies":[{"name":"wp","href":"https:\/\/api.w.org\/{rel}","templated":true}]}}