{"id":121204,"date":"2023-07-24T16:37:45","date_gmt":"2023-07-24T14:37:45","guid":{"rendered":"https:\/\/e-cristians.cat\/?p=121204"},"modified":"2023-07-27T16:47:33","modified_gmt":"2023-07-27T14:47:33","slug":"curso-de-historia-politica-a-la-luz-del-magisterio-pontificio","status":"publish","type":"post","link":"https:\/\/e-cristians.cat\/es\/curso-de-historia-politica-a-la-luz-del-magisterio-pontificio\/","title":{"rendered":"Curso de historia pol\u00edtica a la luz del magisterio pontificio"},"content":{"rendered":"<p>La Doctrina Social de la Iglesia es, sin lugar a dudas, la gran desconocida en el mundo cat\u00f3lico actual. De esta manera, la comprensi\u00f3n de los acontecimientos hist\u00f3ricos queda desenfocada, y estos se juzgan seg\u00fan la opini\u00f3n personal que a cada uno le merecen. Pero la Iglesia no ha dejado de intentar iluminar todo lo relevante que ha acontecido en la Historia, acompa\u00f1ando al hombre como Madre y Maestra que es.<\/p>\n<p>Por esta raz\u00f3n la <strong>Fundaci\u00f3n Educat<\/strong> ofrece un curso sencillo, de un solo a\u00f1o y con una sola sesi\u00f3n mensual. Un curso pensado para gente que se quiera formar, que entienda que \u201csentir\u201d con la Iglesia quiere decir tambi\u00e9n juzgar con Ella, es decir, pensar y entender lo que de relevante ha dicho la Iglesia en el mundo moderno y hasta hoy.<\/p>\n<p>Con ponentes escogidos y con un nivel de lectura moderado por sesi\u00f3n, al final del curso uno podr\u00e1 tener una visi\u00f3n global de los acontecimientos m\u00e1s relevantes de los siglos XIX, XX y XXI, y entenderlos a la luz del Magisterio Pontificio.<\/p>\n<ul>\n<li>A qui\u00e9n va dirigido: universitarios y adultos que ya trabajan.<\/li>\n<li>Duraci\u00f3n: anual (curso escolar). De septiembre de 2023 a junio de 2024.<\/li>\n<li>Periodicidad: una sesi\u00f3n mensual de 1.5-2 horas. Clase magistral.<\/li>\n<li>Modalidad: online (con posibilidad de presencialidad en algunas sesiones, en Barcelona)<\/li>\n<li>Precio: 50\u20ac mensuales.<\/li>\n<li>Inscripciones: fundacioeducat@gmail.com<\/li>\n<\/ul>\n<p><a href=\"https:\/\/e-cristians.cat\/wp-content\/uploads\/2023\/07\/Curso-de-FORMACION-HISTORICO-POLITICA-A-LA-LUZ-DEL-MAGISTERIO-DE-LA-IGLESIA-1.pdf\" target=\"_blank\" rel=\"noopener\">Descargar el temario<\/a>.<\/p>\n","protected":false},"excerpt":{"rendered":"<p>La Doctrina Social de la Iglesia es, sin lugar a dudas, la gran desconocida en el mundo cat\u00f3lico actual. De esta manera, la comprensi\u00f3n de los acontecimientos hist\u00f3ricos queda desenfocada, y estos se juzgan seg\u00fan la opini\u00f3n personal que a cada uno le merecen. Pero la Iglesia no ha dejado de intentar iluminar todo lo&#8230;<\/p>\n","protected":false},"author":2,"featured_media":121210,"comment_status":"closed","ping_status":"closed","sticky":false,"template":"","format":"standard","meta":{"_jetpack_memberships_contains_paid_content":false,"footnotes":""},"categories":[33,39],"tags":[],"class_list":["post-121204","post","type-post","status-publish","format-standard","has-post-thumbnail","hentry","category-altres-entitats-informacions-agenda-i-documents-es","category-portada_news-es"],"yoast_head":"<!-- This site is optimized with the Yoast SEO plugin v20.0 - https:\/\/yoast.com\/wordpress\/plugins\/seo\/ -->\n<title>Curso de historia pol\u00edtica a la luz del magisterio pontificio - e-Cristians<\/title>\n<meta name=\"robots\" content=\"noindex, nofollow\" \/>\n<meta property=\"og:locale\" content=\"es_ES\" \/>\n<meta property=\"og:type\" content=\"article\" \/>\n<meta property=\"og:title\" content=\"Curso de historia pol\u00edtica a la luz del magisterio pontificio - e-Cristians\" \/>\n<meta property=\"og:description\" content=\"La Doctrina Social de la Iglesia es, sin lugar a dudas, la gran desconocida en el mundo cat\u00f3lico actual. De esta manera, la comprensi\u00f3n de los acontecimientos hist\u00f3ricos queda desenfocada, y estos se juzgan seg\u00fan la opini\u00f3n personal que a cada uno le merecen. Pero la Iglesia no ha dejado de intentar iluminar todo lo...\" \/>\n<meta property=\"og:url\" content=\"https:\/\/e-cristians.cat\/es\/curso-de-historia-politica-a-la-luz-del-magisterio-pontificio\/\" \/>\n<meta property=\"og:site_name\" content=\"e-Cristians\" \/>\n<meta property=\"article:published_time\" content=\"2023-07-24T14:37:45+00:00\" \/>\n<meta property=\"article:modified_time\" content=\"2023-07-27T14:47:33+00:00\" \/>\n<meta property=\"og:image\" content=\"https:\/\/e-cristians.cat\/wp-content\/uploads\/2023\/07\/baixa-2.jpg\" \/>\n\t<meta property=\"og:image:width\" content=\"300\" \/>\n\t<meta property=\"og:image:height\" content=\"168\" \/>\n\t<meta property=\"og:image:type\" content=\"image\/jpeg\" \/>\n<meta name=\"author\" content=\"e-Cristians\" \/>\n<meta name=\"twitter:card\" content=\"summary_large_image\" \/>\n<meta name=\"twitter:label1\" content=\"Escrito por\" \/>\n\t<meta name=\"twitter:data1\" content=\"e-Cristians\" \/>\n\t<meta name=\"twitter:label2\" content=\"Tiempo de lectura\" \/>\n\t<meta name=\"twitter:data2\" content=\"2 minutos\" \/>\n<script type=\"application\/ld+json\" class=\"yoast-schema-graph\">{\"@context\":\"https:\/\/schema.org\",\"@graph\":[{\"@type\":\"WebPage\",\"@id\":\"https:\/\/e-cristians.cat\/es\/curso-de-historia-politica-a-la-luz-del-magisterio-pontificio\/\",\"url\":\"https:\/\/e-cristians.cat\/es\/curso-de-historia-politica-a-la-luz-del-magisterio-pontificio\/\",\"name\":\"Curso de historia pol\u00edtica a la luz del magisterio pontificio - e-Cristians\",\"isPartOf\":{\"@id\":\"https:\/\/e-cristians.cat\/#website\"},\"datePublished\":\"2023-07-24T14:37:45+00:00\",\"dateModified\":\"2023-07-27T14:47:33+00:00\",\"author\":{\"@id\":\"https:\/\/e-cristians.cat\/#\/schema\/person\/f0ec475338e49aaef9c9dc9d9f162861\"},\"breadcrumb\":{\"@id\":\"https:\/\/e-cristians.cat\/es\/curso-de-historia-politica-a-la-luz-del-magisterio-pontificio\/#breadcrumb\"},\"inLanguage\":\"es\",\"potentialAction\":[{\"@type\":\"ReadAction\",\"target\":[\"https:\/\/e-cristians.cat\/es\/curso-de-historia-politica-a-la-luz-del-magisterio-pontificio\/\"]}]},{\"@type\":\"BreadcrumbList\",\"@id\":\"https:\/\/e-cristians.cat\/es\/curso-de-historia-politica-a-la-luz-del-magisterio-pontificio\/#breadcrumb\",\"itemListElement\":[{\"@type\":\"ListItem\",\"position\":1,\"name\":\"Inici\",\"item\":\"https:\/\/e-cristians.cat\/es\/\"},{\"@type\":\"ListItem\",\"position\":2,\"name\":\"Curso de historia pol\u00edtica a la luz del magisterio pontificio\"}]},{\"@type\":\"WebSite\",\"@id\":\"https:\/\/e-cristians.cat\/#website\",\"url\":\"https:\/\/e-cristians.cat\/\",\"name\":\"e-Cristians\",\"description\":\"\",\"potentialAction\":[{\"@type\":\"SearchAction\",\"target\":{\"@type\":\"EntryPoint\",\"urlTemplate\":\"https:\/\/e-cristians.cat\/?s={search_term_string}\"},\"query-input\":\"required name=search_term_string\"}],\"inLanguage\":\"es\"},{\"@type\":\"Person\",\"@id\":\"https:\/\/e-cristians.cat\/#\/schema\/person\/f0ec475338e49aaef9c9dc9d9f162861\",\"name\":\"e-Cristians\",\"image\":{\"@type\":\"ImageObject\",\"inLanguage\":\"es\",\"@id\":\"https:\/\/e-cristians.cat\/#\/schema\/person\/image\/\",\"url\":\"https:\/\/secure.gravatar.com\/avatar\/14bc9e5b0ca69070f1075ad3efcb33c4?s=96&d=mm&r=g\",\"contentUrl\":\"https:\/\/secure.gravatar.com\/avatar\/14bc9e5b0ca69070f1075ad3efcb33c4?s=96&d=mm&r=g\",\"caption\":\"e-Cristians\"}}]}<\/script>\n<!-- \/ Yoast SEO plugin. -->","yoast_head_json":{"title":"Curso de historia pol\u00edtica a la luz del magisterio pontificio - e-Cristians","robots":{"index":"noindex","follow":"nofollow"},"og_locale":"es_ES","og_type":"article","og_title":"Curso de historia pol\u00edtica a la luz del magisterio pontificio - e-Cristians","og_description":"La Doctrina Social de la Iglesia es, sin lugar a dudas, la gran desconocida en el mundo cat\u00f3lico actual. De esta manera, la comprensi\u00f3n de los acontecimientos hist\u00f3ricos queda desenfocada, y estos se juzgan seg\u00fan la opini\u00f3n personal que a cada uno le merecen. Pero la Iglesia no ha dejado de intentar iluminar todo lo...","og_url":"https:\/\/e-cristians.cat\/es\/curso-de-historia-politica-a-la-luz-del-magisterio-pontificio\/","og_site_name":"e-Cristians","article_published_time":"2023-07-24T14:37:45+00:00","article_modified_time":"2023-07-27T14:47:33+00:00","og_image":[{"width":300,"height":168,"url":"https:\/\/e-cristians.cat\/wp-content\/uploads\/2023\/07\/baixa-2.jpg","type":"image\/jpeg"}],"author":"e-Cristians","twitter_card":"summary_large_image","twitter_misc":{"Escrito por":"e-Cristians","Tiempo de lectura":"2 minutos"},"schema":{"@context":"https:\/\/schema.org","@graph":[{"@type":"WebPage","@id":"https:\/\/e-cristians.cat\/es\/curso-de-historia-politica-a-la-luz-del-magisterio-pontificio\/","url":"https:\/\/e-cristians.cat\/es\/curso-de-historia-politica-a-la-luz-del-magisterio-pontificio\/","name":"Curso de historia pol\u00edtica a la luz del magisterio pontificio - e-Cristians","isPartOf":{"@id":"https:\/\/e-cristians.cat\/#website"},"datePublished":"2023-07-24T14:37:45+00:00","dateModified":"2023-07-27T14:47:33+00:00","author":{"@id":"https:\/\/e-cristians.cat\/#\/schema\/person\/f0ec475338e49aaef9c9dc9d9f162861"},"breadcrumb":{"@id":"https:\/\/e-cristians.cat\/es\/curso-de-historia-politica-a-la-luz-del-magisterio-pontificio\/#breadcrumb"},"inLanguage":"es","potentialAction":[{"@type":"ReadAction","target":["https:\/\/e-cristians.cat\/es\/curso-de-historia-politica-a-la-luz-del-magisterio-pontificio\/"]}]},{"@type":"BreadcrumbList","@id":"https:\/\/e-cristians.cat\/es\/curso-de-historia-politica-a-la-luz-del-magisterio-pontificio\/#breadcrumb","itemListElement":[{"@type":"ListItem","position":1,"name":"Inici","item":"https:\/\/e-cristians.cat\/es\/"},{"@type":"ListItem","position":2,"name":"Curso de historia pol\u00edtica a la luz del magisterio pontificio"}]},{"@type":"WebSite","@id":"https:\/\/e-cristians.cat\/#website","url":"https:\/\/e-cristians.cat\/","name":"e-Cristians","description":"","potentialAction":[{"@type":"SearchAction","target":{"@type":"EntryPoint","urlTemplate":"https:\/\/e-cristians.cat\/?s={search_term_string}"},"query-input":"required name=search_term_string"}],"inLanguage":"es"},{"@type":"Person","@id":"https:\/\/e-cristians.cat\/#\/schema\/person\/f0ec475338e49aaef9c9dc9d9f162861","name":"e-Cristians","image":{"@type":"ImageObject","inLanguage":"es","@id":"https:\/\/e-cristians.cat\/#\/schema\/person\/image\/","url":"https:\/\/secure.gravatar.com\/avatar\/14bc9e5b0ca69070f1075ad3efcb33c4?s=96&d=mm&r=g","contentUrl":"https:\/\/secure.gravatar.com\/avatar\/14bc9e5b0ca69070f1075ad3efcb33c4?s=96&d=mm&r=g","caption":"e-Cristians"}}]}},"jetpack_sharing_enabled":true,"jetpack_featured_media_url":"https:\/\/e-cristians.cat\/wp-content\/uploads\/2023\/07\/baixa-2.jpg","_links":{"self":[{"href":"https:\/\/e-cristians.cat\/es\/wp-json\/wp\/v2\/posts\/121204"}],"collection":[{"href":"https:\/\/e-cristians.cat\/es\/wp-json\/wp\/v2\/posts"}],"about":[{"href":"https:\/\/e-cristians.cat\/es\/wp-json\/wp\/v2\/types\/post"}],"author":[{"embeddable":true,"href":"https:\/\/e-cristians.cat\/es\/wp-json\/wp\/v2\/users\/2"}],"replies":[{"embeddable":true,"href":"https:\/\/e-cristians.cat\/es\/wp-json\/wp\/v2\/comments?post=121204"}],"version-history":[{"count":3,"href":"https:\/\/e-cristians.cat\/es\/wp-json\/wp\/v2\/posts\/121204\/revisions"}],"predecessor-version":[{"id":121213,"href":"https:\/\/e-cristians.cat\/es\/wp-json\/wp\/v2\/posts\/121204\/revisions\/121213"}],"wp:featuredmedia":[{"embeddable":true,"href":"https:\/\/e-cristians.cat\/es\/wp-json\/wp\/v2\/media\/121210"}],"wp:attachment":[{"href":"https:\/\/e-cristians.cat\/es\/wp-json\/wp\/v2\/media?parent=121204"}],"wp:term":[{"taxonomy":"category","embeddable":true,"href":"https:\/\/e-cristians.cat\/es\/wp-json\/wp\/v2\/categories?post=121204"},{"taxonomy":"post_tag","embeddable":true,"href":"https:\/\/e-cristians.cat\/es\/wp-json\/wp\/v2\/tags?post=121204"}],"curies":[{"name":"wp","href":"https:\/\/api.w.org\/{rel}","templated":true}]}}