{"id":12298,"date":"2021-07-23T11:41:28","date_gmt":"2021-07-23T09:41:28","guid":{"rendered":"https:\/\/e-cristians.cat\/?p=12298"},"modified":"2021-07-23T12:07:53","modified_gmt":"2021-07-23T10:07:53","slug":"en-la-iglesia-debemos-abordar-una-debilidad-que-nos-ahoga","status":"publish","type":"post","link":"https:\/\/e-cristians.cat\/es\/en-la-iglesia-debemos-abordar-una-debilidad-que-nos-ahoga\/","title":{"rendered":"En la Iglesia debemos abordar una debilidad que nos ahoga"},"content":{"rendered":"<p><em>Josep Mir\u00f3 i Ard\u00e8vol<\/em><\/p>\n<p>La Iglesia tiene un problema decisivo, que podr\u00edamos calificar de\u00a0<strong>estrat\u00e9gico,<\/strong>\u00a0pero que no forma parte de su conciencia sobre la realidad de las cosas. Se trata de lo siguiente:<\/p>\n<p>Los obispos, como es l\u00f3gico y deseable, imparten la doctrina de acuerdo con lo que la Iglesia tiene establecido. Esto es normal, pero, a su vez, ah\u00ed radica el problema. Los\u00a0<strong>marcos de referencia hegem\u00f3nicos<\/strong> en nuestra sociedad, es decir el imaginario portador de sentido estructurado a trav\u00e9s de unas ideas fuerza, dentro del cual la inmensa mayor\u00eda de las personas, razonan, sienten, adoptan criterios, y toman decisiones, son muy antag\u00f3nicos, contrarios, a los planteamientos cat\u00f3licos y, por extensi\u00f3n, cristianos. <a href=\"https:\/\/www.forumlibertas.com\/en-la-iglesia-debemos-abordar-una-debilidad-que-nos-ahoga\/\" target=\"_blank\" rel=\"noopener\">Leer m\u00e1s.<\/a><\/p>\n","protected":false},"excerpt":{"rendered":"<p>Josep Mir\u00f3 i Ard\u00e8vol La Iglesia tiene un problema decisivo, que podr\u00edamos calificar de\u00a0estrat\u00e9gico,\u00a0pero que no forma parte de su conciencia sobre la realidad de las cosas. Se trata de lo siguiente: Los obispos, como es l\u00f3gico y deseable, imparten la doctrina de acuerdo con lo que la Iglesia tiene establecido. Esto es normal, pero,&#8230;<\/p>\n","protected":false},"author":2,"featured_media":12299,"comment_status":"closed","ping_status":"closed","sticky":false,"template":"","format":"standard","meta":{"_jetpack_memberships_contains_paid_content":false,"footnotes":""},"categories":[34,39],"tags":[],"class_list":["post-12298","post","type-post","status-publish","format-standard","has-post-thumbnail","hentry","category-editorials-i-blogs-de-forumlibertas-es","category-portada_news-es"],"yoast_head":"<!-- This site is optimized with the Yoast SEO plugin v20.0 - https:\/\/yoast.com\/wordpress\/plugins\/seo\/ -->\n<title>En la Iglesia debemos abordar una debilidad que nos ahoga - e-Cristians<\/title>\n<meta name=\"robots\" content=\"noindex, nofollow\" \/>\n<meta property=\"og:locale\" content=\"es_ES\" \/>\n<meta property=\"og:type\" content=\"article\" \/>\n<meta property=\"og:title\" content=\"En la Iglesia debemos abordar una debilidad que nos ahoga - e-Cristians\" \/>\n<meta property=\"og:description\" content=\"Josep Mir\u00f3 i Ard\u00e8vol La Iglesia tiene un problema decisivo, que podr\u00edamos calificar de\u00a0estrat\u00e9gico,\u00a0pero que no forma parte de su conciencia sobre la realidad de las cosas. Se trata de lo siguiente: Los obispos, como es l\u00f3gico y deseable, imparten la doctrina de acuerdo con lo que la Iglesia tiene establecido. Esto es normal, pero,...\" \/>\n<meta property=\"og:url\" content=\"https:\/\/e-cristians.cat\/es\/en-la-iglesia-debemos-abordar-una-debilidad-que-nos-ahoga\/\" \/>\n<meta property=\"og:site_name\" content=\"e-Cristians\" \/>\n<meta property=\"article:published_time\" content=\"2021-07-23T09:41:28+00:00\" \/>\n<meta property=\"article:modified_time\" content=\"2021-07-23T10:07:53+00:00\" \/>\n<meta property=\"og:image\" content=\"https:\/\/e-cristians.cat\/wp-content\/uploads\/2021\/07\/orar.jpg\" \/>\n\t<meta property=\"og:image:width\" content=\"600\" \/>\n\t<meta property=\"og:image:height\" content=\"312\" \/>\n\t<meta property=\"og:image:type\" content=\"image\/jpeg\" \/>\n<meta name=\"author\" content=\"e-Cristians\" \/>\n<meta name=\"twitter:card\" content=\"summary_large_image\" \/>\n<meta name=\"twitter:label1\" content=\"Escrito por\" \/>\n\t<meta name=\"twitter:data1\" content=\"e-Cristians\" \/>\n\t<meta name=\"twitter:label2\" content=\"Tiempo de lectura\" \/>\n\t<meta name=\"twitter:data2\" content=\"1 minuto\" \/>\n<script type=\"application\/ld+json\" class=\"yoast-schema-graph\">{\"@context\":\"https:\/\/schema.org\",\"@graph\":[{\"@type\":\"WebPage\",\"@id\":\"https:\/\/e-cristians.cat\/es\/en-la-iglesia-debemos-abordar-una-debilidad-que-nos-ahoga\/\",\"url\":\"https:\/\/e-cristians.cat\/es\/en-la-iglesia-debemos-abordar-una-debilidad-que-nos-ahoga\/\",\"name\":\"En la Iglesia debemos abordar una debilidad que nos ahoga - e-Cristians\",\"isPartOf\":{\"@id\":\"https:\/\/e-cristians.cat\/#website\"},\"datePublished\":\"2021-07-23T09:41:28+00:00\",\"dateModified\":\"2021-07-23T10:07:53+00:00\",\"author\":{\"@id\":\"https:\/\/e-cristians.cat\/#\/schema\/person\/f0ec475338e49aaef9c9dc9d9f162861\"},\"breadcrumb\":{\"@id\":\"https:\/\/e-cristians.cat\/es\/en-la-iglesia-debemos-abordar-una-debilidad-que-nos-ahoga\/#breadcrumb\"},\"inLanguage\":\"es\",\"potentialAction\":[{\"@type\":\"ReadAction\",\"target\":[\"https:\/\/e-cristians.cat\/es\/en-la-iglesia-debemos-abordar-una-debilidad-que-nos-ahoga\/\"]}]},{\"@type\":\"BreadcrumbList\",\"@id\":\"https:\/\/e-cristians.cat\/es\/en-la-iglesia-debemos-abordar-una-debilidad-que-nos-ahoga\/#breadcrumb\",\"itemListElement\":[{\"@type\":\"ListItem\",\"position\":1,\"name\":\"Inici\",\"item\":\"https:\/\/e-cristians.cat\/es\/\"},{\"@type\":\"ListItem\",\"position\":2,\"name\":\"En la Iglesia debemos abordar una debilidad que nos ahoga\"}]},{\"@type\":\"WebSite\",\"@id\":\"https:\/\/e-cristians.cat\/#website\",\"url\":\"https:\/\/e-cristians.cat\/\",\"name\":\"e-Cristians\",\"description\":\"\",\"potentialAction\":[{\"@type\":\"SearchAction\",\"target\":{\"@type\":\"EntryPoint\",\"urlTemplate\":\"https:\/\/e-cristians.cat\/?s={search_term_string}\"},\"query-input\":\"required name=search_term_string\"}],\"inLanguage\":\"es\"},{\"@type\":\"Person\",\"@id\":\"https:\/\/e-cristians.cat\/#\/schema\/person\/f0ec475338e49aaef9c9dc9d9f162861\",\"name\":\"e-Cristians\",\"image\":{\"@type\":\"ImageObject\",\"inLanguage\":\"es\",\"@id\":\"https:\/\/e-cristians.cat\/#\/schema\/person\/image\/\",\"url\":\"https:\/\/secure.gravatar.com\/avatar\/14bc9e5b0ca69070f1075ad3efcb33c4?s=96&d=mm&r=g\",\"contentUrl\":\"https:\/\/secure.gravatar.com\/avatar\/14bc9e5b0ca69070f1075ad3efcb33c4?s=96&d=mm&r=g\",\"caption\":\"e-Cristians\"}}]}<\/script>\n<!-- \/ Yoast SEO plugin. -->","yoast_head_json":{"title":"En la Iglesia debemos abordar una debilidad que nos ahoga - e-Cristians","robots":{"index":"noindex","follow":"nofollow"},"og_locale":"es_ES","og_type":"article","og_title":"En la Iglesia debemos abordar una debilidad que nos ahoga - e-Cristians","og_description":"Josep Mir\u00f3 i Ard\u00e8vol La Iglesia tiene un problema decisivo, que podr\u00edamos calificar de\u00a0estrat\u00e9gico,\u00a0pero que no forma parte de su conciencia sobre la realidad de las cosas. Se trata de lo siguiente: Los obispos, como es l\u00f3gico y deseable, imparten la doctrina de acuerdo con lo que la Iglesia tiene establecido. Esto es normal, pero,...","og_url":"https:\/\/e-cristians.cat\/es\/en-la-iglesia-debemos-abordar-una-debilidad-que-nos-ahoga\/","og_site_name":"e-Cristians","article_published_time":"2021-07-23T09:41:28+00:00","article_modified_time":"2021-07-23T10:07:53+00:00","og_image":[{"width":600,"height":312,"url":"https:\/\/e-cristians.cat\/wp-content\/uploads\/2021\/07\/orar.jpg","type":"image\/jpeg"}],"author":"e-Cristians","twitter_card":"summary_large_image","twitter_misc":{"Escrito por":"e-Cristians","Tiempo de lectura":"1 minuto"},"schema":{"@context":"https:\/\/schema.org","@graph":[{"@type":"WebPage","@id":"https:\/\/e-cristians.cat\/es\/en-la-iglesia-debemos-abordar-una-debilidad-que-nos-ahoga\/","url":"https:\/\/e-cristians.cat\/es\/en-la-iglesia-debemos-abordar-una-debilidad-que-nos-ahoga\/","name":"En la Iglesia debemos abordar una debilidad que nos ahoga - e-Cristians","isPartOf":{"@id":"https:\/\/e-cristians.cat\/#website"},"datePublished":"2021-07-23T09:41:28+00:00","dateModified":"2021-07-23T10:07:53+00:00","author":{"@id":"https:\/\/e-cristians.cat\/#\/schema\/person\/f0ec475338e49aaef9c9dc9d9f162861"},"breadcrumb":{"@id":"https:\/\/e-cristians.cat\/es\/en-la-iglesia-debemos-abordar-una-debilidad-que-nos-ahoga\/#breadcrumb"},"inLanguage":"es","potentialAction":[{"@type":"ReadAction","target":["https:\/\/e-cristians.cat\/es\/en-la-iglesia-debemos-abordar-una-debilidad-que-nos-ahoga\/"]}]},{"@type":"BreadcrumbList","@id":"https:\/\/e-cristians.cat\/es\/en-la-iglesia-debemos-abordar-una-debilidad-que-nos-ahoga\/#breadcrumb","itemListElement":[{"@type":"ListItem","position":1,"name":"Inici","item":"https:\/\/e-cristians.cat\/es\/"},{"@type":"ListItem","position":2,"name":"En la Iglesia debemos abordar una debilidad que nos ahoga"}]},{"@type":"WebSite","@id":"https:\/\/e-cristians.cat\/#website","url":"https:\/\/e-cristians.cat\/","name":"e-Cristians","description":"","potentialAction":[{"@type":"SearchAction","target":{"@type":"EntryPoint","urlTemplate":"https:\/\/e-cristians.cat\/?s={search_term_string}"},"query-input":"required name=search_term_string"}],"inLanguage":"es"},{"@type":"Person","@id":"https:\/\/e-cristians.cat\/#\/schema\/person\/f0ec475338e49aaef9c9dc9d9f162861","name":"e-Cristians","image":{"@type":"ImageObject","inLanguage":"es","@id":"https:\/\/e-cristians.cat\/#\/schema\/person\/image\/","url":"https:\/\/secure.gravatar.com\/avatar\/14bc9e5b0ca69070f1075ad3efcb33c4?s=96&d=mm&r=g","contentUrl":"https:\/\/secure.gravatar.com\/avatar\/14bc9e5b0ca69070f1075ad3efcb33c4?s=96&d=mm&r=g","caption":"e-Cristians"}}]}},"jetpack_sharing_enabled":true,"jetpack_featured_media_url":"https:\/\/e-cristians.cat\/wp-content\/uploads\/2021\/07\/orar.jpg","_links":{"self":[{"href":"https:\/\/e-cristians.cat\/es\/wp-json\/wp\/v2\/posts\/12298"}],"collection":[{"href":"https:\/\/e-cristians.cat\/es\/wp-json\/wp\/v2\/posts"}],"about":[{"href":"https:\/\/e-cristians.cat\/es\/wp-json\/wp\/v2\/types\/post"}],"author":[{"embeddable":true,"href":"https:\/\/e-cristians.cat\/es\/wp-json\/wp\/v2\/users\/2"}],"replies":[{"embeddable":true,"href":"https:\/\/e-cristians.cat\/es\/wp-json\/wp\/v2\/comments?post=12298"}],"version-history":[{"count":1,"href":"https:\/\/e-cristians.cat\/es\/wp-json\/wp\/v2\/posts\/12298\/revisions"}],"predecessor-version":[{"id":12301,"href":"https:\/\/e-cristians.cat\/es\/wp-json\/wp\/v2\/posts\/12298\/revisions\/12301"}],"wp:featuredmedia":[{"embeddable":true,"href":"https:\/\/e-cristians.cat\/es\/wp-json\/wp\/v2\/media\/12299"}],"wp:attachment":[{"href":"https:\/\/e-cristians.cat\/es\/wp-json\/wp\/v2\/media?parent=12298"}],"wp:term":[{"taxonomy":"category","embeddable":true,"href":"https:\/\/e-cristians.cat\/es\/wp-json\/wp\/v2\/categories?post=12298"},{"taxonomy":"post_tag","embeddable":true,"href":"https:\/\/e-cristians.cat\/es\/wp-json\/wp\/v2\/tags?post=12298"}],"curies":[{"name":"wp","href":"https:\/\/api.w.org\/{rel}","templated":true}]}}