{"id":1238,"date":"2020-09-07T12:52:50","date_gmt":"2020-09-07T10:52:50","guid":{"rendered":"https:\/\/e-cristians.cat\/?p=1238"},"modified":"2020-09-09T13:40:00","modified_gmt":"2020-09-09T11:40:00","slug":"comunicado-de-la-comision-ejecutiva-de-e-cristians-ante-la-iniciativa-del-departamento-de-educacion-de-la-generalitat-de-implantar-la-ensenanza-de-la-religion-islamica-en-los-centros-publicos","status":"publish","type":"post","link":"https:\/\/e-cristians.cat\/es\/comunicado-de-la-comision-ejecutiva-de-e-cristians-ante-la-iniciativa-del-departamento-de-educacion-de-la-generalitat-de-implantar-la-ensenanza-de-la-religion-islamica-en-los-centros-publicos\/","title":{"rendered":"Comunicado de la Comisi\u00f3n Ejecutiva de e-Cristians: Ante la iniciativa del Departamento de Educaci\u00f3n de la Generalitat de implantar la ense\u00f1anza de la religi\u00f3n isl\u00e1mica en los centros p\u00fablicos"},"content":{"rendered":"<p>El Departamento de Educaci\u00f3n ha hecho p\u00fablica la resoluci\u00f3n por la que se impartir\u00e1 la ense\u00f1anza de religi\u00f3n isl\u00e1mica en primero de Primaria y primero de la ESO en algunos centros p\u00fablicos. Este plan piloto, seg\u00fan el Departamento de Educaci\u00f3n, es consecuencia del derecho que asiste a los padres <em>\u00aba que sus hijos e hijas reciban la formaci\u00f3n religiosa y moral que est\u00e9 de acuerdo con sus convicciones en los centros educativos de titularidad p\u00fablica\u00bb<\/em> (art. 21.2 del Estatuto de Autonom\u00eda de Catalu\u00f1a). La aplicaci\u00f3n de esta norma <em>\u00abse enmarca <\/em>-se\u00f1ala el texto-<em> en la llegada de la religi\u00f3n isl\u00e1mica a las aulas catalanas respondiendo al pacto de cooperaci\u00f3n entre el Gobierno central y la Comisi\u00f3n Isl\u00e1mica de Espa\u00f1a para que los alumnos que profesan esta fe puedan recibir una ense\u00f1anza de acuerdo con sus creencias como ocurre con los de religi\u00f3n cat\u00f3lica en los centros p\u00fablicos a lo largo de las etapas de educaci\u00f3n infantil, primaria, secundaria obligatoria y bachillerato\u00bb<\/em>.<\/p>\n<p>Celebramos que el Departamento de Educaci\u00f3n reconozca y garantice este derecho de algunas familias que quieren la ense\u00f1anza de la religi\u00f3n isl\u00e1mica para sus hijos, pero no deja de sorprender la contradicci\u00f3n entre esta decisi\u00f3n y la continuada discriminaci\u00f3n que desde el Departamento, la inspecci\u00f3n educativa y muchos directores de centros p\u00fablicos se ejerce contra la ense\u00f1anza de la religi\u00f3n cat\u00f3lica, ocultando la posibilidad de la opci\u00f3n, o poniendo todo tipo de inconvenientes a los padres que quieren optar a ello, este a\u00f1o aprovechando la excusa de evitar la propagaci\u00f3n de la Covid-19.<\/p>\n<p>Por este motivo, <strong>reclamamos al Departamento de Educaci\u00f3n<\/strong> que:<\/p>\n<ol>\n<li>Se garantice -en aplicaci\u00f3n a la normativa vigente- la oferta de la ense\u00f1anza de la religi\u00f3n confesional (cat\u00f3lica, evang\u00e9lica, musulmana y jud\u00eda) en todos los centros y en todas las etapas (Educaci\u00f3n Infantil, Primaria, Secundaria, Bachillerato y Formaci\u00f3n Profesional), respetando la voluntad de las familias.<\/li>\n<li>Sea efectiva la aplicaci\u00f3n del art. 21.2 del Estatuto de Autonom\u00eda de Catalu\u00f1a y que el Departamento ponga fin a aquellas acciones u omisiones de los responsables de los centros educativos que <em>de facto<\/em> han impedido o dificultado impartir la clase de religi\u00f3n cat\u00f3lica, adoptando las medidas necesarias por parte del Departamento y en relaci\u00f3n con los directores y la inspecci\u00f3n para que cesen de forma inmediata con estas pr\u00e1cticas discriminatorias que atentan contra este derecho fundamental de las madres y padres.<\/li>\n<\/ol>\n<p>Emprendiendo estas actuaciones, el Departamento de Educaci\u00f3n har\u00e1 camino para reparar la discriminaci\u00f3n.<\/p>\n","protected":false},"excerpt":{"rendered":"<p>El Departamento de Educaci\u00f3n ha hecho p\u00fablica la resoluci\u00f3n por la que se impartir\u00e1 la ense\u00f1anza de religi\u00f3n isl\u00e1mica en primero de Primaria y primero de la ESO en algunos centros p\u00fablicos. Este plan piloto, seg\u00fan el Departamento de Educaci\u00f3n, es consecuencia del derecho que asiste a los padres \u00aba que sus hijos e hijas&#8230;<\/p>\n","protected":false},"author":2,"featured_media":1235,"comment_status":"closed","ping_status":"closed","sticky":false,"template":"","format":"standard","meta":{"_jetpack_memberships_contains_paid_content":false,"footnotes":""},"categories":[30,39],"tags":[116,115,114],"class_list":["post-1238","post","type-post","status-publish","format-standard","has-post-thumbnail","hentry","category-declaracions-de-cristians-es","category-portada_news-es","tag-departamento-de-educacion","tag-religion-confesional","tag-religion-islamica"],"yoast_head":"<!-- This site is optimized with the Yoast SEO plugin v20.0 - https:\/\/yoast.com\/wordpress\/plugins\/seo\/ -->\n<title>Comunicado de la Comisi\u00f3n Ejecutiva de e-Cristians: Ante la iniciativa del Departamento de Educaci\u00f3n de la Generalitat de implantar la ense\u00f1anza de la religi\u00f3n isl\u00e1mica en los centros p\u00fablicos - e-Cristians<\/title>\n<meta name=\"description\" content=\"El Departamento de Educaci\u00f3n ha hecho p\u00fablica la resoluci\u00f3n por la que se impartir\u00e1 la ense\u00f1anza de religi\u00f3n isl\u00e1mica en primero de Primaria\" \/>\n<meta name=\"robots\" content=\"index, follow, max-snippet:-1, max-image-preview:large, max-video-preview:-1\" \/>\n<link rel=\"canonical\" href=\"https:\/\/e-cristians.cat\/es\/comunicado-de-la-comision-ejecutiva-de-e-cristians-ante-la-iniciativa-del-departamento-de-educacion-de-la-generalitat-de-implantar-la-ensenanza-de-la-religion-islamica-en-los-centros-publicos\/\" \/>\n<meta property=\"og:locale\" content=\"es_ES\" \/>\n<meta property=\"og:type\" content=\"article\" \/>\n<meta property=\"og:title\" content=\"Comunicado de la Comisi\u00f3n Ejecutiva de e-Cristians: Ante la iniciativa del Departamento de Educaci\u00f3n de la Generalitat de implantar la ense\u00f1anza de la religi\u00f3n isl\u00e1mica en los centros p\u00fablicos - e-Cristians\" \/>\n<meta property=\"og:description\" content=\"El Departamento de Educaci\u00f3n ha hecho p\u00fablica la resoluci\u00f3n por la que se impartir\u00e1 la ense\u00f1anza de religi\u00f3n isl\u00e1mica en primero de Primaria\" \/>\n<meta property=\"og:url\" content=\"https:\/\/e-cristians.cat\/es\/comunicado-de-la-comision-ejecutiva-de-e-cristians-ante-la-iniciativa-del-departamento-de-educacion-de-la-generalitat-de-implantar-la-ensenanza-de-la-religion-islamica-en-los-centros-publicos\/\" \/>\n<meta property=\"og:site_name\" content=\"e-Cristians\" \/>\n<meta property=\"article:published_time\" content=\"2020-09-07T10:52:50+00:00\" \/>\n<meta property=\"article:modified_time\" content=\"2020-09-09T11:40:00+00:00\" \/>\n<meta property=\"og:image\" content=\"https:\/\/e-cristians.cat\/wp-content\/uploads\/2020\/09\/20200520163634_colegio-vacios_original_imagen.jpg\" \/>\n\t<meta property=\"og:image:width\" content=\"1920\" \/>\n\t<meta property=\"og:image:height\" content=\"1080\" \/>\n\t<meta property=\"og:image:type\" content=\"image\/jpeg\" \/>\n<meta name=\"author\" content=\"e-Cristians\" \/>\n<meta name=\"twitter:card\" content=\"summary_large_image\" \/>\n<meta name=\"twitter:label1\" content=\"Escrito por\" \/>\n\t<meta name=\"twitter:data1\" content=\"e-Cristians\" \/>\n\t<meta name=\"twitter:label2\" content=\"Tiempo de lectura\" \/>\n\t<meta name=\"twitter:data2\" content=\"2 minutos\" \/>\n<script type=\"application\/ld+json\" class=\"yoast-schema-graph\">{\"@context\":\"https:\/\/schema.org\",\"@graph\":[{\"@type\":\"WebPage\",\"@id\":\"https:\/\/e-cristians.cat\/es\/comunicado-de-la-comision-ejecutiva-de-e-cristians-ante-la-iniciativa-del-departamento-de-educacion-de-la-generalitat-de-implantar-la-ensenanza-de-la-religion-islamica-en-los-centros-publicos\/\",\"url\":\"https:\/\/e-cristians.cat\/es\/comunicado-de-la-comision-ejecutiva-de-e-cristians-ante-la-iniciativa-del-departamento-de-educacion-de-la-generalitat-de-implantar-la-ensenanza-de-la-religion-islamica-en-los-centros-publicos\/\",\"name\":\"Comunicado de la Comisi\u00f3n Ejecutiva de e-Cristians: Ante la iniciativa del Departamento de Educaci\u00f3n de la Generalitat de implantar la ense\u00f1anza de la religi\u00f3n isl\u00e1mica en los centros p\u00fablicos - e-Cristians\",\"isPartOf\":{\"@id\":\"https:\/\/e-cristians.cat\/#website\"},\"datePublished\":\"2020-09-07T10:52:50+00:00\",\"dateModified\":\"2020-09-09T11:40:00+00:00\",\"author\":{\"@id\":\"https:\/\/e-cristians.cat\/#\/schema\/person\/f0ec475338e49aaef9c9dc9d9f162861\"},\"description\":\"El Departamento de Educaci\u00f3n ha hecho p\u00fablica la resoluci\u00f3n por la que se impartir\u00e1 la ense\u00f1anza de religi\u00f3n isl\u00e1mica en primero de Primaria\",\"breadcrumb\":{\"@id\":\"https:\/\/e-cristians.cat\/es\/comunicado-de-la-comision-ejecutiva-de-e-cristians-ante-la-iniciativa-del-departamento-de-educacion-de-la-generalitat-de-implantar-la-ensenanza-de-la-religion-islamica-en-los-centros-publicos\/#breadcrumb\"},\"inLanguage\":\"es\",\"potentialAction\":[{\"@type\":\"ReadAction\",\"target\":[\"https:\/\/e-cristians.cat\/es\/comunicado-de-la-comision-ejecutiva-de-e-cristians-ante-la-iniciativa-del-departamento-de-educacion-de-la-generalitat-de-implantar-la-ensenanza-de-la-religion-islamica-en-los-centros-publicos\/\"]}]},{\"@type\":\"BreadcrumbList\",\"@id\":\"https:\/\/e-cristians.cat\/es\/comunicado-de-la-comision-ejecutiva-de-e-cristians-ante-la-iniciativa-del-departamento-de-educacion-de-la-generalitat-de-implantar-la-ensenanza-de-la-religion-islamica-en-los-centros-publicos\/#breadcrumb\",\"itemListElement\":[{\"@type\":\"ListItem\",\"position\":1,\"name\":\"Inici\",\"item\":\"https:\/\/e-cristians.cat\/es\/\"},{\"@type\":\"ListItem\",\"position\":2,\"name\":\"Comunicado de la Comisi\u00f3n Ejecutiva de e-Cristians: Ante la iniciativa del Departamento de Educaci\u00f3n de la Generalitat de implantar la ense\u00f1anza de la religi\u00f3n isl\u00e1mica en los centros p\u00fablicos\"}]},{\"@type\":\"WebSite\",\"@id\":\"https:\/\/e-cristians.cat\/#website\",\"url\":\"https:\/\/e-cristians.cat\/\",\"name\":\"e-Cristians\",\"description\":\"\",\"potentialAction\":[{\"@type\":\"SearchAction\",\"target\":{\"@type\":\"EntryPoint\",\"urlTemplate\":\"https:\/\/e-cristians.cat\/?s={search_term_string}\"},\"query-input\":\"required name=search_term_string\"}],\"inLanguage\":\"es\"},{\"@type\":\"Person\",\"@id\":\"https:\/\/e-cristians.cat\/#\/schema\/person\/f0ec475338e49aaef9c9dc9d9f162861\",\"name\":\"e-Cristians\",\"image\":{\"@type\":\"ImageObject\",\"inLanguage\":\"es\",\"@id\":\"https:\/\/e-cristians.cat\/#\/schema\/person\/image\/\",\"url\":\"https:\/\/secure.gravatar.com\/avatar\/14bc9e5b0ca69070f1075ad3efcb33c4?s=96&d=mm&r=g\",\"contentUrl\":\"https:\/\/secure.gravatar.com\/avatar\/14bc9e5b0ca69070f1075ad3efcb33c4?s=96&d=mm&r=g\",\"caption\":\"e-Cristians\"}}]}<\/script>\n<!-- \/ Yoast SEO plugin. -->","yoast_head_json":{"title":"Comunicado de la Comisi\u00f3n Ejecutiva de e-Cristians: Ante la iniciativa del Departamento de Educaci\u00f3n de la Generalitat de implantar la ense\u00f1anza de la religi\u00f3n isl\u00e1mica en los centros p\u00fablicos - e-Cristians","description":"El Departamento de Educaci\u00f3n ha hecho p\u00fablica la resoluci\u00f3n por la que se impartir\u00e1 la ense\u00f1anza de religi\u00f3n isl\u00e1mica en primero de Primaria","robots":{"index":"index","follow":"follow","max-snippet":"max-snippet:-1","max-image-preview":"max-image-preview:large","max-video-preview":"max-video-preview:-1"},"canonical":"https:\/\/e-cristians.cat\/es\/comunicado-de-la-comision-ejecutiva-de-e-cristians-ante-la-iniciativa-del-departamento-de-educacion-de-la-generalitat-de-implantar-la-ensenanza-de-la-religion-islamica-en-los-centros-publicos\/","og_locale":"es_ES","og_type":"article","og_title":"Comunicado de la Comisi\u00f3n Ejecutiva de e-Cristians: Ante la iniciativa del Departamento de Educaci\u00f3n de la Generalitat de implantar la ense\u00f1anza de la religi\u00f3n isl\u00e1mica en los centros p\u00fablicos - e-Cristians","og_description":"El Departamento de Educaci\u00f3n ha hecho p\u00fablica la resoluci\u00f3n por la que se impartir\u00e1 la ense\u00f1anza de religi\u00f3n isl\u00e1mica en primero de Primaria","og_url":"https:\/\/e-cristians.cat\/es\/comunicado-de-la-comision-ejecutiva-de-e-cristians-ante-la-iniciativa-del-departamento-de-educacion-de-la-generalitat-de-implantar-la-ensenanza-de-la-religion-islamica-en-los-centros-publicos\/","og_site_name":"e-Cristians","article_published_time":"2020-09-07T10:52:50+00:00","article_modified_time":"2020-09-09T11:40:00+00:00","og_image":[{"width":1920,"height":1080,"url":"https:\/\/e-cristians.cat\/wp-content\/uploads\/2020\/09\/20200520163634_colegio-vacios_original_imagen.jpg","type":"image\/jpeg"}],"author":"e-Cristians","twitter_card":"summary_large_image","twitter_misc":{"Escrito por":"e-Cristians","Tiempo de lectura":"2 minutos"},"schema":{"@context":"https:\/\/schema.org","@graph":[{"@type":"WebPage","@id":"https:\/\/e-cristians.cat\/es\/comunicado-de-la-comision-ejecutiva-de-e-cristians-ante-la-iniciativa-del-departamento-de-educacion-de-la-generalitat-de-implantar-la-ensenanza-de-la-religion-islamica-en-los-centros-publicos\/","url":"https:\/\/e-cristians.cat\/es\/comunicado-de-la-comision-ejecutiva-de-e-cristians-ante-la-iniciativa-del-departamento-de-educacion-de-la-generalitat-de-implantar-la-ensenanza-de-la-religion-islamica-en-los-centros-publicos\/","name":"Comunicado de la Comisi\u00f3n Ejecutiva de e-Cristians: Ante la iniciativa del Departamento de Educaci\u00f3n de la Generalitat de implantar la ense\u00f1anza de la religi\u00f3n isl\u00e1mica en los centros p\u00fablicos - e-Cristians","isPartOf":{"@id":"https:\/\/e-cristians.cat\/#website"},"datePublished":"2020-09-07T10:52:50+00:00","dateModified":"2020-09-09T11:40:00+00:00","author":{"@id":"https:\/\/e-cristians.cat\/#\/schema\/person\/f0ec475338e49aaef9c9dc9d9f162861"},"description":"El Departamento de Educaci\u00f3n ha hecho p\u00fablica la resoluci\u00f3n por la que se impartir\u00e1 la ense\u00f1anza de religi\u00f3n isl\u00e1mica en primero de Primaria","breadcrumb":{"@id":"https:\/\/e-cristians.cat\/es\/comunicado-de-la-comision-ejecutiva-de-e-cristians-ante-la-iniciativa-del-departamento-de-educacion-de-la-generalitat-de-implantar-la-ensenanza-de-la-religion-islamica-en-los-centros-publicos\/#breadcrumb"},"inLanguage":"es","potentialAction":[{"@type":"ReadAction","target":["https:\/\/e-cristians.cat\/es\/comunicado-de-la-comision-ejecutiva-de-e-cristians-ante-la-iniciativa-del-departamento-de-educacion-de-la-generalitat-de-implantar-la-ensenanza-de-la-religion-islamica-en-los-centros-publicos\/"]}]},{"@type":"BreadcrumbList","@id":"https:\/\/e-cristians.cat\/es\/comunicado-de-la-comision-ejecutiva-de-e-cristians-ante-la-iniciativa-del-departamento-de-educacion-de-la-generalitat-de-implantar-la-ensenanza-de-la-religion-islamica-en-los-centros-publicos\/#breadcrumb","itemListElement":[{"@type":"ListItem","position":1,"name":"Inici","item":"https:\/\/e-cristians.cat\/es\/"},{"@type":"ListItem","position":2,"name":"Comunicado de la Comisi\u00f3n Ejecutiva de e-Cristians: Ante la iniciativa del Departamento de Educaci\u00f3n de la Generalitat de implantar la ense\u00f1anza de la religi\u00f3n isl\u00e1mica en los centros p\u00fablicos"}]},{"@type":"WebSite","@id":"https:\/\/e-cristians.cat\/#website","url":"https:\/\/e-cristians.cat\/","name":"e-Cristians","description":"","potentialAction":[{"@type":"SearchAction","target":{"@type":"EntryPoint","urlTemplate":"https:\/\/e-cristians.cat\/?s={search_term_string}"},"query-input":"required name=search_term_string"}],"inLanguage":"es"},{"@type":"Person","@id":"https:\/\/e-cristians.cat\/#\/schema\/person\/f0ec475338e49aaef9c9dc9d9f162861","name":"e-Cristians","image":{"@type":"ImageObject","inLanguage":"es","@id":"https:\/\/e-cristians.cat\/#\/schema\/person\/image\/","url":"https:\/\/secure.gravatar.com\/avatar\/14bc9e5b0ca69070f1075ad3efcb33c4?s=96&d=mm&r=g","contentUrl":"https:\/\/secure.gravatar.com\/avatar\/14bc9e5b0ca69070f1075ad3efcb33c4?s=96&d=mm&r=g","caption":"e-Cristians"}}]}},"jetpack_sharing_enabled":true,"jetpack_featured_media_url":"https:\/\/e-cristians.cat\/wp-content\/uploads\/2020\/09\/20200520163634_colegio-vacios_original_imagen.jpg","_links":{"self":[{"href":"https:\/\/e-cristians.cat\/es\/wp-json\/wp\/v2\/posts\/1238"}],"collection":[{"href":"https:\/\/e-cristians.cat\/es\/wp-json\/wp\/v2\/posts"}],"about":[{"href":"https:\/\/e-cristians.cat\/es\/wp-json\/wp\/v2\/types\/post"}],"author":[{"embeddable":true,"href":"https:\/\/e-cristians.cat\/es\/wp-json\/wp\/v2\/users\/2"}],"replies":[{"embeddable":true,"href":"https:\/\/e-cristians.cat\/es\/wp-json\/wp\/v2\/comments?post=1238"}],"version-history":[{"count":1,"href":"https:\/\/e-cristians.cat\/es\/wp-json\/wp\/v2\/posts\/1238\/revisions"}],"predecessor-version":[{"id":1239,"href":"https:\/\/e-cristians.cat\/es\/wp-json\/wp\/v2\/posts\/1238\/revisions\/1239"}],"wp:featuredmedia":[{"embeddable":true,"href":"https:\/\/e-cristians.cat\/es\/wp-json\/wp\/v2\/media\/1235"}],"wp:attachment":[{"href":"https:\/\/e-cristians.cat\/es\/wp-json\/wp\/v2\/media?parent=1238"}],"wp:term":[{"taxonomy":"category","embeddable":true,"href":"https:\/\/e-cristians.cat\/es\/wp-json\/wp\/v2\/categories?post=1238"},{"taxonomy":"post_tag","embeddable":true,"href":"https:\/\/e-cristians.cat\/es\/wp-json\/wp\/v2\/tags?post=1238"}],"curies":[{"name":"wp","href":"https:\/\/api.w.org\/{rel}","templated":true}]}}