{"id":1285,"date":"2020-09-14T13:33:45","date_gmt":"2020-09-14T11:33:45","guid":{"rendered":"https:\/\/e-cristians.cat\/?p=1285"},"modified":"2020-09-17T14:10:56","modified_gmt":"2020-09-17T12:10:56","slug":"nota-de-la-conferencia-episcopal-espanola-sobre-la-ley-de-la-eutanasia","status":"publish","type":"post","link":"https:\/\/e-cristians.cat\/es\/nota-de-la-conferencia-episcopal-espanola-sobre-la-ley-de-la-eutanasia\/","title":{"rendered":"Nota de la Conferencia Episcopal Espa\u00f1ola sobre la ley de la eutanasia"},"content":{"rendered":"<p><strong>No hay enfermos \u201cincuidables\u201d, aunque sean incurables<\/strong><\/p>\n<p><em>Reflexi\u00f3n a prop\u00f3sito de la tramitaci\u00f3n de la ley sobre la eutanasia<\/em><\/p>\n<p>El Congreso de los Diputados ha decidido seguir adelante con la tramitaci\u00f3n de la\u00a0<em>Ley Org\u00e1nica de regulaci\u00f3n de la eutanasia<\/em>. Es una mala noticia, pues la vida humana no es un bien a disposici\u00f3n de nadie.<\/p>\n<p>La Conferencia Episcopal Espa\u00f1ola ha reflexionado repetidas veces sobre este grave asunto que pone en cuesti\u00f3n la dignidad de la vida humana. El \u00faltimo texto fue publicado el pasado 1 de noviembre de 2019 bajo el t\u00edtulo\u00a0<em>\u201cSembradores de esperanza. Acoger, proteger y acompa\u00f1ar en la etapa final de la vida humana<\/em>\u201d y en \u00e9l se examinan los argumentos de quienes desean favorecer la eutanasia y el suicidio asistido, poniendo en evidencia su inconsistencia al partir de premisas ideol\u00f3gicas m\u00e1s que de la realidad de los enfermos en situaci\u00f3n terminal. Invitamos encarecidamente a la comunidad cristiana a su lectura y al resto de nuestros conciudadanos a acoger sin prejuicios las reflexiones que en este texto se proponen.<\/p>\n<p>Insistir en \u201cel derecho eutanasia\u201d es propio de una visi\u00f3n individualista y reduccionista del ser humano y de una libertad desvinculada de la responsabilidad.\u00a0 Se afirma una radical autonom\u00eda individual y, al mismo tiempo, se reclama una intervenci\u00f3n \u201ccompasiva\u201d de la sociedad a trav\u00e9s de la medicina, origin\u00e1ndose una incoherencia antropol\u00f3gica. Por un lado, se niega la dimensi\u00f3n social del ser humano, \u201cdiciendo mi vida es m\u00eda y s\u00f3lo m\u00eda y me la puedo quitar\u201d y, por otro lado, se pide que sea otro \u2013la sociedad organizada\u2013 quien legitime la decisi\u00f3n o la sustituya y elimine el sufrimiento o el sinsentido, eliminando la vida.<\/p>\n<p>La epidemia que seguimos padeciendo nos ha hecho caer en la cuenta de que somos responsables unos de otros y ha relativizado las propuestas de autonom\u00eda individualista. La muerte en soledad de tantos enfermos y la situaci\u00f3n de las personas mayores nos interpelan. Todos hemos elogiado a la profesi\u00f3n m\u00e9dica que, desde el juramento hipocr\u00e1tico hasta hoy, se compromete en el cuidado y defensa de la vida humana. La sociedad espa\u00f1ola ha aplaudido su dedicaci\u00f3n y ha pedido un apoyo mayor a nuestro sistema de salud para intensificar los cuidados y \u201cno dejar a nadie atr\u00e1s\u201d.<\/p>\n<p>El suicidio, creciente entre nosotros, tambi\u00e9n reclama una reflexi\u00f3n y pr\u00e1cticas sociales y sanitarias de prevenci\u00f3n y cuidado oportuno. La legalizaci\u00f3n de formas de suicidio asistido no ayudar\u00e1 a la hora de insistir a quienes est\u00e1n tentados por el suicidio que la muerte no es la salida adecuada. La ley, que tiene una funci\u00f3n de propuesta general de criterios \u00e9ticos, no puede proponer la muerte como soluci\u00f3n a los problemas.<\/p>\n<p>Lo propio de la medicina es curar, pero tambi\u00e9n cuidar, aliviar y consolar sobre todo al final de esta vida. La medicina paliativa se propone humanizar el proceso de la muerte y acompa\u00f1ar hasta el final. No hay enfermos \u201cincuidables\u201d, aunque sean incurables. Abogamos, pues, por una adecuada legislaci\u00f3n de los cuidados paliativos que responda a las necesidades actuales que no est\u00e1n plenamente atendidas. La fragilidad que estamos experimentando durante este tiempo constituye una oportunidad para reflexionar sobre el significado de la vida, el cuidado fraterno y el sentido del sufrimiento y de la muerte.<\/p>\n<p>Una sociedad no puede pensar en la eliminaci\u00f3n total del sufrimiento y, cuando no lo consigue, proponer salir del escenario de la vida; por el contrario, ha de acompa\u00f1ar, paliar y ayudar a vivir ese sufrimiento. No se entiende la propuesta de una ley para poner en manos de otros, especialmente de los m\u00e9dicos, el poder quitar la vida de los enfermos.<\/p>\n<p>El s\u00ed a la dignidad de la persona, m\u00e1s a\u00fan en sus momentos de mayor indefensi\u00f3n y fragilidad, nos obliga a oponernos a esta esta ley que, en nombre de una presunta muerte digna, niega en su ra\u00edz la dignidad de toda vida humana.<\/p>\n","protected":false},"excerpt":{"rendered":"<p>No hay enfermos \u201cincuidables\u201d, aunque sean incurables Reflexi\u00f3n a prop\u00f3sito de la tramitaci\u00f3n de la ley sobre la eutanasia El Congreso de los Diputados ha decidido seguir adelante con la tramitaci\u00f3n de la\u00a0Ley Org\u00e1nica de regulaci\u00f3n de la eutanasia. Es una mala noticia, pues la vida humana no es un bien a disposici\u00f3n de nadie&#8230;.<\/p>\n","protected":false},"author":2,"featured_media":1286,"comment_status":"closed","ping_status":"closed","sticky":false,"template":"","format":"standard","meta":{"_jetpack_memberships_contains_paid_content":false,"footnotes":""},"categories":[33,39],"tags":[102],"class_list":["post-1285","post","type-post","status-publish","format-standard","has-post-thumbnail","hentry","category-altres-entitats-informacions-agenda-i-documents-es","category-portada_news-es","tag-ley-eutanasia-es"],"yoast_head":"<!-- This site is optimized with the Yoast SEO plugin v20.0 - https:\/\/yoast.com\/wordpress\/plugins\/seo\/ -->\n<title>Nota de la Conferencia Episcopal Espa\u00f1ola sobre la ley de la eutanasia - e-Cristians<\/title>\n<meta name=\"robots\" content=\"noindex, nofollow\" \/>\n<meta property=\"og:locale\" content=\"es_ES\" \/>\n<meta property=\"og:type\" content=\"article\" \/>\n<meta property=\"og:title\" content=\"Nota de la Conferencia Episcopal Espa\u00f1ola sobre la ley de la eutanasia - e-Cristians\" \/>\n<meta property=\"og:description\" content=\"No hay enfermos \u201cincuidables\u201d, aunque sean incurables Reflexi\u00f3n a prop\u00f3sito de la tramitaci\u00f3n de la ley sobre la eutanasia El Congreso de los Diputados ha decidido seguir adelante con la tramitaci\u00f3n de la\u00a0Ley Org\u00e1nica de regulaci\u00f3n de la eutanasia. Es una mala noticia, pues la vida humana no es un bien a disposici\u00f3n de nadie....\" \/>\n<meta property=\"og:url\" content=\"https:\/\/e-cristians.cat\/es\/nota-de-la-conferencia-episcopal-espanola-sobre-la-ley-de-la-eutanasia\/\" \/>\n<meta property=\"og:site_name\" content=\"e-Cristians\" \/>\n<meta property=\"article:published_time\" content=\"2020-09-14T11:33:45+00:00\" \/>\n<meta property=\"article:modified_time\" content=\"2020-09-17T12:10:56+00:00\" \/>\n<meta property=\"og:image\" content=\"https:\/\/e-cristians.cat\/wp-content\/uploads\/2020\/09\/2020-familia-salud-eutanasia-702x526-1.jpg\" \/>\n\t<meta property=\"og:image:width\" content=\"702\" \/>\n\t<meta property=\"og:image:height\" content=\"526\" \/>\n\t<meta property=\"og:image:type\" content=\"image\/jpeg\" \/>\n<meta name=\"author\" content=\"e-Cristians\" \/>\n<meta name=\"twitter:card\" content=\"summary_large_image\" \/>\n<meta name=\"twitter:label1\" content=\"Escrito por\" \/>\n\t<meta name=\"twitter:data1\" content=\"e-Cristians\" \/>\n\t<meta name=\"twitter:label2\" content=\"Tiempo de lectura\" \/>\n\t<meta name=\"twitter:data2\" content=\"3 minutos\" \/>\n<script type=\"application\/ld+json\" class=\"yoast-schema-graph\">{\"@context\":\"https:\/\/schema.org\",\"@graph\":[{\"@type\":\"WebPage\",\"@id\":\"https:\/\/e-cristians.cat\/es\/nota-de-la-conferencia-episcopal-espanola-sobre-la-ley-de-la-eutanasia\/\",\"url\":\"https:\/\/e-cristians.cat\/es\/nota-de-la-conferencia-episcopal-espanola-sobre-la-ley-de-la-eutanasia\/\",\"name\":\"Nota de la Conferencia Episcopal Espa\u00f1ola sobre la ley de la eutanasia - e-Cristians\",\"isPartOf\":{\"@id\":\"https:\/\/e-cristians.cat\/#website\"},\"datePublished\":\"2020-09-14T11:33:45+00:00\",\"dateModified\":\"2020-09-17T12:10:56+00:00\",\"author\":{\"@id\":\"https:\/\/e-cristians.cat\/#\/schema\/person\/f0ec475338e49aaef9c9dc9d9f162861\"},\"breadcrumb\":{\"@id\":\"https:\/\/e-cristians.cat\/es\/nota-de-la-conferencia-episcopal-espanola-sobre-la-ley-de-la-eutanasia\/#breadcrumb\"},\"inLanguage\":\"es\",\"potentialAction\":[{\"@type\":\"ReadAction\",\"target\":[\"https:\/\/e-cristians.cat\/es\/nota-de-la-conferencia-episcopal-espanola-sobre-la-ley-de-la-eutanasia\/\"]}]},{\"@type\":\"BreadcrumbList\",\"@id\":\"https:\/\/e-cristians.cat\/es\/nota-de-la-conferencia-episcopal-espanola-sobre-la-ley-de-la-eutanasia\/#breadcrumb\",\"itemListElement\":[{\"@type\":\"ListItem\",\"position\":1,\"name\":\"Inici\",\"item\":\"https:\/\/e-cristians.cat\/es\/\"},{\"@type\":\"ListItem\",\"position\":2,\"name\":\"Nota de la Conferencia Episcopal Espa\u00f1ola sobre la ley de la eutanasia\"}]},{\"@type\":\"WebSite\",\"@id\":\"https:\/\/e-cristians.cat\/#website\",\"url\":\"https:\/\/e-cristians.cat\/\",\"name\":\"e-Cristians\",\"description\":\"\",\"potentialAction\":[{\"@type\":\"SearchAction\",\"target\":{\"@type\":\"EntryPoint\",\"urlTemplate\":\"https:\/\/e-cristians.cat\/?s={search_term_string}\"},\"query-input\":\"required name=search_term_string\"}],\"inLanguage\":\"es\"},{\"@type\":\"Person\",\"@id\":\"https:\/\/e-cristians.cat\/#\/schema\/person\/f0ec475338e49aaef9c9dc9d9f162861\",\"name\":\"e-Cristians\",\"image\":{\"@type\":\"ImageObject\",\"inLanguage\":\"es\",\"@id\":\"https:\/\/e-cristians.cat\/#\/schema\/person\/image\/\",\"url\":\"https:\/\/secure.gravatar.com\/avatar\/14bc9e5b0ca69070f1075ad3efcb33c4?s=96&d=mm&r=g\",\"contentUrl\":\"https:\/\/secure.gravatar.com\/avatar\/14bc9e5b0ca69070f1075ad3efcb33c4?s=96&d=mm&r=g\",\"caption\":\"e-Cristians\"}}]}<\/script>\n<!-- \/ Yoast SEO plugin. -->","yoast_head_json":{"title":"Nota de la Conferencia Episcopal Espa\u00f1ola sobre la ley de la eutanasia - e-Cristians","robots":{"index":"noindex","follow":"nofollow"},"og_locale":"es_ES","og_type":"article","og_title":"Nota de la Conferencia Episcopal Espa\u00f1ola sobre la ley de la eutanasia - e-Cristians","og_description":"No hay enfermos \u201cincuidables\u201d, aunque sean incurables Reflexi\u00f3n a prop\u00f3sito de la tramitaci\u00f3n de la ley sobre la eutanasia El Congreso de los Diputados ha decidido seguir adelante con la tramitaci\u00f3n de la\u00a0Ley Org\u00e1nica de regulaci\u00f3n de la eutanasia. Es una mala noticia, pues la vida humana no es un bien a disposici\u00f3n de nadie....","og_url":"https:\/\/e-cristians.cat\/es\/nota-de-la-conferencia-episcopal-espanola-sobre-la-ley-de-la-eutanasia\/","og_site_name":"e-Cristians","article_published_time":"2020-09-14T11:33:45+00:00","article_modified_time":"2020-09-17T12:10:56+00:00","og_image":[{"width":702,"height":526,"url":"https:\/\/e-cristians.cat\/wp-content\/uploads\/2020\/09\/2020-familia-salud-eutanasia-702x526-1.jpg","type":"image\/jpeg"}],"author":"e-Cristians","twitter_card":"summary_large_image","twitter_misc":{"Escrito por":"e-Cristians","Tiempo de lectura":"3 minutos"},"schema":{"@context":"https:\/\/schema.org","@graph":[{"@type":"WebPage","@id":"https:\/\/e-cristians.cat\/es\/nota-de-la-conferencia-episcopal-espanola-sobre-la-ley-de-la-eutanasia\/","url":"https:\/\/e-cristians.cat\/es\/nota-de-la-conferencia-episcopal-espanola-sobre-la-ley-de-la-eutanasia\/","name":"Nota de la Conferencia Episcopal Espa\u00f1ola sobre la ley de la eutanasia - e-Cristians","isPartOf":{"@id":"https:\/\/e-cristians.cat\/#website"},"datePublished":"2020-09-14T11:33:45+00:00","dateModified":"2020-09-17T12:10:56+00:00","author":{"@id":"https:\/\/e-cristians.cat\/#\/schema\/person\/f0ec475338e49aaef9c9dc9d9f162861"},"breadcrumb":{"@id":"https:\/\/e-cristians.cat\/es\/nota-de-la-conferencia-episcopal-espanola-sobre-la-ley-de-la-eutanasia\/#breadcrumb"},"inLanguage":"es","potentialAction":[{"@type":"ReadAction","target":["https:\/\/e-cristians.cat\/es\/nota-de-la-conferencia-episcopal-espanola-sobre-la-ley-de-la-eutanasia\/"]}]},{"@type":"BreadcrumbList","@id":"https:\/\/e-cristians.cat\/es\/nota-de-la-conferencia-episcopal-espanola-sobre-la-ley-de-la-eutanasia\/#breadcrumb","itemListElement":[{"@type":"ListItem","position":1,"name":"Inici","item":"https:\/\/e-cristians.cat\/es\/"},{"@type":"ListItem","position":2,"name":"Nota de la Conferencia Episcopal Espa\u00f1ola sobre la ley de la eutanasia"}]},{"@type":"WebSite","@id":"https:\/\/e-cristians.cat\/#website","url":"https:\/\/e-cristians.cat\/","name":"e-Cristians","description":"","potentialAction":[{"@type":"SearchAction","target":{"@type":"EntryPoint","urlTemplate":"https:\/\/e-cristians.cat\/?s={search_term_string}"},"query-input":"required name=search_term_string"}],"inLanguage":"es"},{"@type":"Person","@id":"https:\/\/e-cristians.cat\/#\/schema\/person\/f0ec475338e49aaef9c9dc9d9f162861","name":"e-Cristians","image":{"@type":"ImageObject","inLanguage":"es","@id":"https:\/\/e-cristians.cat\/#\/schema\/person\/image\/","url":"https:\/\/secure.gravatar.com\/avatar\/14bc9e5b0ca69070f1075ad3efcb33c4?s=96&d=mm&r=g","contentUrl":"https:\/\/secure.gravatar.com\/avatar\/14bc9e5b0ca69070f1075ad3efcb33c4?s=96&d=mm&r=g","caption":"e-Cristians"}}]}},"jetpack_sharing_enabled":true,"jetpack_featured_media_url":"https:\/\/e-cristians.cat\/wp-content\/uploads\/2020\/09\/2020-familia-salud-eutanasia-702x526-1.jpg","_links":{"self":[{"href":"https:\/\/e-cristians.cat\/es\/wp-json\/wp\/v2\/posts\/1285"}],"collection":[{"href":"https:\/\/e-cristians.cat\/es\/wp-json\/wp\/v2\/posts"}],"about":[{"href":"https:\/\/e-cristians.cat\/es\/wp-json\/wp\/v2\/types\/post"}],"author":[{"embeddable":true,"href":"https:\/\/e-cristians.cat\/es\/wp-json\/wp\/v2\/users\/2"}],"replies":[{"embeddable":true,"href":"https:\/\/e-cristians.cat\/es\/wp-json\/wp\/v2\/comments?post=1285"}],"version-history":[{"count":2,"href":"https:\/\/e-cristians.cat\/es\/wp-json\/wp\/v2\/posts\/1285\/revisions"}],"predecessor-version":[{"id":1289,"href":"https:\/\/e-cristians.cat\/es\/wp-json\/wp\/v2\/posts\/1285\/revisions\/1289"}],"wp:featuredmedia":[{"embeddable":true,"href":"https:\/\/e-cristians.cat\/es\/wp-json\/wp\/v2\/media\/1286"}],"wp:attachment":[{"href":"https:\/\/e-cristians.cat\/es\/wp-json\/wp\/v2\/media?parent=1285"}],"wp:term":[{"taxonomy":"category","embeddable":true,"href":"https:\/\/e-cristians.cat\/es\/wp-json\/wp\/v2\/categories?post=1285"},{"taxonomy":"post_tag","embeddable":true,"href":"https:\/\/e-cristians.cat\/es\/wp-json\/wp\/v2\/tags?post=1285"}],"curies":[{"name":"wp","href":"https:\/\/api.w.org\/{rel}","templated":true}]}}