{"id":130865,"date":"2023-08-31T16:55:15","date_gmt":"2023-08-31T14:55:15","guid":{"rendered":"https:\/\/e-cristians.cat\/?p=130865"},"modified":"2023-08-31T16:55:59","modified_gmt":"2023-08-31T14:55:59","slug":"no-somos-liberales-ni-exactamente-conservadores-ni-revolucionarios-somos-cristianos","status":"publish","type":"post","link":"https:\/\/e-cristians.cat\/es\/no-somos-liberales-ni-exactamente-conservadores-ni-revolucionarios-somos-cristianos\/","title":{"rendered":"No somos liberales, ni exactamente conservadores, ni revolucionarios. Somos cristianos"},"content":{"rendered":"<p><em>Josep Mir\u00f3 i Ard\u00e8vol<\/em><\/p>\n<p>Somos la Buena Nueva para unas sociedades en crisis y un mundo enfrentado. Somos seguidores de Jesucristo y, por tanto, dif\u00edcilmente podemos seguir la ontolog\u00eda liberal. Pero, tampoco, hoy en d\u00eda, el conservadurismo nos aporta un respuesta, y a pesar de que vamos a transformar el mundo, una y otra vez, tantas veces como sea necesario, el intento, que es siempre y hasta la realizaci\u00f3n de Reino, tampoco somos revolucionarios al uso, porque no creemos que cuanto peor, mejor y sabemos que las revoluciones pol\u00edticas da\u00f1an. <a href=\"https:\/\/www.forumlibertas.com\/no-somos-liberales-somos-cristianos\/\" target=\"_blank\" rel=\"noopener\">Leer m\u00e1s.<\/a><\/p>\n","protected":false},"excerpt":{"rendered":"<p>Josep Mir\u00f3 i Ard\u00e8vol Somos la Buena Nueva para unas sociedades en crisis y un mundo enfrentado. Somos seguidores de Jesucristo y, por tanto, dif\u00edcilmente podemos seguir la ontolog\u00eda liberal. Pero, tampoco, hoy en d\u00eda, el conservadurismo nos aporta un respuesta, y a pesar de que vamos a transformar el mundo, una y otra vez,&#8230;<\/p>\n","protected":false},"author":2,"featured_media":130863,"comment_status":"closed","ping_status":"closed","sticky":false,"template":"","format":"standard","meta":{"_jetpack_memberships_contains_paid_content":false,"footnotes":""},"categories":[34,39],"tags":[],"class_list":["post-130865","post","type-post","status-publish","format-standard","has-post-thumbnail","hentry","category-editorials-i-blogs-de-forumlibertas-es","category-portada_news-es"],"yoast_head":"<!-- This site is optimized with the Yoast SEO plugin v20.0 - https:\/\/yoast.com\/wordpress\/plugins\/seo\/ -->\n<title>No somos liberales, ni exactamente conservadores, ni revolucionarios. Somos cristianos - e-Cristians<\/title>\n<meta name=\"robots\" content=\"noindex, nofollow\" \/>\n<meta property=\"og:locale\" content=\"es_ES\" \/>\n<meta property=\"og:type\" content=\"article\" \/>\n<meta property=\"og:title\" content=\"No somos liberales, ni exactamente conservadores, ni revolucionarios. Somos cristianos - e-Cristians\" \/>\n<meta property=\"og:description\" content=\"Josep Mir\u00f3 i Ard\u00e8vol Somos la Buena Nueva para unas sociedades en crisis y un mundo enfrentado. Somos seguidores de Jesucristo y, por tanto, dif\u00edcilmente podemos seguir la ontolog\u00eda liberal. Pero, tampoco, hoy en d\u00eda, el conservadurismo nos aporta un respuesta, y a pesar de que vamos a transformar el mundo, una y otra vez,...\" \/>\n<meta property=\"og:url\" content=\"https:\/\/e-cristians.cat\/es\/no-somos-liberales-ni-exactamente-conservadores-ni-revolucionarios-somos-cristianos\/\" \/>\n<meta property=\"og:site_name\" content=\"e-Cristians\" \/>\n<meta property=\"article:published_time\" content=\"2023-08-31T14:55:15+00:00\" \/>\n<meta property=\"article:modified_time\" content=\"2023-08-31T14:55:59+00:00\" \/>\n<meta property=\"og:image\" content=\"https:\/\/e-cristians.cat\/wp-content\/uploads\/2023\/08\/Espiritu-santo-fuente-de-amor1-600x337-1.jpg\" \/>\n\t<meta property=\"og:image:width\" content=\"600\" \/>\n\t<meta property=\"og:image:height\" content=\"337\" \/>\n\t<meta property=\"og:image:type\" content=\"image\/jpeg\" \/>\n<meta name=\"author\" content=\"e-Cristians\" \/>\n<meta name=\"twitter:card\" content=\"summary_large_image\" \/>\n<meta name=\"twitter:label1\" content=\"Escrito por\" \/>\n\t<meta name=\"twitter:data1\" content=\"e-Cristians\" \/>\n\t<meta name=\"twitter:label2\" content=\"Tiempo de lectura\" \/>\n\t<meta name=\"twitter:data2\" content=\"1 minuto\" \/>\n<script type=\"application\/ld+json\" class=\"yoast-schema-graph\">{\"@context\":\"https:\/\/schema.org\",\"@graph\":[{\"@type\":\"WebPage\",\"@id\":\"https:\/\/e-cristians.cat\/es\/no-somos-liberales-ni-exactamente-conservadores-ni-revolucionarios-somos-cristianos\/\",\"url\":\"https:\/\/e-cristians.cat\/es\/no-somos-liberales-ni-exactamente-conservadores-ni-revolucionarios-somos-cristianos\/\",\"name\":\"No somos liberales, ni exactamente conservadores, ni revolucionarios. Somos cristianos - e-Cristians\",\"isPartOf\":{\"@id\":\"https:\/\/e-cristians.cat\/#website\"},\"datePublished\":\"2023-08-31T14:55:15+00:00\",\"dateModified\":\"2023-08-31T14:55:59+00:00\",\"author\":{\"@id\":\"https:\/\/e-cristians.cat\/#\/schema\/person\/f0ec475338e49aaef9c9dc9d9f162861\"},\"breadcrumb\":{\"@id\":\"https:\/\/e-cristians.cat\/es\/no-somos-liberales-ni-exactamente-conservadores-ni-revolucionarios-somos-cristianos\/#breadcrumb\"},\"inLanguage\":\"es\",\"potentialAction\":[{\"@type\":\"ReadAction\",\"target\":[\"https:\/\/e-cristians.cat\/es\/no-somos-liberales-ni-exactamente-conservadores-ni-revolucionarios-somos-cristianos\/\"]}]},{\"@type\":\"BreadcrumbList\",\"@id\":\"https:\/\/e-cristians.cat\/es\/no-somos-liberales-ni-exactamente-conservadores-ni-revolucionarios-somos-cristianos\/#breadcrumb\",\"itemListElement\":[{\"@type\":\"ListItem\",\"position\":1,\"name\":\"Inici\",\"item\":\"https:\/\/e-cristians.cat\/es\/\"},{\"@type\":\"ListItem\",\"position\":2,\"name\":\"No somos liberales, ni exactamente conservadores, ni revolucionarios. Somos cristianos\"}]},{\"@type\":\"WebSite\",\"@id\":\"https:\/\/e-cristians.cat\/#website\",\"url\":\"https:\/\/e-cristians.cat\/\",\"name\":\"e-Cristians\",\"description\":\"\",\"potentialAction\":[{\"@type\":\"SearchAction\",\"target\":{\"@type\":\"EntryPoint\",\"urlTemplate\":\"https:\/\/e-cristians.cat\/?s={search_term_string}\"},\"query-input\":\"required name=search_term_string\"}],\"inLanguage\":\"es\"},{\"@type\":\"Person\",\"@id\":\"https:\/\/e-cristians.cat\/#\/schema\/person\/f0ec475338e49aaef9c9dc9d9f162861\",\"name\":\"e-Cristians\",\"image\":{\"@type\":\"ImageObject\",\"inLanguage\":\"es\",\"@id\":\"https:\/\/e-cristians.cat\/#\/schema\/person\/image\/\",\"url\":\"https:\/\/secure.gravatar.com\/avatar\/14bc9e5b0ca69070f1075ad3efcb33c4?s=96&d=mm&r=g\",\"contentUrl\":\"https:\/\/secure.gravatar.com\/avatar\/14bc9e5b0ca69070f1075ad3efcb33c4?s=96&d=mm&r=g\",\"caption\":\"e-Cristians\"}}]}<\/script>\n<!-- \/ Yoast SEO plugin. -->","yoast_head_json":{"title":"No somos liberales, ni exactamente conservadores, ni revolucionarios. Somos cristianos - e-Cristians","robots":{"index":"noindex","follow":"nofollow"},"og_locale":"es_ES","og_type":"article","og_title":"No somos liberales, ni exactamente conservadores, ni revolucionarios. Somos cristianos - e-Cristians","og_description":"Josep Mir\u00f3 i Ard\u00e8vol Somos la Buena Nueva para unas sociedades en crisis y un mundo enfrentado. Somos seguidores de Jesucristo y, por tanto, dif\u00edcilmente podemos seguir la ontolog\u00eda liberal. Pero, tampoco, hoy en d\u00eda, el conservadurismo nos aporta un respuesta, y a pesar de que vamos a transformar el mundo, una y otra vez,...","og_url":"https:\/\/e-cristians.cat\/es\/no-somos-liberales-ni-exactamente-conservadores-ni-revolucionarios-somos-cristianos\/","og_site_name":"e-Cristians","article_published_time":"2023-08-31T14:55:15+00:00","article_modified_time":"2023-08-31T14:55:59+00:00","og_image":[{"width":600,"height":337,"url":"https:\/\/e-cristians.cat\/wp-content\/uploads\/2023\/08\/Espiritu-santo-fuente-de-amor1-600x337-1.jpg","type":"image\/jpeg"}],"author":"e-Cristians","twitter_card":"summary_large_image","twitter_misc":{"Escrito por":"e-Cristians","Tiempo de lectura":"1 minuto"},"schema":{"@context":"https:\/\/schema.org","@graph":[{"@type":"WebPage","@id":"https:\/\/e-cristians.cat\/es\/no-somos-liberales-ni-exactamente-conservadores-ni-revolucionarios-somos-cristianos\/","url":"https:\/\/e-cristians.cat\/es\/no-somos-liberales-ni-exactamente-conservadores-ni-revolucionarios-somos-cristianos\/","name":"No somos liberales, ni exactamente conservadores, ni revolucionarios. Somos cristianos - e-Cristians","isPartOf":{"@id":"https:\/\/e-cristians.cat\/#website"},"datePublished":"2023-08-31T14:55:15+00:00","dateModified":"2023-08-31T14:55:59+00:00","author":{"@id":"https:\/\/e-cristians.cat\/#\/schema\/person\/f0ec475338e49aaef9c9dc9d9f162861"},"breadcrumb":{"@id":"https:\/\/e-cristians.cat\/es\/no-somos-liberales-ni-exactamente-conservadores-ni-revolucionarios-somos-cristianos\/#breadcrumb"},"inLanguage":"es","potentialAction":[{"@type":"ReadAction","target":["https:\/\/e-cristians.cat\/es\/no-somos-liberales-ni-exactamente-conservadores-ni-revolucionarios-somos-cristianos\/"]}]},{"@type":"BreadcrumbList","@id":"https:\/\/e-cristians.cat\/es\/no-somos-liberales-ni-exactamente-conservadores-ni-revolucionarios-somos-cristianos\/#breadcrumb","itemListElement":[{"@type":"ListItem","position":1,"name":"Inici","item":"https:\/\/e-cristians.cat\/es\/"},{"@type":"ListItem","position":2,"name":"No somos liberales, ni exactamente conservadores, ni revolucionarios. Somos cristianos"}]},{"@type":"WebSite","@id":"https:\/\/e-cristians.cat\/#website","url":"https:\/\/e-cristians.cat\/","name":"e-Cristians","description":"","potentialAction":[{"@type":"SearchAction","target":{"@type":"EntryPoint","urlTemplate":"https:\/\/e-cristians.cat\/?s={search_term_string}"},"query-input":"required name=search_term_string"}],"inLanguage":"es"},{"@type":"Person","@id":"https:\/\/e-cristians.cat\/#\/schema\/person\/f0ec475338e49aaef9c9dc9d9f162861","name":"e-Cristians","image":{"@type":"ImageObject","inLanguage":"es","@id":"https:\/\/e-cristians.cat\/#\/schema\/person\/image\/","url":"https:\/\/secure.gravatar.com\/avatar\/14bc9e5b0ca69070f1075ad3efcb33c4?s=96&d=mm&r=g","contentUrl":"https:\/\/secure.gravatar.com\/avatar\/14bc9e5b0ca69070f1075ad3efcb33c4?s=96&d=mm&r=g","caption":"e-Cristians"}}]}},"jetpack_sharing_enabled":true,"jetpack_featured_media_url":"https:\/\/e-cristians.cat\/wp-content\/uploads\/2023\/08\/Espiritu-santo-fuente-de-amor1-600x337-1.jpg","_links":{"self":[{"href":"https:\/\/e-cristians.cat\/es\/wp-json\/wp\/v2\/posts\/130865"}],"collection":[{"href":"https:\/\/e-cristians.cat\/es\/wp-json\/wp\/v2\/posts"}],"about":[{"href":"https:\/\/e-cristians.cat\/es\/wp-json\/wp\/v2\/types\/post"}],"author":[{"embeddable":true,"href":"https:\/\/e-cristians.cat\/es\/wp-json\/wp\/v2\/users\/2"}],"replies":[{"embeddable":true,"href":"https:\/\/e-cristians.cat\/es\/wp-json\/wp\/v2\/comments?post=130865"}],"version-history":[{"count":1,"href":"https:\/\/e-cristians.cat\/es\/wp-json\/wp\/v2\/posts\/130865\/revisions"}],"predecessor-version":[{"id":130866,"href":"https:\/\/e-cristians.cat\/es\/wp-json\/wp\/v2\/posts\/130865\/revisions\/130866"}],"wp:featuredmedia":[{"embeddable":true,"href":"https:\/\/e-cristians.cat\/es\/wp-json\/wp\/v2\/media\/130863"}],"wp:attachment":[{"href":"https:\/\/e-cristians.cat\/es\/wp-json\/wp\/v2\/media?parent=130865"}],"wp:term":[{"taxonomy":"category","embeddable":true,"href":"https:\/\/e-cristians.cat\/es\/wp-json\/wp\/v2\/categories?post=130865"},{"taxonomy":"post_tag","embeddable":true,"href":"https:\/\/e-cristians.cat\/es\/wp-json\/wp\/v2\/tags?post=130865"}],"curies":[{"name":"wp","href":"https:\/\/api.w.org\/{rel}","templated":true}]}}