{"id":130874,"date":"2023-08-31T17:22:00","date_gmt":"2023-08-31T15:22:00","guid":{"rendered":"https:\/\/e-cristians.cat\/?p=130874"},"modified":"2023-09-15T12:03:57","modified_gmt":"2023-09-15T10:03:57","slug":"carta-semanal-de-josep-miro-empezamos-el-nuevo-curso-con-un-gran-proyecto","status":"publish","type":"post","link":"https:\/\/e-cristians.cat\/es\/carta-semanal-de-josep-miro-empezamos-el-nuevo-curso-con-un-gran-proyecto\/","title":{"rendered":"Empezamos el nuevo curso con un gran proyecto"},"content":{"rendered":"<p>Apreciados amigos y amigas de e-Cristians,<\/p>\n<p>Deseo que vuestro descanso estival haya sido fruct\u00edfero y que os reintegr\u00e9is con buena alma a la v\u00eda cotidiana.<\/p>\n<p><span class=\"\">Es evidente que el hecho m\u00e1s destacable de este per\u00edodo estival ha sido la\u00a0<\/span><a href=\"https:\/\/translate.google.com\/website?sl=ca&amp;tl=es&amp;hl=ca&amp;client=webapp&amp;u=https:\/\/www.forumlibertas.com\/jmj-de-lisboa-papa-francisco\/\" target=\"_blank\" rel=\"noopener\"><strong><span class=\"\">JMJ en Lisboa<\/span><\/strong><\/a><span class=\"\">\u00a0que concentr\u00f3\u00a0<\/span><strong><span class=\"\">a un mill\u00f3n y medio de j\u00f3venes<\/span><\/strong><span class=\"\">, sin que se produjera ning\u00fan tipo de incidente ni altercado ni desorden.\u00a0<\/span>Pese a la dimensi\u00f3n extraordinaria del hecho, hay que constatar que los medios de comunicaci\u00f3n se hicieron un eco muy escaso, para poder mostrar alg\u00fan v\u00eddeo que resultara escandaloso, como por ejemplo el de un grupo de j\u00f3venes cantando un himno falangista. <span class=\"VIpgJd-yAWNEb-VIpgJd-fmcmS-sn54Q\">La visi\u00f3n sectaria con que se vive toda manifestaci\u00f3n cristiana por parte de determinados sectores de la poblaci\u00f3n es realmente preocupante.\u00a0<\/span>En todo caso, lo que es patente es que\u00a0<strong>la Iglesia sigue teniendo un fuerte atractivo para todo un sector de j\u00f3venes <\/strong>que buscan sentido en sus vidas y siguen queriendo, como siempre ha sido com\u00fan a la condici\u00f3n de joven, disponer de un gran horizonte al que acercarse.<\/p>\n<p>En este inicio de curso os puedo apuntar que los trabajos para dar forma al gran proyecto que provisionalmente se denomina\u00a0<a href=\"https:\/\/e-cristians.cat\/es\/la-construccion-de-la-corriente-social-cristiana\/\" target=\"_blank\" rel=\"noopener\"><strong>Corriente Social Cristiana<\/strong><\/a>\u00a0sigue progresando, y que\u00a0<strong>a finales de septiembre o como mucho tardar el primer s\u00e1bado de octubre<\/strong>, habr\u00e1 un\u00a0<strong>encuentro presencial, la segunda<\/strong> despu\u00e9s de la de los Caputxins, de la que <strong>os iremos informando<\/strong>.\u00a0Lo que avance y progrese esta nueva presencia de fundamentos cristianos, pero no confesional, es decisivo, porque si cuaja puede determinar un cambio sustancial del escenario cultural y pol\u00edtico en Catalunya. <strong>Os invito a seguir y a participar<\/strong>\u00a0en la medida de lo posible de esta nueva y extraordinaria iniciativa.<\/p>\n<p>Para hacer boca, adjunto la <a href=\"https:\/\/e-cristians.cat\/es\/10-puntos-basicos-de-la-enciclica-veritatis-splendor-debemos-recuperarla\/\" target=\"_blank\" rel=\"noopener\">\u00faltima editorial de ForumLibertas<\/a>\u00a0y\u00a0<a href=\"https:\/\/e-cristians.cat\/es\/no-somos-liberales-ni-exactamente-conservadores-ni-revolucionarios-somos-cristianos\/\" target=\"_blank\" rel=\"noopener\">mi blog<\/a>.\u00a0Creo que puede ser de vuestro inter\u00e9s.<\/p>\n<p>\u00a1Paz y bien!<\/p>\n","protected":false},"excerpt":{"rendered":"<p>Apreciados amigos y amigas de e-Cristians, Deseo que vuestro descanso estival haya sido fruct\u00edfero y que os reintegr\u00e9is con buena alma a la v\u00eda cotidiana. Es evidente que el hecho m\u00e1s destacable de este per\u00edodo estival ha sido la\u00a0JMJ en Lisboa\u00a0que concentr\u00f3\u00a0a un mill\u00f3n y medio de j\u00f3venes, sin que se produjera ning\u00fan tipo de&#8230;<\/p>\n","protected":false},"author":2,"featured_media":130877,"comment_status":"closed","ping_status":"closed","sticky":false,"template":"","format":"standard","meta":{"_jetpack_memberships_contains_paid_content":false,"footnotes":""},"categories":[29],"tags":[],"class_list":["post-130874","post","type-post","status-publish","format-standard","has-post-thumbnail","hentry","category-carta-setmanal-de-josep-miro-i-ardevol-es"],"yoast_head":"<!-- This site is optimized with the Yoast SEO plugin v20.0 - https:\/\/yoast.com\/wordpress\/plugins\/seo\/ -->\n<title>e-Cristians: Empezamos el nuevo curso con un gran proyecto<\/title>\n<meta name=\"description\" content=\"Los trabajos para dar forma al gran proyecto que provisionalmente se denomina Corriente Social Cristiano sigue progresando\" \/>\n<meta name=\"robots\" content=\"index, follow, max-snippet:-1, max-image-preview:large, max-video-preview:-1\" \/>\n<link rel=\"canonical\" href=\"https:\/\/e-cristians.cat\/es\/carta-semanal-de-josep-miro-empezamos-el-nuevo-curso-con-un-gran-proyecto\/\" \/>\n<meta property=\"og:locale\" content=\"es_ES\" \/>\n<meta property=\"og:type\" content=\"article\" \/>\n<meta property=\"og:title\" content=\"e-Cristians: Empezamos el nuevo curso con un gran proyecto\" \/>\n<meta property=\"og:description\" content=\"Los trabajos para dar forma al gran proyecto que provisionalmente se denomina Corriente Social Cristiano sigue progresando\" \/>\n<meta property=\"og:url\" content=\"https:\/\/e-cristians.cat\/es\/carta-semanal-de-josep-miro-empezamos-el-nuevo-curso-con-un-gran-proyecto\/\" \/>\n<meta property=\"og:site_name\" content=\"e-Cristians\" \/>\n<meta property=\"article:published_time\" content=\"2023-08-31T15:22:00+00:00\" \/>\n<meta property=\"article:modified_time\" content=\"2023-09-15T10:03:57+00:00\" \/>\n<meta property=\"og:image\" content=\"https:\/\/e-cristians.cat\/wp-content\/uploads\/2023\/08\/1690917021191-1.jpg\" \/>\n\t<meta property=\"og:image:width\" content=\"1280\" \/>\n\t<meta property=\"og:image:height\" content=\"720\" \/>\n\t<meta property=\"og:image:type\" content=\"image\/jpeg\" \/>\n<meta name=\"author\" content=\"e-Cristians\" \/>\n<meta name=\"twitter:card\" content=\"summary_large_image\" \/>\n<meta name=\"twitter:label1\" content=\"Escrito por\" \/>\n\t<meta name=\"twitter:data1\" content=\"e-Cristians\" \/>\n\t<meta name=\"twitter:label2\" content=\"Tiempo de lectura\" \/>\n\t<meta name=\"twitter:data2\" content=\"2 minutos\" \/>\n<script type=\"application\/ld+json\" class=\"yoast-schema-graph\">{\"@context\":\"https:\/\/schema.org\",\"@graph\":[{\"@type\":\"WebPage\",\"@id\":\"https:\/\/e-cristians.cat\/es\/carta-semanal-de-josep-miro-empezamos-el-nuevo-curso-con-un-gran-proyecto\/\",\"url\":\"https:\/\/e-cristians.cat\/es\/carta-semanal-de-josep-miro-empezamos-el-nuevo-curso-con-un-gran-proyecto\/\",\"name\":\"e-Cristians: Empezamos el nuevo curso con un gran proyecto\",\"isPartOf\":{\"@id\":\"https:\/\/e-cristians.cat\/#website\"},\"datePublished\":\"2023-08-31T15:22:00+00:00\",\"dateModified\":\"2023-09-15T10:03:57+00:00\",\"author\":{\"@id\":\"https:\/\/e-cristians.cat\/#\/schema\/person\/f0ec475338e49aaef9c9dc9d9f162861\"},\"description\":\"Los trabajos para dar forma al gran proyecto que provisionalmente se denomina Corriente Social Cristiano sigue progresando\",\"breadcrumb\":{\"@id\":\"https:\/\/e-cristians.cat\/es\/carta-semanal-de-josep-miro-empezamos-el-nuevo-curso-con-un-gran-proyecto\/#breadcrumb\"},\"inLanguage\":\"es\",\"potentialAction\":[{\"@type\":\"ReadAction\",\"target\":[\"https:\/\/e-cristians.cat\/es\/carta-semanal-de-josep-miro-empezamos-el-nuevo-curso-con-un-gran-proyecto\/\"]}]},{\"@type\":\"BreadcrumbList\",\"@id\":\"https:\/\/e-cristians.cat\/es\/carta-semanal-de-josep-miro-empezamos-el-nuevo-curso-con-un-gran-proyecto\/#breadcrumb\",\"itemListElement\":[{\"@type\":\"ListItem\",\"position\":1,\"name\":\"Inici\",\"item\":\"https:\/\/e-cristians.cat\/es\/\"},{\"@type\":\"ListItem\",\"position\":2,\"name\":\"Empezamos el nuevo curso con un gran proyecto\"}]},{\"@type\":\"WebSite\",\"@id\":\"https:\/\/e-cristians.cat\/#website\",\"url\":\"https:\/\/e-cristians.cat\/\",\"name\":\"e-Cristians\",\"description\":\"\",\"potentialAction\":[{\"@type\":\"SearchAction\",\"target\":{\"@type\":\"EntryPoint\",\"urlTemplate\":\"https:\/\/e-cristians.cat\/?s={search_term_string}\"},\"query-input\":\"required name=search_term_string\"}],\"inLanguage\":\"es\"},{\"@type\":\"Person\",\"@id\":\"https:\/\/e-cristians.cat\/#\/schema\/person\/f0ec475338e49aaef9c9dc9d9f162861\",\"name\":\"e-Cristians\",\"image\":{\"@type\":\"ImageObject\",\"inLanguage\":\"es\",\"@id\":\"https:\/\/e-cristians.cat\/#\/schema\/person\/image\/\",\"url\":\"https:\/\/secure.gravatar.com\/avatar\/14bc9e5b0ca69070f1075ad3efcb33c4?s=96&d=mm&r=g\",\"contentUrl\":\"https:\/\/secure.gravatar.com\/avatar\/14bc9e5b0ca69070f1075ad3efcb33c4?s=96&d=mm&r=g\",\"caption\":\"e-Cristians\"}}]}<\/script>\n<!-- \/ Yoast SEO plugin. -->","yoast_head_json":{"title":"e-Cristians: Empezamos el nuevo curso con un gran proyecto","description":"Los trabajos para dar forma al gran proyecto que provisionalmente se denomina Corriente Social Cristiano sigue progresando","robots":{"index":"index","follow":"follow","max-snippet":"max-snippet:-1","max-image-preview":"max-image-preview:large","max-video-preview":"max-video-preview:-1"},"canonical":"https:\/\/e-cristians.cat\/es\/carta-semanal-de-josep-miro-empezamos-el-nuevo-curso-con-un-gran-proyecto\/","og_locale":"es_ES","og_type":"article","og_title":"e-Cristians: Empezamos el nuevo curso con un gran proyecto","og_description":"Los trabajos para dar forma al gran proyecto que provisionalmente se denomina Corriente Social Cristiano sigue progresando","og_url":"https:\/\/e-cristians.cat\/es\/carta-semanal-de-josep-miro-empezamos-el-nuevo-curso-con-un-gran-proyecto\/","og_site_name":"e-Cristians","article_published_time":"2023-08-31T15:22:00+00:00","article_modified_time":"2023-09-15T10:03:57+00:00","og_image":[{"width":1280,"height":720,"url":"https:\/\/e-cristians.cat\/wp-content\/uploads\/2023\/08\/1690917021191-1.jpg","type":"image\/jpeg"}],"author":"e-Cristians","twitter_card":"summary_large_image","twitter_misc":{"Escrito por":"e-Cristians","Tiempo de lectura":"2 minutos"},"schema":{"@context":"https:\/\/schema.org","@graph":[{"@type":"WebPage","@id":"https:\/\/e-cristians.cat\/es\/carta-semanal-de-josep-miro-empezamos-el-nuevo-curso-con-un-gran-proyecto\/","url":"https:\/\/e-cristians.cat\/es\/carta-semanal-de-josep-miro-empezamos-el-nuevo-curso-con-un-gran-proyecto\/","name":"e-Cristians: Empezamos el nuevo curso con un gran proyecto","isPartOf":{"@id":"https:\/\/e-cristians.cat\/#website"},"datePublished":"2023-08-31T15:22:00+00:00","dateModified":"2023-09-15T10:03:57+00:00","author":{"@id":"https:\/\/e-cristians.cat\/#\/schema\/person\/f0ec475338e49aaef9c9dc9d9f162861"},"description":"Los trabajos para dar forma al gran proyecto que provisionalmente se denomina Corriente Social Cristiano sigue progresando","breadcrumb":{"@id":"https:\/\/e-cristians.cat\/es\/carta-semanal-de-josep-miro-empezamos-el-nuevo-curso-con-un-gran-proyecto\/#breadcrumb"},"inLanguage":"es","potentialAction":[{"@type":"ReadAction","target":["https:\/\/e-cristians.cat\/es\/carta-semanal-de-josep-miro-empezamos-el-nuevo-curso-con-un-gran-proyecto\/"]}]},{"@type":"BreadcrumbList","@id":"https:\/\/e-cristians.cat\/es\/carta-semanal-de-josep-miro-empezamos-el-nuevo-curso-con-un-gran-proyecto\/#breadcrumb","itemListElement":[{"@type":"ListItem","position":1,"name":"Inici","item":"https:\/\/e-cristians.cat\/es\/"},{"@type":"ListItem","position":2,"name":"Empezamos el nuevo curso con un gran proyecto"}]},{"@type":"WebSite","@id":"https:\/\/e-cristians.cat\/#website","url":"https:\/\/e-cristians.cat\/","name":"e-Cristians","description":"","potentialAction":[{"@type":"SearchAction","target":{"@type":"EntryPoint","urlTemplate":"https:\/\/e-cristians.cat\/?s={search_term_string}"},"query-input":"required name=search_term_string"}],"inLanguage":"es"},{"@type":"Person","@id":"https:\/\/e-cristians.cat\/#\/schema\/person\/f0ec475338e49aaef9c9dc9d9f162861","name":"e-Cristians","image":{"@type":"ImageObject","inLanguage":"es","@id":"https:\/\/e-cristians.cat\/#\/schema\/person\/image\/","url":"https:\/\/secure.gravatar.com\/avatar\/14bc9e5b0ca69070f1075ad3efcb33c4?s=96&d=mm&r=g","contentUrl":"https:\/\/secure.gravatar.com\/avatar\/14bc9e5b0ca69070f1075ad3efcb33c4?s=96&d=mm&r=g","caption":"e-Cristians"}}]}},"jetpack_sharing_enabled":true,"jetpack_featured_media_url":"https:\/\/e-cristians.cat\/wp-content\/uploads\/2023\/08\/1690917021191-1.jpg","_links":{"self":[{"href":"https:\/\/e-cristians.cat\/es\/wp-json\/wp\/v2\/posts\/130874"}],"collection":[{"href":"https:\/\/e-cristians.cat\/es\/wp-json\/wp\/v2\/posts"}],"about":[{"href":"https:\/\/e-cristians.cat\/es\/wp-json\/wp\/v2\/types\/post"}],"author":[{"embeddable":true,"href":"https:\/\/e-cristians.cat\/es\/wp-json\/wp\/v2\/users\/2"}],"replies":[{"embeddable":true,"href":"https:\/\/e-cristians.cat\/es\/wp-json\/wp\/v2\/comments?post=130874"}],"version-history":[{"count":3,"href":"https:\/\/e-cristians.cat\/es\/wp-json\/wp\/v2\/posts\/130874\/revisions"}],"predecessor-version":[{"id":134005,"href":"https:\/\/e-cristians.cat\/es\/wp-json\/wp\/v2\/posts\/130874\/revisions\/134005"}],"wp:featuredmedia":[{"embeddable":true,"href":"https:\/\/e-cristians.cat\/es\/wp-json\/wp\/v2\/media\/130877"}],"wp:attachment":[{"href":"https:\/\/e-cristians.cat\/es\/wp-json\/wp\/v2\/media?parent=130874"}],"wp:term":[{"taxonomy":"category","embeddable":true,"href":"https:\/\/e-cristians.cat\/es\/wp-json\/wp\/v2\/categories?post=130874"},{"taxonomy":"post_tag","embeddable":true,"href":"https:\/\/e-cristians.cat\/es\/wp-json\/wp\/v2\/tags?post=130874"}],"curies":[{"name":"wp","href":"https:\/\/api.w.org\/{rel}","templated":true}]}}