{"id":1318,"date":"2020-09-14T11:29:41","date_gmt":"2020-09-14T09:29:41","guid":{"rendered":"https:\/\/e-cristians.cat\/?p=1318"},"modified":"2020-09-18T11:35:22","modified_gmt":"2020-09-18T09:35:22","slug":"comunicado-de-aebi-sobre-la-ley-organica-de-la-eutanasia","status":"publish","type":"post","link":"https:\/\/e-cristians.cat\/es\/comunicado-de-aebi-sobre-la-ley-organica-de-la-eutanasia\/","title":{"rendered":"Comunicado de AEBI sobre la Ley org\u00e1nica de la Eutanasia"},"content":{"rendered":"<ol>\n<li>Con respecto a los tr\u00e1mites parlamentarios sobre una Ley Org\u00e1nica de Regulaci\u00f3n de<br \/>\nla Eutanasia, la Asociaci\u00f3n Espa\u00f1ola de Bio\u00e9tica y \u00c9tica M\u00e9dica (AEBI) reafirma sus<br \/>\nanteriores posicionamientos de respeto incondicional a la vida humana en su entero<br \/>\nciclo vital. <a href=\"http:\/\/aebioetica.org\/archivos\/ComunicadoAEBIEutanasia-2020.pdf\" target=\"_blank\" rel=\"noopener noreferrer\">http:\/\/aebioetica.org\/archivos\/ComunicadoAEBIEutanasia-2020.pdf<\/a>.<\/li>\n<li>Adem\u00e1s, no se entiende como en estos momentos de pandemia, en los que todos<br \/>\nconsideramos la vida un bien preciado y fr\u00e1gil, que hay que proteger delicadamente, se<br \/>\nsiga adelante con una normativa que quiere dar cobertura legal a la muerte deliberada<br \/>\nde seres humanos. Nos unimos a las peticiones del Consejo General de Colegios<br \/>\nOficiales de M\u00e9dicos: <a href=\"https:\/\/www.cgcom.es\/sites\/default\/files\/\/u183\/np_eutanasia_11_09_2020.pdf\" target=\"_blank\" rel=\"noopener noreferrer\">https:\/\/www.cgcom.es\/sites\/default\/files\/\/u183\/np_eutanasia_11_09_2020.pdf<\/a> y<br \/>\nsolicitamos tanto la elaboraci\u00f3n, la financiaci\u00f3n, como la ejecuci\u00f3n urgente de medidas,<br \/>\nque favorezcan humanizar m\u00e1s el final de la vida en nuestro sistema de salud.<\/li>\n<\/ol>\n","protected":false},"excerpt":{"rendered":"<p>Con respecto a los tr\u00e1mites parlamentarios sobre una Ley Org\u00e1nica de Regulaci\u00f3n de la Eutanasia, la Asociaci\u00f3n Espa\u00f1ola de Bio\u00e9tica y \u00c9tica M\u00e9dica (AEBI) reafirma sus anteriores posicionamientos de respeto incondicional a la vida humana en su entero ciclo vital. http:\/\/aebioetica.org\/archivos\/ComunicadoAEBIEutanasia-2020.pdf. Adem\u00e1s, no se entiende como en estos momentos de pandemia, en los que todos&#8230;<\/p>\n","protected":false},"author":2,"featured_media":1319,"comment_status":"closed","ping_status":"closed","sticky":false,"template":"","format":"standard","meta":{"_jetpack_memberships_contains_paid_content":false,"footnotes":""},"categories":[33],"tags":[44],"class_list":["post-1318","post","type-post","status-publish","format-standard","has-post-thumbnail","hentry","category-altres-entitats-informacions-agenda-i-documents-es","tag-eutanasia-es"],"yoast_head":"<!-- This site is optimized with the Yoast SEO plugin v20.0 - https:\/\/yoast.com\/wordpress\/plugins\/seo\/ -->\n<title>Comunicado de AEBI sobre la Ley org\u00e1nica de la Eutanasia - e-Cristians<\/title>\n<meta name=\"robots\" content=\"noindex, nofollow\" \/>\n<meta property=\"og:locale\" content=\"es_ES\" \/>\n<meta property=\"og:type\" content=\"article\" \/>\n<meta property=\"og:title\" content=\"Comunicado de AEBI sobre la Ley org\u00e1nica de la Eutanasia - e-Cristians\" \/>\n<meta property=\"og:description\" content=\"Con respecto a los tr\u00e1mites parlamentarios sobre una Ley Org\u00e1nica de Regulaci\u00f3n de la Eutanasia, la Asociaci\u00f3n Espa\u00f1ola de Bio\u00e9tica y \u00c9tica M\u00e9dica (AEBI) reafirma sus anteriores posicionamientos de respeto incondicional a la vida humana en su entero ciclo vital. http:\/\/aebioetica.org\/archivos\/ComunicadoAEBIEutanasia-2020.pdf. Adem\u00e1s, no se entiende como en estos momentos de pandemia, en los que todos...\" \/>\n<meta property=\"og:url\" content=\"https:\/\/e-cristians.cat\/es\/comunicado-de-aebi-sobre-la-ley-organica-de-la-eutanasia\/\" \/>\n<meta property=\"og:site_name\" content=\"e-Cristians\" \/>\n<meta property=\"article:published_time\" content=\"2020-09-14T09:29:41+00:00\" \/>\n<meta property=\"article:modified_time\" content=\"2020-09-18T09:35:22+00:00\" \/>\n<meta property=\"og:image\" content=\"https:\/\/e-cristians.cat\/wp-content\/uploads\/2020\/09\/eutanasia-2.jpg\" \/>\n\t<meta property=\"og:image:width\" content=\"900\" \/>\n\t<meta property=\"og:image:height\" content=\"450\" \/>\n\t<meta property=\"og:image:type\" content=\"image\/jpeg\" \/>\n<meta name=\"author\" content=\"e-Cristians\" \/>\n<meta name=\"twitter:card\" content=\"summary_large_image\" \/>\n<meta name=\"twitter:label1\" content=\"Escrito por\" \/>\n\t<meta name=\"twitter:data1\" content=\"e-Cristians\" \/>\n\t<meta name=\"twitter:label2\" content=\"Tiempo de lectura\" \/>\n\t<meta name=\"twitter:data2\" content=\"1 minuto\" \/>\n<script type=\"application\/ld+json\" class=\"yoast-schema-graph\">{\"@context\":\"https:\/\/schema.org\",\"@graph\":[{\"@type\":\"WebPage\",\"@id\":\"https:\/\/e-cristians.cat\/es\/comunicado-de-aebi-sobre-la-ley-organica-de-la-eutanasia\/\",\"url\":\"https:\/\/e-cristians.cat\/es\/comunicado-de-aebi-sobre-la-ley-organica-de-la-eutanasia\/\",\"name\":\"Comunicado de AEBI sobre la Ley org\u00e1nica de la Eutanasia - e-Cristians\",\"isPartOf\":{\"@id\":\"https:\/\/e-cristians.cat\/#website\"},\"datePublished\":\"2020-09-14T09:29:41+00:00\",\"dateModified\":\"2020-09-18T09:35:22+00:00\",\"author\":{\"@id\":\"https:\/\/e-cristians.cat\/#\/schema\/person\/f0ec475338e49aaef9c9dc9d9f162861\"},\"breadcrumb\":{\"@id\":\"https:\/\/e-cristians.cat\/es\/comunicado-de-aebi-sobre-la-ley-organica-de-la-eutanasia\/#breadcrumb\"},\"inLanguage\":\"es\",\"potentialAction\":[{\"@type\":\"ReadAction\",\"target\":[\"https:\/\/e-cristians.cat\/es\/comunicado-de-aebi-sobre-la-ley-organica-de-la-eutanasia\/\"]}]},{\"@type\":\"BreadcrumbList\",\"@id\":\"https:\/\/e-cristians.cat\/es\/comunicado-de-aebi-sobre-la-ley-organica-de-la-eutanasia\/#breadcrumb\",\"itemListElement\":[{\"@type\":\"ListItem\",\"position\":1,\"name\":\"Inici\",\"item\":\"https:\/\/e-cristians.cat\/es\/\"},{\"@type\":\"ListItem\",\"position\":2,\"name\":\"Comunicado de AEBI sobre la Ley org\u00e1nica de la Eutanasia\"}]},{\"@type\":\"WebSite\",\"@id\":\"https:\/\/e-cristians.cat\/#website\",\"url\":\"https:\/\/e-cristians.cat\/\",\"name\":\"e-Cristians\",\"description\":\"\",\"potentialAction\":[{\"@type\":\"SearchAction\",\"target\":{\"@type\":\"EntryPoint\",\"urlTemplate\":\"https:\/\/e-cristians.cat\/?s={search_term_string}\"},\"query-input\":\"required name=search_term_string\"}],\"inLanguage\":\"es\"},{\"@type\":\"Person\",\"@id\":\"https:\/\/e-cristians.cat\/#\/schema\/person\/f0ec475338e49aaef9c9dc9d9f162861\",\"name\":\"e-Cristians\",\"image\":{\"@type\":\"ImageObject\",\"inLanguage\":\"es\",\"@id\":\"https:\/\/e-cristians.cat\/#\/schema\/person\/image\/\",\"url\":\"https:\/\/secure.gravatar.com\/avatar\/14bc9e5b0ca69070f1075ad3efcb33c4?s=96&d=mm&r=g\",\"contentUrl\":\"https:\/\/secure.gravatar.com\/avatar\/14bc9e5b0ca69070f1075ad3efcb33c4?s=96&d=mm&r=g\",\"caption\":\"e-Cristians\"}}]}<\/script>\n<!-- \/ Yoast SEO plugin. -->","yoast_head_json":{"title":"Comunicado de AEBI sobre la Ley org\u00e1nica de la Eutanasia - e-Cristians","robots":{"index":"noindex","follow":"nofollow"},"og_locale":"es_ES","og_type":"article","og_title":"Comunicado de AEBI sobre la Ley org\u00e1nica de la Eutanasia - e-Cristians","og_description":"Con respecto a los tr\u00e1mites parlamentarios sobre una Ley Org\u00e1nica de Regulaci\u00f3n de la Eutanasia, la Asociaci\u00f3n Espa\u00f1ola de Bio\u00e9tica y \u00c9tica M\u00e9dica (AEBI) reafirma sus anteriores posicionamientos de respeto incondicional a la vida humana en su entero ciclo vital. http:\/\/aebioetica.org\/archivos\/ComunicadoAEBIEutanasia-2020.pdf. Adem\u00e1s, no se entiende como en estos momentos de pandemia, en los que todos...","og_url":"https:\/\/e-cristians.cat\/es\/comunicado-de-aebi-sobre-la-ley-organica-de-la-eutanasia\/","og_site_name":"e-Cristians","article_published_time":"2020-09-14T09:29:41+00:00","article_modified_time":"2020-09-18T09:35:22+00:00","og_image":[{"width":900,"height":450,"url":"https:\/\/e-cristians.cat\/wp-content\/uploads\/2020\/09\/eutanasia-2.jpg","type":"image\/jpeg"}],"author":"e-Cristians","twitter_card":"summary_large_image","twitter_misc":{"Escrito por":"e-Cristians","Tiempo de lectura":"1 minuto"},"schema":{"@context":"https:\/\/schema.org","@graph":[{"@type":"WebPage","@id":"https:\/\/e-cristians.cat\/es\/comunicado-de-aebi-sobre-la-ley-organica-de-la-eutanasia\/","url":"https:\/\/e-cristians.cat\/es\/comunicado-de-aebi-sobre-la-ley-organica-de-la-eutanasia\/","name":"Comunicado de AEBI sobre la Ley org\u00e1nica de la Eutanasia - e-Cristians","isPartOf":{"@id":"https:\/\/e-cristians.cat\/#website"},"datePublished":"2020-09-14T09:29:41+00:00","dateModified":"2020-09-18T09:35:22+00:00","author":{"@id":"https:\/\/e-cristians.cat\/#\/schema\/person\/f0ec475338e49aaef9c9dc9d9f162861"},"breadcrumb":{"@id":"https:\/\/e-cristians.cat\/es\/comunicado-de-aebi-sobre-la-ley-organica-de-la-eutanasia\/#breadcrumb"},"inLanguage":"es","potentialAction":[{"@type":"ReadAction","target":["https:\/\/e-cristians.cat\/es\/comunicado-de-aebi-sobre-la-ley-organica-de-la-eutanasia\/"]}]},{"@type":"BreadcrumbList","@id":"https:\/\/e-cristians.cat\/es\/comunicado-de-aebi-sobre-la-ley-organica-de-la-eutanasia\/#breadcrumb","itemListElement":[{"@type":"ListItem","position":1,"name":"Inici","item":"https:\/\/e-cristians.cat\/es\/"},{"@type":"ListItem","position":2,"name":"Comunicado de AEBI sobre la Ley org\u00e1nica de la Eutanasia"}]},{"@type":"WebSite","@id":"https:\/\/e-cristians.cat\/#website","url":"https:\/\/e-cristians.cat\/","name":"e-Cristians","description":"","potentialAction":[{"@type":"SearchAction","target":{"@type":"EntryPoint","urlTemplate":"https:\/\/e-cristians.cat\/?s={search_term_string}"},"query-input":"required name=search_term_string"}],"inLanguage":"es"},{"@type":"Person","@id":"https:\/\/e-cristians.cat\/#\/schema\/person\/f0ec475338e49aaef9c9dc9d9f162861","name":"e-Cristians","image":{"@type":"ImageObject","inLanguage":"es","@id":"https:\/\/e-cristians.cat\/#\/schema\/person\/image\/","url":"https:\/\/secure.gravatar.com\/avatar\/14bc9e5b0ca69070f1075ad3efcb33c4?s=96&d=mm&r=g","contentUrl":"https:\/\/secure.gravatar.com\/avatar\/14bc9e5b0ca69070f1075ad3efcb33c4?s=96&d=mm&r=g","caption":"e-Cristians"}}]}},"jetpack_sharing_enabled":true,"jetpack_featured_media_url":"https:\/\/e-cristians.cat\/wp-content\/uploads\/2020\/09\/eutanasia-2.jpg","_links":{"self":[{"href":"https:\/\/e-cristians.cat\/es\/wp-json\/wp\/v2\/posts\/1318"}],"collection":[{"href":"https:\/\/e-cristians.cat\/es\/wp-json\/wp\/v2\/posts"}],"about":[{"href":"https:\/\/e-cristians.cat\/es\/wp-json\/wp\/v2\/types\/post"}],"author":[{"embeddable":true,"href":"https:\/\/e-cristians.cat\/es\/wp-json\/wp\/v2\/users\/2"}],"replies":[{"embeddable":true,"href":"https:\/\/e-cristians.cat\/es\/wp-json\/wp\/v2\/comments?post=1318"}],"version-history":[{"count":2,"href":"https:\/\/e-cristians.cat\/es\/wp-json\/wp\/v2\/posts\/1318\/revisions"}],"predecessor-version":[{"id":1322,"href":"https:\/\/e-cristians.cat\/es\/wp-json\/wp\/v2\/posts\/1318\/revisions\/1322"}],"wp:featuredmedia":[{"embeddable":true,"href":"https:\/\/e-cristians.cat\/es\/wp-json\/wp\/v2\/media\/1319"}],"wp:attachment":[{"href":"https:\/\/e-cristians.cat\/es\/wp-json\/wp\/v2\/media?parent=1318"}],"wp:term":[{"taxonomy":"category","embeddable":true,"href":"https:\/\/e-cristians.cat\/es\/wp-json\/wp\/v2\/categories?post=1318"},{"taxonomy":"post_tag","embeddable":true,"href":"https:\/\/e-cristians.cat\/es\/wp-json\/wp\/v2\/tags?post=1318"}],"curies":[{"name":"wp","href":"https:\/\/api.w.org\/{rel}","templated":true}]}}