{"id":132672,"date":"2023-09-08T10:04:45","date_gmt":"2023-09-08T08:04:45","guid":{"rendered":"https:\/\/e-cristians.cat\/?p=132672"},"modified":"2023-09-08T10:04:45","modified_gmt":"2023-09-08T08:04:45","slug":"un-texto-de-viva-actualidad-la-intervencion-de-benedicto-xvi-ante-el-parlamento-aleman","status":"publish","type":"post","link":"https:\/\/e-cristians.cat\/es\/un-texto-de-viva-actualidad-la-intervencion-de-benedicto-xvi-ante-el-parlamento-aleman\/","title":{"rendered":"Un texto de viva actualidad. La intervenci\u00f3n de Benedicto XVI ante el Parlamento alem\u00e1n"},"content":{"rendered":"<p><em>ForumLibertas.com<\/em><\/p>\n<p>Existen textos que es necesario recuperar para transformarlos en factores decisivos de reflexi\u00f3n por la naturaleza de su relaci\u00f3n con nuestros tiempos. Son los casos del Catecismo de la Iglesia Cat\u00f3lica y el Compendio de Doctrina Social de la Iglesia, de\u00a0<strong><a href=\"https:\/\/www.forumlibertas.com\/10-puntos-veritatis-splendor\/\" target=\"_blank\" rel=\"noopener\"><em>Veritatis Splendor<\/em><\/a><\/strong>\u00a0y\u00a0<em>Lumen Gentium<\/em>, y\u00a0 bastantes m\u00e1s, como la Humanae Vitae. <a href=\"https:\/\/www.forumlibertas.com\/benedicto-xvi-parlamento-aleman\/\" target=\"_blank\" rel=\"noopener\">Leer m\u00e1s<\/a>.<\/p>\n","protected":false},"excerpt":{"rendered":"<p>ForumLibertas.com Existen textos que es necesario recuperar para transformarlos en factores decisivos de reflexi\u00f3n por la naturaleza de su relaci\u00f3n con nuestros tiempos. Son los casos del Catecismo de la Iglesia Cat\u00f3lica y el Compendio de Doctrina Social de la Iglesia, de\u00a0Veritatis Splendor\u00a0y\u00a0Lumen Gentium, y\u00a0 bastantes m\u00e1s, como la Humanae Vitae. Leer m\u00e1s.<\/p>\n","protected":false},"author":2,"featured_media":132674,"comment_status":"closed","ping_status":"closed","sticky":false,"template":"","format":"standard","meta":{"_jetpack_memberships_contains_paid_content":false,"footnotes":""},"categories":[34,39],"tags":[],"class_list":["post-132672","post","type-post","status-publish","format-standard","has-post-thumbnail","hentry","category-editorials-i-blogs-de-forumlibertas-es","category-portada_news-es"],"yoast_head":"<!-- This site is optimized with the Yoast SEO plugin v20.0 - https:\/\/yoast.com\/wordpress\/plugins\/seo\/ -->\n<title>Un texto de viva actualidad. La intervenci\u00f3n de Benedicto XVI ante el Parlamento alem\u00e1n - e-Cristians<\/title>\n<meta name=\"robots\" content=\"noindex, nofollow\" \/>\n<meta property=\"og:locale\" content=\"es_ES\" \/>\n<meta property=\"og:type\" content=\"article\" \/>\n<meta property=\"og:title\" content=\"Un texto de viva actualidad. La intervenci\u00f3n de Benedicto XVI ante el Parlamento alem\u00e1n - e-Cristians\" \/>\n<meta property=\"og:description\" content=\"ForumLibertas.com Existen textos que es necesario recuperar para transformarlos en factores decisivos de reflexi\u00f3n por la naturaleza de su relaci\u00f3n con nuestros tiempos. Son los casos del Catecismo de la Iglesia Cat\u00f3lica y el Compendio de Doctrina Social de la Iglesia, de\u00a0Veritatis Splendor\u00a0y\u00a0Lumen Gentium, y\u00a0 bastantes m\u00e1s, como la Humanae Vitae. Leer m\u00e1s.\" \/>\n<meta property=\"og:url\" content=\"https:\/\/e-cristians.cat\/es\/un-texto-de-viva-actualidad-la-intervencion-de-benedicto-xvi-ante-el-parlamento-aleman\/\" \/>\n<meta property=\"og:site_name\" content=\"e-Cristians\" \/>\n<meta property=\"article:published_time\" content=\"2023-09-08T08:04:45+00:00\" \/>\n<meta property=\"og:image\" content=\"https:\/\/e-cristians.cat\/wp-content\/uploads\/2023\/09\/Captura-6-600x337-1.jpg\" \/>\n\t<meta property=\"og:image:width\" content=\"600\" \/>\n\t<meta property=\"og:image:height\" content=\"337\" \/>\n\t<meta property=\"og:image:type\" content=\"image\/jpeg\" \/>\n<meta name=\"author\" content=\"e-Cristians\" \/>\n<meta name=\"twitter:card\" content=\"summary_large_image\" \/>\n<meta name=\"twitter:label1\" content=\"Escrito por\" \/>\n\t<meta name=\"twitter:data1\" content=\"e-Cristians\" \/>\n\t<meta name=\"twitter:label2\" content=\"Tiempo de lectura\" \/>\n\t<meta name=\"twitter:data2\" content=\"1 minuto\" \/>\n<script type=\"application\/ld+json\" class=\"yoast-schema-graph\">{\"@context\":\"https:\/\/schema.org\",\"@graph\":[{\"@type\":\"WebPage\",\"@id\":\"https:\/\/e-cristians.cat\/es\/un-texto-de-viva-actualidad-la-intervencion-de-benedicto-xvi-ante-el-parlamento-aleman\/\",\"url\":\"https:\/\/e-cristians.cat\/es\/un-texto-de-viva-actualidad-la-intervencion-de-benedicto-xvi-ante-el-parlamento-aleman\/\",\"name\":\"Un texto de viva actualidad. La intervenci\u00f3n de Benedicto XVI ante el Parlamento alem\u00e1n - e-Cristians\",\"isPartOf\":{\"@id\":\"https:\/\/e-cristians.cat\/#website\"},\"datePublished\":\"2023-09-08T08:04:45+00:00\",\"dateModified\":\"2023-09-08T08:04:45+00:00\",\"author\":{\"@id\":\"https:\/\/e-cristians.cat\/#\/schema\/person\/f0ec475338e49aaef9c9dc9d9f162861\"},\"breadcrumb\":{\"@id\":\"https:\/\/e-cristians.cat\/es\/un-texto-de-viva-actualidad-la-intervencion-de-benedicto-xvi-ante-el-parlamento-aleman\/#breadcrumb\"},\"inLanguage\":\"es\",\"potentialAction\":[{\"@type\":\"ReadAction\",\"target\":[\"https:\/\/e-cristians.cat\/es\/un-texto-de-viva-actualidad-la-intervencion-de-benedicto-xvi-ante-el-parlamento-aleman\/\"]}]},{\"@type\":\"BreadcrumbList\",\"@id\":\"https:\/\/e-cristians.cat\/es\/un-texto-de-viva-actualidad-la-intervencion-de-benedicto-xvi-ante-el-parlamento-aleman\/#breadcrumb\",\"itemListElement\":[{\"@type\":\"ListItem\",\"position\":1,\"name\":\"Inici\",\"item\":\"https:\/\/e-cristians.cat\/es\/\"},{\"@type\":\"ListItem\",\"position\":2,\"name\":\"Un texto de viva actualidad. La intervenci\u00f3n de Benedicto XVI ante el Parlamento alem\u00e1n\"}]},{\"@type\":\"WebSite\",\"@id\":\"https:\/\/e-cristians.cat\/#website\",\"url\":\"https:\/\/e-cristians.cat\/\",\"name\":\"e-Cristians\",\"description\":\"\",\"potentialAction\":[{\"@type\":\"SearchAction\",\"target\":{\"@type\":\"EntryPoint\",\"urlTemplate\":\"https:\/\/e-cristians.cat\/?s={search_term_string}\"},\"query-input\":\"required name=search_term_string\"}],\"inLanguage\":\"es\"},{\"@type\":\"Person\",\"@id\":\"https:\/\/e-cristians.cat\/#\/schema\/person\/f0ec475338e49aaef9c9dc9d9f162861\",\"name\":\"e-Cristians\",\"image\":{\"@type\":\"ImageObject\",\"inLanguage\":\"es\",\"@id\":\"https:\/\/e-cristians.cat\/#\/schema\/person\/image\/\",\"url\":\"https:\/\/secure.gravatar.com\/avatar\/14bc9e5b0ca69070f1075ad3efcb33c4?s=96&d=mm&r=g\",\"contentUrl\":\"https:\/\/secure.gravatar.com\/avatar\/14bc9e5b0ca69070f1075ad3efcb33c4?s=96&d=mm&r=g\",\"caption\":\"e-Cristians\"}}]}<\/script>\n<!-- \/ Yoast SEO plugin. -->","yoast_head_json":{"title":"Un texto de viva actualidad. La intervenci\u00f3n de Benedicto XVI ante el Parlamento alem\u00e1n - e-Cristians","robots":{"index":"noindex","follow":"nofollow"},"og_locale":"es_ES","og_type":"article","og_title":"Un texto de viva actualidad. La intervenci\u00f3n de Benedicto XVI ante el Parlamento alem\u00e1n - e-Cristians","og_description":"ForumLibertas.com Existen textos que es necesario recuperar para transformarlos en factores decisivos de reflexi\u00f3n por la naturaleza de su relaci\u00f3n con nuestros tiempos. Son los casos del Catecismo de la Iglesia Cat\u00f3lica y el Compendio de Doctrina Social de la Iglesia, de\u00a0Veritatis Splendor\u00a0y\u00a0Lumen Gentium, y\u00a0 bastantes m\u00e1s, como la Humanae Vitae. Leer m\u00e1s.","og_url":"https:\/\/e-cristians.cat\/es\/un-texto-de-viva-actualidad-la-intervencion-de-benedicto-xvi-ante-el-parlamento-aleman\/","og_site_name":"e-Cristians","article_published_time":"2023-09-08T08:04:45+00:00","og_image":[{"width":600,"height":337,"url":"https:\/\/e-cristians.cat\/wp-content\/uploads\/2023\/09\/Captura-6-600x337-1.jpg","type":"image\/jpeg"}],"author":"e-Cristians","twitter_card":"summary_large_image","twitter_misc":{"Escrito por":"e-Cristians","Tiempo de lectura":"1 minuto"},"schema":{"@context":"https:\/\/schema.org","@graph":[{"@type":"WebPage","@id":"https:\/\/e-cristians.cat\/es\/un-texto-de-viva-actualidad-la-intervencion-de-benedicto-xvi-ante-el-parlamento-aleman\/","url":"https:\/\/e-cristians.cat\/es\/un-texto-de-viva-actualidad-la-intervencion-de-benedicto-xvi-ante-el-parlamento-aleman\/","name":"Un texto de viva actualidad. La intervenci\u00f3n de Benedicto XVI ante el Parlamento alem\u00e1n - e-Cristians","isPartOf":{"@id":"https:\/\/e-cristians.cat\/#website"},"datePublished":"2023-09-08T08:04:45+00:00","dateModified":"2023-09-08T08:04:45+00:00","author":{"@id":"https:\/\/e-cristians.cat\/#\/schema\/person\/f0ec475338e49aaef9c9dc9d9f162861"},"breadcrumb":{"@id":"https:\/\/e-cristians.cat\/es\/un-texto-de-viva-actualidad-la-intervencion-de-benedicto-xvi-ante-el-parlamento-aleman\/#breadcrumb"},"inLanguage":"es","potentialAction":[{"@type":"ReadAction","target":["https:\/\/e-cristians.cat\/es\/un-texto-de-viva-actualidad-la-intervencion-de-benedicto-xvi-ante-el-parlamento-aleman\/"]}]},{"@type":"BreadcrumbList","@id":"https:\/\/e-cristians.cat\/es\/un-texto-de-viva-actualidad-la-intervencion-de-benedicto-xvi-ante-el-parlamento-aleman\/#breadcrumb","itemListElement":[{"@type":"ListItem","position":1,"name":"Inici","item":"https:\/\/e-cristians.cat\/es\/"},{"@type":"ListItem","position":2,"name":"Un texto de viva actualidad. La intervenci\u00f3n de Benedicto XVI ante el Parlamento alem\u00e1n"}]},{"@type":"WebSite","@id":"https:\/\/e-cristians.cat\/#website","url":"https:\/\/e-cristians.cat\/","name":"e-Cristians","description":"","potentialAction":[{"@type":"SearchAction","target":{"@type":"EntryPoint","urlTemplate":"https:\/\/e-cristians.cat\/?s={search_term_string}"},"query-input":"required name=search_term_string"}],"inLanguage":"es"},{"@type":"Person","@id":"https:\/\/e-cristians.cat\/#\/schema\/person\/f0ec475338e49aaef9c9dc9d9f162861","name":"e-Cristians","image":{"@type":"ImageObject","inLanguage":"es","@id":"https:\/\/e-cristians.cat\/#\/schema\/person\/image\/","url":"https:\/\/secure.gravatar.com\/avatar\/14bc9e5b0ca69070f1075ad3efcb33c4?s=96&d=mm&r=g","contentUrl":"https:\/\/secure.gravatar.com\/avatar\/14bc9e5b0ca69070f1075ad3efcb33c4?s=96&d=mm&r=g","caption":"e-Cristians"}}]}},"jetpack_sharing_enabled":true,"jetpack_featured_media_url":"https:\/\/e-cristians.cat\/wp-content\/uploads\/2023\/09\/Captura-6-600x337-1.jpg","_links":{"self":[{"href":"https:\/\/e-cristians.cat\/es\/wp-json\/wp\/v2\/posts\/132672"}],"collection":[{"href":"https:\/\/e-cristians.cat\/es\/wp-json\/wp\/v2\/posts"}],"about":[{"href":"https:\/\/e-cristians.cat\/es\/wp-json\/wp\/v2\/types\/post"}],"author":[{"embeddable":true,"href":"https:\/\/e-cristians.cat\/es\/wp-json\/wp\/v2\/users\/2"}],"replies":[{"embeddable":true,"href":"https:\/\/e-cristians.cat\/es\/wp-json\/wp\/v2\/comments?post=132672"}],"version-history":[{"count":1,"href":"https:\/\/e-cristians.cat\/es\/wp-json\/wp\/v2\/posts\/132672\/revisions"}],"predecessor-version":[{"id":132676,"href":"https:\/\/e-cristians.cat\/es\/wp-json\/wp\/v2\/posts\/132672\/revisions\/132676"}],"wp:featuredmedia":[{"embeddable":true,"href":"https:\/\/e-cristians.cat\/es\/wp-json\/wp\/v2\/media\/132674"}],"wp:attachment":[{"href":"https:\/\/e-cristians.cat\/es\/wp-json\/wp\/v2\/media?parent=132672"}],"wp:term":[{"taxonomy":"category","embeddable":true,"href":"https:\/\/e-cristians.cat\/es\/wp-json\/wp\/v2\/categories?post=132672"},{"taxonomy":"post_tag","embeddable":true,"href":"https:\/\/e-cristians.cat\/es\/wp-json\/wp\/v2\/tags?post=132672"}],"curies":[{"name":"wp","href":"https:\/\/api.w.org\/{rel}","templated":true}]}}