{"id":133977,"date":"2023-11-23T11:45:14","date_gmt":"2023-11-23T10:45:14","guid":{"rendered":"https:\/\/e-cristians.cat\/?p=133977"},"modified":"2023-11-23T12:47:48","modified_gmt":"2023-11-23T11:47:48","slug":"ya-puedes-conseguir-la-version-revisada-por-el-autor-2023-de-la-sociedad-desvinculada","status":"publish","type":"post","link":"https:\/\/e-cristians.cat\/es\/ya-puedes-conseguir-la-version-revisada-por-el-autor-2023-de-la-sociedad-desvinculada\/","title":{"rendered":"Ya puedes adquirir la versi\u00f3n revisada por el autor 2023 de \u00abLa Sociedad Desvinculada\u00bb"},"content":{"rendered":"<p><em><strong>La versi\u00f3n revisada 2023 por el autor<\/strong> de <strong>La Sociedad Desvinculada. La necesidad de un nuevo comienzo, de Josep Mir\u00f3 i Ard\u00e8vol<\/strong>, <\/em>ya est\u00e1 a la venta<strong>. <\/strong><\/p>\n<p><strong>Puedes comprarlo en:<\/strong><\/p>\n<p><u>Versi\u00f3n impresa:\u00a0 precio 15 euros <\/u><\/p>\n<p><u>Espa\u00f1a<\/u><\/p>\n<ul>\n<li>Editorial: <a href=\"https:\/\/www.edicionestrebedes.com\/producto\/la-sociedad-desvinculada\/\" target=\"_blank\" rel=\"noopener\">https:\/\/www.edicionestrebedes.com\/producto\/la-sociedad-desvinculada\/<\/a><\/li>\n<li>Amazon: <a href=\"https:\/\/www.amazon.es\/dp\/B0CJ4B47JG\" target=\"_blank\" rel=\"noopener\">https:\/\/www.amazon.es\/dp\/B0CJ4B47JG<\/a><\/li>\n<\/ul>\n<p><u>Otros pa\u00edses:<\/u><\/p>\n<ul>\n<li><a href=\"https:\/\/trebedes-mx.quares.es\/apex\/r\/quares\/landingweb\/detalle-producto?p2_id=41032\" target=\"_blank\" rel=\"noopener\">https:\/\/trebedes-mx.quares.es\/apex\/r\/quares\/landingweb\/detalle-producto?p2_id=41032<\/a><\/li>\n<li><a href=\"https:\/\/www.edicionestrebedes.com\/en-america\/\" target=\"_blank\" rel=\"noopener\">https:\/\/www.edicionestrebedes.com\/en-america\/<\/a><\/li>\n<li><a href=\"https:\/\/www.amazon.com.mx\/dp\/B0CJ4B47JG\" target=\"_blank\" rel=\"noopener\">https:\/\/www.amazon.com.mx\/dp\/B0CJ4B47JG<\/a><\/li>\n<li>Otros pa\u00edses:\u00a0\u00a0\u00a0 <a href=\"https:\/\/kdp.amazon.com\/amazon-dp-action\/us\/dualbookshelf.marketplacelink\/B0CJ4B47JG\" target=\"_blank\" rel=\"noopener\">US <\/a>\u00a0\u00a0\u00a0\u00a0\u00a0<a href=\"https:\/\/kdp.amazon.com\/amazon-dp-action\/uk\/dualbookshelf.marketplacelink\/B0CJ4B47JG\" target=\"_blank\" rel=\"noopener\">UK <\/a>\u00a0\u00a0\u00a0\u00a0<a href=\"https:\/\/kdp.amazon.com\/amazon-dp-action\/de\/dualbookshelf.marketplacelink\/B0CJ4B47JG\" target=\"_blank\" rel=\"noopener\">DE <\/a>\u00a0\u00a0\u00a0<a href=\"https:\/\/kdp.amazon.com\/amazon-dp-action\/fr\/dualbookshelf.marketplacelink\/B0CJ4B47JG\" target=\"_blank\" rel=\"noopener\">FR <\/a>\u00a0\u00a0<a href=\"https:\/\/kdp.amazon.com\/amazon-dp-action\/es\/dualbookshelf.marketplacelink\/B0CJ4B47JG\" target=\"_blank\" rel=\"noopener\">ES <\/a>\u00a0\u00a0\u00a0<a href=\"https:\/\/kdp.amazon.com\/amazon-dp-action\/it\/dualbookshelf.marketplacelink\/B0CJ4B47JG\" target=\"_blank\" rel=\"noopener\">IT <\/a>\u00a0\u00a0<a href=\"https:\/\/kdp.amazon.com\/amazon-dp-action\/nl\/dualbookshelf.marketplacelink\/B0CJ4B47JG\" target=\"_blank\" rel=\"noopener\">NL <\/a>\u00a0\u00a0<a href=\"https:\/\/kdp.amazon.com\/amazon-dp-action\/pl\/dualbookshelf.marketplacelink\/B0CJ4B47JG\" target=\"_blank\" rel=\"noopener\">PL <\/a>\u00a0\u00a0<a href=\"https:\/\/kdp.amazon.com\/amazon-dp-action\/se\/dualbookshelf.marketplacelink\/B0CJ4B47JG\" target=\"_blank\" rel=\"noopener\">SE <\/a>\u00a0\u00a0<a href=\"https:\/\/kdp.amazon.com\/amazon-dp-action\/jp\/dualbookshelf.marketplacelink\/B0CJ4B47JG\" target=\"_blank\" rel=\"noopener\">JP <\/a>\u00a0\u00a0\u00a0<a href=\"https:\/\/kdp.amazon.com\/amazon-dp-action\/ca\/dualbookshelf.marketplacelink\/B0CJ4B47JG\" target=\"_blank\" rel=\"noopener\">CA <\/a>\u00a0\u00a0\u00a0<a href=\"https:\/\/kdp.amazon.com\/amazon-dp-action\/au\/dualbookshelf.marketplacelink\/B0CJ4B47JG\" target=\"_blank\" rel=\"noopener\">AU<\/a><\/li>\n<\/ul>\n<p><u>Versi\u00f3n digital:\u00a0 Precio 5,99 euros<\/u><\/p>\n<ul>\n<li>Editorial (epub): <a href=\"https:\/\/www.edicionestrebedes.com\/producto\/la-sociedad-desvinculada-ebook\/\" target=\"_blank\" rel=\"noopener\">https:\/\/www.edicionestrebedes.com\/producto\/la-sociedad-desvinculada-ebook\/<\/a><\/li>\n<li>Kindle::<a href=\"https:\/\/www.amazon.es\/dp\/B0CJ961KJF\" target=\"_blank\" rel=\"noopener\">https:\/\/www.amazon.es\/dp\/B0CJ961KJF<\/a><\/li>\n<li>Apple: <a href=\"https:\/\/books.apple.com\/es\/book\/la-sociedad-desvinculada\/id6467103112\" target=\"_blank\" rel=\"noopener\">https:\/\/books.apple.com\/es\/book\/la-sociedad-desvinculada\/id6467103112<\/a><\/li>\n<\/ul>\n<p><img decoding=\"async\" class=\"wp-image-133986 aligncenter lazyload\" data-src=\"https:\/\/e-cristians.cat\/wp-content\/uploads\/2023\/09\/Flyer-La-Sociedad-Desvinculada-212x300.jpg\" alt=\"\" width=\"505\" height=\"715\" data-srcset=\"https:\/\/e-cristians.cat\/wp-content\/uploads\/2023\/09\/Flyer-La-Sociedad-Desvinculada-212x300.jpg 212w, https:\/\/e-cristians.cat\/wp-content\/uploads\/2023\/09\/Flyer-La-Sociedad-Desvinculada-724x1024.jpg 724w, https:\/\/e-cristians.cat\/wp-content\/uploads\/2023\/09\/Flyer-La-Sociedad-Desvinculada-600x849.jpg 600w, https:\/\/e-cristians.cat\/wp-content\/uploads\/2023\/09\/Flyer-La-Sociedad-Desvinculada-150x212.jpg 150w, https:\/\/e-cristians.cat\/wp-content\/uploads\/2023\/09\/Flyer-La-Sociedad-Desvinculada.jpg 1414w\" data-sizes=\"(max-width: 505px) 100vw, 505px\" src=\"data:image\/svg+xml;base64,PHN2ZyB3aWR0aD0iMSIgaGVpZ2h0PSIxIiB4bWxucz0iaHR0cDovL3d3dy53My5vcmcvMjAwMC9zdmciPjwvc3ZnPg==\" style=\"--smush-placeholder-width: 505px; --smush-placeholder-aspect-ratio: 505\/715;\" \/><\/p>\n<p>&nbsp;<\/p>\n","protected":false},"excerpt":{"rendered":"<p>La versi\u00f3n revisada 2023 por el autor de La Sociedad Desvinculada. La necesidad de un nuevo comienzo, de Josep Mir\u00f3 i Ard\u00e8vol, ya est\u00e1 a la venta. Puedes comprarlo en: Versi\u00f3n impresa:\u00a0 precio 15 euros Espa\u00f1a Editorial: https:\/\/www.edicionestrebedes.com\/producto\/la-sociedad-desvinculada\/ Amazon: https:\/\/www.amazon.es\/dp\/B0CJ4B47JG Otros pa\u00edses: https:\/\/trebedes-mx.quares.es\/apex\/r\/quares\/landingweb\/detalle-producto?p2_id=41032 https:\/\/www.edicionestrebedes.com\/en-america\/ https:\/\/www.amazon.com.mx\/dp\/B0CJ4B47JG Otros pa\u00edses:\u00a0\u00a0\u00a0 US \u00a0\u00a0\u00a0\u00a0\u00a0UK \u00a0\u00a0\u00a0\u00a0DE \u00a0\u00a0\u00a0FR \u00a0\u00a0ES \u00a0\u00a0\u00a0IT \u00a0\u00a0NL \u00a0\u00a0PL&#8230;<\/p>\n","protected":false},"author":2,"featured_media":133988,"comment_status":"closed","ping_status":"closed","sticky":false,"template":"","format":"standard","meta":{"_jetpack_memberships_contains_paid_content":false,"footnotes":""},"categories":[35,39],"tags":[339],"class_list":["post-133977","post","type-post","status-publish","format-standard","has-post-thumbnail","hentry","category-informacions-i-agenda-de-cristians-es","category-portada_news-es","tag-sociedad-desvinculada-es"],"yoast_head":"<!-- This site is optimized with the Yoast SEO plugin v20.0 - https:\/\/yoast.com\/wordpress\/plugins\/seo\/ -->\n<title>Versi\u00f3n revisada por el autor 2023 de &quot;La Sociedad Desvinculada&quot;<\/title>\n<meta name=\"description\" content=\"Ya puedes adquirir la versi\u00f3n revisada 2023 por el autor de La Sociedad Desvinculada, de Josep Mir\u00f3 i Ard\u00e8vol\" \/>\n<meta name=\"robots\" content=\"index, follow, max-snippet:-1, max-image-preview:large, max-video-preview:-1\" \/>\n<link rel=\"canonical\" href=\"https:\/\/e-cristians.cat\/es\/ya-puedes-conseguir-la-version-revisada-por-el-autor-2023-de-la-sociedad-desvinculada\/\" \/>\n<meta property=\"og:locale\" content=\"es_ES\" \/>\n<meta property=\"og:type\" content=\"article\" \/>\n<meta property=\"og:title\" content=\"Versi\u00f3n revisada por el autor 2023 de &quot;La Sociedad Desvinculada&quot;\" \/>\n<meta property=\"og:description\" content=\"Ya puedes adquirir la versi\u00f3n revisada 2023 por el autor de La Sociedad Desvinculada, de Josep Mir\u00f3 i Ard\u00e8vol\" \/>\n<meta property=\"og:url\" content=\"https:\/\/e-cristians.cat\/es\/ya-puedes-conseguir-la-version-revisada-por-el-autor-2023-de-la-sociedad-desvinculada\/\" \/>\n<meta property=\"og:site_name\" content=\"e-Cristians\" \/>\n<meta property=\"article:published_time\" content=\"2023-11-23T10:45:14+00:00\" \/>\n<meta property=\"article:modified_time\" content=\"2023-11-23T11:47:48+00:00\" \/>\n<meta property=\"og:image\" content=\"https:\/\/e-cristians.cat\/wp-content\/uploads\/2023\/09\/02.Portada_LaSocDes_3000.jpg\" \/>\n\t<meta property=\"og:image:width\" content=\"534\" \/>\n\t<meta property=\"og:image:height\" content=\"750\" \/>\n\t<meta property=\"og:image:type\" content=\"image\/jpeg\" \/>\n<meta name=\"author\" content=\"e-Cristians\" \/>\n<meta name=\"twitter:card\" content=\"summary_large_image\" \/>\n<meta name=\"twitter:label1\" content=\"Escrito por\" \/>\n\t<meta name=\"twitter:data1\" content=\"e-Cristians\" \/>\n\t<meta name=\"twitter:label2\" content=\"Tiempo de lectura\" \/>\n\t<meta name=\"twitter:data2\" content=\"1 minuto\" \/>\n<script type=\"application\/ld+json\" class=\"yoast-schema-graph\">{\"@context\":\"https:\/\/schema.org\",\"@graph\":[{\"@type\":\"WebPage\",\"@id\":\"https:\/\/e-cristians.cat\/es\/ya-puedes-conseguir-la-version-revisada-por-el-autor-2023-de-la-sociedad-desvinculada\/\",\"url\":\"https:\/\/e-cristians.cat\/es\/ya-puedes-conseguir-la-version-revisada-por-el-autor-2023-de-la-sociedad-desvinculada\/\",\"name\":\"Versi\u00f3n revisada por el autor 2023 de \\\"La Sociedad Desvinculada\\\"\",\"isPartOf\":{\"@id\":\"https:\/\/e-cristians.cat\/#website\"},\"datePublished\":\"2023-11-23T10:45:14+00:00\",\"dateModified\":\"2023-11-23T11:47:48+00:00\",\"author\":{\"@id\":\"https:\/\/e-cristians.cat\/#\/schema\/person\/f0ec475338e49aaef9c9dc9d9f162861\"},\"description\":\"Ya puedes adquirir la versi\u00f3n revisada 2023 por el autor de La Sociedad Desvinculada, de Josep Mir\u00f3 i Ard\u00e8vol\",\"breadcrumb\":{\"@id\":\"https:\/\/e-cristians.cat\/es\/ya-puedes-conseguir-la-version-revisada-por-el-autor-2023-de-la-sociedad-desvinculada\/#breadcrumb\"},\"inLanguage\":\"es\",\"potentialAction\":[{\"@type\":\"ReadAction\",\"target\":[\"https:\/\/e-cristians.cat\/es\/ya-puedes-conseguir-la-version-revisada-por-el-autor-2023-de-la-sociedad-desvinculada\/\"]}]},{\"@type\":\"BreadcrumbList\",\"@id\":\"https:\/\/e-cristians.cat\/es\/ya-puedes-conseguir-la-version-revisada-por-el-autor-2023-de-la-sociedad-desvinculada\/#breadcrumb\",\"itemListElement\":[{\"@type\":\"ListItem\",\"position\":1,\"name\":\"Inici\",\"item\":\"https:\/\/e-cristians.cat\/es\/\"},{\"@type\":\"ListItem\",\"position\":2,\"name\":\"Ya puedes adquirir la versi\u00f3n revisada por el autor 2023 de &#8220;La Sociedad Desvinculada&#8221;\"}]},{\"@type\":\"WebSite\",\"@id\":\"https:\/\/e-cristians.cat\/#website\",\"url\":\"https:\/\/e-cristians.cat\/\",\"name\":\"e-Cristians\",\"description\":\"\",\"potentialAction\":[{\"@type\":\"SearchAction\",\"target\":{\"@type\":\"EntryPoint\",\"urlTemplate\":\"https:\/\/e-cristians.cat\/?s={search_term_string}\"},\"query-input\":\"required name=search_term_string\"}],\"inLanguage\":\"es\"},{\"@type\":\"Person\",\"@id\":\"https:\/\/e-cristians.cat\/#\/schema\/person\/f0ec475338e49aaef9c9dc9d9f162861\",\"name\":\"e-Cristians\",\"image\":{\"@type\":\"ImageObject\",\"inLanguage\":\"es\",\"@id\":\"https:\/\/e-cristians.cat\/#\/schema\/person\/image\/\",\"url\":\"https:\/\/secure.gravatar.com\/avatar\/14bc9e5b0ca69070f1075ad3efcb33c4?s=96&d=mm&r=g\",\"contentUrl\":\"https:\/\/secure.gravatar.com\/avatar\/14bc9e5b0ca69070f1075ad3efcb33c4?s=96&d=mm&r=g\",\"caption\":\"e-Cristians\"}}]}<\/script>\n<!-- \/ Yoast SEO plugin. -->","yoast_head_json":{"title":"Versi\u00f3n revisada por el autor 2023 de \"La Sociedad Desvinculada\"","description":"Ya puedes adquirir la versi\u00f3n revisada 2023 por el autor de La Sociedad Desvinculada, de Josep Mir\u00f3 i Ard\u00e8vol","robots":{"index":"index","follow":"follow","max-snippet":"max-snippet:-1","max-image-preview":"max-image-preview:large","max-video-preview":"max-video-preview:-1"},"canonical":"https:\/\/e-cristians.cat\/es\/ya-puedes-conseguir-la-version-revisada-por-el-autor-2023-de-la-sociedad-desvinculada\/","og_locale":"es_ES","og_type":"article","og_title":"Versi\u00f3n revisada por el autor 2023 de \"La Sociedad Desvinculada\"","og_description":"Ya puedes adquirir la versi\u00f3n revisada 2023 por el autor de La Sociedad Desvinculada, de Josep Mir\u00f3 i Ard\u00e8vol","og_url":"https:\/\/e-cristians.cat\/es\/ya-puedes-conseguir-la-version-revisada-por-el-autor-2023-de-la-sociedad-desvinculada\/","og_site_name":"e-Cristians","article_published_time":"2023-11-23T10:45:14+00:00","article_modified_time":"2023-11-23T11:47:48+00:00","og_image":[{"width":534,"height":750,"url":"https:\/\/e-cristians.cat\/wp-content\/uploads\/2023\/09\/02.Portada_LaSocDes_3000.jpg","type":"image\/jpeg"}],"author":"e-Cristians","twitter_card":"summary_large_image","twitter_misc":{"Escrito por":"e-Cristians","Tiempo de lectura":"1 minuto"},"schema":{"@context":"https:\/\/schema.org","@graph":[{"@type":"WebPage","@id":"https:\/\/e-cristians.cat\/es\/ya-puedes-conseguir-la-version-revisada-por-el-autor-2023-de-la-sociedad-desvinculada\/","url":"https:\/\/e-cristians.cat\/es\/ya-puedes-conseguir-la-version-revisada-por-el-autor-2023-de-la-sociedad-desvinculada\/","name":"Versi\u00f3n revisada por el autor 2023 de \"La Sociedad Desvinculada\"","isPartOf":{"@id":"https:\/\/e-cristians.cat\/#website"},"datePublished":"2023-11-23T10:45:14+00:00","dateModified":"2023-11-23T11:47:48+00:00","author":{"@id":"https:\/\/e-cristians.cat\/#\/schema\/person\/f0ec475338e49aaef9c9dc9d9f162861"},"description":"Ya puedes adquirir la versi\u00f3n revisada 2023 por el autor de La Sociedad Desvinculada, de Josep Mir\u00f3 i Ard\u00e8vol","breadcrumb":{"@id":"https:\/\/e-cristians.cat\/es\/ya-puedes-conseguir-la-version-revisada-por-el-autor-2023-de-la-sociedad-desvinculada\/#breadcrumb"},"inLanguage":"es","potentialAction":[{"@type":"ReadAction","target":["https:\/\/e-cristians.cat\/es\/ya-puedes-conseguir-la-version-revisada-por-el-autor-2023-de-la-sociedad-desvinculada\/"]}]},{"@type":"BreadcrumbList","@id":"https:\/\/e-cristians.cat\/es\/ya-puedes-conseguir-la-version-revisada-por-el-autor-2023-de-la-sociedad-desvinculada\/#breadcrumb","itemListElement":[{"@type":"ListItem","position":1,"name":"Inici","item":"https:\/\/e-cristians.cat\/es\/"},{"@type":"ListItem","position":2,"name":"Ya puedes adquirir la versi\u00f3n revisada por el autor 2023 de &#8220;La Sociedad Desvinculada&#8221;"}]},{"@type":"WebSite","@id":"https:\/\/e-cristians.cat\/#website","url":"https:\/\/e-cristians.cat\/","name":"e-Cristians","description":"","potentialAction":[{"@type":"SearchAction","target":{"@type":"EntryPoint","urlTemplate":"https:\/\/e-cristians.cat\/?s={search_term_string}"},"query-input":"required name=search_term_string"}],"inLanguage":"es"},{"@type":"Person","@id":"https:\/\/e-cristians.cat\/#\/schema\/person\/f0ec475338e49aaef9c9dc9d9f162861","name":"e-Cristians","image":{"@type":"ImageObject","inLanguage":"es","@id":"https:\/\/e-cristians.cat\/#\/schema\/person\/image\/","url":"https:\/\/secure.gravatar.com\/avatar\/14bc9e5b0ca69070f1075ad3efcb33c4?s=96&d=mm&r=g","contentUrl":"https:\/\/secure.gravatar.com\/avatar\/14bc9e5b0ca69070f1075ad3efcb33c4?s=96&d=mm&r=g","caption":"e-Cristians"}}]}},"jetpack_sharing_enabled":true,"jetpack_featured_media_url":"https:\/\/e-cristians.cat\/wp-content\/uploads\/2023\/09\/02.Portada_LaSocDes_3000.jpg","_links":{"self":[{"href":"https:\/\/e-cristians.cat\/es\/wp-json\/wp\/v2\/posts\/133977"}],"collection":[{"href":"https:\/\/e-cristians.cat\/es\/wp-json\/wp\/v2\/posts"}],"about":[{"href":"https:\/\/e-cristians.cat\/es\/wp-json\/wp\/v2\/types\/post"}],"author":[{"embeddable":true,"href":"https:\/\/e-cristians.cat\/es\/wp-json\/wp\/v2\/users\/2"}],"replies":[{"embeddable":true,"href":"https:\/\/e-cristians.cat\/es\/wp-json\/wp\/v2\/comments?post=133977"}],"version-history":[{"count":6,"href":"https:\/\/e-cristians.cat\/es\/wp-json\/wp\/v2\/posts\/133977\/revisions"}],"predecessor-version":[{"id":165186,"href":"https:\/\/e-cristians.cat\/es\/wp-json\/wp\/v2\/posts\/133977\/revisions\/165186"}],"wp:featuredmedia":[{"embeddable":true,"href":"https:\/\/e-cristians.cat\/es\/wp-json\/wp\/v2\/media\/133988"}],"wp:attachment":[{"href":"https:\/\/e-cristians.cat\/es\/wp-json\/wp\/v2\/media?parent=133977"}],"wp:term":[{"taxonomy":"category","embeddable":true,"href":"https:\/\/e-cristians.cat\/es\/wp-json\/wp\/v2\/categories?post=133977"},{"taxonomy":"post_tag","embeddable":true,"href":"https:\/\/e-cristians.cat\/es\/wp-json\/wp\/v2\/tags?post=133977"}],"curies":[{"name":"wp","href":"https:\/\/api.w.org\/{rel}","templated":true}]}}