{"id":135675,"date":"2023-09-21T12:09:00","date_gmt":"2023-09-21T10:09:00","guid":{"rendered":"https:\/\/e-cristians.cat\/?p=135675"},"modified":"2023-09-21T12:11:50","modified_gmt":"2023-09-21T10:11:50","slug":"collboni-hace-lo-mismo-que-colau-y-sigue-incumpliendo-con-la-obligacion-municipal-de-incorporar-la-celebracion-de-la-misa-de-la-merce-en-el-programa-de-actos","status":"publish","type":"post","link":"https:\/\/e-cristians.cat\/es\/collboni-hace-lo-mismo-que-colau-y-sigue-incumpliendo-con-la-obligacion-municipal-de-incorporar-la-celebracion-de-la-misa-de-la-merce-en-el-programa-de-actos\/","title":{"rendered":"Collboni hace lo mismo que Colau y sigue incumpliendo con la obligaci\u00f3n municipal de incorporar la celebraci\u00f3n de la Misa de la Merc\u00e8 en el programa de actos"},"content":{"rendered":"<p>En <a href=\"https:\/\/e-cristians.cat\/arxiu\/comunicado-de-e-cristians-ada-colau-vuelve-a-expulsar-la-misa-de-la-merce-del-programa-de-fiestas-reiterando-el-incumplimiento-del-acuerdo-del-plenario-del-2010\/\" target=\"_blank\" rel=\"noopener\">reiteradas ocasiones<\/a> durante el mandato de Ada Colau, <strong>e-Cristians<\/strong> ha manifestado la incongruencia y la arbitrariedad sectaria de excluir del Programa de actos oficiales de la Fiesta Mayor de Barcelona, la referencia a la Misa que conmemora la festividad de la Virgen de la Merc\u00e8.<\/p>\n<p>Incongruencia porque los actos se celebran con motivo de la Fiesta Mayor de Barcelona, precisamente porque es el d\u00eda de la Virgen de la Merc\u00e8. Incluso, el lenguaje del programa hecho p\u00fablico lo se\u00f1ala: <strong>d\u00eda 23 \u201cLa Noche de Vigilia\u201d<\/strong>. \u00bfVigilia de qu\u00e9? Del d\u00eda de la Virgen de la Merc\u00e8. <strong>\u201cD\u00eda 24, 10h. Ida al Oficio\u201d<\/strong>. \u00bfQu\u00e9 oficio? El programa no dice nada. El de la censurada misa en honor de Nuestra Se\u00f1ora. Todo esto es rid\u00edculamente sectario.<\/p>\n<p>Pero es que adem\u00e1s incumple sus propias normas porque, como ya hicimos evidente, el Protocolo Festivo de la Ciudad de Barcelona aprobado por el Plenario el 5 de febrero de 2010, se\u00f1ala las Fiestas de la Merc\u00e8 como una actividad protocolizada, y que incorpora la ceremonia religiosa, una pr\u00e1ctica que s\u00ed se da en los distritos, por ejemplo, como ya se\u00f1al\u00e1bamos en 2017 por el mismo motivo, que s\u00ed que forma parte de los programas:<\/p>\n<ul>\n<li>Les Corts: ofrenda floral a la Virgen del Remei. Peque\u00f1o concierto y oraci\u00f3n. Ofrenda y floral y Canto de los Gozos en la Parroquia de Santa Maria del Remei. Misa solemne de Fiesta Mayor.<\/li>\n<li>El Guinard\u00f3: Misa de difuntos en la Parroquia de Santa Isabel i Sant Joaquim.<\/li>\n<li>Hostafrancs: Misa concelebrada de Fiesta Mayor y ofrenda floral en el Sant \u00c0ngel Custodi.<\/li>\n<li>El Pi (Fiestas de Sant Josep Oriol): Eucar\u00edstica concelebrada en la Bas\u00edlica de Santa Maria del Pi, ofrenda floral a Sant Josep Oriol, coronaci\u00f3n de la estatua del santo; y tambi\u00e9n Bendici\u00f3n de Ramos.<\/li>\n<li>Poble Sec: Misa de Fiesta Mayor en la Parroquia de Santa Madrona.<\/li>\n<li>Raval: ofrenda floral a la Virgen del Carme. Iglesia de Sant Agust\u00ed.<\/li>\n<li>Pla\u00e7a Nova: Misa y diversas actividades religiosas por las fiestas de Sant Roc.<\/li>\n<li>Sagrada Familia: Misa solemne de Fiesta Mayor y Misa de clausura de Fiesta Mayor.<\/li>\n<li>Sarri\u00e1. Misa solemne de Fiesta Mayor.<\/li>\n<\/ul>\n<p>La gran excepci\u00f3n es precisamente la Fiesta Mayor de toda la ciudad.<\/p>\n<p>Queremos subrayar que <strong>no se trata de la asistencia o no del alcalde y de los concejales a la celebraci\u00f3n lit\u00fargica, que esta es una opci\u00f3n personal, sino sencillamente que en el extenso programa oficial que relaciona las actividades que se realizan con motivo de la Fiesta, figure tambi\u00e9n la informaci\u00f3n sobre la Misa. Su omisi\u00f3n es un acto de censura.<\/strong><\/p>\n<p>A\u00fan ser\u00eda m\u00e1s llamativo que el alcalde y los miembros del partido que gobierna Barcelona se hicieran presentes en la Misa -lo que celebraremos- al tiempo que practican su censura.<\/p>\n<p><em>Barcelona, 21 de septiembre de 2023<\/em><\/p>\n","protected":false},"excerpt":{"rendered":"<p>En reiteradas ocasiones durante el mandato de Ada Colau, e-Cristians ha manifestado la incongruencia y la arbitrariedad sectaria de excluir del Programa de actos oficiales de la Fiesta Mayor de Barcelona, la referencia a la Misa que conmemora la festividad de la Virgen de la Merc\u00e8. Incongruencia porque los actos se celebran con motivo de&#8230;<\/p>\n","protected":false},"author":2,"featured_media":135671,"comment_status":"closed","ping_status":"closed","sticky":false,"template":"","format":"standard","meta":{"_jetpack_memberships_contains_paid_content":false,"footnotes":""},"categories":[25,30],"tags":[],"class_list":["post-135675","post","type-post","status-publish","format-standard","has-post-thumbnail","hentry","category-campanyes-es","category-declaracions-de-cristians-es"],"yoast_head":"<!-- This site is optimized with the Yoast SEO plugin v20.0 - https:\/\/yoast.com\/wordpress\/plugins\/seo\/ -->\n<title>Collboni incumple la obligaci\u00f3n<\/title>\n<meta name=\"description\" content=\"e-Cristians manifesta la incongruencia y arbitrarietat sectaria de excluir del Programa de actos la referencia a la Misa de la Merc\u00e8\" \/>\n<meta name=\"robots\" content=\"index, follow, max-snippet:-1, max-image-preview:large, max-video-preview:-1\" \/>\n<link rel=\"canonical\" href=\"https:\/\/e-cristians.cat\/es\/collboni-hace-lo-mismo-que-colau-y-sigue-incumpliendo-con-la-obligacion-municipal-de-incorporar-la-celebracion-de-la-misa-de-la-merce-en-el-programa-de-actos\/\" \/>\n<meta property=\"og:locale\" content=\"es_ES\" \/>\n<meta property=\"og:type\" content=\"article\" \/>\n<meta property=\"og:title\" content=\"Collboni incumple la obligaci\u00f3n\" \/>\n<meta property=\"og:description\" content=\"e-Cristians manifesta la incongruencia y arbitrarietat sectaria de excluir del Programa de actos la referencia a la Misa de la Merc\u00e8\" \/>\n<meta property=\"og:url\" content=\"https:\/\/e-cristians.cat\/es\/collboni-hace-lo-mismo-que-colau-y-sigue-incumpliendo-con-la-obligacion-municipal-de-incorporar-la-celebracion-de-la-misa-de-la-merce-en-el-programa-de-actos\/\" \/>\n<meta property=\"og:site_name\" content=\"e-Cristians\" \/>\n<meta property=\"article:published_time\" content=\"2023-09-21T10:09:00+00:00\" \/>\n<meta property=\"article:modified_time\" content=\"2023-09-21T10:11:50+00:00\" \/>\n<meta property=\"og:image\" content=\"https:\/\/e-cristians.cat\/wp-content\/uploads\/2023\/09\/Larquebisbat-lamenta-que-la-missa-de-la-Merce-no-figuri-en-el-programa-dactes-de-la-festa-major-de-Barcelona-560x345-1.jpg\" \/>\n\t<meta property=\"og:image:width\" content=\"560\" \/>\n\t<meta property=\"og:image:height\" content=\"345\" \/>\n\t<meta property=\"og:image:type\" content=\"image\/jpeg\" \/>\n<meta name=\"author\" content=\"e-Cristians\" \/>\n<meta name=\"twitter:card\" content=\"summary_large_image\" \/>\n<meta name=\"twitter:label1\" content=\"Escrito por\" \/>\n\t<meta name=\"twitter:data1\" content=\"e-Cristians\" \/>\n\t<meta name=\"twitter:label2\" content=\"Tiempo de lectura\" \/>\n\t<meta name=\"twitter:data2\" content=\"3 minutos\" \/>\n<script type=\"application\/ld+json\" class=\"yoast-schema-graph\">{\"@context\":\"https:\/\/schema.org\",\"@graph\":[{\"@type\":\"WebPage\",\"@id\":\"https:\/\/e-cristians.cat\/es\/collboni-hace-lo-mismo-que-colau-y-sigue-incumpliendo-con-la-obligacion-municipal-de-incorporar-la-celebracion-de-la-misa-de-la-merce-en-el-programa-de-actos\/\",\"url\":\"https:\/\/e-cristians.cat\/es\/collboni-hace-lo-mismo-que-colau-y-sigue-incumpliendo-con-la-obligacion-municipal-de-incorporar-la-celebracion-de-la-misa-de-la-merce-en-el-programa-de-actos\/\",\"name\":\"Collboni incumple la obligaci\u00f3n\",\"isPartOf\":{\"@id\":\"https:\/\/e-cristians.cat\/#website\"},\"datePublished\":\"2023-09-21T10:09:00+00:00\",\"dateModified\":\"2023-09-21T10:11:50+00:00\",\"author\":{\"@id\":\"https:\/\/e-cristians.cat\/#\/schema\/person\/f0ec475338e49aaef9c9dc9d9f162861\"},\"description\":\"e-Cristians manifesta la incongruencia y arbitrarietat sectaria de excluir del Programa de actos la referencia a la Misa de la Merc\u00e8\",\"breadcrumb\":{\"@id\":\"https:\/\/e-cristians.cat\/es\/collboni-hace-lo-mismo-que-colau-y-sigue-incumpliendo-con-la-obligacion-municipal-de-incorporar-la-celebracion-de-la-misa-de-la-merce-en-el-programa-de-actos\/#breadcrumb\"},\"inLanguage\":\"es\",\"potentialAction\":[{\"@type\":\"ReadAction\",\"target\":[\"https:\/\/e-cristians.cat\/es\/collboni-hace-lo-mismo-que-colau-y-sigue-incumpliendo-con-la-obligacion-municipal-de-incorporar-la-celebracion-de-la-misa-de-la-merce-en-el-programa-de-actos\/\"]}]},{\"@type\":\"BreadcrumbList\",\"@id\":\"https:\/\/e-cristians.cat\/es\/collboni-hace-lo-mismo-que-colau-y-sigue-incumpliendo-con-la-obligacion-municipal-de-incorporar-la-celebracion-de-la-misa-de-la-merce-en-el-programa-de-actos\/#breadcrumb\",\"itemListElement\":[{\"@type\":\"ListItem\",\"position\":1,\"name\":\"Inici\",\"item\":\"https:\/\/e-cristians.cat\/es\/\"},{\"@type\":\"ListItem\",\"position\":2,\"name\":\"Collboni hace lo mismo que Colau y sigue incumpliendo con la obligaci\u00f3n municipal de incorporar la celebraci\u00f3n de la Misa de la Merc\u00e8 en el programa de actos\"}]},{\"@type\":\"WebSite\",\"@id\":\"https:\/\/e-cristians.cat\/#website\",\"url\":\"https:\/\/e-cristians.cat\/\",\"name\":\"e-Cristians\",\"description\":\"\",\"potentialAction\":[{\"@type\":\"SearchAction\",\"target\":{\"@type\":\"EntryPoint\",\"urlTemplate\":\"https:\/\/e-cristians.cat\/?s={search_term_string}\"},\"query-input\":\"required name=search_term_string\"}],\"inLanguage\":\"es\"},{\"@type\":\"Person\",\"@id\":\"https:\/\/e-cristians.cat\/#\/schema\/person\/f0ec475338e49aaef9c9dc9d9f162861\",\"name\":\"e-Cristians\",\"image\":{\"@type\":\"ImageObject\",\"inLanguage\":\"es\",\"@id\":\"https:\/\/e-cristians.cat\/#\/schema\/person\/image\/\",\"url\":\"https:\/\/secure.gravatar.com\/avatar\/14bc9e5b0ca69070f1075ad3efcb33c4?s=96&d=mm&r=g\",\"contentUrl\":\"https:\/\/secure.gravatar.com\/avatar\/14bc9e5b0ca69070f1075ad3efcb33c4?s=96&d=mm&r=g\",\"caption\":\"e-Cristians\"}}]}<\/script>\n<!-- \/ Yoast SEO plugin. -->","yoast_head_json":{"title":"Collboni incumple la obligaci\u00f3n","description":"e-Cristians manifesta la incongruencia y arbitrarietat sectaria de excluir del Programa de actos la referencia a la Misa de la Merc\u00e8","robots":{"index":"index","follow":"follow","max-snippet":"max-snippet:-1","max-image-preview":"max-image-preview:large","max-video-preview":"max-video-preview:-1"},"canonical":"https:\/\/e-cristians.cat\/es\/collboni-hace-lo-mismo-que-colau-y-sigue-incumpliendo-con-la-obligacion-municipal-de-incorporar-la-celebracion-de-la-misa-de-la-merce-en-el-programa-de-actos\/","og_locale":"es_ES","og_type":"article","og_title":"Collboni incumple la obligaci\u00f3n","og_description":"e-Cristians manifesta la incongruencia y arbitrarietat sectaria de excluir del Programa de actos la referencia a la Misa de la Merc\u00e8","og_url":"https:\/\/e-cristians.cat\/es\/collboni-hace-lo-mismo-que-colau-y-sigue-incumpliendo-con-la-obligacion-municipal-de-incorporar-la-celebracion-de-la-misa-de-la-merce-en-el-programa-de-actos\/","og_site_name":"e-Cristians","article_published_time":"2023-09-21T10:09:00+00:00","article_modified_time":"2023-09-21T10:11:50+00:00","og_image":[{"width":560,"height":345,"url":"https:\/\/e-cristians.cat\/wp-content\/uploads\/2023\/09\/Larquebisbat-lamenta-que-la-missa-de-la-Merce-no-figuri-en-el-programa-dactes-de-la-festa-major-de-Barcelona-560x345-1.jpg","type":"image\/jpeg"}],"author":"e-Cristians","twitter_card":"summary_large_image","twitter_misc":{"Escrito por":"e-Cristians","Tiempo de lectura":"3 minutos"},"schema":{"@context":"https:\/\/schema.org","@graph":[{"@type":"WebPage","@id":"https:\/\/e-cristians.cat\/es\/collboni-hace-lo-mismo-que-colau-y-sigue-incumpliendo-con-la-obligacion-municipal-de-incorporar-la-celebracion-de-la-misa-de-la-merce-en-el-programa-de-actos\/","url":"https:\/\/e-cristians.cat\/es\/collboni-hace-lo-mismo-que-colau-y-sigue-incumpliendo-con-la-obligacion-municipal-de-incorporar-la-celebracion-de-la-misa-de-la-merce-en-el-programa-de-actos\/","name":"Collboni incumple la obligaci\u00f3n","isPartOf":{"@id":"https:\/\/e-cristians.cat\/#website"},"datePublished":"2023-09-21T10:09:00+00:00","dateModified":"2023-09-21T10:11:50+00:00","author":{"@id":"https:\/\/e-cristians.cat\/#\/schema\/person\/f0ec475338e49aaef9c9dc9d9f162861"},"description":"e-Cristians manifesta la incongruencia y arbitrarietat sectaria de excluir del Programa de actos la referencia a la Misa de la Merc\u00e8","breadcrumb":{"@id":"https:\/\/e-cristians.cat\/es\/collboni-hace-lo-mismo-que-colau-y-sigue-incumpliendo-con-la-obligacion-municipal-de-incorporar-la-celebracion-de-la-misa-de-la-merce-en-el-programa-de-actos\/#breadcrumb"},"inLanguage":"es","potentialAction":[{"@type":"ReadAction","target":["https:\/\/e-cristians.cat\/es\/collboni-hace-lo-mismo-que-colau-y-sigue-incumpliendo-con-la-obligacion-municipal-de-incorporar-la-celebracion-de-la-misa-de-la-merce-en-el-programa-de-actos\/"]}]},{"@type":"BreadcrumbList","@id":"https:\/\/e-cristians.cat\/es\/collboni-hace-lo-mismo-que-colau-y-sigue-incumpliendo-con-la-obligacion-municipal-de-incorporar-la-celebracion-de-la-misa-de-la-merce-en-el-programa-de-actos\/#breadcrumb","itemListElement":[{"@type":"ListItem","position":1,"name":"Inici","item":"https:\/\/e-cristians.cat\/es\/"},{"@type":"ListItem","position":2,"name":"Collboni hace lo mismo que Colau y sigue incumpliendo con la obligaci\u00f3n municipal de incorporar la celebraci\u00f3n de la Misa de la Merc\u00e8 en el programa de actos"}]},{"@type":"WebSite","@id":"https:\/\/e-cristians.cat\/#website","url":"https:\/\/e-cristians.cat\/","name":"e-Cristians","description":"","potentialAction":[{"@type":"SearchAction","target":{"@type":"EntryPoint","urlTemplate":"https:\/\/e-cristians.cat\/?s={search_term_string}"},"query-input":"required name=search_term_string"}],"inLanguage":"es"},{"@type":"Person","@id":"https:\/\/e-cristians.cat\/#\/schema\/person\/f0ec475338e49aaef9c9dc9d9f162861","name":"e-Cristians","image":{"@type":"ImageObject","inLanguage":"es","@id":"https:\/\/e-cristians.cat\/#\/schema\/person\/image\/","url":"https:\/\/secure.gravatar.com\/avatar\/14bc9e5b0ca69070f1075ad3efcb33c4?s=96&d=mm&r=g","contentUrl":"https:\/\/secure.gravatar.com\/avatar\/14bc9e5b0ca69070f1075ad3efcb33c4?s=96&d=mm&r=g","caption":"e-Cristians"}}]}},"jetpack_sharing_enabled":true,"jetpack_featured_media_url":"https:\/\/e-cristians.cat\/wp-content\/uploads\/2023\/09\/Larquebisbat-lamenta-que-la-missa-de-la-Merce-no-figuri-en-el-programa-dactes-de-la-festa-major-de-Barcelona-560x345-1.jpg","_links":{"self":[{"href":"https:\/\/e-cristians.cat\/es\/wp-json\/wp\/v2\/posts\/135675"}],"collection":[{"href":"https:\/\/e-cristians.cat\/es\/wp-json\/wp\/v2\/posts"}],"about":[{"href":"https:\/\/e-cristians.cat\/es\/wp-json\/wp\/v2\/types\/post"}],"author":[{"embeddable":true,"href":"https:\/\/e-cristians.cat\/es\/wp-json\/wp\/v2\/users\/2"}],"replies":[{"embeddable":true,"href":"https:\/\/e-cristians.cat\/es\/wp-json\/wp\/v2\/comments?post=135675"}],"version-history":[{"count":3,"href":"https:\/\/e-cristians.cat\/es\/wp-json\/wp\/v2\/posts\/135675\/revisions"}],"predecessor-version":[{"id":135682,"href":"https:\/\/e-cristians.cat\/es\/wp-json\/wp\/v2\/posts\/135675\/revisions\/135682"}],"wp:featuredmedia":[{"embeddable":true,"href":"https:\/\/e-cristians.cat\/es\/wp-json\/wp\/v2\/media\/135671"}],"wp:attachment":[{"href":"https:\/\/e-cristians.cat\/es\/wp-json\/wp\/v2\/media?parent=135675"}],"wp:term":[{"taxonomy":"category","embeddable":true,"href":"https:\/\/e-cristians.cat\/es\/wp-json\/wp\/v2\/categories?post=135675"},{"taxonomy":"post_tag","embeddable":true,"href":"https:\/\/e-cristians.cat\/es\/wp-json\/wp\/v2\/tags?post=135675"}],"curies":[{"name":"wp","href":"https:\/\/api.w.org\/{rel}","templated":true}]}}