{"id":136244,"date":"2023-09-22T09:30:51","date_gmt":"2023-09-22T07:30:51","guid":{"rendered":"https:\/\/e-cristians.cat\/?p=136244"},"modified":"2023-09-22T11:59:44","modified_gmt":"2023-09-22T09:59:44","slug":"sin-la-tradicion-no-queda-nada-joseph-pieper-alasdair-macintyre-y-charles-taylor","status":"publish","type":"post","link":"https:\/\/e-cristians.cat\/es\/sin-la-tradicion-no-queda-nada-joseph-pieper-alasdair-macintyre-y-charles-taylor\/","title":{"rendered":"Sin la tradici\u00f3n no queda nada: Joseph Pieper, Alasdair MacIntyre, y Charles Taylor"},"content":{"rendered":"<p><em>Josep Mir\u00f3 i Ard\u00e8vol<\/em><\/p>\n<p>Es necesario recuperar la\u00a0<strong>tradici\u00f3n<\/strong> en toda su plenitud de\u00a0 significado y en \u00a0todos los \u00f3rdenes; en el de la fe cat\u00f3lica, donde mantiene su fuerza e importancia, pero no solo en este \u00e1mbito, sino por extensi\u00f3n en el secular: la cultura, la educaci\u00f3n y la ense\u00f1anza; la moral y la politica. <a href=\"https:\/\/www.forumlibertas.com\/sin-la-tradicion-no-queda-nada\" target=\"_blank\" rel=\"noopener\">Leer m\u00e1s.<\/a><\/p>\n","protected":false},"excerpt":{"rendered":"<p>Josep Mir\u00f3 i Ard\u00e8vol Es necesario recuperar la\u00a0tradici\u00f3n en toda su plenitud de\u00a0 significado y en \u00a0todos los \u00f3rdenes; en el de la fe cat\u00f3lica, donde mantiene su fuerza e importancia, pero no solo en este \u00e1mbito, sino por extensi\u00f3n en el secular: la cultura, la educaci\u00f3n y la ense\u00f1anza; la moral y la politica&#8230;.<\/p>\n","protected":false},"author":2,"featured_media":136246,"comment_status":"closed","ping_status":"closed","sticky":false,"template":"","format":"standard","meta":{"_jetpack_memberships_contains_paid_content":false,"footnotes":""},"categories":[34,39],"tags":[],"class_list":["post-136244","post","type-post","status-publish","format-standard","has-post-thumbnail","hentry","category-editorials-i-blogs-de-forumlibertas-es","category-portada_news-es"],"yoast_head":"<!-- This site is optimized with the Yoast SEO plugin v20.0 - https:\/\/yoast.com\/wordpress\/plugins\/seo\/ -->\n<title>Sin la tradici\u00f3n no queda nada: Joseph Pieper, Alasdair MacIntyre, y Charles Taylor - e-Cristians<\/title>\n<meta name=\"robots\" content=\"noindex, nofollow\" \/>\n<meta property=\"og:locale\" content=\"es_ES\" \/>\n<meta property=\"og:type\" content=\"article\" \/>\n<meta property=\"og:title\" content=\"Sin la tradici\u00f3n no queda nada: Joseph Pieper, Alasdair MacIntyre, y Charles Taylor - e-Cristians\" \/>\n<meta property=\"og:description\" content=\"Josep Mir\u00f3 i Ard\u00e8vol Es necesario recuperar la\u00a0tradici\u00f3n en toda su plenitud de\u00a0 significado y en \u00a0todos los \u00f3rdenes; en el de la fe cat\u00f3lica, donde mantiene su fuerza e importancia, pero no solo en este \u00e1mbito, sino por extensi\u00f3n en el secular: la cultura, la educaci\u00f3n y la ense\u00f1anza; la moral y la politica....\" \/>\n<meta property=\"og:url\" content=\"https:\/\/e-cristians.cat\/es\/sin-la-tradicion-no-queda-nada-joseph-pieper-alasdair-macintyre-y-charles-taylor\/\" \/>\n<meta property=\"og:site_name\" content=\"e-Cristians\" \/>\n<meta property=\"article:published_time\" content=\"2023-09-22T07:30:51+00:00\" \/>\n<meta property=\"article:modified_time\" content=\"2023-09-22T09:59:44+00:00\" \/>\n<meta property=\"og:image\" content=\"https:\/\/e-cristians.cat\/wp-content\/uploads\/2023\/09\/tradicion.jpg\" \/>\n\t<meta property=\"og:image:width\" content=\"450\" \/>\n\t<meta property=\"og:image:height\" content=\"250\" \/>\n\t<meta property=\"og:image:type\" content=\"image\/jpeg\" \/>\n<meta name=\"author\" content=\"e-Cristians\" \/>\n<meta name=\"twitter:card\" content=\"summary_large_image\" \/>\n<meta name=\"twitter:label1\" content=\"Escrito por\" \/>\n\t<meta name=\"twitter:data1\" content=\"e-Cristians\" \/>\n\t<meta name=\"twitter:label2\" content=\"Tiempo de lectura\" \/>\n\t<meta name=\"twitter:data2\" content=\"1 minuto\" \/>\n<script type=\"application\/ld+json\" class=\"yoast-schema-graph\">{\"@context\":\"https:\/\/schema.org\",\"@graph\":[{\"@type\":\"WebPage\",\"@id\":\"https:\/\/e-cristians.cat\/es\/sin-la-tradicion-no-queda-nada-joseph-pieper-alasdair-macintyre-y-charles-taylor\/\",\"url\":\"https:\/\/e-cristians.cat\/es\/sin-la-tradicion-no-queda-nada-joseph-pieper-alasdair-macintyre-y-charles-taylor\/\",\"name\":\"Sin la tradici\u00f3n no queda nada: Joseph Pieper, Alasdair MacIntyre, y Charles Taylor - e-Cristians\",\"isPartOf\":{\"@id\":\"https:\/\/e-cristians.cat\/#website\"},\"datePublished\":\"2023-09-22T07:30:51+00:00\",\"dateModified\":\"2023-09-22T09:59:44+00:00\",\"author\":{\"@id\":\"https:\/\/e-cristians.cat\/#\/schema\/person\/f0ec475338e49aaef9c9dc9d9f162861\"},\"breadcrumb\":{\"@id\":\"https:\/\/e-cristians.cat\/es\/sin-la-tradicion-no-queda-nada-joseph-pieper-alasdair-macintyre-y-charles-taylor\/#breadcrumb\"},\"inLanguage\":\"es\",\"potentialAction\":[{\"@type\":\"ReadAction\",\"target\":[\"https:\/\/e-cristians.cat\/es\/sin-la-tradicion-no-queda-nada-joseph-pieper-alasdair-macintyre-y-charles-taylor\/\"]}]},{\"@type\":\"BreadcrumbList\",\"@id\":\"https:\/\/e-cristians.cat\/es\/sin-la-tradicion-no-queda-nada-joseph-pieper-alasdair-macintyre-y-charles-taylor\/#breadcrumb\",\"itemListElement\":[{\"@type\":\"ListItem\",\"position\":1,\"name\":\"Inici\",\"item\":\"https:\/\/e-cristians.cat\/es\/\"},{\"@type\":\"ListItem\",\"position\":2,\"name\":\"Sin la tradici\u00f3n no queda nada: Joseph Pieper, Alasdair MacIntyre, y Charles Taylor\"}]},{\"@type\":\"WebSite\",\"@id\":\"https:\/\/e-cristians.cat\/#website\",\"url\":\"https:\/\/e-cristians.cat\/\",\"name\":\"e-Cristians\",\"description\":\"\",\"potentialAction\":[{\"@type\":\"SearchAction\",\"target\":{\"@type\":\"EntryPoint\",\"urlTemplate\":\"https:\/\/e-cristians.cat\/?s={search_term_string}\"},\"query-input\":\"required name=search_term_string\"}],\"inLanguage\":\"es\"},{\"@type\":\"Person\",\"@id\":\"https:\/\/e-cristians.cat\/#\/schema\/person\/f0ec475338e49aaef9c9dc9d9f162861\",\"name\":\"e-Cristians\",\"image\":{\"@type\":\"ImageObject\",\"inLanguage\":\"es\",\"@id\":\"https:\/\/e-cristians.cat\/#\/schema\/person\/image\/\",\"url\":\"https:\/\/secure.gravatar.com\/avatar\/14bc9e5b0ca69070f1075ad3efcb33c4?s=96&d=mm&r=g\",\"contentUrl\":\"https:\/\/secure.gravatar.com\/avatar\/14bc9e5b0ca69070f1075ad3efcb33c4?s=96&d=mm&r=g\",\"caption\":\"e-Cristians\"}}]}<\/script>\n<!-- \/ Yoast SEO plugin. -->","yoast_head_json":{"title":"Sin la tradici\u00f3n no queda nada: Joseph Pieper, Alasdair MacIntyre, y Charles Taylor - e-Cristians","robots":{"index":"noindex","follow":"nofollow"},"og_locale":"es_ES","og_type":"article","og_title":"Sin la tradici\u00f3n no queda nada: Joseph Pieper, Alasdair MacIntyre, y Charles Taylor - e-Cristians","og_description":"Josep Mir\u00f3 i Ard\u00e8vol Es necesario recuperar la\u00a0tradici\u00f3n en toda su plenitud de\u00a0 significado y en \u00a0todos los \u00f3rdenes; en el de la fe cat\u00f3lica, donde mantiene su fuerza e importancia, pero no solo en este \u00e1mbito, sino por extensi\u00f3n en el secular: la cultura, la educaci\u00f3n y la ense\u00f1anza; la moral y la politica....","og_url":"https:\/\/e-cristians.cat\/es\/sin-la-tradicion-no-queda-nada-joseph-pieper-alasdair-macintyre-y-charles-taylor\/","og_site_name":"e-Cristians","article_published_time":"2023-09-22T07:30:51+00:00","article_modified_time":"2023-09-22T09:59:44+00:00","og_image":[{"width":450,"height":250,"url":"https:\/\/e-cristians.cat\/wp-content\/uploads\/2023\/09\/tradicion.jpg","type":"image\/jpeg"}],"author":"e-Cristians","twitter_card":"summary_large_image","twitter_misc":{"Escrito por":"e-Cristians","Tiempo de lectura":"1 minuto"},"schema":{"@context":"https:\/\/schema.org","@graph":[{"@type":"WebPage","@id":"https:\/\/e-cristians.cat\/es\/sin-la-tradicion-no-queda-nada-joseph-pieper-alasdair-macintyre-y-charles-taylor\/","url":"https:\/\/e-cristians.cat\/es\/sin-la-tradicion-no-queda-nada-joseph-pieper-alasdair-macintyre-y-charles-taylor\/","name":"Sin la tradici\u00f3n no queda nada: Joseph Pieper, Alasdair MacIntyre, y Charles Taylor - e-Cristians","isPartOf":{"@id":"https:\/\/e-cristians.cat\/#website"},"datePublished":"2023-09-22T07:30:51+00:00","dateModified":"2023-09-22T09:59:44+00:00","author":{"@id":"https:\/\/e-cristians.cat\/#\/schema\/person\/f0ec475338e49aaef9c9dc9d9f162861"},"breadcrumb":{"@id":"https:\/\/e-cristians.cat\/es\/sin-la-tradicion-no-queda-nada-joseph-pieper-alasdair-macintyre-y-charles-taylor\/#breadcrumb"},"inLanguage":"es","potentialAction":[{"@type":"ReadAction","target":["https:\/\/e-cristians.cat\/es\/sin-la-tradicion-no-queda-nada-joseph-pieper-alasdair-macintyre-y-charles-taylor\/"]}]},{"@type":"BreadcrumbList","@id":"https:\/\/e-cristians.cat\/es\/sin-la-tradicion-no-queda-nada-joseph-pieper-alasdair-macintyre-y-charles-taylor\/#breadcrumb","itemListElement":[{"@type":"ListItem","position":1,"name":"Inici","item":"https:\/\/e-cristians.cat\/es\/"},{"@type":"ListItem","position":2,"name":"Sin la tradici\u00f3n no queda nada: Joseph Pieper, Alasdair MacIntyre, y Charles Taylor"}]},{"@type":"WebSite","@id":"https:\/\/e-cristians.cat\/#website","url":"https:\/\/e-cristians.cat\/","name":"e-Cristians","description":"","potentialAction":[{"@type":"SearchAction","target":{"@type":"EntryPoint","urlTemplate":"https:\/\/e-cristians.cat\/?s={search_term_string}"},"query-input":"required name=search_term_string"}],"inLanguage":"es"},{"@type":"Person","@id":"https:\/\/e-cristians.cat\/#\/schema\/person\/f0ec475338e49aaef9c9dc9d9f162861","name":"e-Cristians","image":{"@type":"ImageObject","inLanguage":"es","@id":"https:\/\/e-cristians.cat\/#\/schema\/person\/image\/","url":"https:\/\/secure.gravatar.com\/avatar\/14bc9e5b0ca69070f1075ad3efcb33c4?s=96&d=mm&r=g","contentUrl":"https:\/\/secure.gravatar.com\/avatar\/14bc9e5b0ca69070f1075ad3efcb33c4?s=96&d=mm&r=g","caption":"e-Cristians"}}]}},"jetpack_sharing_enabled":true,"jetpack_featured_media_url":"https:\/\/e-cristians.cat\/wp-content\/uploads\/2023\/09\/tradicion.jpg","_links":{"self":[{"href":"https:\/\/e-cristians.cat\/es\/wp-json\/wp\/v2\/posts\/136244"}],"collection":[{"href":"https:\/\/e-cristians.cat\/es\/wp-json\/wp\/v2\/posts"}],"about":[{"href":"https:\/\/e-cristians.cat\/es\/wp-json\/wp\/v2\/types\/post"}],"author":[{"embeddable":true,"href":"https:\/\/e-cristians.cat\/es\/wp-json\/wp\/v2\/users\/2"}],"replies":[{"embeddable":true,"href":"https:\/\/e-cristians.cat\/es\/wp-json\/wp\/v2\/comments?post=136244"}],"version-history":[{"count":1,"href":"https:\/\/e-cristians.cat\/es\/wp-json\/wp\/v2\/posts\/136244\/revisions"}],"predecessor-version":[{"id":136248,"href":"https:\/\/e-cristians.cat\/es\/wp-json\/wp\/v2\/posts\/136244\/revisions\/136248"}],"wp:featuredmedia":[{"embeddable":true,"href":"https:\/\/e-cristians.cat\/es\/wp-json\/wp\/v2\/media\/136246"}],"wp:attachment":[{"href":"https:\/\/e-cristians.cat\/es\/wp-json\/wp\/v2\/media?parent=136244"}],"wp:term":[{"taxonomy":"category","embeddable":true,"href":"https:\/\/e-cristians.cat\/es\/wp-json\/wp\/v2\/categories?post=136244"},{"taxonomy":"post_tag","embeddable":true,"href":"https:\/\/e-cristians.cat\/es\/wp-json\/wp\/v2\/tags?post=136244"}],"curies":[{"name":"wp","href":"https:\/\/api.w.org\/{rel}","templated":true}]}}