{"id":1388,"date":"2020-10-02T08:44:37","date_gmt":"2020-10-02T06:44:37","guid":{"rendered":"https:\/\/e-cristians.cat\/?p=1388"},"modified":"2020-10-09T12:40:02","modified_gmt":"2020-10-09T10:40:02","slug":"declaracion-publica-de-profesores-de-derecho-y-academicos-de-legislacion-y-jurisprudencia-sobre-la-proposicion-de-ley-organica-de-regulacion-de-la-eutanasia","status":"publish","type":"post","link":"https:\/\/e-cristians.cat\/es\/declaracion-publica-de-profesores-de-derecho-y-academicos-de-legislacion-y-jurisprudencia-sobre-la-proposicion-de-ley-organica-de-regulacion-de-la-eutanasia\/","title":{"rendered":"Juristas contra la eutanasia"},"content":{"rendered":"<p>El 31 de enero de 2020 el Bolet\u00edn Oficial de las Cortes Generales ha publicado una Proposici\u00f3n de Ley Org\u00e1nica que pretende regular la eutanasia y dice tener por objeto <em>el derecho que corresponde a toda persona, que cumpla las condiciones exigidas, a solicitar y recibir la ayuda necesaria para morir, el procedimiento que ha de seguirse y las garant\u00edas que han de observars<\/em>e. La Proposici\u00f3n ha sido tomada en consideraci\u00f3n el 17 de febrero de 2020 por el Pleno del Congreso de los Diputados y enviada para su tramitaci\u00f3n a su Comisi\u00f3n de Justicia. El plazo de enmiendas ha sido alargado por el momento hasta el 2 de septiembre de 2020.<\/p>\n<p>Los abajo firmantes, profesores de Derecho y acad\u00e9micos de legislaci\u00f3n y jurisprudencia, hacen un llamamiento p\u00fablico para que se retire esta iniciativa legislativa, por entender que, envuelta en equ\u00edvocas palabras y pulsiones motivas circunstanciales, constituye una grave amenaza a la seguridad de los m\u00e1s mayores y enfermos de nuestra sociedad, y es contraria a la dignidad de la persona humana y a los derechos m\u00e1s fundamentales que le son inherentes, garantizados por la Constituci\u00f3n y el Derecho internacional de los derechos humanos como base irrenunciable de nuestra civilizaci\u00f3n. Lo ocurrido en los meses transcurridos de la actual pandemia ha evidenciado a\u00fan m\u00e1s especialmente el deber de volcar m\u00e1s bien el mayor empe\u00f1o en el cuidado y atenci\u00f3n de los mayores y enfermos graves, y de velar, sin restricci\u00f3n alguna, por su vida.<\/p>\n<p>Consideran en concreto que la Proposici\u00f3n de que se trata es contraria a los art\u00edculos 10, 14, 15, 43.1, 19 y 50 de la Constituci\u00f3n Espa\u00f1ola, que protegen la dignidad de toda persona humana y sus derechos irrenunciables a la igualdad y no discriminaci\u00f3n, a la conversaci\u00f3n de la propia vida y a la protecci\u00f3n de la salud aun cuando pueda encontrarse reducida, y especialmente cuando se trata de disminuidos f\u00edsicos, sensoriales y ps\u00edquicos o de ciudadanos en su tercera edad.<\/p>\n<p>9 de septiembre, de 2020<\/p>\n<p>Jos\u00e9 Luis Mart\u00ednez L\u00f3pez-Mu\u00f1iz (U. de Valladolid. Derecho Administrativo. Catedr\u00e1tico. Prof. Em\u00e9rito), Diego Medina Morales (U. de C\u00f3rdoba. Filosof\u00eda del Derecho. Catedr\u00e1tico), Jos\u00e9 Justo Meg\u00edas Quir\u00f3s (U. de C\u00e1diz. Filosof\u00eda del Derecho. Catedr\u00e1tico), Jos\u00e9 Andr\u00e9s Rozas Vald\u00e9s (U. de Barcelona. D. Financiero y Tributario. Catedr\u00e1tico), Luis M\u00edguez Macho (U. de Santiago de Compostela. Derecho Administrativo. Catedr\u00e1tico), Carmen Otero Garc\u00eda-Castrill\u00f3n (U. Complutense de Madrid. D. Internacional Privado. Catedr\u00e1tica), Milagros M\u00aa Otero Parga (U. de Santiago de Compostela. Filosof\u00eda del Derecho. Catedr\u00e1tica), Juan M\u00aa Pem\u00e1n Gav\u00edn (U. de Zaragoza. Derecho Administrativo. Catedr\u00e1tico), Francisca P\u00e9rez Madrid (U. de Barcelona. Derecho Eclesi\u00e1stico del Estado. Catedr\u00e1tica), Manuel Rebollo Puig (U. de C\u00f3rdoba. Derecho Administrativo. Catedr\u00e1tico), Mar\u00eda Jos\u00e9 Roca Fern\u00e1ndez (U. Complutense de Madrid. Derecho Constitucional. Catedr\u00e1tica), Carlos M\u00aa Romeo Casabona (U. del Pa\u00eds Vasco. Derecho Penal. Catedr\u00e1tico), Jaime Rossell Granados (U. de Extremadura.<br \/>\nDerecho Eclesi\u00e1stico del Estado. Catedr\u00e1tico), Lourdes Ruano Espina (U. de Salamanca. Derecho Eclesi\u00e1stico del Estado. Catedr\u00e1tica), Pedro Serna Berm\u00fadez (U. de A Coru\u00f1a. Filosof\u00eda del Derecho. Catedr\u00e1tico), Jes\u00fas-M\u00aa Silva S\u00e1nchez (U. Pompeu Fabra. Barcelona. Derecho Penal. Catedr\u00e1tico), Jos\u00e9 Manuel Vera Santos (U. Rey Juan Carlos. Madrid. Derecho Constitucional. Catedr\u00e1tico), Julio Banacloche Palao (U. Complutense de Madrid. Derecho Procesal. Catedr\u00e1tico), Alfonso Candau P\u00e9rez (Academia de Valladolid. Registrador), Francisco Carpintero Ben\u00edtez (U. de C\u00e1diz. Filosof\u00eda del Derecho. Catedr\u00e1tico. Col. Hon.), Josep M\u00aa Castell\u00e0 Andreu (U. de Barcelona. Derecho Constitucional. Catedr\u00e1tico), Jos\u00e9 Mar\u00eda de la Cuesta S\u00e1enz (U. de Burgos. Derecho Civil. Catedr\u00e1tico), Jos\u00e9 Javier de los Mozos Touya (U. de Valladolid. Derecho Romano. Catedr\u00e1tico), Francisco Fern\u00e1ndez Segado (U. Complutense de Madrid. D. Constitucional. Catedr\u00e1tico), Carlos Flores Juber\u00edas (U. de Valencia. Derecho Constitucional. Catedr\u00e1tico), Francisco La Moneda D\u00edaz (Academia de Extremadura. Abogado), Encarnaci\u00f3n Fern\u00e1ndez Ru\u00edz-G\u00e1lvez (U. de Valencia. Filosof\u00eda del Derecho. Catedr\u00e1tica), Francisco L\u00f3pez Menudo (U. de Sevilla. Derecho Administrativo. Catedr\u00e1tico. Prof. Em\u00e9rito).<\/p>\n<p>(Consta la firma de estos 28 firmantes iniciales en documento aparte)<\/p>\n<p>SUSCRIBEN IGUALMENTE ESTA DECLARACI\u00d3N LOS SIGUIENTES PROFESORES DE DERECHO Y\/O ACAD\u00c9MICOS DE LEGISLACI\u00d3N Y JURISPRUDENCIA<\/p>\n<p>Sara Acu\u00f1a Guirola (U. de C\u00e1diz. Derecho Eclesi\u00e1stico del Estado. Catedr\u00e1tica), Jos\u00e9 Ram\u00f3n Agustina Sanlleh\u00ed (U. Abat Oliva, Barcelona. Derecho Penal. Catedr\u00e1tico), Juan Antonio Alberca de Castro (U. de C\u00e1diz. Derecho Eclesi\u00e1stico del Estado. Prof. Titular), Marta M\u00aa Albert M\u00e1rquez (U. Rey Juan Carlos, Madrid. Filosof\u00eda del Derecho. Profa. Titular), Rosal\u00eda Alfonso S\u00e1nchez (U. de Murcia. Derecho Mercantil. Catedr\u00e1tica), Joan Amen\u00f3s \u00c1lamo (U. Aut\u00f3noma. Barcelona. Derecho Administrativo. Prof. Titular), Jos\u00e9 Javier Amor\u00f3s Azpilicueta (U. de C\u00f3rdoba. Derecho Eclesi\u00e1stico del Estado. Catedr\u00e1tico), Gaspar Ari\u00f1o Ortiz (Madrid. Derecho Administrativo. Catedr\u00e1tico), Miguel \u00c1ngel Asensio S\u00e1nchez (U. de M\u00e1laga. Derecho Eclesi\u00e1stico del Estado. Prof. Titular), Jes\u00fas Ballesteros Llompart (Valencia. Filosof\u00eda del Derecho. Catedr\u00e1tico em\u00e9rito), Jes\u00fas Bernal del Castillo (U. de Oviedo. Derecho Penal. Prof. Titular), Juan Manuel Blanch Nougu\u00e9s (U. CEU-San Pablo, Madrid. Derecho Romano. Catedr\u00e1tico), Jes\u00fas Bogar\u00edn D\u00edaz (U. de Huelva. Derecho Eclesi\u00e1stico del Estado. Prof. Titular), Jer\u00f3nimo Borrero Arias (U. de Sevilla. Derecho Eclesi\u00e1stico del Estado. Prof. Titular), Pedro Brufao Curiel (U. de Extremadura. Derecho Administrativo. Prof. Titular), Rafael Caballero S\u00e1nchez (U. Complutense de Madrid. Derecho Administrativo. Catedr\u00e1tico), Mar\u00eda Teresa Cabezas Hern\u00e1ndez (U. de Extremadura. Derecho Administrativo. C\u00e1t. EU), M\u00aa Dolores Calvo S\u00e1nchez (U. de Salamanca. Derecho Administrativo. Profa. Titular), Roc\u00edo Caro G\u00e1ndara (U. De M\u00e1laga. Derecho Internaciona Privado.Profa. Titular), Fernando Castillo Rigabert (U. de Murcia. Derecho Procesal. Prof. Titular), Juan Cianciardo (U. de Navarra. Filosof\u00eda del Derecho. Prof. Titular), Eduardo Corral Garc\u00eda (U. de C\u00e1diz. Derecho Civil. Prof. Titular), Francisco J. Cuena Boy (U. de Cantabria. Derecho Romano. Catedr\u00e1tico), Juan de la Cruz Ferrer (U. Complutense de Madrid. Derecho Administrativo. Prof. Titular), Asunci\u00f3n de la Iglesia Chamarro (U. de Navarra. Derecho Constitucional. Profa. Titular), Lourdes de la Torre Mart\u00ednez (U. de Ja\u00e9n. Derecho Administrativo. Profa.Titular), Luis M\u00aa Delgado L\u00f3pez (Academia de Valladolid. Fiscal), Isabel M\u00aa de los Mozos Touya (U. de Valladolid. Derecho Administrativo. Profa. Titular), Manuel de Peralta Carrasco (U. de Extremadura. Derecho Civil. Prof. Titular), Jos\u00e9 Ram\u00f3n de Verda y Beamonte (U. de Valencia. Derecho Civil. Catedr\u00e1tico), Javier D\u2019Ors Lois (U. de Santiago de Compostela. Derecho Romano. Catedr\u00e1tico), Rafael Entrena Cuesta (U. de Barcelona. Derecho Administrativo. Catedr\u00e1tico), Manuel Espejo Lerdo de Tejada (U. de Sevilla. Derecho Civil. Catedr\u00e1tico), Jos\u00e9 Esteve Pardo (U de Barcelona. Derecho Administrativo. Catedr\u00e1tico), \u00c1ngela Reyes Fern\u00e1ndez Ar\u00e9valo (U. de Sevilla. Derecho Civil. Profa. Titular), Francisco Fern\u00e1ndez-Prida Migoya (Academia de Valladolid. Notario), Bego\u00f1a Fernandez Gonz\u00e1lez (U. CEU-San Pablo. Madrid. Derecho Civil. Catedr\u00e1tica), Tom\u00e1s-Ram\u00f3n Fern\u00e1ndez Rodr\u00edguez (U. Complutense de Madrid. Catedr\u00e1tico. De la RAJL), Manuel Fern\u00e1ndez<br \/>\nSalmer\u00f3n (U. de Murcia. Derecho Administrativo. Catedr\u00e1tico), Javier Ferrer Ortiz (U. de Zaragoza. Derecho Eclesi\u00e1stico del Estado. Catedr\u00e1tico), Carlos Fidalgo Gallardo (U. de Sevilla. Derecho Procesal. Prof. As. y Acad\u00e9mico corrpte RAJL), Ignacio Flores Prada (U. Pablo de Olavide. Sevilla. Derecho Procesal. Catedr\u00e1tico), Ricardo Garc\u00eda Garc\u00eda (U. Aut\u00f3noma de Madrid. Derecho Eclesi\u00e1stico del Estado. Prof. Titular), Mart\u00edn Garc\u00eda-Ripoll Montijano (U. de Murcia. Derecho Civil. Catedr\u00e1tico), Fernando Garc\u00eda-Moreno Rodr\u00edguez (U. de Burgos. Derecho Administrativo. Prof. Titular), Fernando Garc\u00eda Rubio (U. Rey Juan Carlos. Madrid. Derecho Administrativo. Prof. Titular), Montserrat Gas Aixendri (Universidad Internacional de Catalu\u00f1a, Barcelona. Derecho Eclesi\u00e1stico del Estado. Catedr\u00e1tica), Pablo Girgado Perandones (U. Rovira i Virgili, Tarragona. Derecho Mercantil. Prof. Titular), \u00c1ngel G\u00f3mez-Iglesias Casal (U. de Santiago de Compostela. Derecho Romano. Catedr\u00e1tico), \u00c1ngel Jos\u00e9 G\u00f3mez Montoro (U. de Navarra. Derecho Constitucional. Catedr\u00e1tico), Alejandro Gonz\u00e1lez-Varas Ib\u00e1\u00f1ez (U. de Zaragoza. Derecho Eclesi\u00e1stico del Estado. Prof. Titular), Isabel V. Gonz\u00e1lez Pacanowska (U. de Murcia. Derecho Civil. Catedr\u00e1tica), Juan J. Guardia Hern\u00e1ndez (Universidad Internacional de Catalu\u00f1a, Barcelona. Derecho Administrativo. Prof. Agregado), Elena Guix\u00e9 Nogu\u00e9s (U. de Barcelona. Derecho Procesal. Profa. Titular), Cristina Hermida del Llano (U. Rey Juan Carlos, Madrid. Filosof\u00eda del Derecho. Profa. Titular), Pedro Manuel Herrera Molina (UNED. Derecho Financiero y Tributario. Catedr\u00e1tico), Juan Jos\u00e9 Iniesta Delgado (U. de Murcia. Filosof\u00eda del Derecho. Prof. Titular), Elena L\u00f3pez Barba (U. de Huelva. Derecho Civil. Profa.Titular), Mariano L\u00f3pez Ben\u00edtez (U. de C\u00f3rdoba. Derecho Administrativo. Catedr\u00e1tico), \u00c1ngel L\u00f3pez-Sidro L\u00f3pez (U. de Ja\u00e9n. Derecho Eclesi\u00e1stico del Estado. Prof. Titular), Aurora M\u00aa L\u00f3pez Medina (U. de Huelva. Derecho Eclesi\u00e1stico del Estado. Profa. Titular), Marta Lora-Tamayo Vallv\u00e9 (UNED. Derecho Administrativo. Catedr\u00e1tica), Ana Llano Torre (U. Complutense. Madrid. Filosof\u00eda del Derecho. Profa. Titular), Juli\u00e1n Manteca Alonso-Cort\u00e9s (Academia de Valladolid. Notario), Joaqu\u00edn Mantec\u00f3n Sancho (Cantabria. Derecho Eclesi\u00e1stico del Estado. Catedr\u00e1tico), Antonio M\u00e1rquez Prieto (U. de M\u00e1laga. Derecho del Trabajo y de la Seguridad Social. Catedr\u00e1tico), Antonio Mart\u00ed del Moral (U. de Ja\u00e9n. Derecho Administrativo. Prof. Titular), Mar\u00eda del Mar Mart\u00edn Garc\u00eda (U. de Almer\u00eda. Derecho Eclesi\u00e1stico del Estado. Profa. Titular), M\u00aa Ascensi\u00f3n Mart\u00edn Huertas (U. de Sevilla. Derecho Internacional Privado. Profa. Titular), Isidoro Mart\u00edn S\u00e1nchez (U. Aut\u00f3noma de Madrid. Derecho Eclesi\u00e1stico del Estado. Catedr\u00e1tico em\u00e9rito), Jos\u00e9 M\u00aa Mart\u00edn S\u00e1nchez (U. de Castilla La-Mancha. Derecho Eclesi\u00e1stico del Estado. Prof. Titular), Carlos Mart\u00ednez de Aguirre (U. de Zaragoza. Derecho Civil. Catedr\u00e1tico), M\u00aa Lourdes Mart\u00ednez de Morentin Llamas (U. de Zaragoza. Derecho Romano. Profa. Titular), \u00cd\u00f1igo Mart\u00ednez de Pis\u00f3n Aparicio (U. Complutense de Madrid. Derecho Administrativo. Prof. Titular), Alfonso Mart\u00ednez-Echevarr\u00eda y Garc\u00eda de Due\u00f1as (U. CEU-San Pablo. Derecho Mercantil. Catedr\u00e1tico), F\u00e9lix Mart\u00ednez Llorente (U. de Valladolid. Historia del Derecho y de las Instituciones. Catedr\u00e1tico), Juan Antonio Mart\u00ednez Mu\u00f1oz (U. Complutense. Madrid. Filosof\u00eda del Derecho. Prof. Titular), Consuelo Mart\u00ednez-Sicluna y Sep\u00falveda (U. Complutense de Madrid. Filosof\u00eda del Derecho. Profa. Titular), M\u00aa Antonia Martos Calabr\u00fas (U. de Almer\u00eda. Derecho Civil. Profa. Titular), Antonio Mateo Sanz (U. de Cantabria. Derecho Romano. Prof. Titular), M\u00aa Jos\u00e9 Mena-Bernal Escobar (U. de Sevilla. Derecho Civil. Profa. Titular), Alejandro Men\u00e9ndez Moreno (U. de Valladolid. Derecho Financiero y Tributario. Catedr\u00e1tico), Silvia Meseguer Velasco (U. Complutense de Madrid. Derecho Eclesi\u00e1stico del Estado. Profa. Titular), Jos\u00e9 Ignacio Morillo Velarde (U. Pablo de Olavide, Sevilla. Derecho Administrativo. Catedr\u00e1tico), Pedro A. Munar Bernat (U. de Islas Baleares. Derecho Civil. Catedr\u00e1tico), Pedro-Tom\u00e1s Nevado-Batalla Moreno (U. de Salamanca. Derecho Administrativo. Prof. Titular), Bel\u00e9n Noguera de la Muela (U. de Barcelona. Derecho Administrativo. Catedr\u00e1tica), Pablo Nuevo L\u00f3pez (U. Abat Oliva, Barcelona. Derecho Constitucional. Prof. Agregado), \u00c1lvaro N\u00fa\u00f1ez Iglesias (U. de Almer\u00eda. Derecho Civil. Catedr\u00e1tico), M\u00aa del Carmen N\u00fa\u00f1ez Lozano (U. de Huelva. Derecho Administrativo. Catedr\u00e1tica), Pablo Luis N\u00fa\u00f1ez Lozano (U. de Sevilla. Derecho Mercantil. Prof. Titular), M\u00aa del Carmen Ortiz de Tena (U. de Sevilla. Derecho Administrativo. Profa. Titular), Rafael Palomino Lozano (U. Complutense de Madrid, Derecho Eclesi\u00e1stico del Estado. Catedr\u00e1tico), Nuria Pastor Mu\u00f1oz (U. Pompeu Fabra, Barcelona. Derecho Penal. Profa. Agregada), Jaume Pellis\u00e9 Capell (U. de Barcelona. Derecho Mercantil. Prof. Titular), Carlos P\u00e9rez del Valle (U. CEU-San Pablo, Madrid. Derecho Penal. Catedr\u00e1tico), Carlos P\u00e9rez Fern\u00e1ndez-Tur\u00e9gano (U. CEU-San Pablo, Madrid. Historia del Derecho. Prof. Titular), Marina P\u00e9rez Monge (U. de Zaragoza. Derecho Civil. Profa. Titular), Bernardo Peri\u00f1\u00e1n G\u00f3mez (U. Pablo de Olavide, Sevilla. Derecho Romano. Catedr\u00e1tico), Diego Poole Derqui (U. Rey Juan Carlos. Madrid. Filosof\u00eda del Derecho. Prof. Titular), Tom\u00e1s Prieto \u00c1lvarez (U. de Burgos. Derecho Administrativo. Prof. Titular), Francisco de Paula Puy Mu\u00f1oz (U. de Santiago de Compostela. Filosof\u00eda del Derecho. Catedr\u00e1tico. De la Academia Gallega), Manuel Quintanar D\u00edez (U. Complutense de Madrid. Derecho Penal. Prof. Titular), Miguel \u00c1ngel Recuerda Girela (U. de Granada. Derecho Administrativo. Catedr\u00e1tico), Jaime F. Rodr\u00edguez-Arana Mu\u00f1oz (U. de A Coru\u00f1a. Derecho Administrativo. Catedr\u00e1tico), Jos\u00e9 M\u00aa Rodr\u00edguez de Santiago (U. Aut\u00f3noma de Madrid. Derecho Administrativo. Catedr\u00e1tico), Bruno Rodr\u00edguez-Rosado (U. De M\u00e1laga. Derecho Civil. Catedr\u00e1tico), Manuel Rodr\u00edguez Portugu\u00e9s (U. de C\u00f3rdoba. Derecho Administrativo. Prof. Titular), Carlos Ruiz Miguel (U. de Santiago de Compostela. Derecho Constitucional. Catedr\u00e1tico), Jes\u00fas S\u00e1ez Gonz\u00e1lez (U. de C\u00e1diz. Derecho Procesal. Prof. Titular), Bel\u00e9n Sainz-Cantero Caparr\u00f3s (U. de Alemar\u00eda. Derecho Civil. Catedr\u00e1tica), Jos\u00e9 Manuel Sala Arquer (U. Rey Juan Carlos. Madrid. Derecho Administrativo. Catedr\u00e1tico. Prof. honor\u00edfico), Mar\u00eda Salas Porras (U.de M\u00e1laga. Derecho del Trabajo y de la Seguridad Social. Profa. Titular), M\u00aa Amparo Salvador Armend\u00e1riz (U. de Navarra. Derecho Administrativo. Profa. Titular), Manuel S\u00e1nchez de Diego Fern\u00e1ndez de la Riva (U. Complutense de Madrid. Derecho Constitucional. Prof. Titular), Pablo S\u00e1nchez-Ostiz Guti\u00e9rrez (U. de Navarra. Derecho Penal. Catedr\u00e1tico), Antonio Jos\u00e9 S\u00e1nchez S\u00e1ez (U.de Sevilla. Derecho Administrativo. Prof. Titular), Francisco S\u00e1nchez Zamorano (Academia de C\u00f3rdoba. Jurista), Fernando Santa Cecilia Garc\u00eda (U. Complutense. Madrid. Prof. Dr. Acad\u00e9mico corrpte RAJL) Patricia Santos Rodr\u00edguez (U. CEU-San Pablo. Filosof\u00eda del Derecho. Prof. Titular), Francisco Javier Sanz Larruga (U. de A Coru\u00f1a. Derecho Administrativo. Catedr\u00e1tico), Noem\u00ed Serrano Arg\u00fcello (U. de Valladolid. Derecho del Trabajo y de la Seguridad Social. Profa. Titular), Gregorio Serrano Hoyo (U. de Extremadura. Derecho Procesal. Prof. Titular), Juan L. Sevilla Bujalance (U. de C\u00f3rdoba. Derecho Eclesi\u00e1stico del Estado. Prof. Dr. y Acad\u00e9mico corrpte. RAJL), Julio Sig\u00fcenza L\u00f3pez (U. de Murcia. Derecho Procesal. Prof. Titular), Fernando Sim\u00f3n Yarza (U. de Navarra. Derecho Constitucional. Prof. Titular), Pedro A. Talavera Fern\u00e1ndez (U. de Valencia. Filosof\u00eda del Derecho. Prof. Titular), Marc Tarr\u00e9s Vives (U. de Barcelona. Derecho Administrativo. Prof. Agregado), Daniel Tirapu Mart\u00ednez (U. de Ja\u00e9n. Derecho Eclesi\u00e1stico del Estado. Catedr\u00e1tico), Sebasti\u00e1n F\u00e9lix Utrera Caro (U. CEU-San Pablo, Madrid. Derecho Administrativo. Prof. Titular), Juan Enrique Varona Alabern (U. de Cantabria. Derecho Financiero y Tributario. Catedr\u00e1tico), Jos\u00e9 M\u00aa V\u00e1zquez G\u00aa-Pe\u00f1uela (U. Int. de La Rioja. Derecho Eclesi\u00e1stico del Estado. Catedr\u00e1tico), Ana M\u00aa Vega Guti\u00e9rrez (U. de La Rioja. Derecho Eclesi\u00e1stico del Estado. Catedr\u00e1tica).<\/p>\n<p><a href=\"https:\/\/declaracionvseutanasia.wordpress.com\/\">Juristas contra la&nbsp;eutanasia<\/a><\/p>\n","protected":false},"excerpt":{"rendered":"<p>El 31 de enero de 2020 el Bolet\u00edn Oficial de las Cortes Generales ha publicado una Proposici\u00f3n de Ley Org\u00e1nica que pretende regular la eutanasia y dice tener por objeto el derecho que corresponde a toda persona, que cumpla las condiciones exigidas, a solicitar y recibir la ayuda necesaria para morir, el procedimiento que ha&#8230;<\/p>\n","protected":false},"author":2,"featured_media":1389,"comment_status":"closed","ping_status":"closed","sticky":false,"template":"","format":"standard","meta":{"_jetpack_memberships_contains_paid_content":false,"footnotes":""},"categories":[33],"tags":[44,102],"class_list":["post-1388","post","type-post","status-publish","format-standard","has-post-thumbnail","hentry","category-altres-entitats-informacions-agenda-i-documents-es","tag-eutanasia-es","tag-ley-eutanasia-es"],"yoast_head":"<!-- This site is optimized with the Yoast SEO plugin v20.0 - https:\/\/yoast.com\/wordpress\/plugins\/seo\/ -->\n<title>Juristas contra la eutanasia - e-Cristians<\/title>\n<meta name=\"robots\" content=\"noindex, nofollow\" \/>\n<meta property=\"og:locale\" content=\"es_ES\" \/>\n<meta property=\"og:type\" content=\"article\" \/>\n<meta property=\"og:title\" content=\"Juristas contra la eutanasia - e-Cristians\" \/>\n<meta property=\"og:description\" content=\"El 31 de enero de 2020 el Bolet\u00edn Oficial de las Cortes Generales ha publicado una Proposici\u00f3n de Ley Org\u00e1nica que pretende regular la eutanasia y dice tener por objeto el derecho que corresponde a toda persona, que cumpla las condiciones exigidas, a solicitar y recibir la ayuda necesaria para morir, el procedimiento que ha...\" \/>\n<meta property=\"og:url\" content=\"https:\/\/e-cristians.cat\/es\/declaracion-publica-de-profesores-de-derecho-y-academicos-de-legislacion-y-jurisprudencia-sobre-la-proposicion-de-ley-organica-de-regulacion-de-la-eutanasia\/\" \/>\n<meta property=\"og:site_name\" content=\"e-Cristians\" \/>\n<meta property=\"article:published_time\" content=\"2020-10-02T06:44:37+00:00\" \/>\n<meta property=\"article:modified_time\" content=\"2020-10-09T10:40:02+00:00\" \/>\n<meta property=\"og:image\" content=\"https:\/\/e-cristians.cat\/wp-content\/uploads\/2020\/09\/eutanasia.jpg\" \/>\n\t<meta property=\"og:image:width\" content=\"1200\" \/>\n\t<meta property=\"og:image:height\" content=\"720\" \/>\n\t<meta property=\"og:image:type\" content=\"image\/jpeg\" \/>\n<meta name=\"author\" content=\"e-Cristians\" \/>\n<meta name=\"twitter:card\" content=\"summary_large_image\" \/>\n<meta name=\"twitter:label1\" content=\"Escrito por\" \/>\n\t<meta name=\"twitter:data1\" content=\"e-Cristians\" \/>\n\t<meta name=\"twitter:label2\" content=\"Tiempo de lectura\" \/>\n\t<meta name=\"twitter:data2\" content=\"13 minutos\" \/>\n<script type=\"application\/ld+json\" class=\"yoast-schema-graph\">{\"@context\":\"https:\/\/schema.org\",\"@graph\":[{\"@type\":\"WebPage\",\"@id\":\"https:\/\/e-cristians.cat\/es\/declaracion-publica-de-profesores-de-derecho-y-academicos-de-legislacion-y-jurisprudencia-sobre-la-proposicion-de-ley-organica-de-regulacion-de-la-eutanasia\/\",\"url\":\"https:\/\/e-cristians.cat\/es\/declaracion-publica-de-profesores-de-derecho-y-academicos-de-legislacion-y-jurisprudencia-sobre-la-proposicion-de-ley-organica-de-regulacion-de-la-eutanasia\/\",\"name\":\"Juristas contra la eutanasia - e-Cristians\",\"isPartOf\":{\"@id\":\"https:\/\/e-cristians.cat\/#website\"},\"datePublished\":\"2020-10-02T06:44:37+00:00\",\"dateModified\":\"2020-10-09T10:40:02+00:00\",\"author\":{\"@id\":\"https:\/\/e-cristians.cat\/#\/schema\/person\/f0ec475338e49aaef9c9dc9d9f162861\"},\"breadcrumb\":{\"@id\":\"https:\/\/e-cristians.cat\/es\/declaracion-publica-de-profesores-de-derecho-y-academicos-de-legislacion-y-jurisprudencia-sobre-la-proposicion-de-ley-organica-de-regulacion-de-la-eutanasia\/#breadcrumb\"},\"inLanguage\":\"es\",\"potentialAction\":[{\"@type\":\"ReadAction\",\"target\":[\"https:\/\/e-cristians.cat\/es\/declaracion-publica-de-profesores-de-derecho-y-academicos-de-legislacion-y-jurisprudencia-sobre-la-proposicion-de-ley-organica-de-regulacion-de-la-eutanasia\/\"]}]},{\"@type\":\"BreadcrumbList\",\"@id\":\"https:\/\/e-cristians.cat\/es\/declaracion-publica-de-profesores-de-derecho-y-academicos-de-legislacion-y-jurisprudencia-sobre-la-proposicion-de-ley-organica-de-regulacion-de-la-eutanasia\/#breadcrumb\",\"itemListElement\":[{\"@type\":\"ListItem\",\"position\":1,\"name\":\"Inici\",\"item\":\"https:\/\/e-cristians.cat\/es\/\"},{\"@type\":\"ListItem\",\"position\":2,\"name\":\"Juristas contra la eutanasia\"}]},{\"@type\":\"WebSite\",\"@id\":\"https:\/\/e-cristians.cat\/#website\",\"url\":\"https:\/\/e-cristians.cat\/\",\"name\":\"e-Cristians\",\"description\":\"\",\"potentialAction\":[{\"@type\":\"SearchAction\",\"target\":{\"@type\":\"EntryPoint\",\"urlTemplate\":\"https:\/\/e-cristians.cat\/?s={search_term_string}\"},\"query-input\":\"required name=search_term_string\"}],\"inLanguage\":\"es\"},{\"@type\":\"Person\",\"@id\":\"https:\/\/e-cristians.cat\/#\/schema\/person\/f0ec475338e49aaef9c9dc9d9f162861\",\"name\":\"e-Cristians\",\"image\":{\"@type\":\"ImageObject\",\"inLanguage\":\"es\",\"@id\":\"https:\/\/e-cristians.cat\/#\/schema\/person\/image\/\",\"url\":\"https:\/\/secure.gravatar.com\/avatar\/14bc9e5b0ca69070f1075ad3efcb33c4?s=96&d=mm&r=g\",\"contentUrl\":\"https:\/\/secure.gravatar.com\/avatar\/14bc9e5b0ca69070f1075ad3efcb33c4?s=96&d=mm&r=g\",\"caption\":\"e-Cristians\"}}]}<\/script>\n<!-- \/ Yoast SEO plugin. -->","yoast_head_json":{"title":"Juristas contra la eutanasia - e-Cristians","robots":{"index":"noindex","follow":"nofollow"},"og_locale":"es_ES","og_type":"article","og_title":"Juristas contra la eutanasia - e-Cristians","og_description":"El 31 de enero de 2020 el Bolet\u00edn Oficial de las Cortes Generales ha publicado una Proposici\u00f3n de Ley Org\u00e1nica que pretende regular la eutanasia y dice tener por objeto el derecho que corresponde a toda persona, que cumpla las condiciones exigidas, a solicitar y recibir la ayuda necesaria para morir, el procedimiento que ha...","og_url":"https:\/\/e-cristians.cat\/es\/declaracion-publica-de-profesores-de-derecho-y-academicos-de-legislacion-y-jurisprudencia-sobre-la-proposicion-de-ley-organica-de-regulacion-de-la-eutanasia\/","og_site_name":"e-Cristians","article_published_time":"2020-10-02T06:44:37+00:00","article_modified_time":"2020-10-09T10:40:02+00:00","og_image":[{"width":1200,"height":720,"url":"https:\/\/e-cristians.cat\/wp-content\/uploads\/2020\/09\/eutanasia.jpg","type":"image\/jpeg"}],"author":"e-Cristians","twitter_card":"summary_large_image","twitter_misc":{"Escrito por":"e-Cristians","Tiempo de lectura":"13 minutos"},"schema":{"@context":"https:\/\/schema.org","@graph":[{"@type":"WebPage","@id":"https:\/\/e-cristians.cat\/es\/declaracion-publica-de-profesores-de-derecho-y-academicos-de-legislacion-y-jurisprudencia-sobre-la-proposicion-de-ley-organica-de-regulacion-de-la-eutanasia\/","url":"https:\/\/e-cristians.cat\/es\/declaracion-publica-de-profesores-de-derecho-y-academicos-de-legislacion-y-jurisprudencia-sobre-la-proposicion-de-ley-organica-de-regulacion-de-la-eutanasia\/","name":"Juristas contra la eutanasia - e-Cristians","isPartOf":{"@id":"https:\/\/e-cristians.cat\/#website"},"datePublished":"2020-10-02T06:44:37+00:00","dateModified":"2020-10-09T10:40:02+00:00","author":{"@id":"https:\/\/e-cristians.cat\/#\/schema\/person\/f0ec475338e49aaef9c9dc9d9f162861"},"breadcrumb":{"@id":"https:\/\/e-cristians.cat\/es\/declaracion-publica-de-profesores-de-derecho-y-academicos-de-legislacion-y-jurisprudencia-sobre-la-proposicion-de-ley-organica-de-regulacion-de-la-eutanasia\/#breadcrumb"},"inLanguage":"es","potentialAction":[{"@type":"ReadAction","target":["https:\/\/e-cristians.cat\/es\/declaracion-publica-de-profesores-de-derecho-y-academicos-de-legislacion-y-jurisprudencia-sobre-la-proposicion-de-ley-organica-de-regulacion-de-la-eutanasia\/"]}]},{"@type":"BreadcrumbList","@id":"https:\/\/e-cristians.cat\/es\/declaracion-publica-de-profesores-de-derecho-y-academicos-de-legislacion-y-jurisprudencia-sobre-la-proposicion-de-ley-organica-de-regulacion-de-la-eutanasia\/#breadcrumb","itemListElement":[{"@type":"ListItem","position":1,"name":"Inici","item":"https:\/\/e-cristians.cat\/es\/"},{"@type":"ListItem","position":2,"name":"Juristas contra la eutanasia"}]},{"@type":"WebSite","@id":"https:\/\/e-cristians.cat\/#website","url":"https:\/\/e-cristians.cat\/","name":"e-Cristians","description":"","potentialAction":[{"@type":"SearchAction","target":{"@type":"EntryPoint","urlTemplate":"https:\/\/e-cristians.cat\/?s={search_term_string}"},"query-input":"required name=search_term_string"}],"inLanguage":"es"},{"@type":"Person","@id":"https:\/\/e-cristians.cat\/#\/schema\/person\/f0ec475338e49aaef9c9dc9d9f162861","name":"e-Cristians","image":{"@type":"ImageObject","inLanguage":"es","@id":"https:\/\/e-cristians.cat\/#\/schema\/person\/image\/","url":"https:\/\/secure.gravatar.com\/avatar\/14bc9e5b0ca69070f1075ad3efcb33c4?s=96&d=mm&r=g","contentUrl":"https:\/\/secure.gravatar.com\/avatar\/14bc9e5b0ca69070f1075ad3efcb33c4?s=96&d=mm&r=g","caption":"e-Cristians"}}]}},"jetpack_sharing_enabled":true,"jetpack_featured_media_url":"https:\/\/e-cristians.cat\/wp-content\/uploads\/2020\/09\/eutanasia.jpg","_links":{"self":[{"href":"https:\/\/e-cristians.cat\/es\/wp-json\/wp\/v2\/posts\/1388"}],"collection":[{"href":"https:\/\/e-cristians.cat\/es\/wp-json\/wp\/v2\/posts"}],"about":[{"href":"https:\/\/e-cristians.cat\/es\/wp-json\/wp\/v2\/types\/post"}],"author":[{"embeddable":true,"href":"https:\/\/e-cristians.cat\/es\/wp-json\/wp\/v2\/users\/2"}],"replies":[{"embeddable":true,"href":"https:\/\/e-cristians.cat\/es\/wp-json\/wp\/v2\/comments?post=1388"}],"version-history":[{"count":4,"href":"https:\/\/e-cristians.cat\/es\/wp-json\/wp\/v2\/posts\/1388\/revisions"}],"predecessor-version":[{"id":1568,"href":"https:\/\/e-cristians.cat\/es\/wp-json\/wp\/v2\/posts\/1388\/revisions\/1568"}],"wp:featuredmedia":[{"embeddable":true,"href":"https:\/\/e-cristians.cat\/es\/wp-json\/wp\/v2\/media\/1389"}],"wp:attachment":[{"href":"https:\/\/e-cristians.cat\/es\/wp-json\/wp\/v2\/media?parent=1388"}],"wp:term":[{"taxonomy":"category","embeddable":true,"href":"https:\/\/e-cristians.cat\/es\/wp-json\/wp\/v2\/categories?post=1388"},{"taxonomy":"post_tag","embeddable":true,"href":"https:\/\/e-cristians.cat\/es\/wp-json\/wp\/v2\/tags?post=1388"}],"curies":[{"name":"wp","href":"https:\/\/api.w.org\/{rel}","templated":true}]}}