{"id":1411,"date":"2020-09-29T16:36:08","date_gmt":"2020-09-29T14:36:08","guid":{"rendered":"https:\/\/e-cristians.cat\/?p=1411"},"modified":"2020-09-29T16:37:41","modified_gmt":"2020-09-29T14:37:41","slug":"nos-lo-tragamos-todo-tambien-la-eutanasia","status":"publish","type":"post","link":"https:\/\/e-cristians.cat\/es\/nos-lo-tragamos-todo-tambien-la-eutanasia\/","title":{"rendered":"Nos lo tragamos todo, tambi\u00e9n la eutanasia"},"content":{"rendered":"<div class=\"_1yEvn\">\n<div class=\"_2wZrM _3BIio\" tabindex=\"-1\" data-hook=\"post-title\">\n<p class=\"_1gHzn _2M4wi blog-post-title-font blog-post-title-color blog-text-color post-title blog-hover-container-element-color _1EQZr blog-post-page-title-font\" data-hook=\"post-title\"><span class=\"post-title__text blog-post-title-font blog-post-title-color\"><span class=\"blog-post-title-font blog-post-title-color\">Por su inter\u00e9s te adjuntamos el link a una <strong>reflexi\u00f3n del sacerdote Oriol Gil<\/strong> de las parroquias de Montorn\u00e8s, una de las parroquias que da ejemplo <strong>trabajando por la vida contra la eutanasia<\/strong>, y protegiendo la ecolog\u00eda humana. Laudati si &#8216;tambi\u00e9n habla del ser humano.<\/span><\/span><\/p>\n<p data-hook=\"post-title\"><a href=\"https:\/\/www.parroquiesmontornes.org\/post\/nos-lo-tragamos-todo-tambien-la-eutanasia\" target=\"_blank\" rel=\"noopener noreferrer\"><strong>\u00abNos lo tragamos todo, tambi\u00e9n la eutanasia\u00bb, por Mn. Oriol Gil<\/strong><\/a><\/p>\n<\/div>\n<\/div>\n","protected":false},"excerpt":{"rendered":"<p>Por su inter\u00e9s te adjuntamos el link a una reflexi\u00f3n del sacerdote Oriol Gil de las parroquias de Montorn\u00e8s, una de las parroquias que da ejemplo trabajando por la vida contra la eutanasia, y protegiendo la ecolog\u00eda humana. Laudati si &#8216;tambi\u00e9n habla del ser humano. \u00abNos lo tragamos todo, tambi\u00e9n la eutanasia\u00bb, por Mn. Oriol&#8230;<\/p>\n","protected":false},"author":2,"featured_media":1412,"comment_status":"closed","ping_status":"closed","sticky":false,"template":"","format":"standard","meta":{"_jetpack_memberships_contains_paid_content":false,"footnotes":""},"categories":[33],"tags":[],"class_list":["post-1411","post","type-post","status-publish","format-standard","has-post-thumbnail","hentry","category-altres-entitats-informacions-agenda-i-documents-es"],"yoast_head":"<!-- This site is optimized with the Yoast SEO plugin v20.0 - https:\/\/yoast.com\/wordpress\/plugins\/seo\/ -->\n<title>Nos lo tragamos todo, tambi\u00e9n la eutanasia - e-Cristians<\/title>\n<meta name=\"robots\" content=\"noindex, nofollow\" \/>\n<meta property=\"og:locale\" content=\"es_ES\" \/>\n<meta property=\"og:type\" content=\"article\" \/>\n<meta property=\"og:title\" content=\"Nos lo tragamos todo, tambi\u00e9n la eutanasia - e-Cristians\" \/>\n<meta property=\"og:description\" content=\"Por su inter\u00e9s te adjuntamos el link a una reflexi\u00f3n del sacerdote Oriol Gil de las parroquias de Montorn\u00e8s, una de las parroquias que da ejemplo trabajando por la vida contra la eutanasia, y protegiendo la ecolog\u00eda humana. Laudati si &#8216;tambi\u00e9n habla del ser humano. \u00abNos lo tragamos todo, tambi\u00e9n la eutanasia\u00bb, por Mn. Oriol...\" \/>\n<meta property=\"og:url\" content=\"https:\/\/e-cristians.cat\/es\/nos-lo-tragamos-todo-tambien-la-eutanasia\/\" \/>\n<meta property=\"og:site_name\" content=\"e-Cristians\" \/>\n<meta property=\"article:published_time\" content=\"2020-09-29T14:36:08+00:00\" \/>\n<meta property=\"article:modified_time\" content=\"2020-09-29T14:37:41+00:00\" \/>\n<meta property=\"og:image\" content=\"https:\/\/e-cristians.cat\/wp-content\/uploads\/2020\/09\/Mateo-5-13-16.jpg\" \/>\n\t<meta property=\"og:image:width\" content=\"475\" \/>\n\t<meta property=\"og:image:height\" content=\"263\" \/>\n\t<meta property=\"og:image:type\" content=\"image\/jpeg\" \/>\n<meta name=\"author\" content=\"e-Cristians\" \/>\n<meta name=\"twitter:card\" content=\"summary_large_image\" \/>\n<meta name=\"twitter:label1\" content=\"Escrito por\" \/>\n\t<meta name=\"twitter:data1\" content=\"e-Cristians\" \/>\n<script type=\"application\/ld+json\" class=\"yoast-schema-graph\">{\"@context\":\"https:\/\/schema.org\",\"@graph\":[{\"@type\":\"WebPage\",\"@id\":\"https:\/\/e-cristians.cat\/es\/nos-lo-tragamos-todo-tambien-la-eutanasia\/\",\"url\":\"https:\/\/e-cristians.cat\/es\/nos-lo-tragamos-todo-tambien-la-eutanasia\/\",\"name\":\"Nos lo tragamos todo, tambi\u00e9n la eutanasia - e-Cristians\",\"isPartOf\":{\"@id\":\"https:\/\/e-cristians.cat\/#website\"},\"datePublished\":\"2020-09-29T14:36:08+00:00\",\"dateModified\":\"2020-09-29T14:37:41+00:00\",\"author\":{\"@id\":\"https:\/\/e-cristians.cat\/#\/schema\/person\/f0ec475338e49aaef9c9dc9d9f162861\"},\"breadcrumb\":{\"@id\":\"https:\/\/e-cristians.cat\/es\/nos-lo-tragamos-todo-tambien-la-eutanasia\/#breadcrumb\"},\"inLanguage\":\"es\",\"potentialAction\":[{\"@type\":\"ReadAction\",\"target\":[\"https:\/\/e-cristians.cat\/es\/nos-lo-tragamos-todo-tambien-la-eutanasia\/\"]}]},{\"@type\":\"BreadcrumbList\",\"@id\":\"https:\/\/e-cristians.cat\/es\/nos-lo-tragamos-todo-tambien-la-eutanasia\/#breadcrumb\",\"itemListElement\":[{\"@type\":\"ListItem\",\"position\":1,\"name\":\"Inici\",\"item\":\"https:\/\/e-cristians.cat\/es\/\"},{\"@type\":\"ListItem\",\"position\":2,\"name\":\"Nos lo tragamos todo, tambi\u00e9n la eutanasia\"}]},{\"@type\":\"WebSite\",\"@id\":\"https:\/\/e-cristians.cat\/#website\",\"url\":\"https:\/\/e-cristians.cat\/\",\"name\":\"e-Cristians\",\"description\":\"\",\"potentialAction\":[{\"@type\":\"SearchAction\",\"target\":{\"@type\":\"EntryPoint\",\"urlTemplate\":\"https:\/\/e-cristians.cat\/?s={search_term_string}\"},\"query-input\":\"required name=search_term_string\"}],\"inLanguage\":\"es\"},{\"@type\":\"Person\",\"@id\":\"https:\/\/e-cristians.cat\/#\/schema\/person\/f0ec475338e49aaef9c9dc9d9f162861\",\"name\":\"e-Cristians\",\"image\":{\"@type\":\"ImageObject\",\"inLanguage\":\"es\",\"@id\":\"https:\/\/e-cristians.cat\/#\/schema\/person\/image\/\",\"url\":\"https:\/\/secure.gravatar.com\/avatar\/14bc9e5b0ca69070f1075ad3efcb33c4?s=96&d=mm&r=g\",\"contentUrl\":\"https:\/\/secure.gravatar.com\/avatar\/14bc9e5b0ca69070f1075ad3efcb33c4?s=96&d=mm&r=g\",\"caption\":\"e-Cristians\"}}]}<\/script>\n<!-- \/ Yoast SEO plugin. -->","yoast_head_json":{"title":"Nos lo tragamos todo, tambi\u00e9n la eutanasia - e-Cristians","robots":{"index":"noindex","follow":"nofollow"},"og_locale":"es_ES","og_type":"article","og_title":"Nos lo tragamos todo, tambi\u00e9n la eutanasia - e-Cristians","og_description":"Por su inter\u00e9s te adjuntamos el link a una reflexi\u00f3n del sacerdote Oriol Gil de las parroquias de Montorn\u00e8s, una de las parroquias que da ejemplo trabajando por la vida contra la eutanasia, y protegiendo la ecolog\u00eda humana. Laudati si &#8216;tambi\u00e9n habla del ser humano. \u00abNos lo tragamos todo, tambi\u00e9n la eutanasia\u00bb, por Mn. Oriol...","og_url":"https:\/\/e-cristians.cat\/es\/nos-lo-tragamos-todo-tambien-la-eutanasia\/","og_site_name":"e-Cristians","article_published_time":"2020-09-29T14:36:08+00:00","article_modified_time":"2020-09-29T14:37:41+00:00","og_image":[{"width":475,"height":263,"url":"https:\/\/e-cristians.cat\/wp-content\/uploads\/2020\/09\/Mateo-5-13-16.jpg","type":"image\/jpeg"}],"author":"e-Cristians","twitter_card":"summary_large_image","twitter_misc":{"Escrito por":"e-Cristians"},"schema":{"@context":"https:\/\/schema.org","@graph":[{"@type":"WebPage","@id":"https:\/\/e-cristians.cat\/es\/nos-lo-tragamos-todo-tambien-la-eutanasia\/","url":"https:\/\/e-cristians.cat\/es\/nos-lo-tragamos-todo-tambien-la-eutanasia\/","name":"Nos lo tragamos todo, tambi\u00e9n la eutanasia - e-Cristians","isPartOf":{"@id":"https:\/\/e-cristians.cat\/#website"},"datePublished":"2020-09-29T14:36:08+00:00","dateModified":"2020-09-29T14:37:41+00:00","author":{"@id":"https:\/\/e-cristians.cat\/#\/schema\/person\/f0ec475338e49aaef9c9dc9d9f162861"},"breadcrumb":{"@id":"https:\/\/e-cristians.cat\/es\/nos-lo-tragamos-todo-tambien-la-eutanasia\/#breadcrumb"},"inLanguage":"es","potentialAction":[{"@type":"ReadAction","target":["https:\/\/e-cristians.cat\/es\/nos-lo-tragamos-todo-tambien-la-eutanasia\/"]}]},{"@type":"BreadcrumbList","@id":"https:\/\/e-cristians.cat\/es\/nos-lo-tragamos-todo-tambien-la-eutanasia\/#breadcrumb","itemListElement":[{"@type":"ListItem","position":1,"name":"Inici","item":"https:\/\/e-cristians.cat\/es\/"},{"@type":"ListItem","position":2,"name":"Nos lo tragamos todo, tambi\u00e9n la eutanasia"}]},{"@type":"WebSite","@id":"https:\/\/e-cristians.cat\/#website","url":"https:\/\/e-cristians.cat\/","name":"e-Cristians","description":"","potentialAction":[{"@type":"SearchAction","target":{"@type":"EntryPoint","urlTemplate":"https:\/\/e-cristians.cat\/?s={search_term_string}"},"query-input":"required name=search_term_string"}],"inLanguage":"es"},{"@type":"Person","@id":"https:\/\/e-cristians.cat\/#\/schema\/person\/f0ec475338e49aaef9c9dc9d9f162861","name":"e-Cristians","image":{"@type":"ImageObject","inLanguage":"es","@id":"https:\/\/e-cristians.cat\/#\/schema\/person\/image\/","url":"https:\/\/secure.gravatar.com\/avatar\/14bc9e5b0ca69070f1075ad3efcb33c4?s=96&d=mm&r=g","contentUrl":"https:\/\/secure.gravatar.com\/avatar\/14bc9e5b0ca69070f1075ad3efcb33c4?s=96&d=mm&r=g","caption":"e-Cristians"}}]}},"jetpack_sharing_enabled":true,"jetpack_featured_media_url":"https:\/\/e-cristians.cat\/wp-content\/uploads\/2020\/09\/Mateo-5-13-16.jpg","_links":{"self":[{"href":"https:\/\/e-cristians.cat\/es\/wp-json\/wp\/v2\/posts\/1411"}],"collection":[{"href":"https:\/\/e-cristians.cat\/es\/wp-json\/wp\/v2\/posts"}],"about":[{"href":"https:\/\/e-cristians.cat\/es\/wp-json\/wp\/v2\/types\/post"}],"author":[{"embeddable":true,"href":"https:\/\/e-cristians.cat\/es\/wp-json\/wp\/v2\/users\/2"}],"replies":[{"embeddable":true,"href":"https:\/\/e-cristians.cat\/es\/wp-json\/wp\/v2\/comments?post=1411"}],"version-history":[{"count":2,"href":"https:\/\/e-cristians.cat\/es\/wp-json\/wp\/v2\/posts\/1411\/revisions"}],"predecessor-version":[{"id":1415,"href":"https:\/\/e-cristians.cat\/es\/wp-json\/wp\/v2\/posts\/1411\/revisions\/1415"}],"wp:featuredmedia":[{"embeddable":true,"href":"https:\/\/e-cristians.cat\/es\/wp-json\/wp\/v2\/media\/1412"}],"wp:attachment":[{"href":"https:\/\/e-cristians.cat\/es\/wp-json\/wp\/v2\/media?parent=1411"}],"wp:term":[{"taxonomy":"category","embeddable":true,"href":"https:\/\/e-cristians.cat\/es\/wp-json\/wp\/v2\/categories?post=1411"},{"taxonomy":"post_tag","embeddable":true,"href":"https:\/\/e-cristians.cat\/es\/wp-json\/wp\/v2\/tags?post=1411"}],"curies":[{"name":"wp","href":"https:\/\/api.w.org\/{rel}","templated":true}]}}