{"id":144890,"date":"2023-09-29T12:32:59","date_gmt":"2023-09-29T10:32:59","guid":{"rendered":"https:\/\/e-cristians.cat\/?p=144890"},"modified":"2023-09-29T12:32:59","modified_gmt":"2023-09-29T10:32:59","slug":"habermas-macintyre-toni-negri-y-san-agustin","status":"publish","type":"post","link":"https:\/\/e-cristians.cat\/es\/habermas-macintyre-toni-negri-y-san-agustin\/","title":{"rendered":"Habermas, MacIntyre, Toni Negri y San Agust\u00edn"},"content":{"rendered":"<p><em>Josep Mir\u00f3 i Ard\u00e8vol<\/em><\/p>\n<p>\u00a1Vaya t\u00edtulo, qu\u00e9 mezcla! Pues, m\u00e1s que mezcla, combinaci\u00f3n, y como tal m\u00e1s articulada de lo que a algunos les puede parecer en una primera impresi\u00f3n, porque en el trasfondo de todo se encuentra un diagn\u00f3stico cr\u00edtico con la cultura hegem\u00f3nica en Occidente, que ha construido\u00a0<strong>La Sociedad Desvinculada. <\/strong><a href=\"https:\/\/www.forumlibertas.com\/habermas-macintyre-toni-negri-y-san-agustin\/\" target=\"_blank\" rel=\"noopener\">Leer m\u00e1s.\u00a0<\/a><\/p>\n","protected":false},"excerpt":{"rendered":"<p>Josep Mir\u00f3 i Ard\u00e8vol \u00a1Vaya t\u00edtulo, qu\u00e9 mezcla! Pues, m\u00e1s que mezcla, combinaci\u00f3n, y como tal m\u00e1s articulada de lo que a algunos les puede parecer en una primera impresi\u00f3n, porque en el trasfondo de todo se encuentra un diagn\u00f3stico cr\u00edtico con la cultura hegem\u00f3nica en Occidente, que ha construido\u00a0La Sociedad Desvinculada. Leer m\u00e1s.\u00a0<\/p>\n","protected":false},"author":2,"featured_media":144885,"comment_status":"closed","ping_status":"closed","sticky":false,"template":"","format":"standard","meta":{"_jetpack_memberships_contains_paid_content":false,"footnotes":""},"categories":[34,39],"tags":[],"class_list":["post-144890","post","type-post","status-publish","format-standard","has-post-thumbnail","hentry","category-editorials-i-blogs-de-forumlibertas-es","category-portada_news-es"],"yoast_head":"<!-- This site is optimized with the Yoast SEO plugin v20.0 - https:\/\/yoast.com\/wordpress\/plugins\/seo\/ -->\n<title>Habermas, MacIntyre, Toni Negri y San Agust\u00edn - e-Cristians<\/title>\n<meta name=\"robots\" content=\"noindex, nofollow\" \/>\n<meta property=\"og:locale\" content=\"es_ES\" \/>\n<meta property=\"og:type\" content=\"article\" \/>\n<meta property=\"og:title\" content=\"Habermas, MacIntyre, Toni Negri y San Agust\u00edn - e-Cristians\" \/>\n<meta property=\"og:description\" content=\"Josep Mir\u00f3 i Ard\u00e8vol \u00a1Vaya t\u00edtulo, qu\u00e9 mezcla! Pues, m\u00e1s que mezcla, combinaci\u00f3n, y como tal m\u00e1s articulada de lo que a algunos les puede parecer en una primera impresi\u00f3n, porque en el trasfondo de todo se encuentra un diagn\u00f3stico cr\u00edtico con la cultura hegem\u00f3nica en Occidente, que ha construido\u00a0La Sociedad Desvinculada. Leer m\u00e1s.\u00a0\" \/>\n<meta property=\"og:url\" content=\"https:\/\/e-cristians.cat\/es\/habermas-macintyre-toni-negri-y-san-agustin\/\" \/>\n<meta property=\"og:site_name\" content=\"e-Cristians\" \/>\n<meta property=\"article:published_time\" content=\"2023-09-29T10:32:59+00:00\" \/>\n<meta property=\"og:image\" content=\"https:\/\/e-cristians.cat\/wp-content\/uploads\/2023\/09\/sociedad-600x337-1.jpg\" \/>\n\t<meta property=\"og:image:width\" content=\"600\" \/>\n\t<meta property=\"og:image:height\" content=\"337\" \/>\n\t<meta property=\"og:image:type\" content=\"image\/jpeg\" \/>\n<meta name=\"author\" content=\"e-Cristians\" \/>\n<meta name=\"twitter:card\" content=\"summary_large_image\" \/>\n<meta name=\"twitter:label1\" content=\"Escrito por\" \/>\n\t<meta name=\"twitter:data1\" content=\"e-Cristians\" \/>\n\t<meta name=\"twitter:label2\" content=\"Tiempo de lectura\" \/>\n\t<meta name=\"twitter:data2\" content=\"1 minuto\" \/>\n<script type=\"application\/ld+json\" class=\"yoast-schema-graph\">{\"@context\":\"https:\/\/schema.org\",\"@graph\":[{\"@type\":\"WebPage\",\"@id\":\"https:\/\/e-cristians.cat\/es\/habermas-macintyre-toni-negri-y-san-agustin\/\",\"url\":\"https:\/\/e-cristians.cat\/es\/habermas-macintyre-toni-negri-y-san-agustin\/\",\"name\":\"Habermas, MacIntyre, Toni Negri y San Agust\u00edn - e-Cristians\",\"isPartOf\":{\"@id\":\"https:\/\/e-cristians.cat\/#website\"},\"datePublished\":\"2023-09-29T10:32:59+00:00\",\"dateModified\":\"2023-09-29T10:32:59+00:00\",\"author\":{\"@id\":\"https:\/\/e-cristians.cat\/#\/schema\/person\/f0ec475338e49aaef9c9dc9d9f162861\"},\"breadcrumb\":{\"@id\":\"https:\/\/e-cristians.cat\/es\/habermas-macintyre-toni-negri-y-san-agustin\/#breadcrumb\"},\"inLanguage\":\"es\",\"potentialAction\":[{\"@type\":\"ReadAction\",\"target\":[\"https:\/\/e-cristians.cat\/es\/habermas-macintyre-toni-negri-y-san-agustin\/\"]}]},{\"@type\":\"BreadcrumbList\",\"@id\":\"https:\/\/e-cristians.cat\/es\/habermas-macintyre-toni-negri-y-san-agustin\/#breadcrumb\",\"itemListElement\":[{\"@type\":\"ListItem\",\"position\":1,\"name\":\"Inici\",\"item\":\"https:\/\/e-cristians.cat\/es\/\"},{\"@type\":\"ListItem\",\"position\":2,\"name\":\"Habermas, MacIntyre, Toni Negri y San Agust\u00edn\"}]},{\"@type\":\"WebSite\",\"@id\":\"https:\/\/e-cristians.cat\/#website\",\"url\":\"https:\/\/e-cristians.cat\/\",\"name\":\"e-Cristians\",\"description\":\"\",\"potentialAction\":[{\"@type\":\"SearchAction\",\"target\":{\"@type\":\"EntryPoint\",\"urlTemplate\":\"https:\/\/e-cristians.cat\/?s={search_term_string}\"},\"query-input\":\"required name=search_term_string\"}],\"inLanguage\":\"es\"},{\"@type\":\"Person\",\"@id\":\"https:\/\/e-cristians.cat\/#\/schema\/person\/f0ec475338e49aaef9c9dc9d9f162861\",\"name\":\"e-Cristians\",\"image\":{\"@type\":\"ImageObject\",\"inLanguage\":\"es\",\"@id\":\"https:\/\/e-cristians.cat\/#\/schema\/person\/image\/\",\"url\":\"https:\/\/secure.gravatar.com\/avatar\/14bc9e5b0ca69070f1075ad3efcb33c4?s=96&d=mm&r=g\",\"contentUrl\":\"https:\/\/secure.gravatar.com\/avatar\/14bc9e5b0ca69070f1075ad3efcb33c4?s=96&d=mm&r=g\",\"caption\":\"e-Cristians\"}}]}<\/script>\n<!-- \/ Yoast SEO plugin. -->","yoast_head_json":{"title":"Habermas, MacIntyre, Toni Negri y San Agust\u00edn - e-Cristians","robots":{"index":"noindex","follow":"nofollow"},"og_locale":"es_ES","og_type":"article","og_title":"Habermas, MacIntyre, Toni Negri y San Agust\u00edn - e-Cristians","og_description":"Josep Mir\u00f3 i Ard\u00e8vol \u00a1Vaya t\u00edtulo, qu\u00e9 mezcla! Pues, m\u00e1s que mezcla, combinaci\u00f3n, y como tal m\u00e1s articulada de lo que a algunos les puede parecer en una primera impresi\u00f3n, porque en el trasfondo de todo se encuentra un diagn\u00f3stico cr\u00edtico con la cultura hegem\u00f3nica en Occidente, que ha construido\u00a0La Sociedad Desvinculada. Leer m\u00e1s.\u00a0","og_url":"https:\/\/e-cristians.cat\/es\/habermas-macintyre-toni-negri-y-san-agustin\/","og_site_name":"e-Cristians","article_published_time":"2023-09-29T10:32:59+00:00","og_image":[{"width":600,"height":337,"url":"https:\/\/e-cristians.cat\/wp-content\/uploads\/2023\/09\/sociedad-600x337-1.jpg","type":"image\/jpeg"}],"author":"e-Cristians","twitter_card":"summary_large_image","twitter_misc":{"Escrito por":"e-Cristians","Tiempo de lectura":"1 minuto"},"schema":{"@context":"https:\/\/schema.org","@graph":[{"@type":"WebPage","@id":"https:\/\/e-cristians.cat\/es\/habermas-macintyre-toni-negri-y-san-agustin\/","url":"https:\/\/e-cristians.cat\/es\/habermas-macintyre-toni-negri-y-san-agustin\/","name":"Habermas, MacIntyre, Toni Negri y San Agust\u00edn - e-Cristians","isPartOf":{"@id":"https:\/\/e-cristians.cat\/#website"},"datePublished":"2023-09-29T10:32:59+00:00","dateModified":"2023-09-29T10:32:59+00:00","author":{"@id":"https:\/\/e-cristians.cat\/#\/schema\/person\/f0ec475338e49aaef9c9dc9d9f162861"},"breadcrumb":{"@id":"https:\/\/e-cristians.cat\/es\/habermas-macintyre-toni-negri-y-san-agustin\/#breadcrumb"},"inLanguage":"es","potentialAction":[{"@type":"ReadAction","target":["https:\/\/e-cristians.cat\/es\/habermas-macintyre-toni-negri-y-san-agustin\/"]}]},{"@type":"BreadcrumbList","@id":"https:\/\/e-cristians.cat\/es\/habermas-macintyre-toni-negri-y-san-agustin\/#breadcrumb","itemListElement":[{"@type":"ListItem","position":1,"name":"Inici","item":"https:\/\/e-cristians.cat\/es\/"},{"@type":"ListItem","position":2,"name":"Habermas, MacIntyre, Toni Negri y San Agust\u00edn"}]},{"@type":"WebSite","@id":"https:\/\/e-cristians.cat\/#website","url":"https:\/\/e-cristians.cat\/","name":"e-Cristians","description":"","potentialAction":[{"@type":"SearchAction","target":{"@type":"EntryPoint","urlTemplate":"https:\/\/e-cristians.cat\/?s={search_term_string}"},"query-input":"required name=search_term_string"}],"inLanguage":"es"},{"@type":"Person","@id":"https:\/\/e-cristians.cat\/#\/schema\/person\/f0ec475338e49aaef9c9dc9d9f162861","name":"e-Cristians","image":{"@type":"ImageObject","inLanguage":"es","@id":"https:\/\/e-cristians.cat\/#\/schema\/person\/image\/","url":"https:\/\/secure.gravatar.com\/avatar\/14bc9e5b0ca69070f1075ad3efcb33c4?s=96&d=mm&r=g","contentUrl":"https:\/\/secure.gravatar.com\/avatar\/14bc9e5b0ca69070f1075ad3efcb33c4?s=96&d=mm&r=g","caption":"e-Cristians"}}]}},"jetpack_sharing_enabled":true,"jetpack_featured_media_url":"https:\/\/e-cristians.cat\/wp-content\/uploads\/2023\/09\/sociedad-600x337-1.jpg","_links":{"self":[{"href":"https:\/\/e-cristians.cat\/es\/wp-json\/wp\/v2\/posts\/144890"}],"collection":[{"href":"https:\/\/e-cristians.cat\/es\/wp-json\/wp\/v2\/posts"}],"about":[{"href":"https:\/\/e-cristians.cat\/es\/wp-json\/wp\/v2\/types\/post"}],"author":[{"embeddable":true,"href":"https:\/\/e-cristians.cat\/es\/wp-json\/wp\/v2\/users\/2"}],"replies":[{"embeddable":true,"href":"https:\/\/e-cristians.cat\/es\/wp-json\/wp\/v2\/comments?post=144890"}],"version-history":[{"count":1,"href":"https:\/\/e-cristians.cat\/es\/wp-json\/wp\/v2\/posts\/144890\/revisions"}],"predecessor-version":[{"id":144891,"href":"https:\/\/e-cristians.cat\/es\/wp-json\/wp\/v2\/posts\/144890\/revisions\/144891"}],"wp:featuredmedia":[{"embeddable":true,"href":"https:\/\/e-cristians.cat\/es\/wp-json\/wp\/v2\/media\/144885"}],"wp:attachment":[{"href":"https:\/\/e-cristians.cat\/es\/wp-json\/wp\/v2\/media?parent=144890"}],"wp:term":[{"taxonomy":"category","embeddable":true,"href":"https:\/\/e-cristians.cat\/es\/wp-json\/wp\/v2\/categories?post=144890"},{"taxonomy":"post_tag","embeddable":true,"href":"https:\/\/e-cristians.cat\/es\/wp-json\/wp\/v2\/tags?post=144890"}],"curies":[{"name":"wp","href":"https:\/\/api.w.org\/{rel}","templated":true}]}}