{"id":152058,"date":"2023-10-05T15:34:30","date_gmt":"2023-10-05T13:34:30","guid":{"rendered":"https:\/\/e-cristians.cat\/?p=152058"},"modified":"2023-10-05T15:34:30","modified_gmt":"2023-10-05T13:34:30","slug":"celebracion-del-pilar-en-la-parroquia-de-ntra-sra-del-pilar","status":"publish","type":"post","link":"https:\/\/e-cristians.cat\/es\/celebracion-del-pilar-en-la-parroquia-de-ntra-sra-del-pilar\/","title":{"rendered":"Celebraci\u00f3n del Pilar en la parr\u00f2quia de Ntra. Sra. del Pilar"},"content":{"rendered":"<p>D\u00eda: Mi\u00e9rcoles, <strong>12 de octubre<\/strong> de 2023<\/p>\n<p>Lugar: <strong>Parroquia Ntra. Sra. del Pilar<\/strong> (c\/ Casanova, 175, Bcn)<\/p>\n<p>Horario:<\/p>\n<ul>\n<li>10h. Misa en catal\u00e1n. Presidida por el antiguo p\u00e1rroco de la Parroquia: Mn. Carlos Saur\u00f3. Canta la Coral Estrella<\/li>\n<li>11:30h. Misa Baturra. Misa mayor presidida por el obispo auxiliar de Barcelons, Mns. David Abadias<\/li>\n<li>Hacia las 13:15 h. Misa en espa\u00f1ol. Presidida por el Mn. Gabriel Carri\u00f3, antiguo vicario parroquial y p\u00e1rroco de Sta. Cecilia<\/li>\n<li>18:30h. Santo Rosario<\/li>\n<li>19h. Misa en castellano, presidida por el Mn. Santi Collell, p\u00e1rroco de La Garriga<br \/>\n20h. Clausura de la Fiesta del Pilar<\/li>\n<\/ul>\n<p><em>La Iglesia MD del Pilar estar\u00e1 abierta a las 9h.<\/em><\/p>\n<p><em>En Sant Eugeni, habr\u00e1 misa a las 20h.<\/em><\/p>\n","protected":false},"excerpt":{"rendered":"<p>D\u00eda: Mi\u00e9rcoles, 12 de octubre de 2023 Lugar: Parroquia Ntra. Sra. del Pilar (c\/ Casanova, 175, Bcn) Horario: 10h. Misa en catal\u00e1n. Presidida por el antiguo p\u00e1rroco de la Parroquia: Mn. Carlos Saur\u00f3. Canta la Coral Estrella 11:30h. Misa Baturra. Misa mayor presidida por el obispo auxiliar de Barcelons, Mns. David Abadias Hacia las 13:15&#8230;<\/p>\n","protected":false},"author":2,"featured_media":152052,"comment_status":"closed","ping_status":"closed","sticky":false,"template":"","format":"standard","meta":{"_jetpack_memberships_contains_paid_content":false,"footnotes":""},"categories":[33,39],"tags":[],"class_list":["post-152058","post","type-post","status-publish","format-standard","has-post-thumbnail","hentry","category-altres-entitats-informacions-agenda-i-documents-es","category-portada_news-es"],"yoast_head":"<!-- This site is optimized with the Yoast SEO plugin v20.0 - https:\/\/yoast.com\/wordpress\/plugins\/seo\/ -->\n<title>Celebraci\u00f3n del Pilar en la parr\u00f2quia de Ntra. Sra. del Pilar - e-Cristians<\/title>\n<meta name=\"robots\" content=\"noindex, nofollow\" \/>\n<meta property=\"og:locale\" content=\"es_ES\" \/>\n<meta property=\"og:type\" content=\"article\" \/>\n<meta property=\"og:title\" content=\"Celebraci\u00f3n del Pilar en la parr\u00f2quia de Ntra. Sra. del Pilar - e-Cristians\" \/>\n<meta property=\"og:description\" content=\"D\u00eda: Mi\u00e9rcoles, 12 de octubre de 2023 Lugar: Parroquia Ntra. Sra. del Pilar (c\/ Casanova, 175, Bcn) Horario: 10h. Misa en catal\u00e1n. Presidida por el antiguo p\u00e1rroco de la Parroquia: Mn. Carlos Saur\u00f3. Canta la Coral Estrella 11:30h. Misa Baturra. Misa mayor presidida por el obispo auxiliar de Barcelons, Mns. David Abadias Hacia las 13:15...\" \/>\n<meta property=\"og:url\" content=\"https:\/\/e-cristians.cat\/es\/celebracion-del-pilar-en-la-parroquia-de-ntra-sra-del-pilar\/\" \/>\n<meta property=\"og:site_name\" content=\"e-Cristians\" \/>\n<meta property=\"article:published_time\" content=\"2023-10-05T13:34:30+00:00\" \/>\n<meta property=\"og:image\" content=\"https:\/\/e-cristians.cat\/wp-content\/uploads\/2023\/10\/pilar.jpg\" \/>\n\t<meta property=\"og:image:width\" content=\"900\" \/>\n\t<meta property=\"og:image:height\" content=\"1600\" \/>\n\t<meta property=\"og:image:type\" content=\"image\/jpeg\" \/>\n<meta name=\"author\" content=\"e-Cristians\" \/>\n<meta name=\"twitter:card\" content=\"summary_large_image\" \/>\n<meta name=\"twitter:label1\" content=\"Escrito por\" \/>\n\t<meta name=\"twitter:data1\" content=\"e-Cristians\" \/>\n\t<meta name=\"twitter:label2\" content=\"Tiempo de lectura\" \/>\n\t<meta name=\"twitter:data2\" content=\"1 minuto\" \/>\n<script type=\"application\/ld+json\" class=\"yoast-schema-graph\">{\"@context\":\"https:\/\/schema.org\",\"@graph\":[{\"@type\":\"WebPage\",\"@id\":\"https:\/\/e-cristians.cat\/es\/celebracion-del-pilar-en-la-parroquia-de-ntra-sra-del-pilar\/\",\"url\":\"https:\/\/e-cristians.cat\/es\/celebracion-del-pilar-en-la-parroquia-de-ntra-sra-del-pilar\/\",\"name\":\"Celebraci\u00f3n del Pilar en la parr\u00f2quia de Ntra. Sra. del Pilar - e-Cristians\",\"isPartOf\":{\"@id\":\"https:\/\/e-cristians.cat\/#website\"},\"datePublished\":\"2023-10-05T13:34:30+00:00\",\"dateModified\":\"2023-10-05T13:34:30+00:00\",\"author\":{\"@id\":\"https:\/\/e-cristians.cat\/#\/schema\/person\/f0ec475338e49aaef9c9dc9d9f162861\"},\"breadcrumb\":{\"@id\":\"https:\/\/e-cristians.cat\/es\/celebracion-del-pilar-en-la-parroquia-de-ntra-sra-del-pilar\/#breadcrumb\"},\"inLanguage\":\"es\",\"potentialAction\":[{\"@type\":\"ReadAction\",\"target\":[\"https:\/\/e-cristians.cat\/es\/celebracion-del-pilar-en-la-parroquia-de-ntra-sra-del-pilar\/\"]}]},{\"@type\":\"BreadcrumbList\",\"@id\":\"https:\/\/e-cristians.cat\/es\/celebracion-del-pilar-en-la-parroquia-de-ntra-sra-del-pilar\/#breadcrumb\",\"itemListElement\":[{\"@type\":\"ListItem\",\"position\":1,\"name\":\"Inici\",\"item\":\"https:\/\/e-cristians.cat\/es\/\"},{\"@type\":\"ListItem\",\"position\":2,\"name\":\"Celebraci\u00f3n del Pilar en la parr\u00f2quia de Ntra. Sra. del Pilar\"}]},{\"@type\":\"WebSite\",\"@id\":\"https:\/\/e-cristians.cat\/#website\",\"url\":\"https:\/\/e-cristians.cat\/\",\"name\":\"e-Cristians\",\"description\":\"\",\"potentialAction\":[{\"@type\":\"SearchAction\",\"target\":{\"@type\":\"EntryPoint\",\"urlTemplate\":\"https:\/\/e-cristians.cat\/?s={search_term_string}\"},\"query-input\":\"required name=search_term_string\"}],\"inLanguage\":\"es\"},{\"@type\":\"Person\",\"@id\":\"https:\/\/e-cristians.cat\/#\/schema\/person\/f0ec475338e49aaef9c9dc9d9f162861\",\"name\":\"e-Cristians\",\"image\":{\"@type\":\"ImageObject\",\"inLanguage\":\"es\",\"@id\":\"https:\/\/e-cristians.cat\/#\/schema\/person\/image\/\",\"url\":\"https:\/\/secure.gravatar.com\/avatar\/14bc9e5b0ca69070f1075ad3efcb33c4?s=96&d=mm&r=g\",\"contentUrl\":\"https:\/\/secure.gravatar.com\/avatar\/14bc9e5b0ca69070f1075ad3efcb33c4?s=96&d=mm&r=g\",\"caption\":\"e-Cristians\"}}]}<\/script>\n<!-- \/ Yoast SEO plugin. -->","yoast_head_json":{"title":"Celebraci\u00f3n del Pilar en la parr\u00f2quia de Ntra. Sra. del Pilar - e-Cristians","robots":{"index":"noindex","follow":"nofollow"},"og_locale":"es_ES","og_type":"article","og_title":"Celebraci\u00f3n del Pilar en la parr\u00f2quia de Ntra. Sra. del Pilar - e-Cristians","og_description":"D\u00eda: Mi\u00e9rcoles, 12 de octubre de 2023 Lugar: Parroquia Ntra. Sra. del Pilar (c\/ Casanova, 175, Bcn) Horario: 10h. Misa en catal\u00e1n. Presidida por el antiguo p\u00e1rroco de la Parroquia: Mn. Carlos Saur\u00f3. Canta la Coral Estrella 11:30h. Misa Baturra. Misa mayor presidida por el obispo auxiliar de Barcelons, Mns. David Abadias Hacia las 13:15...","og_url":"https:\/\/e-cristians.cat\/es\/celebracion-del-pilar-en-la-parroquia-de-ntra-sra-del-pilar\/","og_site_name":"e-Cristians","article_published_time":"2023-10-05T13:34:30+00:00","og_image":[{"width":900,"height":1600,"url":"https:\/\/e-cristians.cat\/wp-content\/uploads\/2023\/10\/pilar.jpg","type":"image\/jpeg"}],"author":"e-Cristians","twitter_card":"summary_large_image","twitter_misc":{"Escrito por":"e-Cristians","Tiempo de lectura":"1 minuto"},"schema":{"@context":"https:\/\/schema.org","@graph":[{"@type":"WebPage","@id":"https:\/\/e-cristians.cat\/es\/celebracion-del-pilar-en-la-parroquia-de-ntra-sra-del-pilar\/","url":"https:\/\/e-cristians.cat\/es\/celebracion-del-pilar-en-la-parroquia-de-ntra-sra-del-pilar\/","name":"Celebraci\u00f3n del Pilar en la parr\u00f2quia de Ntra. Sra. del Pilar - e-Cristians","isPartOf":{"@id":"https:\/\/e-cristians.cat\/#website"},"datePublished":"2023-10-05T13:34:30+00:00","dateModified":"2023-10-05T13:34:30+00:00","author":{"@id":"https:\/\/e-cristians.cat\/#\/schema\/person\/f0ec475338e49aaef9c9dc9d9f162861"},"breadcrumb":{"@id":"https:\/\/e-cristians.cat\/es\/celebracion-del-pilar-en-la-parroquia-de-ntra-sra-del-pilar\/#breadcrumb"},"inLanguage":"es","potentialAction":[{"@type":"ReadAction","target":["https:\/\/e-cristians.cat\/es\/celebracion-del-pilar-en-la-parroquia-de-ntra-sra-del-pilar\/"]}]},{"@type":"BreadcrumbList","@id":"https:\/\/e-cristians.cat\/es\/celebracion-del-pilar-en-la-parroquia-de-ntra-sra-del-pilar\/#breadcrumb","itemListElement":[{"@type":"ListItem","position":1,"name":"Inici","item":"https:\/\/e-cristians.cat\/es\/"},{"@type":"ListItem","position":2,"name":"Celebraci\u00f3n del Pilar en la parr\u00f2quia de Ntra. Sra. del Pilar"}]},{"@type":"WebSite","@id":"https:\/\/e-cristians.cat\/#website","url":"https:\/\/e-cristians.cat\/","name":"e-Cristians","description":"","potentialAction":[{"@type":"SearchAction","target":{"@type":"EntryPoint","urlTemplate":"https:\/\/e-cristians.cat\/?s={search_term_string}"},"query-input":"required name=search_term_string"}],"inLanguage":"es"},{"@type":"Person","@id":"https:\/\/e-cristians.cat\/#\/schema\/person\/f0ec475338e49aaef9c9dc9d9f162861","name":"e-Cristians","image":{"@type":"ImageObject","inLanguage":"es","@id":"https:\/\/e-cristians.cat\/#\/schema\/person\/image\/","url":"https:\/\/secure.gravatar.com\/avatar\/14bc9e5b0ca69070f1075ad3efcb33c4?s=96&d=mm&r=g","contentUrl":"https:\/\/secure.gravatar.com\/avatar\/14bc9e5b0ca69070f1075ad3efcb33c4?s=96&d=mm&r=g","caption":"e-Cristians"}}]}},"jetpack_sharing_enabled":true,"jetpack_featured_media_url":"https:\/\/e-cristians.cat\/wp-content\/uploads\/2023\/10\/pilar.jpg","_links":{"self":[{"href":"https:\/\/e-cristians.cat\/es\/wp-json\/wp\/v2\/posts\/152058"}],"collection":[{"href":"https:\/\/e-cristians.cat\/es\/wp-json\/wp\/v2\/posts"}],"about":[{"href":"https:\/\/e-cristians.cat\/es\/wp-json\/wp\/v2\/types\/post"}],"author":[{"embeddable":true,"href":"https:\/\/e-cristians.cat\/es\/wp-json\/wp\/v2\/users\/2"}],"replies":[{"embeddable":true,"href":"https:\/\/e-cristians.cat\/es\/wp-json\/wp\/v2\/comments?post=152058"}],"version-history":[{"count":1,"href":"https:\/\/e-cristians.cat\/es\/wp-json\/wp\/v2\/posts\/152058\/revisions"}],"predecessor-version":[{"id":152061,"href":"https:\/\/e-cristians.cat\/es\/wp-json\/wp\/v2\/posts\/152058\/revisions\/152061"}],"wp:featuredmedia":[{"embeddable":true,"href":"https:\/\/e-cristians.cat\/es\/wp-json\/wp\/v2\/media\/152052"}],"wp:attachment":[{"href":"https:\/\/e-cristians.cat\/es\/wp-json\/wp\/v2\/media?parent=152058"}],"wp:term":[{"taxonomy":"category","embeddable":true,"href":"https:\/\/e-cristians.cat\/es\/wp-json\/wp\/v2\/categories?post=152058"},{"taxonomy":"post_tag","embeddable":true,"href":"https:\/\/e-cristians.cat\/es\/wp-json\/wp\/v2\/tags?post=152058"}],"curies":[{"name":"wp","href":"https:\/\/api.w.org\/{rel}","templated":true}]}}