{"id":1563,"date":"2020-10-06T10:11:15","date_gmt":"2020-10-06T08:11:15","guid":{"rendered":"https:\/\/e-cristians.cat\/?p=1563"},"modified":"2020-10-09T11:12:55","modified_gmt":"2020-10-09T09:12:55","slug":"el-papa-francisco-nombra-mn-xavier-vilanova-pellisa-como-obispo-auxiliar-de-barcelona","status":"publish","type":"post","link":"https:\/\/e-cristians.cat\/es\/el-papa-francisco-nombra-mn-xavier-vilanova-pellisa-como-obispo-auxiliar-de-barcelona\/","title":{"rendered":"El papa Francisco nombra Mn. Xavier Vilanova Pellisa como obispo auxiliar de Barcelona"},"content":{"rendered":"<p>El cardenal Juan Jos\u00e9 Omella, arzobispo de Barcelona, \u200b\u200bcompareci\u00f3 el 6 de octubre ante los medios de comunicaci\u00f3n acompa\u00f1ado del nuevo obispo auxiliar. El presb\u00edtero tarraconense es el actual rector del Seminario Interdiocesano de Catalu\u00f1a. Como obispo auxiliar de la archidi\u00f3cesis de Barcelona, \u200b\u200bse a\u00f1ade a Mons. Sergi Gordo y Mons. Antoni Vadell.<\/p>\n<p>En las pr\u00f3ximas semanas se informar\u00e1 oportunamente la fecha de celebraci\u00f3n de la ceremonia en la que ser\u00e1 ordenado obispo.<\/p>\n<p><strong>Apunte biogr\u00e1fico del nuevo obispo<\/strong><\/p>\n<p>Nacido en La Fatarella (Tarragona), el 23 de septiembre de 1973.<\/p>\n<p>Fue ordenado presb\u00edtero para la di\u00f3cesis de Tortosa el 22 de noviembre de 1998.<\/p>\n<p>Ha sido vicario parroquial de las parroquias de la Virgen del Rosario de Tortosa (1998-1999) y de San Miguel Arc\u00e1ngel de Alcanar (1999-2003). Rector de las parroquias de la Asunci\u00f3n del Forcall, Castellfort y Portell, San Pedro Ap\u00f3stol de Cinctorres, Virgen de las Nieves de la Mata, San Bartolom\u00e9 de Todolella y de la Virgen del P\u00f3pulo de Olocau del Rey ( 2003-2007). Adem\u00e1s, ha sido tambi\u00e9n rector de las parroquias de Alfara de Carles (2014-2019), del Sagrado Coraz\u00f3n de Jes\u00fas del Raval de Cristo (2016-2019) y de San Lorenzo de El Pinell de Brai (2019).<\/p>\n<p>Delegado para la Catequesis (2014-2016) y para la Pastoral Vocacional (2003); miembro del Colegio de Consultores (2007) y del Consejo Presbiteral (2007); rector del Seminario de Tortosa (2007) y director espiritual del Seminario Interdiocesano de Catalu\u00f1a (2016 a 2018).<\/p>\n<p>Actualmente ejerce el oficio can\u00f3nico de rector del Seminario Interdiocesano de Catalu\u00f1a (2018).<\/p>\n<p>Es misionero de la Misericordia y confesor ordinario de la Comunidad de Agustinas de San Mateo.<\/p>\n","protected":false},"excerpt":{"rendered":"<p>El cardenal Juan Jos\u00e9 Omella, arzobispo de Barcelona, \u200b\u200bcompareci\u00f3 el 6 de octubre ante los medios de comunicaci\u00f3n acompa\u00f1ado del nuevo obispo auxiliar. El presb\u00edtero tarraconense es el actual rector del Seminario Interdiocesano de Catalu\u00f1a. Como obispo auxiliar de la archidi\u00f3cesis de Barcelona, \u200b\u200bse a\u00f1ade a Mons. Sergi Gordo y Mons. Antoni Vadell. En las&#8230;<\/p>\n","protected":false},"author":2,"featured_media":1560,"comment_status":"closed","ping_status":"closed","sticky":false,"template":"","format":"standard","meta":{"_jetpack_memberships_contains_paid_content":false,"footnotes":""},"categories":[33],"tags":[],"class_list":["post-1563","post","type-post","status-publish","format-standard","has-post-thumbnail","hentry","category-altres-entitats-informacions-agenda-i-documents-es"],"yoast_head":"<!-- This site is optimized with the Yoast SEO plugin v20.0 - https:\/\/yoast.com\/wordpress\/plugins\/seo\/ -->\n<title>El papa Francisco nombra Mn. Xavier Vilanova Pellisa como obispo auxiliar de Barcelona - e-Cristians<\/title>\n<meta name=\"robots\" content=\"noindex, nofollow\" \/>\n<meta property=\"og:locale\" content=\"es_ES\" \/>\n<meta property=\"og:type\" content=\"article\" \/>\n<meta property=\"og:title\" content=\"El papa Francisco nombra Mn. Xavier Vilanova Pellisa como obispo auxiliar de Barcelona - e-Cristians\" \/>\n<meta property=\"og:description\" content=\"El cardenal Juan Jos\u00e9 Omella, arzobispo de Barcelona, \u200b\u200bcompareci\u00f3 el 6 de octubre ante los medios de comunicaci\u00f3n acompa\u00f1ado del nuevo obispo auxiliar. El presb\u00edtero tarraconense es el actual rector del Seminario Interdiocesano de Catalu\u00f1a. Como obispo auxiliar de la archidi\u00f3cesis de Barcelona, \u200b\u200bse a\u00f1ade a Mons. Sergi Gordo y Mons. Antoni Vadell. En las...\" \/>\n<meta property=\"og:url\" content=\"https:\/\/e-cristians.cat\/es\/el-papa-francisco-nombra-mn-xavier-vilanova-pellisa-como-obispo-auxiliar-de-barcelona\/\" \/>\n<meta property=\"og:site_name\" content=\"e-Cristians\" \/>\n<meta property=\"article:published_time\" content=\"2020-10-06T08:11:15+00:00\" \/>\n<meta property=\"article:modified_time\" content=\"2020-10-09T09:12:55+00:00\" \/>\n<meta property=\"og:image\" content=\"https:\/\/e-cristians.cat\/wp-content\/uploads\/2020\/10\/news_2936.jpg\" \/>\n\t<meta property=\"og:image:width\" content=\"600\" \/>\n\t<meta property=\"og:image:height\" content=\"400\" \/>\n\t<meta property=\"og:image:type\" content=\"image\/jpeg\" \/>\n<meta name=\"author\" content=\"e-Cristians\" \/>\n<meta name=\"twitter:card\" content=\"summary_large_image\" \/>\n<meta name=\"twitter:label1\" content=\"Escrito por\" \/>\n\t<meta name=\"twitter:data1\" content=\"e-Cristians\" \/>\n\t<meta name=\"twitter:label2\" content=\"Tiempo de lectura\" \/>\n\t<meta name=\"twitter:data2\" content=\"1 minuto\" \/>\n<script type=\"application\/ld+json\" class=\"yoast-schema-graph\">{\"@context\":\"https:\/\/schema.org\",\"@graph\":[{\"@type\":\"WebPage\",\"@id\":\"https:\/\/e-cristians.cat\/es\/el-papa-francisco-nombra-mn-xavier-vilanova-pellisa-como-obispo-auxiliar-de-barcelona\/\",\"url\":\"https:\/\/e-cristians.cat\/es\/el-papa-francisco-nombra-mn-xavier-vilanova-pellisa-como-obispo-auxiliar-de-barcelona\/\",\"name\":\"El papa Francisco nombra Mn. Xavier Vilanova Pellisa como obispo auxiliar de Barcelona - e-Cristians\",\"isPartOf\":{\"@id\":\"https:\/\/e-cristians.cat\/#website\"},\"datePublished\":\"2020-10-06T08:11:15+00:00\",\"dateModified\":\"2020-10-09T09:12:55+00:00\",\"author\":{\"@id\":\"https:\/\/e-cristians.cat\/#\/schema\/person\/f0ec475338e49aaef9c9dc9d9f162861\"},\"breadcrumb\":{\"@id\":\"https:\/\/e-cristians.cat\/es\/el-papa-francisco-nombra-mn-xavier-vilanova-pellisa-como-obispo-auxiliar-de-barcelona\/#breadcrumb\"},\"inLanguage\":\"es\",\"potentialAction\":[{\"@type\":\"ReadAction\",\"target\":[\"https:\/\/e-cristians.cat\/es\/el-papa-francisco-nombra-mn-xavier-vilanova-pellisa-como-obispo-auxiliar-de-barcelona\/\"]}]},{\"@type\":\"BreadcrumbList\",\"@id\":\"https:\/\/e-cristians.cat\/es\/el-papa-francisco-nombra-mn-xavier-vilanova-pellisa-como-obispo-auxiliar-de-barcelona\/#breadcrumb\",\"itemListElement\":[{\"@type\":\"ListItem\",\"position\":1,\"name\":\"Inici\",\"item\":\"https:\/\/e-cristians.cat\/es\/\"},{\"@type\":\"ListItem\",\"position\":2,\"name\":\"El papa Francisco nombra Mn. Xavier Vilanova Pellisa como obispo auxiliar de Barcelona\"}]},{\"@type\":\"WebSite\",\"@id\":\"https:\/\/e-cristians.cat\/#website\",\"url\":\"https:\/\/e-cristians.cat\/\",\"name\":\"e-Cristians\",\"description\":\"\",\"potentialAction\":[{\"@type\":\"SearchAction\",\"target\":{\"@type\":\"EntryPoint\",\"urlTemplate\":\"https:\/\/e-cristians.cat\/?s={search_term_string}\"},\"query-input\":\"required name=search_term_string\"}],\"inLanguage\":\"es\"},{\"@type\":\"Person\",\"@id\":\"https:\/\/e-cristians.cat\/#\/schema\/person\/f0ec475338e49aaef9c9dc9d9f162861\",\"name\":\"e-Cristians\",\"image\":{\"@type\":\"ImageObject\",\"inLanguage\":\"es\",\"@id\":\"https:\/\/e-cristians.cat\/#\/schema\/person\/image\/\",\"url\":\"https:\/\/secure.gravatar.com\/avatar\/14bc9e5b0ca69070f1075ad3efcb33c4?s=96&d=mm&r=g\",\"contentUrl\":\"https:\/\/secure.gravatar.com\/avatar\/14bc9e5b0ca69070f1075ad3efcb33c4?s=96&d=mm&r=g\",\"caption\":\"e-Cristians\"}}]}<\/script>\n<!-- \/ Yoast SEO plugin. -->","yoast_head_json":{"title":"El papa Francisco nombra Mn. Xavier Vilanova Pellisa como obispo auxiliar de Barcelona - e-Cristians","robots":{"index":"noindex","follow":"nofollow"},"og_locale":"es_ES","og_type":"article","og_title":"El papa Francisco nombra Mn. Xavier Vilanova Pellisa como obispo auxiliar de Barcelona - e-Cristians","og_description":"El cardenal Juan Jos\u00e9 Omella, arzobispo de Barcelona, \u200b\u200bcompareci\u00f3 el 6 de octubre ante los medios de comunicaci\u00f3n acompa\u00f1ado del nuevo obispo auxiliar. El presb\u00edtero tarraconense es el actual rector del Seminario Interdiocesano de Catalu\u00f1a. Como obispo auxiliar de la archidi\u00f3cesis de Barcelona, \u200b\u200bse a\u00f1ade a Mons. Sergi Gordo y Mons. Antoni Vadell. En las...","og_url":"https:\/\/e-cristians.cat\/es\/el-papa-francisco-nombra-mn-xavier-vilanova-pellisa-como-obispo-auxiliar-de-barcelona\/","og_site_name":"e-Cristians","article_published_time":"2020-10-06T08:11:15+00:00","article_modified_time":"2020-10-09T09:12:55+00:00","og_image":[{"width":600,"height":400,"url":"https:\/\/e-cristians.cat\/wp-content\/uploads\/2020\/10\/news_2936.jpg","type":"image\/jpeg"}],"author":"e-Cristians","twitter_card":"summary_large_image","twitter_misc":{"Escrito por":"e-Cristians","Tiempo de lectura":"1 minuto"},"schema":{"@context":"https:\/\/schema.org","@graph":[{"@type":"WebPage","@id":"https:\/\/e-cristians.cat\/es\/el-papa-francisco-nombra-mn-xavier-vilanova-pellisa-como-obispo-auxiliar-de-barcelona\/","url":"https:\/\/e-cristians.cat\/es\/el-papa-francisco-nombra-mn-xavier-vilanova-pellisa-como-obispo-auxiliar-de-barcelona\/","name":"El papa Francisco nombra Mn. Xavier Vilanova Pellisa como obispo auxiliar de Barcelona - e-Cristians","isPartOf":{"@id":"https:\/\/e-cristians.cat\/#website"},"datePublished":"2020-10-06T08:11:15+00:00","dateModified":"2020-10-09T09:12:55+00:00","author":{"@id":"https:\/\/e-cristians.cat\/#\/schema\/person\/f0ec475338e49aaef9c9dc9d9f162861"},"breadcrumb":{"@id":"https:\/\/e-cristians.cat\/es\/el-papa-francisco-nombra-mn-xavier-vilanova-pellisa-como-obispo-auxiliar-de-barcelona\/#breadcrumb"},"inLanguage":"es","potentialAction":[{"@type":"ReadAction","target":["https:\/\/e-cristians.cat\/es\/el-papa-francisco-nombra-mn-xavier-vilanova-pellisa-como-obispo-auxiliar-de-barcelona\/"]}]},{"@type":"BreadcrumbList","@id":"https:\/\/e-cristians.cat\/es\/el-papa-francisco-nombra-mn-xavier-vilanova-pellisa-como-obispo-auxiliar-de-barcelona\/#breadcrumb","itemListElement":[{"@type":"ListItem","position":1,"name":"Inici","item":"https:\/\/e-cristians.cat\/es\/"},{"@type":"ListItem","position":2,"name":"El papa Francisco nombra Mn. Xavier Vilanova Pellisa como obispo auxiliar de Barcelona"}]},{"@type":"WebSite","@id":"https:\/\/e-cristians.cat\/#website","url":"https:\/\/e-cristians.cat\/","name":"e-Cristians","description":"","potentialAction":[{"@type":"SearchAction","target":{"@type":"EntryPoint","urlTemplate":"https:\/\/e-cristians.cat\/?s={search_term_string}"},"query-input":"required name=search_term_string"}],"inLanguage":"es"},{"@type":"Person","@id":"https:\/\/e-cristians.cat\/#\/schema\/person\/f0ec475338e49aaef9c9dc9d9f162861","name":"e-Cristians","image":{"@type":"ImageObject","inLanguage":"es","@id":"https:\/\/e-cristians.cat\/#\/schema\/person\/image\/","url":"https:\/\/secure.gravatar.com\/avatar\/14bc9e5b0ca69070f1075ad3efcb33c4?s=96&d=mm&r=g","contentUrl":"https:\/\/secure.gravatar.com\/avatar\/14bc9e5b0ca69070f1075ad3efcb33c4?s=96&d=mm&r=g","caption":"e-Cristians"}}]}},"jetpack_sharing_enabled":true,"jetpack_featured_media_url":"https:\/\/e-cristians.cat\/wp-content\/uploads\/2020\/10\/news_2936.jpg","_links":{"self":[{"href":"https:\/\/e-cristians.cat\/es\/wp-json\/wp\/v2\/posts\/1563"}],"collection":[{"href":"https:\/\/e-cristians.cat\/es\/wp-json\/wp\/v2\/posts"}],"about":[{"href":"https:\/\/e-cristians.cat\/es\/wp-json\/wp\/v2\/types\/post"}],"author":[{"embeddable":true,"href":"https:\/\/e-cristians.cat\/es\/wp-json\/wp\/v2\/users\/2"}],"replies":[{"embeddable":true,"href":"https:\/\/e-cristians.cat\/es\/wp-json\/wp\/v2\/comments?post=1563"}],"version-history":[{"count":1,"href":"https:\/\/e-cristians.cat\/es\/wp-json\/wp\/v2\/posts\/1563\/revisions"}],"predecessor-version":[{"id":1565,"href":"https:\/\/e-cristians.cat\/es\/wp-json\/wp\/v2\/posts\/1563\/revisions\/1565"}],"wp:featuredmedia":[{"embeddable":true,"href":"https:\/\/e-cristians.cat\/es\/wp-json\/wp\/v2\/media\/1560"}],"wp:attachment":[{"href":"https:\/\/e-cristians.cat\/es\/wp-json\/wp\/v2\/media?parent=1563"}],"wp:term":[{"taxonomy":"category","embeddable":true,"href":"https:\/\/e-cristians.cat\/es\/wp-json\/wp\/v2\/categories?post=1563"},{"taxonomy":"post_tag","embeddable":true,"href":"https:\/\/e-cristians.cat\/es\/wp-json\/wp\/v2\/tags?post=1563"}],"curies":[{"name":"wp","href":"https:\/\/api.w.org\/{rel}","templated":true}]}}