{"id":158808,"date":"2023-10-13T13:02:16","date_gmt":"2023-10-13T11:02:16","guid":{"rendered":"https:\/\/e-cristians.cat\/?p=158808"},"modified":"2023-10-13T13:02:16","modified_gmt":"2023-10-13T11:02:16","slug":"el-aborto-y-el-tribunal-constitucional-al-parlamento-europeo","status":"publish","type":"post","link":"https:\/\/e-cristians.cat\/es\/el-aborto-y-el-tribunal-constitucional-al-parlamento-europeo\/","title":{"rendered":"El aborto y el Tribunal Constitucional al Parlamento Europeo"},"content":{"rendered":"<p><em>ForumLibertas.com<\/em><\/p>\n<p>El 7 de octubre la\u00a0<a href=\"https:\/\/provida.es\/feapv\/asamblea-de-asociaciones-por-la-vida-la-libertad-y-la-dignidad\/\" target=\"_blank\" rel=\"noopener\">Asamblea de Asociaciones por la Vida y la Dignidad<\/a>\u00a0y, en \u00a0su nombre, la Federaci\u00f3n de asociaciones Provida, dado que la Asamblea todav\u00eda no tiene personalidad jur\u00eddica, han\u00a0<strong><a href=\"https:\/\/e-cristians.cat\/es\/escrito-en-la-comision-de-peticiones-del-parlamento-europeo-contra-el-tc-por-no-respetar-la-obligada-imparcialidad-de-algunos-de-sus-magistrados-ante-el-recurso-contra-la-ley-del-aborto\/\" target=\"_blank\" rel=\"noopener\">presentado una queja<\/a>\u00a0a la<\/strong>\u00a0<strong>Comisi\u00f3n de Peticiones del Parlamento Europeo<\/strong>, con motivo de la sentencia que el Tribunal Constitucional espa\u00f1ol\u00a0<strong>dictamin\u00f3 sobre la ley del aborto<\/strong>. <a href=\"https:\/\/www.forumlibertas.com\/aborto-parlamento-europeo\/\" target=\"_blank\" rel=\"noopener\">Leer m\u00e1s<\/a>.<\/p>\n","protected":false},"excerpt":{"rendered":"<p>ForumLibertas.com El 7 de octubre la\u00a0Asamblea de Asociaciones por la Vida y la Dignidad\u00a0y, en \u00a0su nombre, la Federaci\u00f3n de asociaciones Provida, dado que la Asamblea todav\u00eda no tiene personalidad jur\u00eddica, han\u00a0presentado una queja\u00a0a la\u00a0Comisi\u00f3n de Peticiones del Parlamento Europeo, con motivo de la sentencia que el Tribunal Constitucional espa\u00f1ol\u00a0dictamin\u00f3 sobre la ley del aborto&#8230;.<\/p>\n","protected":false},"author":2,"featured_media":158809,"comment_status":"closed","ping_status":"closed","sticky":false,"template":"","format":"standard","meta":{"_jetpack_memberships_contains_paid_content":false,"footnotes":""},"categories":[34,39],"tags":[],"class_list":["post-158808","post","type-post","status-publish","format-standard","has-post-thumbnail","hentry","category-editorials-i-blogs-de-forumlibertas-es","category-portada_news-es"],"yoast_head":"<!-- This site is optimized with the Yoast SEO plugin v20.0 - https:\/\/yoast.com\/wordpress\/plugins\/seo\/ -->\n<title>El aborto y el Tribunal Constitucional al Parlamento Europeo - e-Cristians<\/title>\n<meta name=\"robots\" content=\"noindex, nofollow\" \/>\n<meta property=\"og:locale\" content=\"es_ES\" \/>\n<meta property=\"og:type\" content=\"article\" \/>\n<meta property=\"og:title\" content=\"El aborto y el Tribunal Constitucional al Parlamento Europeo - e-Cristians\" \/>\n<meta property=\"og:description\" content=\"ForumLibertas.com El 7 de octubre la\u00a0Asamblea de Asociaciones por la Vida y la Dignidad\u00a0y, en \u00a0su nombre, la Federaci\u00f3n de asociaciones Provida, dado que la Asamblea todav\u00eda no tiene personalidad jur\u00eddica, han\u00a0presentado una queja\u00a0a la\u00a0Comisi\u00f3n de Peticiones del Parlamento Europeo, con motivo de la sentencia que el Tribunal Constitucional espa\u00f1ol\u00a0dictamin\u00f3 sobre la ley del aborto....\" \/>\n<meta property=\"og:url\" content=\"https:\/\/e-cristians.cat\/es\/el-aborto-y-el-tribunal-constitucional-al-parlamento-europeo\/\" \/>\n<meta property=\"og:site_name\" content=\"e-Cristians\" \/>\n<meta property=\"article:published_time\" content=\"2023-10-13T11:02:16+00:00\" \/>\n<meta property=\"og:image\" content=\"https:\/\/e-cristians.cat\/wp-content\/uploads\/2023\/10\/parlamento-europeo-600x337-1.jpg\" \/>\n\t<meta property=\"og:image:width\" content=\"600\" \/>\n\t<meta property=\"og:image:height\" content=\"337\" \/>\n\t<meta property=\"og:image:type\" content=\"image\/jpeg\" \/>\n<meta name=\"author\" content=\"e-Cristians\" \/>\n<meta name=\"twitter:card\" content=\"summary_large_image\" \/>\n<meta name=\"twitter:label1\" content=\"Escrito por\" \/>\n\t<meta name=\"twitter:data1\" content=\"e-Cristians\" \/>\n\t<meta name=\"twitter:label2\" content=\"Tiempo de lectura\" \/>\n\t<meta name=\"twitter:data2\" content=\"1 minuto\" \/>\n<script type=\"application\/ld+json\" class=\"yoast-schema-graph\">{\"@context\":\"https:\/\/schema.org\",\"@graph\":[{\"@type\":\"WebPage\",\"@id\":\"https:\/\/e-cristians.cat\/es\/el-aborto-y-el-tribunal-constitucional-al-parlamento-europeo\/\",\"url\":\"https:\/\/e-cristians.cat\/es\/el-aborto-y-el-tribunal-constitucional-al-parlamento-europeo\/\",\"name\":\"El aborto y el Tribunal Constitucional al Parlamento Europeo - e-Cristians\",\"isPartOf\":{\"@id\":\"https:\/\/e-cristians.cat\/#website\"},\"datePublished\":\"2023-10-13T11:02:16+00:00\",\"dateModified\":\"2023-10-13T11:02:16+00:00\",\"author\":{\"@id\":\"https:\/\/e-cristians.cat\/#\/schema\/person\/f0ec475338e49aaef9c9dc9d9f162861\"},\"breadcrumb\":{\"@id\":\"https:\/\/e-cristians.cat\/es\/el-aborto-y-el-tribunal-constitucional-al-parlamento-europeo\/#breadcrumb\"},\"inLanguage\":\"es\",\"potentialAction\":[{\"@type\":\"ReadAction\",\"target\":[\"https:\/\/e-cristians.cat\/es\/el-aborto-y-el-tribunal-constitucional-al-parlamento-europeo\/\"]}]},{\"@type\":\"BreadcrumbList\",\"@id\":\"https:\/\/e-cristians.cat\/es\/el-aborto-y-el-tribunal-constitucional-al-parlamento-europeo\/#breadcrumb\",\"itemListElement\":[{\"@type\":\"ListItem\",\"position\":1,\"name\":\"Inici\",\"item\":\"https:\/\/e-cristians.cat\/es\/\"},{\"@type\":\"ListItem\",\"position\":2,\"name\":\"El aborto y el Tribunal Constitucional al Parlamento Europeo\"}]},{\"@type\":\"WebSite\",\"@id\":\"https:\/\/e-cristians.cat\/#website\",\"url\":\"https:\/\/e-cristians.cat\/\",\"name\":\"e-Cristians\",\"description\":\"\",\"potentialAction\":[{\"@type\":\"SearchAction\",\"target\":{\"@type\":\"EntryPoint\",\"urlTemplate\":\"https:\/\/e-cristians.cat\/?s={search_term_string}\"},\"query-input\":\"required name=search_term_string\"}],\"inLanguage\":\"es\"},{\"@type\":\"Person\",\"@id\":\"https:\/\/e-cristians.cat\/#\/schema\/person\/f0ec475338e49aaef9c9dc9d9f162861\",\"name\":\"e-Cristians\",\"image\":{\"@type\":\"ImageObject\",\"inLanguage\":\"es\",\"@id\":\"https:\/\/e-cristians.cat\/#\/schema\/person\/image\/\",\"url\":\"https:\/\/secure.gravatar.com\/avatar\/14bc9e5b0ca69070f1075ad3efcb33c4?s=96&d=mm&r=g\",\"contentUrl\":\"https:\/\/secure.gravatar.com\/avatar\/14bc9e5b0ca69070f1075ad3efcb33c4?s=96&d=mm&r=g\",\"caption\":\"e-Cristians\"}}]}<\/script>\n<!-- \/ Yoast SEO plugin. -->","yoast_head_json":{"title":"El aborto y el Tribunal Constitucional al Parlamento Europeo - e-Cristians","robots":{"index":"noindex","follow":"nofollow"},"og_locale":"es_ES","og_type":"article","og_title":"El aborto y el Tribunal Constitucional al Parlamento Europeo - e-Cristians","og_description":"ForumLibertas.com El 7 de octubre la\u00a0Asamblea de Asociaciones por la Vida y la Dignidad\u00a0y, en \u00a0su nombre, la Federaci\u00f3n de asociaciones Provida, dado que la Asamblea todav\u00eda no tiene personalidad jur\u00eddica, han\u00a0presentado una queja\u00a0a la\u00a0Comisi\u00f3n de Peticiones del Parlamento Europeo, con motivo de la sentencia que el Tribunal Constitucional espa\u00f1ol\u00a0dictamin\u00f3 sobre la ley del aborto....","og_url":"https:\/\/e-cristians.cat\/es\/el-aborto-y-el-tribunal-constitucional-al-parlamento-europeo\/","og_site_name":"e-Cristians","article_published_time":"2023-10-13T11:02:16+00:00","og_image":[{"width":600,"height":337,"url":"https:\/\/e-cristians.cat\/wp-content\/uploads\/2023\/10\/parlamento-europeo-600x337-1.jpg","type":"image\/jpeg"}],"author":"e-Cristians","twitter_card":"summary_large_image","twitter_misc":{"Escrito por":"e-Cristians","Tiempo de lectura":"1 minuto"},"schema":{"@context":"https:\/\/schema.org","@graph":[{"@type":"WebPage","@id":"https:\/\/e-cristians.cat\/es\/el-aborto-y-el-tribunal-constitucional-al-parlamento-europeo\/","url":"https:\/\/e-cristians.cat\/es\/el-aborto-y-el-tribunal-constitucional-al-parlamento-europeo\/","name":"El aborto y el Tribunal Constitucional al Parlamento Europeo - e-Cristians","isPartOf":{"@id":"https:\/\/e-cristians.cat\/#website"},"datePublished":"2023-10-13T11:02:16+00:00","dateModified":"2023-10-13T11:02:16+00:00","author":{"@id":"https:\/\/e-cristians.cat\/#\/schema\/person\/f0ec475338e49aaef9c9dc9d9f162861"},"breadcrumb":{"@id":"https:\/\/e-cristians.cat\/es\/el-aborto-y-el-tribunal-constitucional-al-parlamento-europeo\/#breadcrumb"},"inLanguage":"es","potentialAction":[{"@type":"ReadAction","target":["https:\/\/e-cristians.cat\/es\/el-aborto-y-el-tribunal-constitucional-al-parlamento-europeo\/"]}]},{"@type":"BreadcrumbList","@id":"https:\/\/e-cristians.cat\/es\/el-aborto-y-el-tribunal-constitucional-al-parlamento-europeo\/#breadcrumb","itemListElement":[{"@type":"ListItem","position":1,"name":"Inici","item":"https:\/\/e-cristians.cat\/es\/"},{"@type":"ListItem","position":2,"name":"El aborto y el Tribunal Constitucional al Parlamento Europeo"}]},{"@type":"WebSite","@id":"https:\/\/e-cristians.cat\/#website","url":"https:\/\/e-cristians.cat\/","name":"e-Cristians","description":"","potentialAction":[{"@type":"SearchAction","target":{"@type":"EntryPoint","urlTemplate":"https:\/\/e-cristians.cat\/?s={search_term_string}"},"query-input":"required name=search_term_string"}],"inLanguage":"es"},{"@type":"Person","@id":"https:\/\/e-cristians.cat\/#\/schema\/person\/f0ec475338e49aaef9c9dc9d9f162861","name":"e-Cristians","image":{"@type":"ImageObject","inLanguage":"es","@id":"https:\/\/e-cristians.cat\/#\/schema\/person\/image\/","url":"https:\/\/secure.gravatar.com\/avatar\/14bc9e5b0ca69070f1075ad3efcb33c4?s=96&d=mm&r=g","contentUrl":"https:\/\/secure.gravatar.com\/avatar\/14bc9e5b0ca69070f1075ad3efcb33c4?s=96&d=mm&r=g","caption":"e-Cristians"}}]}},"jetpack_sharing_enabled":true,"jetpack_featured_media_url":"https:\/\/e-cristians.cat\/wp-content\/uploads\/2023\/10\/parlamento-europeo-600x337-1.jpg","_links":{"self":[{"href":"https:\/\/e-cristians.cat\/es\/wp-json\/wp\/v2\/posts\/158808"}],"collection":[{"href":"https:\/\/e-cristians.cat\/es\/wp-json\/wp\/v2\/posts"}],"about":[{"href":"https:\/\/e-cristians.cat\/es\/wp-json\/wp\/v2\/types\/post"}],"author":[{"embeddable":true,"href":"https:\/\/e-cristians.cat\/es\/wp-json\/wp\/v2\/users\/2"}],"replies":[{"embeddable":true,"href":"https:\/\/e-cristians.cat\/es\/wp-json\/wp\/v2\/comments?post=158808"}],"version-history":[{"count":1,"href":"https:\/\/e-cristians.cat\/es\/wp-json\/wp\/v2\/posts\/158808\/revisions"}],"predecessor-version":[{"id":158811,"href":"https:\/\/e-cristians.cat\/es\/wp-json\/wp\/v2\/posts\/158808\/revisions\/158811"}],"wp:featuredmedia":[{"embeddable":true,"href":"https:\/\/e-cristians.cat\/es\/wp-json\/wp\/v2\/media\/158809"}],"wp:attachment":[{"href":"https:\/\/e-cristians.cat\/es\/wp-json\/wp\/v2\/media?parent=158808"}],"wp:term":[{"taxonomy":"category","embeddable":true,"href":"https:\/\/e-cristians.cat\/es\/wp-json\/wp\/v2\/categories?post=158808"},{"taxonomy":"post_tag","embeddable":true,"href":"https:\/\/e-cristians.cat\/es\/wp-json\/wp\/v2\/tags?post=158808"}],"curies":[{"name":"wp","href":"https:\/\/api.w.org\/{rel}","templated":true}]}}