{"id":1621,"date":"2020-10-15T10:00:24","date_gmt":"2020-10-15T08:00:24","guid":{"rendered":"https:\/\/e-cristians.cat\/?p=1621"},"modified":"2020-10-20T13:29:54","modified_gmt":"2020-10-20T11:29:54","slug":"rechazamos-las-irresponsables-manifestaciones-de-la-ministra-irene-montero","status":"publish","type":"post","link":"https:\/\/e-cristians.cat\/es\/rechazamos-las-irresponsables-manifestaciones-de-la-ministra-irene-montero\/","title":{"rendered":"Declaraci\u00f3n de e-Cristians: Rechazamos las irresponsables manifestaciones de la ministra Irene Montero"},"content":{"rendered":"<h2>En nombre de la necesaria unidad y consenso, reclamamos la paralizaci\u00f3n de las leyes divisivas<\/h2>\n<p>Hacemos p\u00fablico nuestro rechazo a las declaraciones de la ministra Irene Montero manifestando su intenci\u00f3n de modificar la ley vigente para <strong>permitir el aborto a las menores sin el consentimiento de sus padres.<\/strong><\/p>\n<p>Espa\u00f1a sufre una de las peores crisis desde la posguerra civil. Para afrontarla es necesaria una unidad que es incompatible con leyes que impulsa el gobierno, como la eutanasia o una nueva ley de educaci\u00f3n sin voluntad de consenso. A la que ahora se le quiere a\u00f1adir una reforma de legislaci\u00f3n sobre el aborto en un aspecto tan importante como la expropiaci\u00f3n de la autoridad de los padres en una decisi\u00f3n tan importante, como la de dar la muerte al ser humano engendrado que debe nacer.<\/p>\n<p>Es inadmisible que el gobierno se plantee ampliar la ley del aborto cuando el Tribunal Constitucional a\u00fan no ha dictado sentencia sobre la ley de hace 10 a\u00f1os. La reforma que se plantea facilita que las chicas se a\u00edslen de su familia y tengan que tomar solas y sin suficiente discernimiento una decisi\u00f3n trascendental para su vida y para la vida humana que llevan dentro de s\u00ed.<\/p>\n<p><strong>Le pedimos que no haga efectiva esta iniciativa<\/strong>, al tiempo que animamos a la ministra Montero y a la vez el Gobierno a emprender una acci\u00f3n \u00fatil en favor de las mujeres: a <strong>luchar eficazmente contra la prostituci\u00f3n, el proxenetismo y la explotaci\u00f3n sexual<\/strong>. Con motivo de la Covid-19, las restricciones urgentes y firmes sobre esta actividad est\u00e1n m\u00e1s que justificadas. Tambi\u00e9n es urgente trabajar para proteger a las v\u00edctimas de explotaci\u00f3n sexual, ayudarlas a salir fuera de este c\u00edrculo.<\/p>\n<p>Exigimos del gobierno espa\u00f1ol que mientras dure la pandemia y sea necesario crear las m\u00e1ximas condiciones de unidad pol\u00edtica y social, <strong>cese en todo intento de legislar leyes divisivas<\/strong>, y conflictivas, como la que pretende la ministra Montero, o las aludidas sobre la eutanasia y la ense\u00f1anza.<\/p>\n<p>\u00bfQu\u00e9 unidad puede reclamar el presidente S\u00e1nchez, si durante estos tiempos de trasiego no legisla para todos?<\/p>\n<p>Pedimos respeto y responsabilidad, que significa ser consecuente con los actos que su gobierno promueve.<\/p>\n<p><strong>No hay unidad con leyes divisivas.<\/strong><\/p>\n","protected":false},"excerpt":{"rendered":"<p>En nombre de la necesaria unidad y consenso, reclamamos la paralizaci\u00f3n de las leyes divisivas Hacemos p\u00fablico nuestro rechazo a las declaraciones de la ministra Irene Montero manifestando su intenci\u00f3n de modificar la ley vigente para permitir el aborto a las menores sin el consentimiento de sus padres. Espa\u00f1a sufre una de las peores crisis&#8230;<\/p>\n","protected":false},"author":2,"featured_media":1615,"comment_status":"closed","ping_status":"closed","sticky":false,"template":"","format":"standard","meta":{"_jetpack_memberships_contains_paid_content":false,"footnotes":""},"categories":[30,39],"tags":[62,70],"class_list":["post-1621","post","type-post","status-publish","format-standard","has-post-thumbnail","hentry","category-declaracions-de-cristians-es","category-portada_news-es","tag-aborto","tag-ley-aborto"],"yoast_head":"<!-- This site is optimized with the Yoast SEO plugin v20.0 - https:\/\/yoast.com\/wordpress\/plugins\/seo\/ -->\n<title>Declaraci\u00f3n de e-Cristians: Rechazamos las irresponsables manifestaciones de la ministra Irene Montero - e-Cristians<\/title>\n<meta name=\"description\" content=\"Hacemos p\u00fablico nuestro rechazo a las declaraciones de la ministra Irene Montero manifestando su intenci\u00f3n de modificar la ley vigente\" \/>\n<meta name=\"robots\" content=\"index, follow, max-snippet:-1, max-image-preview:large, max-video-preview:-1\" \/>\n<link rel=\"canonical\" href=\"https:\/\/e-cristians.cat\/es\/rechazamos-las-irresponsables-manifestaciones-de-la-ministra-irene-montero\/\" \/>\n<meta property=\"og:locale\" content=\"es_ES\" \/>\n<meta property=\"og:type\" content=\"article\" \/>\n<meta property=\"og:title\" content=\"Declaraci\u00f3n de e-Cristians: Rechazamos las irresponsables manifestaciones de la ministra Irene Montero - e-Cristians\" \/>\n<meta property=\"og:description\" content=\"Hacemos p\u00fablico nuestro rechazo a las declaraciones de la ministra Irene Montero manifestando su intenci\u00f3n de modificar la ley vigente\" \/>\n<meta property=\"og:url\" content=\"https:\/\/e-cristians.cat\/es\/rechazamos-las-irresponsables-manifestaciones-de-la-ministra-irene-montero\/\" \/>\n<meta property=\"og:site_name\" content=\"e-Cristians\" \/>\n<meta property=\"article:published_time\" content=\"2020-10-15T08:00:24+00:00\" \/>\n<meta property=\"article:modified_time\" content=\"2020-10-20T11:29:54+00:00\" \/>\n<meta property=\"og:image\" content=\"https:\/\/e-cristians.cat\/wp-content\/uploads\/2020\/10\/ley-aborto-irene-montero.jpg\" \/>\n\t<meta property=\"og:image:width\" content=\"752\" \/>\n\t<meta property=\"og:image:height\" content=\"440\" \/>\n\t<meta property=\"og:image:type\" content=\"image\/jpeg\" \/>\n<meta name=\"author\" content=\"e-Cristians\" \/>\n<meta name=\"twitter:card\" content=\"summary_large_image\" \/>\n<meta name=\"twitter:label1\" content=\"Escrito por\" \/>\n\t<meta name=\"twitter:data1\" content=\"e-Cristians\" \/>\n\t<meta name=\"twitter:label2\" content=\"Tiempo de lectura\" \/>\n\t<meta name=\"twitter:data2\" content=\"2 minutos\" \/>\n<script type=\"application\/ld+json\" class=\"yoast-schema-graph\">{\"@context\":\"https:\/\/schema.org\",\"@graph\":[{\"@type\":\"WebPage\",\"@id\":\"https:\/\/e-cristians.cat\/es\/rechazamos-las-irresponsables-manifestaciones-de-la-ministra-irene-montero\/\",\"url\":\"https:\/\/e-cristians.cat\/es\/rechazamos-las-irresponsables-manifestaciones-de-la-ministra-irene-montero\/\",\"name\":\"Declaraci\u00f3n de e-Cristians: Rechazamos las irresponsables manifestaciones de la ministra Irene Montero - e-Cristians\",\"isPartOf\":{\"@id\":\"https:\/\/e-cristians.cat\/#website\"},\"datePublished\":\"2020-10-15T08:00:24+00:00\",\"dateModified\":\"2020-10-20T11:29:54+00:00\",\"author\":{\"@id\":\"https:\/\/e-cristians.cat\/#\/schema\/person\/f0ec475338e49aaef9c9dc9d9f162861\"},\"description\":\"Hacemos p\u00fablico nuestro rechazo a las declaraciones de la ministra Irene Montero manifestando su intenci\u00f3n de modificar la ley vigente\",\"breadcrumb\":{\"@id\":\"https:\/\/e-cristians.cat\/es\/rechazamos-las-irresponsables-manifestaciones-de-la-ministra-irene-montero\/#breadcrumb\"},\"inLanguage\":\"es\",\"potentialAction\":[{\"@type\":\"ReadAction\",\"target\":[\"https:\/\/e-cristians.cat\/es\/rechazamos-las-irresponsables-manifestaciones-de-la-ministra-irene-montero\/\"]}]},{\"@type\":\"BreadcrumbList\",\"@id\":\"https:\/\/e-cristians.cat\/es\/rechazamos-las-irresponsables-manifestaciones-de-la-ministra-irene-montero\/#breadcrumb\",\"itemListElement\":[{\"@type\":\"ListItem\",\"position\":1,\"name\":\"Inici\",\"item\":\"https:\/\/e-cristians.cat\/es\/\"},{\"@type\":\"ListItem\",\"position\":2,\"name\":\"Declaraci\u00f3n de e-Cristians: Rechazamos las irresponsables manifestaciones de la ministra Irene Montero\"}]},{\"@type\":\"WebSite\",\"@id\":\"https:\/\/e-cristians.cat\/#website\",\"url\":\"https:\/\/e-cristians.cat\/\",\"name\":\"e-Cristians\",\"description\":\"\",\"potentialAction\":[{\"@type\":\"SearchAction\",\"target\":{\"@type\":\"EntryPoint\",\"urlTemplate\":\"https:\/\/e-cristians.cat\/?s={search_term_string}\"},\"query-input\":\"required name=search_term_string\"}],\"inLanguage\":\"es\"},{\"@type\":\"Person\",\"@id\":\"https:\/\/e-cristians.cat\/#\/schema\/person\/f0ec475338e49aaef9c9dc9d9f162861\",\"name\":\"e-Cristians\",\"image\":{\"@type\":\"ImageObject\",\"inLanguage\":\"es\",\"@id\":\"https:\/\/e-cristians.cat\/#\/schema\/person\/image\/\",\"url\":\"https:\/\/secure.gravatar.com\/avatar\/14bc9e5b0ca69070f1075ad3efcb33c4?s=96&d=mm&r=g\",\"contentUrl\":\"https:\/\/secure.gravatar.com\/avatar\/14bc9e5b0ca69070f1075ad3efcb33c4?s=96&d=mm&r=g\",\"caption\":\"e-Cristians\"}}]}<\/script>\n<!-- \/ Yoast SEO plugin. -->","yoast_head_json":{"title":"Declaraci\u00f3n de e-Cristians: Rechazamos las irresponsables manifestaciones de la ministra Irene Montero - e-Cristians","description":"Hacemos p\u00fablico nuestro rechazo a las declaraciones de la ministra Irene Montero manifestando su intenci\u00f3n de modificar la ley vigente","robots":{"index":"index","follow":"follow","max-snippet":"max-snippet:-1","max-image-preview":"max-image-preview:large","max-video-preview":"max-video-preview:-1"},"canonical":"https:\/\/e-cristians.cat\/es\/rechazamos-las-irresponsables-manifestaciones-de-la-ministra-irene-montero\/","og_locale":"es_ES","og_type":"article","og_title":"Declaraci\u00f3n de e-Cristians: Rechazamos las irresponsables manifestaciones de la ministra Irene Montero - e-Cristians","og_description":"Hacemos p\u00fablico nuestro rechazo a las declaraciones de la ministra Irene Montero manifestando su intenci\u00f3n de modificar la ley vigente","og_url":"https:\/\/e-cristians.cat\/es\/rechazamos-las-irresponsables-manifestaciones-de-la-ministra-irene-montero\/","og_site_name":"e-Cristians","article_published_time":"2020-10-15T08:00:24+00:00","article_modified_time":"2020-10-20T11:29:54+00:00","og_image":[{"width":752,"height":440,"url":"https:\/\/e-cristians.cat\/wp-content\/uploads\/2020\/10\/ley-aborto-irene-montero.jpg","type":"image\/jpeg"}],"author":"e-Cristians","twitter_card":"summary_large_image","twitter_misc":{"Escrito por":"e-Cristians","Tiempo de lectura":"2 minutos"},"schema":{"@context":"https:\/\/schema.org","@graph":[{"@type":"WebPage","@id":"https:\/\/e-cristians.cat\/es\/rechazamos-las-irresponsables-manifestaciones-de-la-ministra-irene-montero\/","url":"https:\/\/e-cristians.cat\/es\/rechazamos-las-irresponsables-manifestaciones-de-la-ministra-irene-montero\/","name":"Declaraci\u00f3n de e-Cristians: Rechazamos las irresponsables manifestaciones de la ministra Irene Montero - e-Cristians","isPartOf":{"@id":"https:\/\/e-cristians.cat\/#website"},"datePublished":"2020-10-15T08:00:24+00:00","dateModified":"2020-10-20T11:29:54+00:00","author":{"@id":"https:\/\/e-cristians.cat\/#\/schema\/person\/f0ec475338e49aaef9c9dc9d9f162861"},"description":"Hacemos p\u00fablico nuestro rechazo a las declaraciones de la ministra Irene Montero manifestando su intenci\u00f3n de modificar la ley vigente","breadcrumb":{"@id":"https:\/\/e-cristians.cat\/es\/rechazamos-las-irresponsables-manifestaciones-de-la-ministra-irene-montero\/#breadcrumb"},"inLanguage":"es","potentialAction":[{"@type":"ReadAction","target":["https:\/\/e-cristians.cat\/es\/rechazamos-las-irresponsables-manifestaciones-de-la-ministra-irene-montero\/"]}]},{"@type":"BreadcrumbList","@id":"https:\/\/e-cristians.cat\/es\/rechazamos-las-irresponsables-manifestaciones-de-la-ministra-irene-montero\/#breadcrumb","itemListElement":[{"@type":"ListItem","position":1,"name":"Inici","item":"https:\/\/e-cristians.cat\/es\/"},{"@type":"ListItem","position":2,"name":"Declaraci\u00f3n de e-Cristians: Rechazamos las irresponsables manifestaciones de la ministra Irene Montero"}]},{"@type":"WebSite","@id":"https:\/\/e-cristians.cat\/#website","url":"https:\/\/e-cristians.cat\/","name":"e-Cristians","description":"","potentialAction":[{"@type":"SearchAction","target":{"@type":"EntryPoint","urlTemplate":"https:\/\/e-cristians.cat\/?s={search_term_string}"},"query-input":"required name=search_term_string"}],"inLanguage":"es"},{"@type":"Person","@id":"https:\/\/e-cristians.cat\/#\/schema\/person\/f0ec475338e49aaef9c9dc9d9f162861","name":"e-Cristians","image":{"@type":"ImageObject","inLanguage":"es","@id":"https:\/\/e-cristians.cat\/#\/schema\/person\/image\/","url":"https:\/\/secure.gravatar.com\/avatar\/14bc9e5b0ca69070f1075ad3efcb33c4?s=96&d=mm&r=g","contentUrl":"https:\/\/secure.gravatar.com\/avatar\/14bc9e5b0ca69070f1075ad3efcb33c4?s=96&d=mm&r=g","caption":"e-Cristians"}}]}},"jetpack_sharing_enabled":true,"jetpack_featured_media_url":"https:\/\/e-cristians.cat\/wp-content\/uploads\/2020\/10\/ley-aborto-irene-montero.jpg","_links":{"self":[{"href":"https:\/\/e-cristians.cat\/es\/wp-json\/wp\/v2\/posts\/1621"}],"collection":[{"href":"https:\/\/e-cristians.cat\/es\/wp-json\/wp\/v2\/posts"}],"about":[{"href":"https:\/\/e-cristians.cat\/es\/wp-json\/wp\/v2\/types\/post"}],"author":[{"embeddable":true,"href":"https:\/\/e-cristians.cat\/es\/wp-json\/wp\/v2\/users\/2"}],"replies":[{"embeddable":true,"href":"https:\/\/e-cristians.cat\/es\/wp-json\/wp\/v2\/comments?post=1621"}],"version-history":[{"count":4,"href":"https:\/\/e-cristians.cat\/es\/wp-json\/wp\/v2\/posts\/1621\/revisions"}],"predecessor-version":[{"id":1636,"href":"https:\/\/e-cristians.cat\/es\/wp-json\/wp\/v2\/posts\/1621\/revisions\/1636"}],"wp:featuredmedia":[{"embeddable":true,"href":"https:\/\/e-cristians.cat\/es\/wp-json\/wp\/v2\/media\/1615"}],"wp:attachment":[{"href":"https:\/\/e-cristians.cat\/es\/wp-json\/wp\/v2\/media?parent=1621"}],"wp:term":[{"taxonomy":"category","embeddable":true,"href":"https:\/\/e-cristians.cat\/es\/wp-json\/wp\/v2\/categories?post=1621"},{"taxonomy":"post_tag","embeddable":true,"href":"https:\/\/e-cristians.cat\/es\/wp-json\/wp\/v2\/tags?post=1621"}],"curies":[{"name":"wp","href":"https:\/\/api.w.org\/{rel}","templated":true}]}}