{"id":16227,"date":"2021-08-23T16:36:22","date_gmt":"2021-08-23T14:36:22","guid":{"rendered":"https:\/\/e-cristians.cat\/?p=16227"},"modified":"2021-09-02T16:39:04","modified_gmt":"2021-09-02T14:39:04","slug":"afganistan-la-quiebra-de-la-sociedad-desvinculada-1","status":"publish","type":"post","link":"https:\/\/e-cristians.cat\/es\/afganistan-la-quiebra-de-la-sociedad-desvinculada-1\/","title":{"rendered":"Afganist\u00e1n, la quiebra de la sociedad desvinculada (1)"},"content":{"rendered":"<p>De Josep Mir\u00f3 i Ard\u00e8vol<\/p>\n<p>El 6 de agosto de 2021 los titulares de los peri\u00f3dicos eran de este tenor: \u201clos talibanes entran en Kabul en su ofensiva rel\u00e1mpago\u201d \u201cEl presidente Ghani huye del pa\u00eds y el gobierno se tambalea\u201d \u201cLos paises occidentales aceleran los planes para sacar a todo su personal\u201d. Pocos d\u00edas antes el presidente Biden hab\u00eda asegurado una salida ordenada del pa\u00eds, mientras que sus servicios de inteligencia pronosticaban que\u00a0<strong>los talibanes tardar\u00edan tres meses en llegar a Kabul. <\/strong><a href=\"https:\/\/www.forumlibertas.com\/afganistan-la-quiebra-de-la-sociedad-desvinculada-1\/\" target=\"_blank\" rel=\"noopener\">Leer m\u00e1s.<\/a><\/p>\n","protected":false},"excerpt":{"rendered":"<p>De Josep Mir\u00f3 i Ard\u00e8vol El 6 de agosto de 2021 los titulares de los peri\u00f3dicos eran de este tenor: \u201clos talibanes entran en Kabul en su ofensiva rel\u00e1mpago\u201d \u201cEl presidente Ghani huye del pa\u00eds y el gobierno se tambalea\u201d \u201cLos paises occidentales aceleran los planes para sacar a todo su personal\u201d. Pocos d\u00edas antes&#8230;<\/p>\n","protected":false},"author":2,"featured_media":16229,"comment_status":"closed","ping_status":"closed","sticky":false,"template":"","format":"standard","meta":{"_jetpack_memberships_contains_paid_content":false,"footnotes":""},"categories":[34,39],"tags":[],"class_list":["post-16227","post","type-post","status-publish","format-standard","has-post-thumbnail","hentry","category-editorials-i-blogs-de-forumlibertas-es","category-portada_news-es"],"yoast_head":"<!-- This site is optimized with the Yoast SEO plugin v20.0 - https:\/\/yoast.com\/wordpress\/plugins\/seo\/ -->\n<title>Afganist\u00e1n, la quiebra de la sociedad desvinculada (1) - e-Cristians<\/title>\n<meta name=\"robots\" content=\"noindex, nofollow\" \/>\n<meta property=\"og:locale\" content=\"es_ES\" \/>\n<meta property=\"og:type\" content=\"article\" \/>\n<meta property=\"og:title\" content=\"Afganist\u00e1n, la quiebra de la sociedad desvinculada (1) - e-Cristians\" \/>\n<meta property=\"og:description\" content=\"De Josep Mir\u00f3 i Ard\u00e8vol El 6 de agosto de 2021 los titulares de los peri\u00f3dicos eran de este tenor: \u201clos talibanes entran en Kabul en su ofensiva rel\u00e1mpago\u201d \u201cEl presidente Ghani huye del pa\u00eds y el gobierno se tambalea\u201d \u201cLos paises occidentales aceleran los planes para sacar a todo su personal\u201d. Pocos d\u00edas antes...\" \/>\n<meta property=\"og:url\" content=\"https:\/\/e-cristians.cat\/es\/afganistan-la-quiebra-de-la-sociedad-desvinculada-1\/\" \/>\n<meta property=\"og:site_name\" content=\"e-Cristians\" \/>\n<meta property=\"article:published_time\" content=\"2021-08-23T14:36:22+00:00\" \/>\n<meta property=\"article:modified_time\" content=\"2021-09-02T14:39:04+00:00\" \/>\n<meta property=\"og:image\" content=\"https:\/\/e-cristians.cat\/wp-content\/uploads\/2021\/08\/talibanes-600x337-1.jpg\" \/>\n\t<meta property=\"og:image:width\" content=\"600\" \/>\n\t<meta property=\"og:image:height\" content=\"337\" \/>\n\t<meta property=\"og:image:type\" content=\"image\/jpeg\" \/>\n<meta name=\"author\" content=\"e-Cristians\" \/>\n<meta name=\"twitter:card\" content=\"summary_large_image\" \/>\n<meta name=\"twitter:label1\" content=\"Escrito por\" \/>\n\t<meta name=\"twitter:data1\" content=\"e-Cristians\" \/>\n\t<meta name=\"twitter:label2\" content=\"Tiempo de lectura\" \/>\n\t<meta name=\"twitter:data2\" content=\"1 minuto\" \/>\n<script type=\"application\/ld+json\" class=\"yoast-schema-graph\">{\"@context\":\"https:\/\/schema.org\",\"@graph\":[{\"@type\":\"WebPage\",\"@id\":\"https:\/\/e-cristians.cat\/es\/afganistan-la-quiebra-de-la-sociedad-desvinculada-1\/\",\"url\":\"https:\/\/e-cristians.cat\/es\/afganistan-la-quiebra-de-la-sociedad-desvinculada-1\/\",\"name\":\"Afganist\u00e1n, la quiebra de la sociedad desvinculada (1) - e-Cristians\",\"isPartOf\":{\"@id\":\"https:\/\/e-cristians.cat\/#website\"},\"datePublished\":\"2021-08-23T14:36:22+00:00\",\"dateModified\":\"2021-09-02T14:39:04+00:00\",\"author\":{\"@id\":\"https:\/\/e-cristians.cat\/#\/schema\/person\/f0ec475338e49aaef9c9dc9d9f162861\"},\"breadcrumb\":{\"@id\":\"https:\/\/e-cristians.cat\/es\/afganistan-la-quiebra-de-la-sociedad-desvinculada-1\/#breadcrumb\"},\"inLanguage\":\"es\",\"potentialAction\":[{\"@type\":\"ReadAction\",\"target\":[\"https:\/\/e-cristians.cat\/es\/afganistan-la-quiebra-de-la-sociedad-desvinculada-1\/\"]}]},{\"@type\":\"BreadcrumbList\",\"@id\":\"https:\/\/e-cristians.cat\/es\/afganistan-la-quiebra-de-la-sociedad-desvinculada-1\/#breadcrumb\",\"itemListElement\":[{\"@type\":\"ListItem\",\"position\":1,\"name\":\"Inici\",\"item\":\"https:\/\/e-cristians.cat\/es\/\"},{\"@type\":\"ListItem\",\"position\":2,\"name\":\"Afganist\u00e1n, la quiebra de la sociedad desvinculada (1)\"}]},{\"@type\":\"WebSite\",\"@id\":\"https:\/\/e-cristians.cat\/#website\",\"url\":\"https:\/\/e-cristians.cat\/\",\"name\":\"e-Cristians\",\"description\":\"\",\"potentialAction\":[{\"@type\":\"SearchAction\",\"target\":{\"@type\":\"EntryPoint\",\"urlTemplate\":\"https:\/\/e-cristians.cat\/?s={search_term_string}\"},\"query-input\":\"required name=search_term_string\"}],\"inLanguage\":\"es\"},{\"@type\":\"Person\",\"@id\":\"https:\/\/e-cristians.cat\/#\/schema\/person\/f0ec475338e49aaef9c9dc9d9f162861\",\"name\":\"e-Cristians\",\"image\":{\"@type\":\"ImageObject\",\"inLanguage\":\"es\",\"@id\":\"https:\/\/e-cristians.cat\/#\/schema\/person\/image\/\",\"url\":\"https:\/\/secure.gravatar.com\/avatar\/14bc9e5b0ca69070f1075ad3efcb33c4?s=96&d=mm&r=g\",\"contentUrl\":\"https:\/\/secure.gravatar.com\/avatar\/14bc9e5b0ca69070f1075ad3efcb33c4?s=96&d=mm&r=g\",\"caption\":\"e-Cristians\"}}]}<\/script>\n<!-- \/ Yoast SEO plugin. -->","yoast_head_json":{"title":"Afganist\u00e1n, la quiebra de la sociedad desvinculada (1) - e-Cristians","robots":{"index":"noindex","follow":"nofollow"},"og_locale":"es_ES","og_type":"article","og_title":"Afganist\u00e1n, la quiebra de la sociedad desvinculada (1) - e-Cristians","og_description":"De Josep Mir\u00f3 i Ard\u00e8vol El 6 de agosto de 2021 los titulares de los peri\u00f3dicos eran de este tenor: \u201clos talibanes entran en Kabul en su ofensiva rel\u00e1mpago\u201d \u201cEl presidente Ghani huye del pa\u00eds y el gobierno se tambalea\u201d \u201cLos paises occidentales aceleran los planes para sacar a todo su personal\u201d. Pocos d\u00edas antes...","og_url":"https:\/\/e-cristians.cat\/es\/afganistan-la-quiebra-de-la-sociedad-desvinculada-1\/","og_site_name":"e-Cristians","article_published_time":"2021-08-23T14:36:22+00:00","article_modified_time":"2021-09-02T14:39:04+00:00","og_image":[{"width":600,"height":337,"url":"https:\/\/e-cristians.cat\/wp-content\/uploads\/2021\/08\/talibanes-600x337-1.jpg","type":"image\/jpeg"}],"author":"e-Cristians","twitter_card":"summary_large_image","twitter_misc":{"Escrito por":"e-Cristians","Tiempo de lectura":"1 minuto"},"schema":{"@context":"https:\/\/schema.org","@graph":[{"@type":"WebPage","@id":"https:\/\/e-cristians.cat\/es\/afganistan-la-quiebra-de-la-sociedad-desvinculada-1\/","url":"https:\/\/e-cristians.cat\/es\/afganistan-la-quiebra-de-la-sociedad-desvinculada-1\/","name":"Afganist\u00e1n, la quiebra de la sociedad desvinculada (1) - e-Cristians","isPartOf":{"@id":"https:\/\/e-cristians.cat\/#website"},"datePublished":"2021-08-23T14:36:22+00:00","dateModified":"2021-09-02T14:39:04+00:00","author":{"@id":"https:\/\/e-cristians.cat\/#\/schema\/person\/f0ec475338e49aaef9c9dc9d9f162861"},"breadcrumb":{"@id":"https:\/\/e-cristians.cat\/es\/afganistan-la-quiebra-de-la-sociedad-desvinculada-1\/#breadcrumb"},"inLanguage":"es","potentialAction":[{"@type":"ReadAction","target":["https:\/\/e-cristians.cat\/es\/afganistan-la-quiebra-de-la-sociedad-desvinculada-1\/"]}]},{"@type":"BreadcrumbList","@id":"https:\/\/e-cristians.cat\/es\/afganistan-la-quiebra-de-la-sociedad-desvinculada-1\/#breadcrumb","itemListElement":[{"@type":"ListItem","position":1,"name":"Inici","item":"https:\/\/e-cristians.cat\/es\/"},{"@type":"ListItem","position":2,"name":"Afganist\u00e1n, la quiebra de la sociedad desvinculada (1)"}]},{"@type":"WebSite","@id":"https:\/\/e-cristians.cat\/#website","url":"https:\/\/e-cristians.cat\/","name":"e-Cristians","description":"","potentialAction":[{"@type":"SearchAction","target":{"@type":"EntryPoint","urlTemplate":"https:\/\/e-cristians.cat\/?s={search_term_string}"},"query-input":"required name=search_term_string"}],"inLanguage":"es"},{"@type":"Person","@id":"https:\/\/e-cristians.cat\/#\/schema\/person\/f0ec475338e49aaef9c9dc9d9f162861","name":"e-Cristians","image":{"@type":"ImageObject","inLanguage":"es","@id":"https:\/\/e-cristians.cat\/#\/schema\/person\/image\/","url":"https:\/\/secure.gravatar.com\/avatar\/14bc9e5b0ca69070f1075ad3efcb33c4?s=96&d=mm&r=g","contentUrl":"https:\/\/secure.gravatar.com\/avatar\/14bc9e5b0ca69070f1075ad3efcb33c4?s=96&d=mm&r=g","caption":"e-Cristians"}}]}},"jetpack_sharing_enabled":true,"jetpack_featured_media_url":"https:\/\/e-cristians.cat\/wp-content\/uploads\/2021\/08\/talibanes-600x337-1.jpg","_links":{"self":[{"href":"https:\/\/e-cristians.cat\/es\/wp-json\/wp\/v2\/posts\/16227"}],"collection":[{"href":"https:\/\/e-cristians.cat\/es\/wp-json\/wp\/v2\/posts"}],"about":[{"href":"https:\/\/e-cristians.cat\/es\/wp-json\/wp\/v2\/types\/post"}],"author":[{"embeddable":true,"href":"https:\/\/e-cristians.cat\/es\/wp-json\/wp\/v2\/users\/2"}],"replies":[{"embeddable":true,"href":"https:\/\/e-cristians.cat\/es\/wp-json\/wp\/v2\/comments?post=16227"}],"version-history":[{"count":1,"href":"https:\/\/e-cristians.cat\/es\/wp-json\/wp\/v2\/posts\/16227\/revisions"}],"predecessor-version":[{"id":16228,"href":"https:\/\/e-cristians.cat\/es\/wp-json\/wp\/v2\/posts\/16227\/revisions\/16228"}],"wp:featuredmedia":[{"embeddable":true,"href":"https:\/\/e-cristians.cat\/es\/wp-json\/wp\/v2\/media\/16229"}],"wp:attachment":[{"href":"https:\/\/e-cristians.cat\/es\/wp-json\/wp\/v2\/media?parent=16227"}],"wp:term":[{"taxonomy":"category","embeddable":true,"href":"https:\/\/e-cristians.cat\/es\/wp-json\/wp\/v2\/categories?post=16227"},{"taxonomy":"post_tag","embeddable":true,"href":"https:\/\/e-cristians.cat\/es\/wp-json\/wp\/v2\/tags?post=16227"}],"curies":[{"name":"wp","href":"https:\/\/api.w.org\/{rel}","templated":true}]}}