{"id":168079,"date":"2023-10-20T11:41:13","date_gmt":"2023-10-20T09:41:13","guid":{"rendered":"https:\/\/e-cristians.cat\/?p=168079"},"modified":"2023-10-23T11:42:54","modified_gmt":"2023-10-23T09:42:54","slug":"la-vigencia-de-la-enciclica-veritatis-splendor-i","status":"publish","type":"post","link":"https:\/\/e-cristians.cat\/es\/la-vigencia-de-la-enciclica-veritatis-splendor-i\/","title":{"rendered":"La vigencia de la enc\u00edclica \u2018Veritatis Splendor\u2019 (I)"},"content":{"rendered":"<p><em>ForumLibertas.com<\/em><\/p>\n<p>Los debates en el s\u00ednodo, y sobre todo los que empujan los grupos de presi\u00f3n trasladados a Roma, y las ganas de un cierto sector de los medios de comunicaci\u00f3n, incluidos algunos medios cat\u00f3licos, de rendir las ense\u00f1anzas de la Iglesia al mandato del \u201cMundo\u201d (trad\u00fazcase por cultura dominante en Occidente), la utilizaci\u00f3n de un lenguaje extra\u00f1o a la antropolog\u00eda cristiana en el Instrumento de Trabajo sinodal, caso de la expresi\u00f3n LGBTQ, lo que indica que aparecer\u00e1 en la s\u00edntesis de lo debatido -que no en lo aprobado- y en su trasfondo la voluntad de modificar las ense\u00f1anzas de la enc\u00edclica \u2018Veritatis Splendor\u2019, hacen que sea m\u00e1s oportuno que nunca, multiplicar desde ahora y en el transcurso de los pr\u00f3ximos meses su ense\u00f1anza. <a href=\"https:\/\/www.forumlibertas.com\/la-vigencia-de-la-enciclica-veritatis-splendor-i\/\" target=\"_blank\" rel=\"noopener\">Leer m\u00e1s.<\/a><\/p>\n","protected":false},"excerpt":{"rendered":"<p>ForumLibertas.com Los debates en el s\u00ednodo, y sobre todo los que empujan los grupos de presi\u00f3n trasladados a Roma, y las ganas de un cierto sector de los medios de comunicaci\u00f3n, incluidos algunos medios cat\u00f3licos, de rendir las ense\u00f1anzas de la Iglesia al mandato del \u201cMundo\u201d (trad\u00fazcase por cultura dominante en Occidente), la utilizaci\u00f3n de&#8230;<\/p>\n","protected":false},"author":2,"featured_media":168077,"comment_status":"closed","ping_status":"closed","sticky":false,"template":"","format":"standard","meta":{"_jetpack_memberships_contains_paid_content":false,"footnotes":""},"categories":[34,39],"tags":[],"class_list":["post-168079","post","type-post","status-publish","format-standard","has-post-thumbnail","hentry","category-editorials-i-blogs-de-forumlibertas-es","category-portada_news-es"],"yoast_head":"<!-- This site is optimized with the Yoast SEO plugin v20.0 - https:\/\/yoast.com\/wordpress\/plugins\/seo\/ -->\n<title>La vigencia de la enc\u00edclica \u2018Veritatis Splendor\u2019 (I) - e-Cristians<\/title>\n<meta name=\"robots\" content=\"noindex, nofollow\" \/>\n<meta property=\"og:locale\" content=\"es_ES\" \/>\n<meta property=\"og:type\" content=\"article\" \/>\n<meta property=\"og:title\" content=\"La vigencia de la enc\u00edclica \u2018Veritatis Splendor\u2019 (I) - e-Cristians\" \/>\n<meta property=\"og:description\" content=\"ForumLibertas.com Los debates en el s\u00ednodo, y sobre todo los que empujan los grupos de presi\u00f3n trasladados a Roma, y las ganas de un cierto sector de los medios de comunicaci\u00f3n, incluidos algunos medios cat\u00f3licos, de rendir las ense\u00f1anzas de la Iglesia al mandato del \u201cMundo\u201d (trad\u00fazcase por cultura dominante en Occidente), la utilizaci\u00f3n de...\" \/>\n<meta property=\"og:url\" content=\"https:\/\/e-cristians.cat\/es\/la-vigencia-de-la-enciclica-veritatis-splendor-i\/\" \/>\n<meta property=\"og:site_name\" content=\"e-Cristians\" \/>\n<meta property=\"article:published_time\" content=\"2023-10-20T09:41:13+00:00\" \/>\n<meta property=\"article:modified_time\" content=\"2023-10-23T09:42:54+00:00\" \/>\n<meta property=\"og:image\" content=\"https:\/\/e-cristians.cat\/wp-content\/uploads\/2023\/10\/veritatis-splendor.jpg\" \/>\n\t<meta property=\"og:image:width\" content=\"760\" \/>\n\t<meta property=\"og:image:height\" content=\"380\" \/>\n\t<meta property=\"og:image:type\" content=\"image\/jpeg\" \/>\n<meta name=\"author\" content=\"e-Cristians\" \/>\n<meta name=\"twitter:card\" content=\"summary_large_image\" \/>\n<meta name=\"twitter:label1\" content=\"Escrito por\" \/>\n\t<meta name=\"twitter:data1\" content=\"e-Cristians\" \/>\n\t<meta name=\"twitter:label2\" content=\"Tiempo de lectura\" \/>\n\t<meta name=\"twitter:data2\" content=\"1 minuto\" \/>\n<script type=\"application\/ld+json\" class=\"yoast-schema-graph\">{\"@context\":\"https:\/\/schema.org\",\"@graph\":[{\"@type\":\"WebPage\",\"@id\":\"https:\/\/e-cristians.cat\/es\/la-vigencia-de-la-enciclica-veritatis-splendor-i\/\",\"url\":\"https:\/\/e-cristians.cat\/es\/la-vigencia-de-la-enciclica-veritatis-splendor-i\/\",\"name\":\"La vigencia de la enc\u00edclica \u2018Veritatis Splendor\u2019 (I) - e-Cristians\",\"isPartOf\":{\"@id\":\"https:\/\/e-cristians.cat\/#website\"},\"datePublished\":\"2023-10-20T09:41:13+00:00\",\"dateModified\":\"2023-10-23T09:42:54+00:00\",\"author\":{\"@id\":\"https:\/\/e-cristians.cat\/#\/schema\/person\/f0ec475338e49aaef9c9dc9d9f162861\"},\"breadcrumb\":{\"@id\":\"https:\/\/e-cristians.cat\/es\/la-vigencia-de-la-enciclica-veritatis-splendor-i\/#breadcrumb\"},\"inLanguage\":\"es\",\"potentialAction\":[{\"@type\":\"ReadAction\",\"target\":[\"https:\/\/e-cristians.cat\/es\/la-vigencia-de-la-enciclica-veritatis-splendor-i\/\"]}]},{\"@type\":\"BreadcrumbList\",\"@id\":\"https:\/\/e-cristians.cat\/es\/la-vigencia-de-la-enciclica-veritatis-splendor-i\/#breadcrumb\",\"itemListElement\":[{\"@type\":\"ListItem\",\"position\":1,\"name\":\"Inici\",\"item\":\"https:\/\/e-cristians.cat\/es\/\"},{\"@type\":\"ListItem\",\"position\":2,\"name\":\"La vigencia de la enc\u00edclica \u2018Veritatis Splendor\u2019 (I)\"}]},{\"@type\":\"WebSite\",\"@id\":\"https:\/\/e-cristians.cat\/#website\",\"url\":\"https:\/\/e-cristians.cat\/\",\"name\":\"e-Cristians\",\"description\":\"\",\"potentialAction\":[{\"@type\":\"SearchAction\",\"target\":{\"@type\":\"EntryPoint\",\"urlTemplate\":\"https:\/\/e-cristians.cat\/?s={search_term_string}\"},\"query-input\":\"required name=search_term_string\"}],\"inLanguage\":\"es\"},{\"@type\":\"Person\",\"@id\":\"https:\/\/e-cristians.cat\/#\/schema\/person\/f0ec475338e49aaef9c9dc9d9f162861\",\"name\":\"e-Cristians\",\"image\":{\"@type\":\"ImageObject\",\"inLanguage\":\"es\",\"@id\":\"https:\/\/e-cristians.cat\/#\/schema\/person\/image\/\",\"url\":\"https:\/\/secure.gravatar.com\/avatar\/14bc9e5b0ca69070f1075ad3efcb33c4?s=96&d=mm&r=g\",\"contentUrl\":\"https:\/\/secure.gravatar.com\/avatar\/14bc9e5b0ca69070f1075ad3efcb33c4?s=96&d=mm&r=g\",\"caption\":\"e-Cristians\"}}]}<\/script>\n<!-- \/ Yoast SEO plugin. -->","yoast_head_json":{"title":"La vigencia de la enc\u00edclica \u2018Veritatis Splendor\u2019 (I) - e-Cristians","robots":{"index":"noindex","follow":"nofollow"},"og_locale":"es_ES","og_type":"article","og_title":"La vigencia de la enc\u00edclica \u2018Veritatis Splendor\u2019 (I) - e-Cristians","og_description":"ForumLibertas.com Los debates en el s\u00ednodo, y sobre todo los que empujan los grupos de presi\u00f3n trasladados a Roma, y las ganas de un cierto sector de los medios de comunicaci\u00f3n, incluidos algunos medios cat\u00f3licos, de rendir las ense\u00f1anzas de la Iglesia al mandato del \u201cMundo\u201d (trad\u00fazcase por cultura dominante en Occidente), la utilizaci\u00f3n de...","og_url":"https:\/\/e-cristians.cat\/es\/la-vigencia-de-la-enciclica-veritatis-splendor-i\/","og_site_name":"e-Cristians","article_published_time":"2023-10-20T09:41:13+00:00","article_modified_time":"2023-10-23T09:42:54+00:00","og_image":[{"width":760,"height":380,"url":"https:\/\/e-cristians.cat\/wp-content\/uploads\/2023\/10\/veritatis-splendor.jpg","type":"image\/jpeg"}],"author":"e-Cristians","twitter_card":"summary_large_image","twitter_misc":{"Escrito por":"e-Cristians","Tiempo de lectura":"1 minuto"},"schema":{"@context":"https:\/\/schema.org","@graph":[{"@type":"WebPage","@id":"https:\/\/e-cristians.cat\/es\/la-vigencia-de-la-enciclica-veritatis-splendor-i\/","url":"https:\/\/e-cristians.cat\/es\/la-vigencia-de-la-enciclica-veritatis-splendor-i\/","name":"La vigencia de la enc\u00edclica \u2018Veritatis Splendor\u2019 (I) - e-Cristians","isPartOf":{"@id":"https:\/\/e-cristians.cat\/#website"},"datePublished":"2023-10-20T09:41:13+00:00","dateModified":"2023-10-23T09:42:54+00:00","author":{"@id":"https:\/\/e-cristians.cat\/#\/schema\/person\/f0ec475338e49aaef9c9dc9d9f162861"},"breadcrumb":{"@id":"https:\/\/e-cristians.cat\/es\/la-vigencia-de-la-enciclica-veritatis-splendor-i\/#breadcrumb"},"inLanguage":"es","potentialAction":[{"@type":"ReadAction","target":["https:\/\/e-cristians.cat\/es\/la-vigencia-de-la-enciclica-veritatis-splendor-i\/"]}]},{"@type":"BreadcrumbList","@id":"https:\/\/e-cristians.cat\/es\/la-vigencia-de-la-enciclica-veritatis-splendor-i\/#breadcrumb","itemListElement":[{"@type":"ListItem","position":1,"name":"Inici","item":"https:\/\/e-cristians.cat\/es\/"},{"@type":"ListItem","position":2,"name":"La vigencia de la enc\u00edclica \u2018Veritatis Splendor\u2019 (I)"}]},{"@type":"WebSite","@id":"https:\/\/e-cristians.cat\/#website","url":"https:\/\/e-cristians.cat\/","name":"e-Cristians","description":"","potentialAction":[{"@type":"SearchAction","target":{"@type":"EntryPoint","urlTemplate":"https:\/\/e-cristians.cat\/?s={search_term_string}"},"query-input":"required name=search_term_string"}],"inLanguage":"es"},{"@type":"Person","@id":"https:\/\/e-cristians.cat\/#\/schema\/person\/f0ec475338e49aaef9c9dc9d9f162861","name":"e-Cristians","image":{"@type":"ImageObject","inLanguage":"es","@id":"https:\/\/e-cristians.cat\/#\/schema\/person\/image\/","url":"https:\/\/secure.gravatar.com\/avatar\/14bc9e5b0ca69070f1075ad3efcb33c4?s=96&d=mm&r=g","contentUrl":"https:\/\/secure.gravatar.com\/avatar\/14bc9e5b0ca69070f1075ad3efcb33c4?s=96&d=mm&r=g","caption":"e-Cristians"}}]}},"jetpack_sharing_enabled":true,"jetpack_featured_media_url":"https:\/\/e-cristians.cat\/wp-content\/uploads\/2023\/10\/veritatis-splendor.jpg","_links":{"self":[{"href":"https:\/\/e-cristians.cat\/es\/wp-json\/wp\/v2\/posts\/168079"}],"collection":[{"href":"https:\/\/e-cristians.cat\/es\/wp-json\/wp\/v2\/posts"}],"about":[{"href":"https:\/\/e-cristians.cat\/es\/wp-json\/wp\/v2\/types\/post"}],"author":[{"embeddable":true,"href":"https:\/\/e-cristians.cat\/es\/wp-json\/wp\/v2\/users\/2"}],"replies":[{"embeddable":true,"href":"https:\/\/e-cristians.cat\/es\/wp-json\/wp\/v2\/comments?post=168079"}],"version-history":[{"count":1,"href":"https:\/\/e-cristians.cat\/es\/wp-json\/wp\/v2\/posts\/168079\/revisions"}],"predecessor-version":[{"id":168080,"href":"https:\/\/e-cristians.cat\/es\/wp-json\/wp\/v2\/posts\/168079\/revisions\/168080"}],"wp:featuredmedia":[{"embeddable":true,"href":"https:\/\/e-cristians.cat\/es\/wp-json\/wp\/v2\/media\/168077"}],"wp:attachment":[{"href":"https:\/\/e-cristians.cat\/es\/wp-json\/wp\/v2\/media?parent=168079"}],"wp:term":[{"taxonomy":"category","embeddable":true,"href":"https:\/\/e-cristians.cat\/es\/wp-json\/wp\/v2\/categories?post=168079"},{"taxonomy":"post_tag","embeddable":true,"href":"https:\/\/e-cristians.cat\/es\/wp-json\/wp\/v2\/tags?post=168079"}],"curies":[{"name":"wp","href":"https:\/\/api.w.org\/{rel}","templated":true}]}}