{"id":1752,"date":"2020-10-27T16:09:18","date_gmt":"2020-10-27T15:09:18","guid":{"rendered":"https:\/\/e-cristians.cat\/?p=1752"},"modified":"2020-11-19T13:31:45","modified_gmt":"2020-11-19T12:31:45","slug":"repercusion-de-la-carta-al-papa-de-100-personalidades-del-ambito-catolico","status":"publish","type":"post","link":"https:\/\/e-cristians.cat\/es\/repercusion-de-la-carta-al-papa-de-100-personalidades-del-ambito-catolico\/","title":{"rendered":"Repercusi\u00f3n en los medios de la carta al Papa de 100 personalidades del \u00e1mbito cat\u00f3lico"},"content":{"rendered":"<p><a href=\"https:\/\/e-cristians.cat\/wp-content\/uploads\/2020\/10\/Carta-Santo-Padre.pdf\" target=\"_blank\" rel=\"noopener noreferrer\"><strong>Leer carta 100 personalidades al Santo Padre<\/strong><\/a><\/p>\n<h3><strong>Informaci\u00f3n aparecida antes de la reuni\u00f3n del presidente S\u00e1nchez y el papa Francisco:<\/strong><\/h3>\n<ul>\n<li><strong>El Mundo: <\/strong><a href=\"https:\/\/www.elmundo.es\/espana\/2020\/10\/23\/5f92ae4221efa033538b457e.html\">https:\/\/www.elmundo.es\/espana\/2020\/10\/23\/5f92ae4221efa033538b457e.html<\/a><\/li>\n<li><strong>ABC: <\/strong><a href=\"https:\/\/www.abc.es\/sociedad\/abci-centenar-personalidades-espanolas-avisan-papa-leyes-divisivas-sanchez-202010231400_noticia.html#vca=amp-rrss-inducido&amp;vmc=abc-es&amp;vso=wh&amp;vli=noticia.foto\">https:\/\/www.abc.es\/sociedad\/abci-centenar-personalidades-espanolas-avisan-papa-leyes-divisivas-sanchez-202010231400_noticia.html#vca=amp-rrss-inducido&amp;vmc=abc-es&amp;vso=wh&amp;vli=noticia.foto<\/a><\/li>\n<li><strong>La Vanguardia: <\/strong><a href=\"https:\/\/www.lavanguardia.com\/vida\/20201023\/484236782431\/catolicos-escriben-al-papa-para-advertirle-sobre-las-politicas-de-sanchez.html\">https:\/\/www.lavanguardia.com\/vida\/20201023\/484236782431\/catolicos-escriben-al-papa-para-advertirle-sobre-las-politicas-de-sanchez.html<\/a><\/li>\n<li><strong>Cope: <\/strong><a href=\"https:\/\/www.cope.es\/religion\/hoy-en-dia\/noticias\/personalidades-del-mundo-catolico-transmiten-papa-preocupacion-por-las-politicas-sanchez-20201023_959615\">https:\/\/www.cope.es\/religion\/hoy-en-dia\/noticias\/personalidades-del-mundo-catolico-transmiten-papa-preocupacion-por-las-politicas-sanchez-20201023_959615<\/a><\/li>\n<li><strong>El Espa\u00f1ol: <\/strong><a href=\"https:\/\/www.elespanol.com\/espana\/politica\/20201024\/aborto-eutanasia-concertada-sanchez-esquivara-visita-papa\/530448393_0.html\">https:\/\/www.elespanol.com\/espana\/politica\/20201024\/aborto-eutanasia-concertada-sanchez-esquivara-visita-papa\/530448393_0.html<\/a><\/li>\n<li><strong>Religi\u00f3n en Libertad: <\/strong><a href=\"https:\/\/www.religionenlibertad.com\/espana\/898234937\/Carta-al-Papa-Pedro-Sanchez-politica-anticatolica.html\">https:\/\/www.religionenlibertad.com\/espana\/898234937\/Carta-al-Papa-Pedro-Sanchez-politica-anticatolica.html<\/a><\/li>\n<li><strong>Aciprensa: <\/strong><a href=\"https:\/\/www.aciprensa.com\/noticias\/100-personalidades-piden-esto-al-papa-francisco-ante-encuentro-con-pedro-sanchez-26884\">https:\/\/www.aciprensa.com\/noticias\/100-personalidades-piden-esto-al-papa-francisco-ante-encuentro-con-pedro-sanchez-26884<\/a><\/li>\n<li><strong>El Confidencial Digital: <\/strong><a href=\"https:\/\/religion.elconfidencialdigital.com\/articulo\/vaticano\/intelectuales-catolicos-piden-papa-informe-contenido-reunion-pedro-sanchez\/20201023130319040266.html\">https:\/\/religion.elconfidencialdigital.com\/articulo\/vaticano\/intelectuales-catolicos-piden-papa-informe-contenido-reunion-pedro-sanchez\/20201023130319040266.html<\/a><\/li>\n<li><strong>El Independiente: <\/strong><a href=\"https:\/\/www.elindependiente.com\/espana\/2020\/10\/24\/sanchez-a-por-la-foto-con-el-papa-tras-los-piropos-en-el-congreso\/\">https:\/\/www.elindependiente.com\/espana\/2020\/10\/24\/sanchez-a-por-la-foto-con-el-papa-tras-los-piropos-en-el-congreso\/<\/a><\/li>\n<li><strong>Forum Libertas: <\/strong><a href=\"https:\/\/www.forumlibertas.com\/carta-al-papa-francisco-pedro-sanchez\/\">https:\/\/www.forumlibertas.com\/carta-al-papa-francisco-pedro-sanchez\/<\/a><\/li>\n<li><strong>El Diestro: <\/strong><a href=\"https:\/\/www.eldiestro.es\/2020\/10\/ante-la-proxima-visita-de-pedro-sanchez-100-personalidades-del-mundo-catolico-advierten-al-papa-francisco-sobre-las-verdaderas-intenciones-del-presidente-carta-completa-y-firmantes\/\">https:\/\/www.eldiestro.es\/2020\/10\/ante-la-proxima-visita-de-pedro-sanchez-100-personalidades-del-mundo-catolico-advierten-al-papa-francisco-sobre-las-verdaderas-intenciones-del-presidente-carta-completa-y-firmantes\/<\/a><\/li>\n<li><strong>El Diario: <\/strong><a href=\"https:\/\/www.eldiario.es\/politica\/catolicos-escriben-al-papa-para-advertirle-sobre-las-politicas-de-sanchez_1_6316810.html\">https:\/\/www.eldiario.es\/politica\/catolicos-escriben-al-papa-para-advertirle-sobre-las-politicas-de-sanchez_1_6316810.html<\/a><\/li>\n<li><strong>Europa Press<\/strong>:\u00a0<a href=\"https:\/\/www.europapress.es\/sociedad\/noticia-cien-personalidades-catolicas-trasladan-papa-preocupacion-politicas-sanchez-visita-vaticano-20201023132617.html\">https:\/\/www.europapress.es\/sociedad\/noticia-cien-personalidades-catolicas-trasladan-papa-preocupacion-politicas-sanchez-visita-vaticano-20201023132617.html<\/a><\/li>\n<li><strong>Clar\u00edn: <\/strong><a href=\"https:\/\/www.clarin.com\/agencias\/dpa-cien-personalidades-catolicas-trasladan-papa-preocupacion-politicas-sanchez-visita-vaticano_0_VMYhY_Swx.html\">https:\/\/www.clarin.com\/agencias\/dpa-cien-personalidades-catolicas-trasladan-papa-preocupacion-politicas-sanchez-visita-vaticano_0_VMYhY_Swx.html<\/a><\/li>\n<\/ul>\n<h3><strong>Informaci\u00f3n aparecida despu\u00e9s de la reuni\u00f3n entre ambos:<\/strong><\/h3>\n<ul>\n<li><strong>El Peri\u00f3dico: <\/strong><a href=\"https:\/\/www.elperiodico.com\/es\/politica\/20201024\/sanchez-papa-francisco-muestran-sintonia-solidaridad-inmigracion-cambio-climatico-reunion-vaticano-8172009\">https:\/\/www.elperiodico.com\/es\/politica\/20201024\/sanchez-papa-francisco-muestran-sintonia-solidaridad-inmigracion-cambio-climatico-reunion-vaticano-8172009<\/a><\/li>\n<li><strong>ABC: <\/strong><a href=\"https:\/\/www.abc.es\/sociedad\/abci-papa-recibe-pedro-sanchez-datos-recientes-sobre-desacuerdos-espana-202010240132_noticia.html\">https:\/\/www.abc.es\/sociedad\/abci-papa-recibe-pedro-sanchez-datos-recientes-sobre-desacuerdos-espana-202010240132_noticia.html<\/a><\/li>\n<li><strong>Noticias RTVE: <\/strong><a href=\"https:\/\/www.rtve.es\/noticias\/20201024\/papa-recibe-sanchez-vaticano\/2048516.shtml\">https:\/\/www.rtve.es\/noticias\/20201024\/papa-recibe-sanchez-vaticano\/2048516.shtml<\/a><\/li>\n<li><strong>El Mundo: <\/strong><a href=\"https:\/\/www.elmundo.es\/espana\/2020\/10\/24\/5f93d8f3fc6c83ea438b4663.html\">https:\/\/www.elmundo.es\/espana\/2020\/10\/24\/5f93d8f3fc6c83ea438b4663.html<\/a><\/li>\n<li><strong>El Espa\u00f1ol: <\/strong><a href=\"https:\/\/www.elespanol.com\/espana\/20201024\/primer-encuentro-sanchez-papa-vaticano-ensalza-sintonia\/530697202_0.html\">https:\/\/www.elespanol.com\/espana\/20201024\/primer-encuentro-sanchez-papa-vaticano-ensalza-sintonia\/530697202_0.html<\/a><\/li>\n<li><strong>La Vanguardia: <\/strong><a href=\"https:\/\/www.lavanguardia.com\/politica\/20201025\/484286859567\/sanchez-papa-tension-ideologica-advertencia-francisco-vaticano.html\">https:\/\/www.lavanguardia.com\/politica\/20201025\/484286859567\/sanchez-papa-tension-ideologica-advertencia-francisco-vaticano.html<\/a><\/li>\n<li><strong>Periodista Digital: <\/strong><a href=\"https:\/\/www.periodistadigital.com\/cultura\/religion\/vaticano\/20201024\/contundente-mensaje-papa-pedro-sanchez-triste-ideologias-apoderan-nacion-noticia-689404385338\/\">https:\/\/www.periodistadigital.com\/cultura\/religion\/vaticano\/20201024\/contundente-mensaje-papa-pedro-sanchez-triste-ideologias-apoderan-nacion-noticia-689404385338\/<\/a><\/li>\n<li><strong>Es Diario: <\/strong><a href=\"https:\/\/www.esdiario.com\/298672782\/El-regalo-con-mensaje-con-el-que-ha-despedido-el-Papa-a-Pedro-Sanchez.html\">https:\/\/www.esdiario.com\/298672782\/El-regalo-con-mensaje-con-el-que-ha-despedido-el-Papa-a-Pedro-Sanchez.html<\/a><\/li>\n<li><strong>Voz Populi: <\/strong><a href=\"https:\/\/www.vozpopuli.com\/espana\/papa-sanchez-ideologias-vaticano_0_1403859873.html\">https:\/\/www.vozpopuli.com\/espana\/papa-sanchez-ideologias-vaticano_0_1403859873.html<\/a><\/li>\n<li><strong>Europa Press: <\/strong><a href=\"https:\/\/www.europapress.es\/sociedad\/noticia-papa-advierte-sanchez-peligro-ideologias-afirma-politica-no-ligada-maniobras-20201024131243.html\">https:\/\/www.europapress.es\/sociedad\/noticia-papa-advierte-sanchez-peligro-ideologias-afirma-politica-no-ligada-maniobras-20201024131243.html<\/a><\/li>\n<li><strong>InfoBae: <\/strong><a href=\"https:\/\/www.infobae.com\/america\/mundo\/2020\/10\/24\/pedro-sanchez-y-el-papa-francisco-se-reunieron-en-el-vaticano\/\">https:\/\/www.infobae.com\/america\/mundo\/2020\/10\/24\/pedro-sanchez-y-el-papa-francisco-se-reunieron-en-el-vaticano\/<\/a><\/li>\n<li><strong>El Confidencial: <\/strong><a href=\"https:\/\/www.elconfidencial.com\/espana\/2020-10-24\/patria-sanchez-papa-francisco-vaticano-patria_2804459\/\">https:\/\/www.elconfidencial.com\/espana\/2020-10-24\/patria-sanchez-papa-francisco-vaticano-patria_2804459\/<\/a><\/li>\n<li><strong>El Diario: <\/strong><a href=\"https:\/\/www.eldiario.es\/sociedad\/reunion-pedro-sanchez-papa-media-hora-cordialidad-complicidad_1_6318287.html\">https:\/\/www.eldiario.es\/sociedad\/reunion-pedro-sanchez-papa-media-hora-cordialidad-complicidad_1_6318287.html<\/a><\/li>\n<li><strong>Heraldo: <\/strong><a href=\"https:\/\/www.heraldo.es\/noticias\/nacional\/2020\/10\/24\/sanchez-viaja-al-vaticano-con-una-invitacion-para-el-papa-y-espera-encontrar-sintonia-ante-los-grandes-desafios-1401755.html\">https:\/\/www.heraldo.es\/noticias\/nacional\/2020\/10\/24\/sanchez-viaja-al-vaticano-con-una-invitacion-para-el-papa-y-espera-encontrar-sintonia-ante-los-grandes-desafios-1401755.html<\/a><\/li>\n<li><strong>Aciprensa: <\/strong><a href=\"https:\/\/www.aciprensa.com\/noticias\/las-ideologias-sectarizan-y-deconstruyen-la-patria-dice-el-papa-al-presidente-de-espana-88245\">https:\/\/www.aciprensa.com\/noticias\/las-ideologias-sectarizan-y-deconstruyen-la-patria-dice-el-papa-al-presidente-de-espana-88245<\/a><\/li>\n<li><strong>Clar\u00edn: <\/strong><a href=\"https:\/\/www.clarin.com\/mundo\/papa-recibio-pedro-sanchez-pidio-construya-patria-espana_0_eK_Cjrw_l.html\">https:\/\/www.clarin.com\/mundo\/papa-recibio-pedro-sanchez-pidio-construya-patria-espana_0_eK_Cjrw_l.html<\/a><\/li>\n<\/ul>\n","protected":false},"excerpt":{"rendered":"<p>Leer carta 100 personalidades al Santo Padre Informaci\u00f3n aparecida antes de la reuni\u00f3n del presidente S\u00e1nchez y el papa Francisco: El Mundo: https:\/\/www.elmundo.es\/espana\/2020\/10\/23\/5f92ae4221efa033538b457e.html ABC: https:\/\/www.abc.es\/sociedad\/abci-centenar-personalidades-espanolas-avisan-papa-leyes-divisivas-sanchez-202010231400_noticia.html#vca=amp-rrss-inducido&amp;vmc=abc-es&amp;vso=wh&amp;vli=noticia.foto La Vanguardia: https:\/\/www.lavanguardia.com\/vida\/20201023\/484236782431\/catolicos-escriben-al-papa-para-advertirle-sobre-las-politicas-de-sanchez.html Cope: https:\/\/www.cope.es\/religion\/hoy-en-dia\/noticias\/personalidades-del-mundo-catolico-transmiten-papa-preocupacion-por-las-politicas-sanchez-20201023_959615 El Espa\u00f1ol: https:\/\/www.elespanol.com\/espana\/politica\/20201024\/aborto-eutanasia-concertada-sanchez-esquivara-visita-papa\/530448393_0.html Religi\u00f3n en Libertad: https:\/\/www.religionenlibertad.com\/espana\/898234937\/Carta-al-Papa-Pedro-Sanchez-politica-anticatolica.html Aciprensa: https:\/\/www.aciprensa.com\/noticias\/100-personalidades-piden-esto-al-papa-francisco-ante-encuentro-con-pedro-sanchez-26884 El Confidencial Digital: https:\/\/religion.elconfidencialdigital.com\/articulo\/vaticano\/intelectuales-catolicos-piden-papa-informe-contenido-reunion-pedro-sanchez\/20201023130319040266.html El Independiente: https:\/\/www.elindependiente.com\/espana\/2020\/10\/24\/sanchez-a-por-la-foto-con-el-papa-tras-los-piropos-en-el-congreso\/ Forum Libertas: https:\/\/www.forumlibertas.com\/carta-al-papa-francisco-pedro-sanchez\/ El Diestro: https:\/\/www.eldiestro.es\/2020\/10\/ante-la-proxima-visita-de-pedro-sanchez-100-personalidades-del-mundo-catolico-advierten-al-papa-francisco-sobre-las-verdaderas-intenciones-del-presidente-carta-completa-y-firmantes\/ El Diario: https:\/\/www.eldiario.es\/politica\/catolicos-escriben-al-papa-para-advertirle-sobre-las-politicas-de-sanchez_1_6316810.html&#8230;<\/p>\n","protected":false},"author":2,"featured_media":1753,"comment_status":"closed","ping_status":"closed","sticky":false,"template":"","format":"standard","meta":{"_jetpack_memberships_contains_paid_content":false,"footnotes":""},"categories":[33],"tags":[],"class_list":["post-1752","post","type-post","status-publish","format-standard","has-post-thumbnail","hentry","category-altres-entitats-informacions-agenda-i-documents-es"],"yoast_head":"<!-- This site is optimized with the Yoast SEO plugin v20.0 - https:\/\/yoast.com\/wordpress\/plugins\/seo\/ -->\n<title>Repercusi\u00f3n en los medios de la carta al Papa de 100 personalidades del \u00e1mbito cat\u00f3lico - e-Cristians<\/title>\n<meta name=\"robots\" content=\"index, follow, max-snippet:-1, max-image-preview:large, max-video-preview:-1\" \/>\n<link rel=\"canonical\" href=\"https:\/\/e-cristians.cat\/es\/repercusion-de-la-carta-al-papa-de-100-personalidades-del-ambito-catolico\/\" \/>\n<meta property=\"og:locale\" content=\"es_ES\" \/>\n<meta property=\"og:type\" content=\"article\" \/>\n<meta property=\"og:title\" content=\"Repercusi\u00f3n en los medios de la carta al Papa de 100 personalidades del \u00e1mbito cat\u00f3lico - e-Cristians\" \/>\n<meta property=\"og:description\" content=\"Leer carta 100 personalidades al Santo Padre Informaci\u00f3n aparecida antes de la reuni\u00f3n del presidente S\u00e1nchez y el papa Francisco: El Mundo: https:\/\/www.elmundo.es\/espana\/2020\/10\/23\/5f92ae4221efa033538b457e.html ABC: https:\/\/www.abc.es\/sociedad\/abci-centenar-personalidades-espanolas-avisan-papa-leyes-divisivas-sanchez-202010231400_noticia.html#vca=amp-rrss-inducido&amp;vmc=abc-es&amp;vso=wh&amp;vli=noticia.foto La Vanguardia: https:\/\/www.lavanguardia.com\/vida\/20201023\/484236782431\/catolicos-escriben-al-papa-para-advertirle-sobre-las-politicas-de-sanchez.html Cope: https:\/\/www.cope.es\/religion\/hoy-en-dia\/noticias\/personalidades-del-mundo-catolico-transmiten-papa-preocupacion-por-las-politicas-sanchez-20201023_959615 El Espa\u00f1ol: https:\/\/www.elespanol.com\/espana\/politica\/20201024\/aborto-eutanasia-concertada-sanchez-esquivara-visita-papa\/530448393_0.html Religi\u00f3n en Libertad: https:\/\/www.religionenlibertad.com\/espana\/898234937\/Carta-al-Papa-Pedro-Sanchez-politica-anticatolica.html Aciprensa: https:\/\/www.aciprensa.com\/noticias\/100-personalidades-piden-esto-al-papa-francisco-ante-encuentro-con-pedro-sanchez-26884 El Confidencial Digital: https:\/\/religion.elconfidencialdigital.com\/articulo\/vaticano\/intelectuales-catolicos-piden-papa-informe-contenido-reunion-pedro-sanchez\/20201023130319040266.html El Independiente: https:\/\/www.elindependiente.com\/espana\/2020\/10\/24\/sanchez-a-por-la-foto-con-el-papa-tras-los-piropos-en-el-congreso\/ Forum Libertas: https:\/\/www.forumlibertas.com\/carta-al-papa-francisco-pedro-sanchez\/ El Diestro: https:\/\/www.eldiestro.es\/2020\/10\/ante-la-proxima-visita-de-pedro-sanchez-100-personalidades-del-mundo-catolico-advierten-al-papa-francisco-sobre-las-verdaderas-intenciones-del-presidente-carta-completa-y-firmantes\/ El Diario: https:\/\/www.eldiario.es\/politica\/catolicos-escriben-al-papa-para-advertirle-sobre-las-politicas-de-sanchez_1_6316810.html...\" \/>\n<meta property=\"og:url\" content=\"https:\/\/e-cristians.cat\/es\/repercusion-de-la-carta-al-papa-de-100-personalidades-del-ambito-catolico\/\" \/>\n<meta property=\"og:site_name\" content=\"e-Cristians\" \/>\n<meta property=\"article:published_time\" content=\"2020-10-27T15:09:18+00:00\" \/>\n<meta property=\"article:modified_time\" content=\"2020-11-19T12:31:45+00:00\" \/>\n<meta property=\"og:image\" content=\"https:\/\/e-cristians.cat\/wp-content\/uploads\/2020\/10\/2020102412454830818.jpg\" \/>\n\t<meta property=\"og:image:width\" content=\"1366\" \/>\n\t<meta property=\"og:image:height\" content=\"800\" \/>\n\t<meta property=\"og:image:type\" content=\"image\/jpeg\" \/>\n<meta name=\"author\" content=\"e-Cristians\" \/>\n<meta name=\"twitter:card\" content=\"summary_large_image\" \/>\n<meta name=\"twitter:label1\" content=\"Escrito por\" \/>\n\t<meta name=\"twitter:data1\" content=\"e-Cristians\" \/>\n\t<meta name=\"twitter:label2\" content=\"Tiempo de lectura\" \/>\n\t<meta name=\"twitter:data2\" content=\"2 minutos\" \/>\n<script type=\"application\/ld+json\" class=\"yoast-schema-graph\">{\"@context\":\"https:\/\/schema.org\",\"@graph\":[{\"@type\":\"WebPage\",\"@id\":\"https:\/\/e-cristians.cat\/es\/repercusion-de-la-carta-al-papa-de-100-personalidades-del-ambito-catolico\/\",\"url\":\"https:\/\/e-cristians.cat\/es\/repercusion-de-la-carta-al-papa-de-100-personalidades-del-ambito-catolico\/\",\"name\":\"Repercusi\u00f3n en los medios de la carta al Papa de 100 personalidades del \u00e1mbito cat\u00f3lico - e-Cristians\",\"isPartOf\":{\"@id\":\"https:\/\/e-cristians.cat\/#website\"},\"datePublished\":\"2020-10-27T15:09:18+00:00\",\"dateModified\":\"2020-11-19T12:31:45+00:00\",\"author\":{\"@id\":\"https:\/\/e-cristians.cat\/#\/schema\/person\/f0ec475338e49aaef9c9dc9d9f162861\"},\"breadcrumb\":{\"@id\":\"https:\/\/e-cristians.cat\/es\/repercusion-de-la-carta-al-papa-de-100-personalidades-del-ambito-catolico\/#breadcrumb\"},\"inLanguage\":\"es\",\"potentialAction\":[{\"@type\":\"ReadAction\",\"target\":[\"https:\/\/e-cristians.cat\/es\/repercusion-de-la-carta-al-papa-de-100-personalidades-del-ambito-catolico\/\"]}]},{\"@type\":\"BreadcrumbList\",\"@id\":\"https:\/\/e-cristians.cat\/es\/repercusion-de-la-carta-al-papa-de-100-personalidades-del-ambito-catolico\/#breadcrumb\",\"itemListElement\":[{\"@type\":\"ListItem\",\"position\":1,\"name\":\"Inici\",\"item\":\"https:\/\/e-cristians.cat\/es\/\"},{\"@type\":\"ListItem\",\"position\":2,\"name\":\"Repercusi\u00f3n en los medios de la carta al Papa de 100 personalidades del \u00e1mbito cat\u00f3lico\"}]},{\"@type\":\"WebSite\",\"@id\":\"https:\/\/e-cristians.cat\/#website\",\"url\":\"https:\/\/e-cristians.cat\/\",\"name\":\"e-Cristians\",\"description\":\"\",\"potentialAction\":[{\"@type\":\"SearchAction\",\"target\":{\"@type\":\"EntryPoint\",\"urlTemplate\":\"https:\/\/e-cristians.cat\/?s={search_term_string}\"},\"query-input\":\"required name=search_term_string\"}],\"inLanguage\":\"es\"},{\"@type\":\"Person\",\"@id\":\"https:\/\/e-cristians.cat\/#\/schema\/person\/f0ec475338e49aaef9c9dc9d9f162861\",\"name\":\"e-Cristians\",\"image\":{\"@type\":\"ImageObject\",\"inLanguage\":\"es\",\"@id\":\"https:\/\/e-cristians.cat\/#\/schema\/person\/image\/\",\"url\":\"https:\/\/secure.gravatar.com\/avatar\/14bc9e5b0ca69070f1075ad3efcb33c4?s=96&d=mm&r=g\",\"contentUrl\":\"https:\/\/secure.gravatar.com\/avatar\/14bc9e5b0ca69070f1075ad3efcb33c4?s=96&d=mm&r=g\",\"caption\":\"e-Cristians\"}}]}<\/script>\n<!-- \/ Yoast SEO plugin. -->","yoast_head_json":{"title":"Repercusi\u00f3n en los medios de la carta al Papa de 100 personalidades del \u00e1mbito cat\u00f3lico - e-Cristians","robots":{"index":"index","follow":"follow","max-snippet":"max-snippet:-1","max-image-preview":"max-image-preview:large","max-video-preview":"max-video-preview:-1"},"canonical":"https:\/\/e-cristians.cat\/es\/repercusion-de-la-carta-al-papa-de-100-personalidades-del-ambito-catolico\/","og_locale":"es_ES","og_type":"article","og_title":"Repercusi\u00f3n en los medios de la carta al Papa de 100 personalidades del \u00e1mbito cat\u00f3lico - e-Cristians","og_description":"Leer carta 100 personalidades al Santo Padre Informaci\u00f3n aparecida antes de la reuni\u00f3n del presidente S\u00e1nchez y el papa Francisco: El Mundo: https:\/\/www.elmundo.es\/espana\/2020\/10\/23\/5f92ae4221efa033538b457e.html ABC: https:\/\/www.abc.es\/sociedad\/abci-centenar-personalidades-espanolas-avisan-papa-leyes-divisivas-sanchez-202010231400_noticia.html#vca=amp-rrss-inducido&amp;vmc=abc-es&amp;vso=wh&amp;vli=noticia.foto La Vanguardia: https:\/\/www.lavanguardia.com\/vida\/20201023\/484236782431\/catolicos-escriben-al-papa-para-advertirle-sobre-las-politicas-de-sanchez.html Cope: https:\/\/www.cope.es\/religion\/hoy-en-dia\/noticias\/personalidades-del-mundo-catolico-transmiten-papa-preocupacion-por-las-politicas-sanchez-20201023_959615 El Espa\u00f1ol: https:\/\/www.elespanol.com\/espana\/politica\/20201024\/aborto-eutanasia-concertada-sanchez-esquivara-visita-papa\/530448393_0.html Religi\u00f3n en Libertad: https:\/\/www.religionenlibertad.com\/espana\/898234937\/Carta-al-Papa-Pedro-Sanchez-politica-anticatolica.html Aciprensa: https:\/\/www.aciprensa.com\/noticias\/100-personalidades-piden-esto-al-papa-francisco-ante-encuentro-con-pedro-sanchez-26884 El Confidencial Digital: https:\/\/religion.elconfidencialdigital.com\/articulo\/vaticano\/intelectuales-catolicos-piden-papa-informe-contenido-reunion-pedro-sanchez\/20201023130319040266.html El Independiente: https:\/\/www.elindependiente.com\/espana\/2020\/10\/24\/sanchez-a-por-la-foto-con-el-papa-tras-los-piropos-en-el-congreso\/ Forum Libertas: https:\/\/www.forumlibertas.com\/carta-al-papa-francisco-pedro-sanchez\/ El Diestro: https:\/\/www.eldiestro.es\/2020\/10\/ante-la-proxima-visita-de-pedro-sanchez-100-personalidades-del-mundo-catolico-advierten-al-papa-francisco-sobre-las-verdaderas-intenciones-del-presidente-carta-completa-y-firmantes\/ El Diario: https:\/\/www.eldiario.es\/politica\/catolicos-escriben-al-papa-para-advertirle-sobre-las-politicas-de-sanchez_1_6316810.html...","og_url":"https:\/\/e-cristians.cat\/es\/repercusion-de-la-carta-al-papa-de-100-personalidades-del-ambito-catolico\/","og_site_name":"e-Cristians","article_published_time":"2020-10-27T15:09:18+00:00","article_modified_time":"2020-11-19T12:31:45+00:00","og_image":[{"width":1366,"height":800,"url":"https:\/\/e-cristians.cat\/wp-content\/uploads\/2020\/10\/2020102412454830818.jpg","type":"image\/jpeg"}],"author":"e-Cristians","twitter_card":"summary_large_image","twitter_misc":{"Escrito por":"e-Cristians","Tiempo de lectura":"2 minutos"},"schema":{"@context":"https:\/\/schema.org","@graph":[{"@type":"WebPage","@id":"https:\/\/e-cristians.cat\/es\/repercusion-de-la-carta-al-papa-de-100-personalidades-del-ambito-catolico\/","url":"https:\/\/e-cristians.cat\/es\/repercusion-de-la-carta-al-papa-de-100-personalidades-del-ambito-catolico\/","name":"Repercusi\u00f3n en los medios de la carta al Papa de 100 personalidades del \u00e1mbito cat\u00f3lico - e-Cristians","isPartOf":{"@id":"https:\/\/e-cristians.cat\/#website"},"datePublished":"2020-10-27T15:09:18+00:00","dateModified":"2020-11-19T12:31:45+00:00","author":{"@id":"https:\/\/e-cristians.cat\/#\/schema\/person\/f0ec475338e49aaef9c9dc9d9f162861"},"breadcrumb":{"@id":"https:\/\/e-cristians.cat\/es\/repercusion-de-la-carta-al-papa-de-100-personalidades-del-ambito-catolico\/#breadcrumb"},"inLanguage":"es","potentialAction":[{"@type":"ReadAction","target":["https:\/\/e-cristians.cat\/es\/repercusion-de-la-carta-al-papa-de-100-personalidades-del-ambito-catolico\/"]}]},{"@type":"BreadcrumbList","@id":"https:\/\/e-cristians.cat\/es\/repercusion-de-la-carta-al-papa-de-100-personalidades-del-ambito-catolico\/#breadcrumb","itemListElement":[{"@type":"ListItem","position":1,"name":"Inici","item":"https:\/\/e-cristians.cat\/es\/"},{"@type":"ListItem","position":2,"name":"Repercusi\u00f3n en los medios de la carta al Papa de 100 personalidades del \u00e1mbito cat\u00f3lico"}]},{"@type":"WebSite","@id":"https:\/\/e-cristians.cat\/#website","url":"https:\/\/e-cristians.cat\/","name":"e-Cristians","description":"","potentialAction":[{"@type":"SearchAction","target":{"@type":"EntryPoint","urlTemplate":"https:\/\/e-cristians.cat\/?s={search_term_string}"},"query-input":"required name=search_term_string"}],"inLanguage":"es"},{"@type":"Person","@id":"https:\/\/e-cristians.cat\/#\/schema\/person\/f0ec475338e49aaef9c9dc9d9f162861","name":"e-Cristians","image":{"@type":"ImageObject","inLanguage":"es","@id":"https:\/\/e-cristians.cat\/#\/schema\/person\/image\/","url":"https:\/\/secure.gravatar.com\/avatar\/14bc9e5b0ca69070f1075ad3efcb33c4?s=96&d=mm&r=g","contentUrl":"https:\/\/secure.gravatar.com\/avatar\/14bc9e5b0ca69070f1075ad3efcb33c4?s=96&d=mm&r=g","caption":"e-Cristians"}}]}},"jetpack_sharing_enabled":true,"jetpack_featured_media_url":"https:\/\/e-cristians.cat\/wp-content\/uploads\/2020\/10\/2020102412454830818.jpg","_links":{"self":[{"href":"https:\/\/e-cristians.cat\/es\/wp-json\/wp\/v2\/posts\/1752"}],"collection":[{"href":"https:\/\/e-cristians.cat\/es\/wp-json\/wp\/v2\/posts"}],"about":[{"href":"https:\/\/e-cristians.cat\/es\/wp-json\/wp\/v2\/types\/post"}],"author":[{"embeddable":true,"href":"https:\/\/e-cristians.cat\/es\/wp-json\/wp\/v2\/users\/2"}],"replies":[{"embeddable":true,"href":"https:\/\/e-cristians.cat\/es\/wp-json\/wp\/v2\/comments?post=1752"}],"version-history":[{"count":5,"href":"https:\/\/e-cristians.cat\/es\/wp-json\/wp\/v2\/posts\/1752\/revisions"}],"predecessor-version":[{"id":1832,"href":"https:\/\/e-cristians.cat\/es\/wp-json\/wp\/v2\/posts\/1752\/revisions\/1832"}],"wp:featuredmedia":[{"embeddable":true,"href":"https:\/\/e-cristians.cat\/es\/wp-json\/wp\/v2\/media\/1753"}],"wp:attachment":[{"href":"https:\/\/e-cristians.cat\/es\/wp-json\/wp\/v2\/media?parent=1752"}],"wp:term":[{"taxonomy":"category","embeddable":true,"href":"https:\/\/e-cristians.cat\/es\/wp-json\/wp\/v2\/categories?post=1752"},{"taxonomy":"post_tag","embeddable":true,"href":"https:\/\/e-cristians.cat\/es\/wp-json\/wp\/v2\/tags?post=1752"}],"curies":[{"name":"wp","href":"https:\/\/api.w.org\/{rel}","templated":true}]}}