{"id":1779,"date":"2020-10-22T16:52:51","date_gmt":"2020-10-22T14:52:51","guid":{"rendered":"https:\/\/e-cristians.cat\/?p=1779"},"modified":"2020-10-27T17:12:02","modified_gmt":"2020-10-27T16:12:02","slug":"declaracion-de-ginebra-consenso-sobre-el-fomento-de-la-salud-de-las-mujeres-y-el-fortalecimiento-de-la-familia","status":"publish","type":"post","link":"https:\/\/e-cristians.cat\/es\/declaracion-de-ginebra-consenso-sobre-el-fomento-de-la-salud-de-las-mujeres-y-el-fortalecimiento-de-la-familia\/","title":{"rendered":"Declaraci\u00f3n de Ginebra: Consenso sobre el fomento de la salud de las mujeres y el fortalecimiento de la familia"},"content":{"rendered":"<p>El pasado jueves 22 de octubre, 33 pa\u00edses firmaron la <strong>Declaraci\u00f3n de Ginebra<\/strong> que afirma que no existe un \u201cderecho humano internacional al aborto\u201d. Asimismo argumenta \u201cel papel de la familia como fundamento de la sociedad\u201d. <a href=\"https:\/\/www.hhs.gov\/sites\/default\/files\/geneva-consensus-declaration-spanish.pdf\" target=\"_blank\" rel=\"noopener noreferrer\"><strong>AQU\u00cd<\/strong> <\/a>puedes leer el contenido de la misma.<\/p>\n<p>Estos son los pa\u00edses firmantes de la Declaraci\u00f3n:<\/p>\n<ol>\n<li>Reino de Bar\u00e9in<\/li>\n<li>Rep\u00fablica de Bielorrusia<\/li>\n<li>Rep\u00fablica de Benin<\/li>\n<li>Rep\u00fablica Federativa de Brasil (copatrocinador)<\/li>\n<li>Burkina Faso<\/li>\n<li>Rep\u00fablica de Camer\u00fan<\/li>\n<li>Rep\u00fablica Democr\u00e1tica del Congo<\/li>\n<li>Rep\u00fablica del Congo<\/li>\n<li>Rep\u00fablica de Djibouti<\/li>\n<li>Rep\u00fablica \u00c1rabe de Egipto (copatrocinador)<\/li>\n<li>Reino de Eswatini<\/li>\n<li>Rep\u00fablica de Gambia<\/li>\n<li>Georgia<\/li>\n<li>Rep\u00fablica de Hait\u00ed<\/li>\n<li>Hungr\u00eda (copatrocinador)<\/li>\n<li>Rep\u00fablica de Indonesia (copatrocinador)<\/li>\n<li>Rep\u00fablica de Irak<\/li>\n<li>Rep\u00fablica de Kenia<\/li>\n<li>Estado de Kuwait<\/li>\n<li>Estado de libia<\/li>\n<li>Rep\u00fablica de Nauru<\/li>\n<li>Rep\u00fablica de niger<\/li>\n<li>Sultanato de Om\u00e1n<\/li>\n<li>Rep\u00fablica Isl\u00e1mica de Pakist\u00e1n<\/li>\n<li>Rep\u00fablica de Polonia<\/li>\n<li>El Reino de Arabia Saudita<\/li>\n<li>Rep\u00fablica de Senegal<\/li>\n<li>Rep\u00fablica de Sud\u00e1n del Sur<\/li>\n<li>Rep\u00fablica de Sud\u00e1n<\/li>\n<li>Rep\u00fablica de Uganda (copatrocinador)<\/li>\n<li>Emiratos \u00c1rabes Unidos<\/li>\n<li>Estados Unidos de Am\u00e9rica (copatrocinador)<\/li>\n<li>Rep\u00fablica de Zambia<\/li>\n<\/ol>\n","protected":false},"excerpt":{"rendered":"<p>El pasado jueves 22 de octubre, 33 pa\u00edses firmaron la Declaraci\u00f3n de Ginebra que afirma que no existe un \u201cderecho humano internacional al aborto\u201d. Asimismo argumenta \u201cel papel de la familia como fundamento de la sociedad\u201d. AQU\u00cd puedes leer el contenido de la misma. Estos son los pa\u00edses firmantes de la Declaraci\u00f3n: Reino de Bar\u00e9in&#8230;<\/p>\n","protected":false},"author":2,"featured_media":1780,"comment_status":"closed","ping_status":"closed","sticky":false,"template":"","format":"standard","meta":{"_jetpack_memberships_contains_paid_content":false,"footnotes":""},"categories":[33,39],"tags":[136],"class_list":["post-1779","post","type-post","status-publish","format-standard","has-post-thumbnail","hentry","category-altres-entitats-informacions-agenda-i-documents-es","category-portada_news-es","tag-declaracion-de-ginebra"],"yoast_head":"<!-- This site is optimized with the Yoast SEO plugin v20.0 - https:\/\/yoast.com\/wordpress\/plugins\/seo\/ -->\n<title>Declaraci\u00f3n de Ginebra: Consenso sobre el fomento de la salud de las mujeres y el fortalecimiento de la familia - e-Cristians<\/title>\n<meta name=\"robots\" content=\"noindex, nofollow\" \/>\n<meta property=\"og:locale\" content=\"es_ES\" \/>\n<meta property=\"og:type\" content=\"article\" \/>\n<meta property=\"og:title\" content=\"Declaraci\u00f3n de Ginebra: Consenso sobre el fomento de la salud de las mujeres y el fortalecimiento de la familia - e-Cristians\" \/>\n<meta property=\"og:description\" content=\"El pasado jueves 22 de octubre, 33 pa\u00edses firmaron la Declaraci\u00f3n de Ginebra que afirma que no existe un \u201cderecho humano internacional al aborto\u201d. Asimismo argumenta \u201cel papel de la familia como fundamento de la sociedad\u201d. AQU\u00cd puedes leer el contenido de la misma. Estos son los pa\u00edses firmantes de la Declaraci\u00f3n: Reino de Bar\u00e9in...\" \/>\n<meta property=\"og:url\" content=\"https:\/\/e-cristians.cat\/es\/declaracion-de-ginebra-consenso-sobre-el-fomento-de-la-salud-de-las-mujeres-y-el-fortalecimiento-de-la-familia\/\" \/>\n<meta property=\"og:site_name\" content=\"e-Cristians\" \/>\n<meta property=\"article:published_time\" content=\"2020-10-22T14:52:51+00:00\" \/>\n<meta property=\"article:modified_time\" content=\"2020-10-27T16:12:02+00:00\" \/>\n<meta property=\"og:image\" content=\"https:\/\/e-cristians.cat\/wp-content\/uploads\/2020\/10\/Ginebra-1024x575-1.jpg\" \/>\n\t<meta property=\"og:image:width\" content=\"1024\" \/>\n\t<meta property=\"og:image:height\" content=\"575\" \/>\n\t<meta property=\"og:image:type\" content=\"image\/jpeg\" \/>\n<meta name=\"author\" content=\"e-Cristians\" \/>\n<meta name=\"twitter:card\" content=\"summary_large_image\" \/>\n<meta name=\"twitter:label1\" content=\"Escrito por\" \/>\n\t<meta name=\"twitter:data1\" content=\"e-Cristians\" \/>\n\t<meta name=\"twitter:label2\" content=\"Tiempo de lectura\" \/>\n\t<meta name=\"twitter:data2\" content=\"1 minuto\" \/>\n<script type=\"application\/ld+json\" class=\"yoast-schema-graph\">{\"@context\":\"https:\/\/schema.org\",\"@graph\":[{\"@type\":\"WebPage\",\"@id\":\"https:\/\/e-cristians.cat\/es\/declaracion-de-ginebra-consenso-sobre-el-fomento-de-la-salud-de-las-mujeres-y-el-fortalecimiento-de-la-familia\/\",\"url\":\"https:\/\/e-cristians.cat\/es\/declaracion-de-ginebra-consenso-sobre-el-fomento-de-la-salud-de-las-mujeres-y-el-fortalecimiento-de-la-familia\/\",\"name\":\"Declaraci\u00f3n de Ginebra: Consenso sobre el fomento de la salud de las mujeres y el fortalecimiento de la familia - e-Cristians\",\"isPartOf\":{\"@id\":\"https:\/\/e-cristians.cat\/#website\"},\"datePublished\":\"2020-10-22T14:52:51+00:00\",\"dateModified\":\"2020-10-27T16:12:02+00:00\",\"author\":{\"@id\":\"https:\/\/e-cristians.cat\/#\/schema\/person\/f0ec475338e49aaef9c9dc9d9f162861\"},\"breadcrumb\":{\"@id\":\"https:\/\/e-cristians.cat\/es\/declaracion-de-ginebra-consenso-sobre-el-fomento-de-la-salud-de-las-mujeres-y-el-fortalecimiento-de-la-familia\/#breadcrumb\"},\"inLanguage\":\"es\",\"potentialAction\":[{\"@type\":\"ReadAction\",\"target\":[\"https:\/\/e-cristians.cat\/es\/declaracion-de-ginebra-consenso-sobre-el-fomento-de-la-salud-de-las-mujeres-y-el-fortalecimiento-de-la-familia\/\"]}]},{\"@type\":\"BreadcrumbList\",\"@id\":\"https:\/\/e-cristians.cat\/es\/declaracion-de-ginebra-consenso-sobre-el-fomento-de-la-salud-de-las-mujeres-y-el-fortalecimiento-de-la-familia\/#breadcrumb\",\"itemListElement\":[{\"@type\":\"ListItem\",\"position\":1,\"name\":\"Inici\",\"item\":\"https:\/\/e-cristians.cat\/es\/\"},{\"@type\":\"ListItem\",\"position\":2,\"name\":\"Declaraci\u00f3n de Ginebra: Consenso sobre el fomento de la salud de las mujeres y el fortalecimiento de la familia\"}]},{\"@type\":\"WebSite\",\"@id\":\"https:\/\/e-cristians.cat\/#website\",\"url\":\"https:\/\/e-cristians.cat\/\",\"name\":\"e-Cristians\",\"description\":\"\",\"potentialAction\":[{\"@type\":\"SearchAction\",\"target\":{\"@type\":\"EntryPoint\",\"urlTemplate\":\"https:\/\/e-cristians.cat\/?s={search_term_string}\"},\"query-input\":\"required name=search_term_string\"}],\"inLanguage\":\"es\"},{\"@type\":\"Person\",\"@id\":\"https:\/\/e-cristians.cat\/#\/schema\/person\/f0ec475338e49aaef9c9dc9d9f162861\",\"name\":\"e-Cristians\",\"image\":{\"@type\":\"ImageObject\",\"inLanguage\":\"es\",\"@id\":\"https:\/\/e-cristians.cat\/#\/schema\/person\/image\/\",\"url\":\"https:\/\/secure.gravatar.com\/avatar\/14bc9e5b0ca69070f1075ad3efcb33c4?s=96&d=mm&r=g\",\"contentUrl\":\"https:\/\/secure.gravatar.com\/avatar\/14bc9e5b0ca69070f1075ad3efcb33c4?s=96&d=mm&r=g\",\"caption\":\"e-Cristians\"}}]}<\/script>\n<!-- \/ Yoast SEO plugin. -->","yoast_head_json":{"title":"Declaraci\u00f3n de Ginebra: Consenso sobre el fomento de la salud de las mujeres y el fortalecimiento de la familia - e-Cristians","robots":{"index":"noindex","follow":"nofollow"},"og_locale":"es_ES","og_type":"article","og_title":"Declaraci\u00f3n de Ginebra: Consenso sobre el fomento de la salud de las mujeres y el fortalecimiento de la familia - e-Cristians","og_description":"El pasado jueves 22 de octubre, 33 pa\u00edses firmaron la Declaraci\u00f3n de Ginebra que afirma que no existe un \u201cderecho humano internacional al aborto\u201d. Asimismo argumenta \u201cel papel de la familia como fundamento de la sociedad\u201d. AQU\u00cd puedes leer el contenido de la misma. Estos son los pa\u00edses firmantes de la Declaraci\u00f3n: Reino de Bar\u00e9in...","og_url":"https:\/\/e-cristians.cat\/es\/declaracion-de-ginebra-consenso-sobre-el-fomento-de-la-salud-de-las-mujeres-y-el-fortalecimiento-de-la-familia\/","og_site_name":"e-Cristians","article_published_time":"2020-10-22T14:52:51+00:00","article_modified_time":"2020-10-27T16:12:02+00:00","og_image":[{"width":1024,"height":575,"url":"https:\/\/e-cristians.cat\/wp-content\/uploads\/2020\/10\/Ginebra-1024x575-1.jpg","type":"image\/jpeg"}],"author":"e-Cristians","twitter_card":"summary_large_image","twitter_misc":{"Escrito por":"e-Cristians","Tiempo de lectura":"1 minuto"},"schema":{"@context":"https:\/\/schema.org","@graph":[{"@type":"WebPage","@id":"https:\/\/e-cristians.cat\/es\/declaracion-de-ginebra-consenso-sobre-el-fomento-de-la-salud-de-las-mujeres-y-el-fortalecimiento-de-la-familia\/","url":"https:\/\/e-cristians.cat\/es\/declaracion-de-ginebra-consenso-sobre-el-fomento-de-la-salud-de-las-mujeres-y-el-fortalecimiento-de-la-familia\/","name":"Declaraci\u00f3n de Ginebra: Consenso sobre el fomento de la salud de las mujeres y el fortalecimiento de la familia - e-Cristians","isPartOf":{"@id":"https:\/\/e-cristians.cat\/#website"},"datePublished":"2020-10-22T14:52:51+00:00","dateModified":"2020-10-27T16:12:02+00:00","author":{"@id":"https:\/\/e-cristians.cat\/#\/schema\/person\/f0ec475338e49aaef9c9dc9d9f162861"},"breadcrumb":{"@id":"https:\/\/e-cristians.cat\/es\/declaracion-de-ginebra-consenso-sobre-el-fomento-de-la-salud-de-las-mujeres-y-el-fortalecimiento-de-la-familia\/#breadcrumb"},"inLanguage":"es","potentialAction":[{"@type":"ReadAction","target":["https:\/\/e-cristians.cat\/es\/declaracion-de-ginebra-consenso-sobre-el-fomento-de-la-salud-de-las-mujeres-y-el-fortalecimiento-de-la-familia\/"]}]},{"@type":"BreadcrumbList","@id":"https:\/\/e-cristians.cat\/es\/declaracion-de-ginebra-consenso-sobre-el-fomento-de-la-salud-de-las-mujeres-y-el-fortalecimiento-de-la-familia\/#breadcrumb","itemListElement":[{"@type":"ListItem","position":1,"name":"Inici","item":"https:\/\/e-cristians.cat\/es\/"},{"@type":"ListItem","position":2,"name":"Declaraci\u00f3n de Ginebra: Consenso sobre el fomento de la salud de las mujeres y el fortalecimiento de la familia"}]},{"@type":"WebSite","@id":"https:\/\/e-cristians.cat\/#website","url":"https:\/\/e-cristians.cat\/","name":"e-Cristians","description":"","potentialAction":[{"@type":"SearchAction","target":{"@type":"EntryPoint","urlTemplate":"https:\/\/e-cristians.cat\/?s={search_term_string}"},"query-input":"required name=search_term_string"}],"inLanguage":"es"},{"@type":"Person","@id":"https:\/\/e-cristians.cat\/#\/schema\/person\/f0ec475338e49aaef9c9dc9d9f162861","name":"e-Cristians","image":{"@type":"ImageObject","inLanguage":"es","@id":"https:\/\/e-cristians.cat\/#\/schema\/person\/image\/","url":"https:\/\/secure.gravatar.com\/avatar\/14bc9e5b0ca69070f1075ad3efcb33c4?s=96&d=mm&r=g","contentUrl":"https:\/\/secure.gravatar.com\/avatar\/14bc9e5b0ca69070f1075ad3efcb33c4?s=96&d=mm&r=g","caption":"e-Cristians"}}]}},"jetpack_sharing_enabled":true,"jetpack_featured_media_url":"https:\/\/e-cristians.cat\/wp-content\/uploads\/2020\/10\/Ginebra-1024x575-1.jpg","_links":{"self":[{"href":"https:\/\/e-cristians.cat\/es\/wp-json\/wp\/v2\/posts\/1779"}],"collection":[{"href":"https:\/\/e-cristians.cat\/es\/wp-json\/wp\/v2\/posts"}],"about":[{"href":"https:\/\/e-cristians.cat\/es\/wp-json\/wp\/v2\/types\/post"}],"author":[{"embeddable":true,"href":"https:\/\/e-cristians.cat\/es\/wp-json\/wp\/v2\/users\/2"}],"replies":[{"embeddable":true,"href":"https:\/\/e-cristians.cat\/es\/wp-json\/wp\/v2\/comments?post=1779"}],"version-history":[{"count":3,"href":"https:\/\/e-cristians.cat\/es\/wp-json\/wp\/v2\/posts\/1779\/revisions"}],"predecessor-version":[{"id":1789,"href":"https:\/\/e-cristians.cat\/es\/wp-json\/wp\/v2\/posts\/1779\/revisions\/1789"}],"wp:featuredmedia":[{"embeddable":true,"href":"https:\/\/e-cristians.cat\/es\/wp-json\/wp\/v2\/media\/1780"}],"wp:attachment":[{"href":"https:\/\/e-cristians.cat\/es\/wp-json\/wp\/v2\/media?parent=1779"}],"wp:term":[{"taxonomy":"category","embeddable":true,"href":"https:\/\/e-cristians.cat\/es\/wp-json\/wp\/v2\/categories?post=1779"},{"taxonomy":"post_tag","embeddable":true,"href":"https:\/\/e-cristians.cat\/es\/wp-json\/wp\/v2\/tags?post=1779"}],"curies":[{"name":"wp","href":"https:\/\/api.w.org\/{rel}","templated":true}]}}