{"id":1823,"date":"2020-10-28T13:29:33","date_gmt":"2020-10-28T12:29:33","guid":{"rendered":"https:\/\/e-cristians.cat\/?p=1823"},"modified":"2020-10-28T13:29:33","modified_gmt":"2020-10-28T12:29:33","slug":"iglesia-una-idea-equivocada","status":"publish","type":"post","link":"https:\/\/e-cristians.cat\/es\/iglesia-una-idea-equivocada\/","title":{"rendered":"Iglesia: una idea equivocada"},"content":{"rendered":"<p><em>De Josep Mir\u00f3 i Ard\u00e8vol, publicat a La Vanguardia el 28-10-2020<\/em><\/p>\n<p class=\"p@3\">Las recientes palabras del Papa sobre la regulaci\u00f3n de la convivencia civil y los homosexuales, tan solo veinte segundos en un v\u00eddeo de m\u00e1s de una hora, se han convertido en una noticia de alcance global, mucho m\u00e1s que el reciente texto pontificio,<i>\u00a0Fratelli tutti\u00a0<\/i>. De hecho, la frase se ha comido literalmente a la enc\u00edclica.<\/p>\n<p class=\"p\">Al hilo de las palabras de Francisco se produce un reiterado tipo de comentario, formulado \u00adante cualquier iniciativa por parte de la Iglesia. Consiste en exigir que se parezca mucho m\u00e1s al \u201cmundo\u201d, a la sociedad, asumiendo sus cambios, y el reconocimiento de sus nuevas instituciones, pr\u00e1cticas, costumbres, deseos y pasiones. En este caso referido al ma\u00adtrimonio homosexual, pero igual sirve para razonar sobre el aborto, la eutanasia, el sacerdocio femenino, y muchos m\u00e1s temas.<\/p>\n<p>Esta forma de razonar expresa un desconocimiento grande de la misi\u00f3n de la Iglesia, de aquello que da sentido a su existencia desde la Pentecost\u00e9s del a\u00f1o primero. Esta falta de comprensi\u00f3n se\u00f1ala tambi\u00e9n el inmenso trabajo pendiente que tienen ante s\u00ed los cristianos.<\/p>\n<p class=\"p\">Pero \u00bfpor qu\u00e9 es tan equivocada esta visi\u00f3n de la Iglesia? Porque su tarea no es la de asemejarse al mundo en cada momento, sino la de transformarlo de acuerdo con el mandato de Jesucristo. \u201cNuestro destino es el Reino de Dios, que \u00c9l mismo comenz\u00f3 en este mundo, que ha de ser extendido hasta que \u00c9l mismo lo lleve tambi\u00e9n a su perfecci\u00f3n\u201d (. Una perfecci\u00f3n solo posible al final del tiempo. Y es que la condici\u00f3n de plenitud en la pertenencia al Reino es la inmortalidad, el triunfo sobre la muerte. \u201c\u00bfD\u00f3nde est\u00e1, oh muerte, tu victoria?\u201d (1 Corin\u00adtios 15, 55). Esta es la buena nueva junto con saber que Dios nos ama absolutamente. A esto estamos llamados, y a esto debemos servir. Este es el tensor cristiano hacia su horizonte de sentido que atraviesa la historia y la vida de cada persona: extender el Reino. Se trata de una elecci\u00f3n a la que hay que responder como plantea Maurice Blodel en<i>\u00a0La acci\u00f3n\u00a0<\/i>: \u201c\u00bfS\u00ed o no, la vida humana tiene un sentido y el hombre un destino?\u201d. La referencia para el cristianismo no es el mundo, sino Jesucristo y la propia Iglesia.<\/p>\n<p class=\"p\">La Iglesia vivi\u00f3 con muchas dificultades en el seno del imperio romano durante siglos, mucho m\u00e1s tiempo que esta recient\u00edsima \u00e9poca nuestra. En ning\u00fan momento crey\u00f3 que deb\u00eda cambiar su propuesta para asemejarse al imperio. No asumi\u00f3 sus valores b\u00e1sicos, no acept\u00f3 el aborto, el menosprecio por los pobres y humildes, reivindic\u00f3 la dignidad de todos, no acat\u00f3 a la deificaci\u00f3n del Estado dando testimonio con la vida. Su modelo no era la grandiosidad de Roma. \u00bfPor qu\u00e9 ahora habr\u00eda de ser distinto? Quienes postulan la referencia mundana, no entienden aquello de lo que s\u00ed se percat\u00f3 H.G. Wells y dej\u00f3 escrito en<i>\u00a0Esquema de la historia universal\u00a0<\/i>(1919): \u201cLa doctrina del Reino de los Cielos, que fue la ense\u00f1anza principal de Jes\u00fas, es ciertamente una de las m\u00e1s revolucionarias que alguna vez haya animado y transformado el pensamiento humano\u201d. En eso estamos.<\/p>\n<p class=\"p\">Adem\u00e1s, \u00bfa qu\u00e9 \u201cmundo\u201d, a qu\u00e9 sociedad ha de asemejarse la Iglesia? Porque en realidad a lo que se refieren es tan solo la circunstancial hegemon\u00eda de una determinada cultura y moral en parte de Occidente. Solo eso, y que adem\u00e1s es muy distinta a como \u00e9ramos hace pocas d\u00e9cadas. \u00bfEn qu\u00e9 se parece la Europa de hoy a la de los a\u00f1os cincuenta, treinta, o de principios del siglo pasado? \u00bfY esta fungibilidad tan local ha de guiar a la Iglesia, dos mil a\u00f1os de vida, m\u00e1s de mil millones de fieles? \u00bfNo es acaso una pretensi\u00f3n desmesurada? El cristianismo engendra culturas, civilizaciones, y no al rev\u00e9s. Se inculturaliza en lo accesorio, y afronta y transforma lo fundamental.<\/p>\n<p class=\"p\">\u201cLa fe y seguimiento de Cristo transmuta los valores y sentimientos instintivos del ser humano, que se subleva ante \u00e9l. El sentido com\u00fan reclama riqueza, abundancia, placer, poder, fama. No es esto lo que dice Jes\u00fas. Y no lo es porque no se trata de sentido com\u00fan \u201csino de una actitud inspirada en la plenitud del eterno\u201d, escribe Romano Guardini, quien nos dice que el que interpreta rectamente las palabras del Se\u00f1or es quien observa sere\u00adnamente las ideas que se ha formado acerca de lo que es grande en el mundo, pero que comprende que todo ello es peque\u00f1o, impuro y decadente ante lo que viene del cielo.<\/p>\n<p class=\"topo fin\">Cuando Antonio Negri necesita de san Agust\u00edn y san Francisco de As\u00eds y no de Marx, Lenin o Trotski para escribir<i>\u00a0Imperio\u00a0<\/i>, una alternativa pol\u00edtica al sistema, resultar\u00eda que los cristianos deber\u00edamos desechar no solo a aquellos singulares maestros, sino a todo lo que disiente del actual modelo de sociedad. Deber\u00edamos acatar al<i>\u00a0imperio\u00a0<\/i>, que pretende que sus verdades son s\u00f3lidas a pesar de la carcoma de sus crisis enquistadas. Claro que no lo haremos. El cristianismo es alternativa y regeneraci\u00f3n permanente a todo lo orgulloso, falso, ego\u00edsta, concupiscente, corrupto e injusto, a toda ira, a lo que excluye el perd\u00f3n, y el respeto, que habita en nuestro tiempo y en sus instituciones.<\/p>\n","protected":false},"excerpt":{"rendered":"<p>De Josep Mir\u00f3 i Ard\u00e8vol, publicat a La Vanguardia el 28-10-2020 Las recientes palabras del Papa sobre la regulaci\u00f3n de la convivencia civil y los homosexuales, tan solo veinte segundos en un v\u00eddeo de m\u00e1s de una hora, se han convertido en una noticia de alcance global, mucho m\u00e1s que el reciente texto pontificio,\u00a0Fratelli tutti\u00a0&#8230;.<\/p>\n","protected":false},"author":2,"featured_media":1821,"comment_status":"closed","ping_status":"closed","sticky":false,"template":"","format":"standard","meta":{"_jetpack_memberships_contains_paid_content":false,"footnotes":""},"categories":[34],"tags":[],"class_list":["post-1823","post","type-post","status-publish","format-standard","has-post-thumbnail","hentry","category-editorials-i-blogs-de-forumlibertas-es"],"yoast_head":"<!-- This site is optimized with the Yoast SEO plugin v20.0 - https:\/\/yoast.com\/wordpress\/plugins\/seo\/ -->\n<title>Iglesia: una idea equivocada - e-Cristians<\/title>\n<meta name=\"robots\" content=\"noindex, nofollow\" \/>\n<meta property=\"og:locale\" content=\"es_ES\" \/>\n<meta property=\"og:type\" content=\"article\" \/>\n<meta property=\"og:title\" content=\"Iglesia: una idea equivocada - e-Cristians\" \/>\n<meta property=\"og:description\" content=\"De Josep Mir\u00f3 i Ard\u00e8vol, publicat a La Vanguardia el 28-10-2020 Las recientes palabras del Papa sobre la regulaci\u00f3n de la convivencia civil y los homosexuales, tan solo veinte segundos en un v\u00eddeo de m\u00e1s de una hora, se han convertido en una noticia de alcance global, mucho m\u00e1s que el reciente texto pontificio,\u00a0Fratelli tutti\u00a0....\" \/>\n<meta property=\"og:url\" content=\"https:\/\/e-cristians.cat\/es\/iglesia-una-idea-equivocada\/\" \/>\n<meta property=\"og:site_name\" content=\"e-Cristians\" \/>\n<meta property=\"article:published_time\" content=\"2020-10-28T12:29:33+00:00\" \/>\n<meta property=\"og:image\" content=\"https:\/\/e-cristians.cat\/wp-content\/uploads\/2020\/10\/4.9.28453637_LaVanguardia_20201028_CAS_CAT-992x558@LaVanguardia-Web.jpg\" \/>\n\t<meta property=\"og:image:width\" content=\"573\" \/>\n\t<meta property=\"og:image:height\" content=\"306\" \/>\n\t<meta property=\"og:image:type\" content=\"image\/jpeg\" \/>\n<meta name=\"author\" content=\"e-Cristians\" \/>\n<meta name=\"twitter:card\" content=\"summary_large_image\" \/>\n<meta name=\"twitter:label1\" content=\"Escrito por\" \/>\n\t<meta name=\"twitter:data1\" content=\"e-Cristians\" \/>\n\t<meta name=\"twitter:label2\" content=\"Tiempo de lectura\" \/>\n\t<meta name=\"twitter:data2\" content=\"5 minutos\" \/>\n<script type=\"application\/ld+json\" class=\"yoast-schema-graph\">{\"@context\":\"https:\/\/schema.org\",\"@graph\":[{\"@type\":\"WebPage\",\"@id\":\"https:\/\/e-cristians.cat\/es\/iglesia-una-idea-equivocada\/\",\"url\":\"https:\/\/e-cristians.cat\/es\/iglesia-una-idea-equivocada\/\",\"name\":\"Iglesia: una idea equivocada - e-Cristians\",\"isPartOf\":{\"@id\":\"https:\/\/e-cristians.cat\/#website\"},\"datePublished\":\"2020-10-28T12:29:33+00:00\",\"dateModified\":\"2020-10-28T12:29:33+00:00\",\"author\":{\"@id\":\"https:\/\/e-cristians.cat\/#\/schema\/person\/f0ec475338e49aaef9c9dc9d9f162861\"},\"breadcrumb\":{\"@id\":\"https:\/\/e-cristians.cat\/es\/iglesia-una-idea-equivocada\/#breadcrumb\"},\"inLanguage\":\"es\",\"potentialAction\":[{\"@type\":\"ReadAction\",\"target\":[\"https:\/\/e-cristians.cat\/es\/iglesia-una-idea-equivocada\/\"]}]},{\"@type\":\"BreadcrumbList\",\"@id\":\"https:\/\/e-cristians.cat\/es\/iglesia-una-idea-equivocada\/#breadcrumb\",\"itemListElement\":[{\"@type\":\"ListItem\",\"position\":1,\"name\":\"Inici\",\"item\":\"https:\/\/e-cristians.cat\/es\/\"},{\"@type\":\"ListItem\",\"position\":2,\"name\":\"Iglesia: una idea equivocada\"}]},{\"@type\":\"WebSite\",\"@id\":\"https:\/\/e-cristians.cat\/#website\",\"url\":\"https:\/\/e-cristians.cat\/\",\"name\":\"e-Cristians\",\"description\":\"\",\"potentialAction\":[{\"@type\":\"SearchAction\",\"target\":{\"@type\":\"EntryPoint\",\"urlTemplate\":\"https:\/\/e-cristians.cat\/?s={search_term_string}\"},\"query-input\":\"required name=search_term_string\"}],\"inLanguage\":\"es\"},{\"@type\":\"Person\",\"@id\":\"https:\/\/e-cristians.cat\/#\/schema\/person\/f0ec475338e49aaef9c9dc9d9f162861\",\"name\":\"e-Cristians\",\"image\":{\"@type\":\"ImageObject\",\"inLanguage\":\"es\",\"@id\":\"https:\/\/e-cristians.cat\/#\/schema\/person\/image\/\",\"url\":\"https:\/\/secure.gravatar.com\/avatar\/14bc9e5b0ca69070f1075ad3efcb33c4?s=96&d=mm&r=g\",\"contentUrl\":\"https:\/\/secure.gravatar.com\/avatar\/14bc9e5b0ca69070f1075ad3efcb33c4?s=96&d=mm&r=g\",\"caption\":\"e-Cristians\"}}]}<\/script>\n<!-- \/ Yoast SEO plugin. -->","yoast_head_json":{"title":"Iglesia: una idea equivocada - e-Cristians","robots":{"index":"noindex","follow":"nofollow"},"og_locale":"es_ES","og_type":"article","og_title":"Iglesia: una idea equivocada - e-Cristians","og_description":"De Josep Mir\u00f3 i Ard\u00e8vol, publicat a La Vanguardia el 28-10-2020 Las recientes palabras del Papa sobre la regulaci\u00f3n de la convivencia civil y los homosexuales, tan solo veinte segundos en un v\u00eddeo de m\u00e1s de una hora, se han convertido en una noticia de alcance global, mucho m\u00e1s que el reciente texto pontificio,\u00a0Fratelli tutti\u00a0....","og_url":"https:\/\/e-cristians.cat\/es\/iglesia-una-idea-equivocada\/","og_site_name":"e-Cristians","article_published_time":"2020-10-28T12:29:33+00:00","og_image":[{"width":573,"height":306,"url":"https:\/\/e-cristians.cat\/wp-content\/uploads\/2020\/10\/4.9.28453637_LaVanguardia_20201028_CAS_CAT-992x558@LaVanguardia-Web.jpg","type":"image\/jpeg"}],"author":"e-Cristians","twitter_card":"summary_large_image","twitter_misc":{"Escrito por":"e-Cristians","Tiempo de lectura":"5 minutos"},"schema":{"@context":"https:\/\/schema.org","@graph":[{"@type":"WebPage","@id":"https:\/\/e-cristians.cat\/es\/iglesia-una-idea-equivocada\/","url":"https:\/\/e-cristians.cat\/es\/iglesia-una-idea-equivocada\/","name":"Iglesia: una idea equivocada - e-Cristians","isPartOf":{"@id":"https:\/\/e-cristians.cat\/#website"},"datePublished":"2020-10-28T12:29:33+00:00","dateModified":"2020-10-28T12:29:33+00:00","author":{"@id":"https:\/\/e-cristians.cat\/#\/schema\/person\/f0ec475338e49aaef9c9dc9d9f162861"},"breadcrumb":{"@id":"https:\/\/e-cristians.cat\/es\/iglesia-una-idea-equivocada\/#breadcrumb"},"inLanguage":"es","potentialAction":[{"@type":"ReadAction","target":["https:\/\/e-cristians.cat\/es\/iglesia-una-idea-equivocada\/"]}]},{"@type":"BreadcrumbList","@id":"https:\/\/e-cristians.cat\/es\/iglesia-una-idea-equivocada\/#breadcrumb","itemListElement":[{"@type":"ListItem","position":1,"name":"Inici","item":"https:\/\/e-cristians.cat\/es\/"},{"@type":"ListItem","position":2,"name":"Iglesia: una idea equivocada"}]},{"@type":"WebSite","@id":"https:\/\/e-cristians.cat\/#website","url":"https:\/\/e-cristians.cat\/","name":"e-Cristians","description":"","potentialAction":[{"@type":"SearchAction","target":{"@type":"EntryPoint","urlTemplate":"https:\/\/e-cristians.cat\/?s={search_term_string}"},"query-input":"required name=search_term_string"}],"inLanguage":"es"},{"@type":"Person","@id":"https:\/\/e-cristians.cat\/#\/schema\/person\/f0ec475338e49aaef9c9dc9d9f162861","name":"e-Cristians","image":{"@type":"ImageObject","inLanguage":"es","@id":"https:\/\/e-cristians.cat\/#\/schema\/person\/image\/","url":"https:\/\/secure.gravatar.com\/avatar\/14bc9e5b0ca69070f1075ad3efcb33c4?s=96&d=mm&r=g","contentUrl":"https:\/\/secure.gravatar.com\/avatar\/14bc9e5b0ca69070f1075ad3efcb33c4?s=96&d=mm&r=g","caption":"e-Cristians"}}]}},"jetpack_sharing_enabled":true,"jetpack_featured_media_url":"https:\/\/e-cristians.cat\/wp-content\/uploads\/2020\/10\/4.9.28453637_LaVanguardia_20201028_CAS_CAT-992x558@LaVanguardia-Web.jpg","_links":{"self":[{"href":"https:\/\/e-cristians.cat\/es\/wp-json\/wp\/v2\/posts\/1823"}],"collection":[{"href":"https:\/\/e-cristians.cat\/es\/wp-json\/wp\/v2\/posts"}],"about":[{"href":"https:\/\/e-cristians.cat\/es\/wp-json\/wp\/v2\/types\/post"}],"author":[{"embeddable":true,"href":"https:\/\/e-cristians.cat\/es\/wp-json\/wp\/v2\/users\/2"}],"replies":[{"embeddable":true,"href":"https:\/\/e-cristians.cat\/es\/wp-json\/wp\/v2\/comments?post=1823"}],"version-history":[{"count":1,"href":"https:\/\/e-cristians.cat\/es\/wp-json\/wp\/v2\/posts\/1823\/revisions"}],"predecessor-version":[{"id":1824,"href":"https:\/\/e-cristians.cat\/es\/wp-json\/wp\/v2\/posts\/1823\/revisions\/1824"}],"wp:featuredmedia":[{"embeddable":true,"href":"https:\/\/e-cristians.cat\/es\/wp-json\/wp\/v2\/media\/1821"}],"wp:attachment":[{"href":"https:\/\/e-cristians.cat\/es\/wp-json\/wp\/v2\/media?parent=1823"}],"wp:term":[{"taxonomy":"category","embeddable":true,"href":"https:\/\/e-cristians.cat\/es\/wp-json\/wp\/v2\/categories?post=1823"},{"taxonomy":"post_tag","embeddable":true,"href":"https:\/\/e-cristians.cat\/es\/wp-json\/wp\/v2\/tags?post=1823"}],"curies":[{"name":"wp","href":"https:\/\/api.w.org\/{rel}","templated":true}]}}