{"id":18505,"date":"2021-09-14T13:04:05","date_gmt":"2021-09-14T11:04:05","guid":{"rendered":"https:\/\/e-cristians.cat\/?p=18505"},"modified":"2021-09-17T12:35:20","modified_gmt":"2021-09-17T10:35:20","slug":"obispo-xavier-in-memoriam","status":"publish","type":"post","link":"https:\/\/e-cristians.cat\/es\/obispo-xavier-in-memoriam\/","title":{"rendered":"Obispo Xavier, In Memoriam"},"content":{"rendered":"<p><em>Mn. Bruno B\u00e9rchez<\/em><\/p>\n<p>\u201cPromotor de terapias hom\u00f3fobas, independentista radical, obispo exorcista\u201d \u2026\u00a0<strong>Qu\u00e9 triste que estos sean los \u00fanicos \u201cm\u00e9ritos\u201d que destacan sobre ti la mayor\u00eda de peri\u00f3dicos y portales de Internet<\/strong>. Y algunos de ellos cat\u00f3licos. Quienes destacan eso no han llorado ninguna l\u00e1grima por ti.<\/p>\n<p>Quienes lloramos tu marcha somos aquellos que desde aquel lejano Congreso de Nueva Evangelizaci\u00f3n en Manresa el a\u00f1o 2012 no hemos dejado de admirar tu celo por evangelizar, tu valent\u00eda a la hora de apostar por nuevas metodolog\u00edas o tu capacidad para renovar las estructuras diocesanas a favor de la misi\u00f3n.<\/p>\n<p><strong>Despu\u00e9s de m\u00e1s de 10 a\u00f1os como obispo de Solsona el balance es impresionante:<\/strong>\u00a0decenas de parroquias vivas y renovadas, cientos de laicos y j\u00f3venes enamorados de la misi\u00f3n, y miles de personas que han conocido el amor de Dios gracias a tu acci\u00f3n pastoral.<\/p>\n<p>S\u00ed, sabemos que no has sido perfecto, pero tu impacto ha traspasado las fronteras de tu peque\u00f1a y bonita di\u00f3cesis, y has sido fuente de inspiraci\u00f3n para muchos sacerdotes y laicos de toda Espa\u00f1a, que se han lanzado a la misi\u00f3n siguiendo el dedo que Solsona se\u00f1alaba.<\/p>\n<p>No s\u00f3lo eso. \u00bfA cu\u00e1ntos no han ayudado la profundidad de tus homil\u00edas, tus buenos consejos caminando durante un Goum o las palabras de consuelo y \u00e1nimo en un confesionario?\u00a0<strong>De este Xavier nadie habla en las redes sociales ni en las tertulias radiof\u00f3nicas.<\/strong>\u00a0Pero es lo que muchos de nosotros queremos recordar en nuestro coraz\u00f3n.<\/p>\n<h5><strong>\u00bfQu\u00e9 ha pasado Xavier? \u00bfD\u00f3nde ha quedado este gran pastor? \u00bfD\u00f3nde lo has escondido? \u00bfPor qu\u00e9 lo has matado?<\/strong><\/h5>\n<p>No somos nadie para juzgarte. M\u00e1s de uno se alegra de que te hayas marchado. Pero nosotros no. Que sepas que somos muchos en Catalu\u00f1a y en Espa\u00f1a que echaremos de menos al obispo Novell. Y cuando el telediario del mediod\u00eda se haya olvidado de tu nombre, nosotros seguiremos orando por ti.<\/p>\n<p>Gracias Se\u00f1or por el obispo Xavier Novell. Que all\u00e1 donde est\u00e9, lo guardes de todo mal, y no deje de sentir muy de cerca la claridad de tu mirada.<\/p>\n","protected":false},"excerpt":{"rendered":"<p>Mn. Bruno B\u00e9rchez \u201cPromotor de terapias hom\u00f3fobas, independentista radical, obispo exorcista\u201d \u2026\u00a0Qu\u00e9 triste que estos sean los \u00fanicos \u201cm\u00e9ritos\u201d que destacan sobre ti la mayor\u00eda de peri\u00f3dicos y portales de Internet. Y algunos de ellos cat\u00f3licos. Quienes destacan eso no han llorado ninguna l\u00e1grima por ti. Quienes lloramos tu marcha somos aquellos que desde aquel&#8230;<\/p>\n","protected":false},"author":2,"featured_media":18506,"comment_status":"closed","ping_status":"closed","sticky":false,"template":"","format":"standard","meta":{"_jetpack_memberships_contains_paid_content":false,"footnotes":""},"categories":[33,39],"tags":[156],"class_list":["post-18505","post","type-post","status-publish","format-standard","has-post-thumbnail","hentry","category-altres-entitats-informacions-agenda-i-documents-es","category-portada_news-es","tag-bisbe-xavier-novell"],"yoast_head":"<!-- This site is optimized with the Yoast SEO plugin v20.0 - https:\/\/yoast.com\/wordpress\/plugins\/seo\/ -->\n<title>Obispo Xavier, In Memoriam - e-Cristians<\/title>\n<meta name=\"robots\" content=\"noindex, follow\" \/>\n<meta property=\"og:locale\" content=\"es_ES\" \/>\n<meta property=\"og:type\" content=\"article\" \/>\n<meta property=\"og:title\" content=\"Obispo Xavier, In Memoriam - e-Cristians\" \/>\n<meta property=\"og:description\" content=\"Mn. Bruno B\u00e9rchez \u201cPromotor de terapias hom\u00f3fobas, independentista radical, obispo exorcista\u201d \u2026\u00a0Qu\u00e9 triste que estos sean los \u00fanicos \u201cm\u00e9ritos\u201d que destacan sobre ti la mayor\u00eda de peri\u00f3dicos y portales de Internet. Y algunos de ellos cat\u00f3licos. Quienes destacan eso no han llorado ninguna l\u00e1grima por ti. Quienes lloramos tu marcha somos aquellos que desde aquel...\" \/>\n<meta property=\"og:url\" content=\"https:\/\/e-cristians.cat\/es\/obispo-xavier-in-memoriam\/\" \/>\n<meta property=\"og:site_name\" content=\"e-Cristians\" \/>\n<meta property=\"article:published_time\" content=\"2021-09-14T11:04:05+00:00\" \/>\n<meta property=\"article:modified_time\" content=\"2021-09-17T10:35:20+00:00\" \/>\n<meta property=\"og:image\" content=\"https:\/\/e-cristians.cat\/wp-content\/uploads\/2021\/09\/bisbat-solsona-600x337-1.jpg\" \/>\n\t<meta property=\"og:image:width\" content=\"600\" \/>\n\t<meta property=\"og:image:height\" content=\"337\" \/>\n\t<meta property=\"og:image:type\" content=\"image\/jpeg\" \/>\n<meta name=\"author\" content=\"e-Cristians\" \/>\n<meta name=\"twitter:card\" content=\"summary_large_image\" \/>\n<meta name=\"twitter:label1\" content=\"Escrito por\" \/>\n\t<meta name=\"twitter:data1\" content=\"e-Cristians\" \/>\n\t<meta name=\"twitter:label2\" content=\"Tiempo de lectura\" \/>\n\t<meta name=\"twitter:data2\" content=\"2 minutos\" \/>\n<script type=\"application\/ld+json\" class=\"yoast-schema-graph\">{\"@context\":\"https:\/\/schema.org\",\"@graph\":[{\"@type\":\"WebPage\",\"@id\":\"https:\/\/e-cristians.cat\/es\/obispo-xavier-in-memoriam\/\",\"url\":\"https:\/\/e-cristians.cat\/es\/obispo-xavier-in-memoriam\/\",\"name\":\"Obispo Xavier, In Memoriam - e-Cristians\",\"isPartOf\":{\"@id\":\"https:\/\/e-cristians.cat\/#website\"},\"datePublished\":\"2021-09-14T11:04:05+00:00\",\"dateModified\":\"2021-09-17T10:35:20+00:00\",\"author\":{\"@id\":\"https:\/\/e-cristians.cat\/#\/schema\/person\/f0ec475338e49aaef9c9dc9d9f162861\"},\"breadcrumb\":{\"@id\":\"https:\/\/e-cristians.cat\/es\/obispo-xavier-in-memoriam\/#breadcrumb\"},\"inLanguage\":\"es\",\"potentialAction\":[{\"@type\":\"ReadAction\",\"target\":[\"https:\/\/e-cristians.cat\/es\/obispo-xavier-in-memoriam\/\"]}]},{\"@type\":\"BreadcrumbList\",\"@id\":\"https:\/\/e-cristians.cat\/es\/obispo-xavier-in-memoriam\/#breadcrumb\",\"itemListElement\":[{\"@type\":\"ListItem\",\"position\":1,\"name\":\"Inici\",\"item\":\"https:\/\/e-cristians.cat\/es\/\"},{\"@type\":\"ListItem\",\"position\":2,\"name\":\"Obispo Xavier, In Memoriam\"}]},{\"@type\":\"WebSite\",\"@id\":\"https:\/\/e-cristians.cat\/#website\",\"url\":\"https:\/\/e-cristians.cat\/\",\"name\":\"e-Cristians\",\"description\":\"\",\"potentialAction\":[{\"@type\":\"SearchAction\",\"target\":{\"@type\":\"EntryPoint\",\"urlTemplate\":\"https:\/\/e-cristians.cat\/?s={search_term_string}\"},\"query-input\":\"required name=search_term_string\"}],\"inLanguage\":\"es\"},{\"@type\":\"Person\",\"@id\":\"https:\/\/e-cristians.cat\/#\/schema\/person\/f0ec475338e49aaef9c9dc9d9f162861\",\"name\":\"e-Cristians\",\"image\":{\"@type\":\"ImageObject\",\"inLanguage\":\"es\",\"@id\":\"https:\/\/e-cristians.cat\/#\/schema\/person\/image\/\",\"url\":\"https:\/\/secure.gravatar.com\/avatar\/14bc9e5b0ca69070f1075ad3efcb33c4?s=96&d=mm&r=g\",\"contentUrl\":\"https:\/\/secure.gravatar.com\/avatar\/14bc9e5b0ca69070f1075ad3efcb33c4?s=96&d=mm&r=g\",\"caption\":\"e-Cristians\"}}]}<\/script>\n<!-- \/ Yoast SEO plugin. -->","yoast_head_json":{"title":"Obispo Xavier, In Memoriam - e-Cristians","robots":{"index":"noindex","follow":"follow"},"og_locale":"es_ES","og_type":"article","og_title":"Obispo Xavier, In Memoriam - e-Cristians","og_description":"Mn. Bruno B\u00e9rchez \u201cPromotor de terapias hom\u00f3fobas, independentista radical, obispo exorcista\u201d \u2026\u00a0Qu\u00e9 triste que estos sean los \u00fanicos \u201cm\u00e9ritos\u201d que destacan sobre ti la mayor\u00eda de peri\u00f3dicos y portales de Internet. Y algunos de ellos cat\u00f3licos. Quienes destacan eso no han llorado ninguna l\u00e1grima por ti. Quienes lloramos tu marcha somos aquellos que desde aquel...","og_url":"https:\/\/e-cristians.cat\/es\/obispo-xavier-in-memoriam\/","og_site_name":"e-Cristians","article_published_time":"2021-09-14T11:04:05+00:00","article_modified_time":"2021-09-17T10:35:20+00:00","og_image":[{"width":600,"height":337,"url":"https:\/\/e-cristians.cat\/wp-content\/uploads\/2021\/09\/bisbat-solsona-600x337-1.jpg","type":"image\/jpeg"}],"author":"e-Cristians","twitter_card":"summary_large_image","twitter_misc":{"Escrito por":"e-Cristians","Tiempo de lectura":"2 minutos"},"schema":{"@context":"https:\/\/schema.org","@graph":[{"@type":"WebPage","@id":"https:\/\/e-cristians.cat\/es\/obispo-xavier-in-memoriam\/","url":"https:\/\/e-cristians.cat\/es\/obispo-xavier-in-memoriam\/","name":"Obispo Xavier, In Memoriam - e-Cristians","isPartOf":{"@id":"https:\/\/e-cristians.cat\/#website"},"datePublished":"2021-09-14T11:04:05+00:00","dateModified":"2021-09-17T10:35:20+00:00","author":{"@id":"https:\/\/e-cristians.cat\/#\/schema\/person\/f0ec475338e49aaef9c9dc9d9f162861"},"breadcrumb":{"@id":"https:\/\/e-cristians.cat\/es\/obispo-xavier-in-memoriam\/#breadcrumb"},"inLanguage":"es","potentialAction":[{"@type":"ReadAction","target":["https:\/\/e-cristians.cat\/es\/obispo-xavier-in-memoriam\/"]}]},{"@type":"BreadcrumbList","@id":"https:\/\/e-cristians.cat\/es\/obispo-xavier-in-memoriam\/#breadcrumb","itemListElement":[{"@type":"ListItem","position":1,"name":"Inici","item":"https:\/\/e-cristians.cat\/es\/"},{"@type":"ListItem","position":2,"name":"Obispo Xavier, In Memoriam"}]},{"@type":"WebSite","@id":"https:\/\/e-cristians.cat\/#website","url":"https:\/\/e-cristians.cat\/","name":"e-Cristians","description":"","potentialAction":[{"@type":"SearchAction","target":{"@type":"EntryPoint","urlTemplate":"https:\/\/e-cristians.cat\/?s={search_term_string}"},"query-input":"required name=search_term_string"}],"inLanguage":"es"},{"@type":"Person","@id":"https:\/\/e-cristians.cat\/#\/schema\/person\/f0ec475338e49aaef9c9dc9d9f162861","name":"e-Cristians","image":{"@type":"ImageObject","inLanguage":"es","@id":"https:\/\/e-cristians.cat\/#\/schema\/person\/image\/","url":"https:\/\/secure.gravatar.com\/avatar\/14bc9e5b0ca69070f1075ad3efcb33c4?s=96&d=mm&r=g","contentUrl":"https:\/\/secure.gravatar.com\/avatar\/14bc9e5b0ca69070f1075ad3efcb33c4?s=96&d=mm&r=g","caption":"e-Cristians"}}]}},"jetpack_sharing_enabled":true,"jetpack_featured_media_url":"https:\/\/e-cristians.cat\/wp-content\/uploads\/2021\/09\/bisbat-solsona-600x337-1.jpg","_links":{"self":[{"href":"https:\/\/e-cristians.cat\/es\/wp-json\/wp\/v2\/posts\/18505"}],"collection":[{"href":"https:\/\/e-cristians.cat\/es\/wp-json\/wp\/v2\/posts"}],"about":[{"href":"https:\/\/e-cristians.cat\/es\/wp-json\/wp\/v2\/types\/post"}],"author":[{"embeddable":true,"href":"https:\/\/e-cristians.cat\/es\/wp-json\/wp\/v2\/users\/2"}],"replies":[{"embeddable":true,"href":"https:\/\/e-cristians.cat\/es\/wp-json\/wp\/v2\/comments?post=18505"}],"version-history":[{"count":1,"href":"https:\/\/e-cristians.cat\/es\/wp-json\/wp\/v2\/posts\/18505\/revisions"}],"predecessor-version":[{"id":18509,"href":"https:\/\/e-cristians.cat\/es\/wp-json\/wp\/v2\/posts\/18505\/revisions\/18509"}],"wp:featuredmedia":[{"embeddable":true,"href":"https:\/\/e-cristians.cat\/es\/wp-json\/wp\/v2\/media\/18506"}],"wp:attachment":[{"href":"https:\/\/e-cristians.cat\/es\/wp-json\/wp\/v2\/media?parent=18505"}],"wp:term":[{"taxonomy":"category","embeddable":true,"href":"https:\/\/e-cristians.cat\/es\/wp-json\/wp\/v2\/categories?post=18505"},{"taxonomy":"post_tag","embeddable":true,"href":"https:\/\/e-cristians.cat\/es\/wp-json\/wp\/v2\/tags?post=18505"}],"curies":[{"name":"wp","href":"https:\/\/api.w.org\/{rel}","templated":true}]}}