{"id":189132,"date":"2023-11-07T16:52:50","date_gmt":"2023-11-07T15:52:50","guid":{"rendered":"https:\/\/e-cristians.cat\/?p=189132"},"modified":"2023-11-08T17:08:57","modified_gmt":"2023-11-08T16:08:57","slug":"jornada-de-presentacion-del-documento-de-la-santa-sede-mensuram-bonam","status":"publish","type":"post","link":"https:\/\/e-cristians.cat\/es\/jornada-de-presentacion-del-documento-de-la-santa-sede-mensuram-bonam\/","title":{"rendered":"Jornada de Presentaci\u00f3n del documento de la Santa Sede \u00abMensuram Bonam\u00bb"},"content":{"rendered":"<p>La Santa Sede public\u00f3 el 10 de noviembre de 2022 un documento llamado\u00a0<em><strong>Mensuram Bonam. Medidas basadas en la fe para inversores cat\u00f3licos: un punto de partida y un llamamiento a la acci\u00f3n<\/strong><\/em>.<\/p>\n<p>La C\u00e0tedra de Pensament i Acci\u00f3 social de l&#8217;Esgl\u00e9sia de la Facultat de Teologia de Catalunya (<strong>Ateneu Universitari Sant Paci\u00e0<\/strong>) organiza una <strong>sesi\u00f3n de trabajo<\/strong> invitando al mundo financiero, de la empresa y de instituciones cat\u00f3licas para que lo puedan conocer y dar cuenta de la implicaci\u00f3n que tiene en la pr\u00e1ctica. La Jornada tendr\u00e1 lugar el lunes <strong>20 de noviembre a las 18:30h.<\/strong> en el <strong>Aula Magna del Ateneo Universitario Sant Paci\u00e0<\/strong>, Edificio del Seminario Conciliar de Barcelona (c\/ Diputaci\u00f3, 231, Bcn). Puedes consultar el <strong>programa<\/strong> y realizar la <strong>inscripci\u00f3n (gratuita)<\/strong> <a href=\"https:\/\/cursosoberts.edusantpacia.cat\/invertir\" target=\"_blank\" rel=\"noopener\">aqu\u00ed<\/a>.<\/p>\n<p>La jornada cuenta con la participaci\u00f3n del <strong>Sr. Baldiri Ros<\/strong>, vicepresidente de Foment del Treball, y una mesa redonda entre el <strong>Sr. Borja Barrag\u00e1n<\/strong>, fundador de Altum Faithful Investing y la <strong>Sra. Almudena Benedit<\/strong>, Head of Management en Julius Baer; moderada por el <strong>Sr. Joan Fontrodona<\/strong>, titular de la C\u00e1tedra Caixabank de RSC del IESE Business School.<\/p>\n<p><em>Mensuram Bonam<\/em> establece principios, criterios e indicaciones pr\u00e1cticas para aquellos que trabajan en el mundo de las finanzas y se esfuerzan por vivir su fe de manera coherente. Es un importante punto de partida, alineado con la Doctrina Social de la Iglesia, y ha sido desarrollado durante varios a\u00f1os con la contribuci\u00f3n de expertos en ciencias y finanzas.<\/p>\n<p>El documento pretende mostrar que la Doctrina social de la Iglesia ofrece una visi\u00f3n de la persona que corresponde a unas exigencias morales que superan la mera \u00e9tica racional. Las finanzas desde esta perspectiva son algo m\u00e1s y algo diferente de las finanzas \u00e9ticas, aunque no se excluyen.<\/p>\n","protected":false},"excerpt":{"rendered":"<p>La Santa Sede public\u00f3 el 10 de noviembre de 2022 un documento llamado\u00a0Mensuram Bonam. Medidas basadas en la fe para inversores cat\u00f3licos: un punto de partida y un llamamiento a la acci\u00f3n. La C\u00e0tedra de Pensament i Acci\u00f3 social de l&#8217;Esgl\u00e9sia de la Facultat de Teologia de Catalunya (Ateneu Universitari Sant Paci\u00e0) organiza una sesi\u00f3n&#8230;<\/p>\n","protected":false},"author":2,"featured_media":189148,"comment_status":"closed","ping_status":"closed","sticky":false,"template":"","format":"standard","meta":{"_jetpack_memberships_contains_paid_content":false,"footnotes":""},"categories":[33,39],"tags":[],"class_list":["post-189132","post","type-post","status-publish","format-standard","has-post-thumbnail","hentry","category-altres-entitats-informacions-agenda-i-documents-es","category-portada_news-es"],"yoast_head":"<!-- This site is optimized with the Yoast SEO plugin v20.0 - https:\/\/yoast.com\/wordpress\/plugins\/seo\/ -->\n<title>La Santa Seu public\u00f3 el documento Mensuram Bonam<\/title>\n<meta name=\"description\" content=\"Jornada Mensuram Bonam. Medidas basadas en la fe para inversores cat\u00f3licos: un punto de partida y un llamamiento a la acci\u00f3n\" \/>\n<meta name=\"robots\" content=\"index, follow, max-snippet:-1, max-image-preview:large, max-video-preview:-1\" \/>\n<link rel=\"canonical\" href=\"https:\/\/e-cristians.cat\/es\/jornada-de-presentacion-del-documento-de-la-santa-sede-mensuram-bonam\/\" \/>\n<meta property=\"og:locale\" content=\"es_ES\" \/>\n<meta property=\"og:type\" content=\"article\" \/>\n<meta property=\"og:title\" content=\"La Santa Seu public\u00f3 el documento Mensuram Bonam\" \/>\n<meta property=\"og:description\" content=\"Jornada Mensuram Bonam. Medidas basadas en la fe para inversores cat\u00f3licos: un punto de partida y un llamamiento a la acci\u00f3n\" \/>\n<meta property=\"og:url\" content=\"https:\/\/e-cristians.cat\/es\/jornada-de-presentacion-del-documento-de-la-santa-sede-mensuram-bonam\/\" \/>\n<meta property=\"og:site_name\" content=\"e-Cristians\" \/>\n<meta property=\"article:published_time\" content=\"2023-11-07T15:52:50+00:00\" \/>\n<meta property=\"article:modified_time\" content=\"2023-11-08T16:08:57+00:00\" \/>\n<meta property=\"og:image\" content=\"https:\/\/e-cristians.cat\/wp-content\/uploads\/2023\/11\/Mensuram-1.jpg\" \/>\n\t<meta property=\"og:image:width\" content=\"847\" \/>\n\t<meta property=\"og:image:height\" content=\"478\" \/>\n\t<meta property=\"og:image:type\" content=\"image\/jpeg\" \/>\n<meta name=\"author\" content=\"e-Cristians\" \/>\n<meta name=\"twitter:card\" content=\"summary_large_image\" \/>\n<meta name=\"twitter:label1\" content=\"Escrito por\" \/>\n\t<meta name=\"twitter:data1\" content=\"e-Cristians\" \/>\n\t<meta name=\"twitter:label2\" content=\"Tiempo de lectura\" \/>\n\t<meta name=\"twitter:data2\" content=\"2 minutos\" \/>\n<script type=\"application\/ld+json\" class=\"yoast-schema-graph\">{\"@context\":\"https:\/\/schema.org\",\"@graph\":[{\"@type\":\"WebPage\",\"@id\":\"https:\/\/e-cristians.cat\/es\/jornada-de-presentacion-del-documento-de-la-santa-sede-mensuram-bonam\/\",\"url\":\"https:\/\/e-cristians.cat\/es\/jornada-de-presentacion-del-documento-de-la-santa-sede-mensuram-bonam\/\",\"name\":\"La Santa Seu public\u00f3 el documento Mensuram Bonam\",\"isPartOf\":{\"@id\":\"https:\/\/e-cristians.cat\/#website\"},\"datePublished\":\"2023-11-07T15:52:50+00:00\",\"dateModified\":\"2023-11-08T16:08:57+00:00\",\"author\":{\"@id\":\"https:\/\/e-cristians.cat\/#\/schema\/person\/f0ec475338e49aaef9c9dc9d9f162861\"},\"description\":\"Jornada Mensuram Bonam. Medidas basadas en la fe para inversores cat\u00f3licos: un punto de partida y un llamamiento a la acci\u00f3n\",\"breadcrumb\":{\"@id\":\"https:\/\/e-cristians.cat\/es\/jornada-de-presentacion-del-documento-de-la-santa-sede-mensuram-bonam\/#breadcrumb\"},\"inLanguage\":\"es\",\"potentialAction\":[{\"@type\":\"ReadAction\",\"target\":[\"https:\/\/e-cristians.cat\/es\/jornada-de-presentacion-del-documento-de-la-santa-sede-mensuram-bonam\/\"]}]},{\"@type\":\"BreadcrumbList\",\"@id\":\"https:\/\/e-cristians.cat\/es\/jornada-de-presentacion-del-documento-de-la-santa-sede-mensuram-bonam\/#breadcrumb\",\"itemListElement\":[{\"@type\":\"ListItem\",\"position\":1,\"name\":\"Inici\",\"item\":\"https:\/\/e-cristians.cat\/es\/\"},{\"@type\":\"ListItem\",\"position\":2,\"name\":\"Jornada de Presentaci\u00f3n del documento de la Santa Sede &#8220;Mensuram Bonam&#8221;\"}]},{\"@type\":\"WebSite\",\"@id\":\"https:\/\/e-cristians.cat\/#website\",\"url\":\"https:\/\/e-cristians.cat\/\",\"name\":\"e-Cristians\",\"description\":\"\",\"potentialAction\":[{\"@type\":\"SearchAction\",\"target\":{\"@type\":\"EntryPoint\",\"urlTemplate\":\"https:\/\/e-cristians.cat\/?s={search_term_string}\"},\"query-input\":\"required name=search_term_string\"}],\"inLanguage\":\"es\"},{\"@type\":\"Person\",\"@id\":\"https:\/\/e-cristians.cat\/#\/schema\/person\/f0ec475338e49aaef9c9dc9d9f162861\",\"name\":\"e-Cristians\",\"image\":{\"@type\":\"ImageObject\",\"inLanguage\":\"es\",\"@id\":\"https:\/\/e-cristians.cat\/#\/schema\/person\/image\/\",\"url\":\"https:\/\/secure.gravatar.com\/avatar\/14bc9e5b0ca69070f1075ad3efcb33c4?s=96&d=mm&r=g\",\"contentUrl\":\"https:\/\/secure.gravatar.com\/avatar\/14bc9e5b0ca69070f1075ad3efcb33c4?s=96&d=mm&r=g\",\"caption\":\"e-Cristians\"}}]}<\/script>\n<!-- \/ Yoast SEO plugin. -->","yoast_head_json":{"title":"La Santa Seu public\u00f3 el documento Mensuram Bonam","description":"Jornada Mensuram Bonam. Medidas basadas en la fe para inversores cat\u00f3licos: un punto de partida y un llamamiento a la acci\u00f3n","robots":{"index":"index","follow":"follow","max-snippet":"max-snippet:-1","max-image-preview":"max-image-preview:large","max-video-preview":"max-video-preview:-1"},"canonical":"https:\/\/e-cristians.cat\/es\/jornada-de-presentacion-del-documento-de-la-santa-sede-mensuram-bonam\/","og_locale":"es_ES","og_type":"article","og_title":"La Santa Seu public\u00f3 el documento Mensuram Bonam","og_description":"Jornada Mensuram Bonam. Medidas basadas en la fe para inversores cat\u00f3licos: un punto de partida y un llamamiento a la acci\u00f3n","og_url":"https:\/\/e-cristians.cat\/es\/jornada-de-presentacion-del-documento-de-la-santa-sede-mensuram-bonam\/","og_site_name":"e-Cristians","article_published_time":"2023-11-07T15:52:50+00:00","article_modified_time":"2023-11-08T16:08:57+00:00","og_image":[{"width":847,"height":478,"url":"https:\/\/e-cristians.cat\/wp-content\/uploads\/2023\/11\/Mensuram-1.jpg","type":"image\/jpeg"}],"author":"e-Cristians","twitter_card":"summary_large_image","twitter_misc":{"Escrito por":"e-Cristians","Tiempo de lectura":"2 minutos"},"schema":{"@context":"https:\/\/schema.org","@graph":[{"@type":"WebPage","@id":"https:\/\/e-cristians.cat\/es\/jornada-de-presentacion-del-documento-de-la-santa-sede-mensuram-bonam\/","url":"https:\/\/e-cristians.cat\/es\/jornada-de-presentacion-del-documento-de-la-santa-sede-mensuram-bonam\/","name":"La Santa Seu public\u00f3 el documento Mensuram Bonam","isPartOf":{"@id":"https:\/\/e-cristians.cat\/#website"},"datePublished":"2023-11-07T15:52:50+00:00","dateModified":"2023-11-08T16:08:57+00:00","author":{"@id":"https:\/\/e-cristians.cat\/#\/schema\/person\/f0ec475338e49aaef9c9dc9d9f162861"},"description":"Jornada Mensuram Bonam. Medidas basadas en la fe para inversores cat\u00f3licos: un punto de partida y un llamamiento a la acci\u00f3n","breadcrumb":{"@id":"https:\/\/e-cristians.cat\/es\/jornada-de-presentacion-del-documento-de-la-santa-sede-mensuram-bonam\/#breadcrumb"},"inLanguage":"es","potentialAction":[{"@type":"ReadAction","target":["https:\/\/e-cristians.cat\/es\/jornada-de-presentacion-del-documento-de-la-santa-sede-mensuram-bonam\/"]}]},{"@type":"BreadcrumbList","@id":"https:\/\/e-cristians.cat\/es\/jornada-de-presentacion-del-documento-de-la-santa-sede-mensuram-bonam\/#breadcrumb","itemListElement":[{"@type":"ListItem","position":1,"name":"Inici","item":"https:\/\/e-cristians.cat\/es\/"},{"@type":"ListItem","position":2,"name":"Jornada de Presentaci\u00f3n del documento de la Santa Sede &#8220;Mensuram Bonam&#8221;"}]},{"@type":"WebSite","@id":"https:\/\/e-cristians.cat\/#website","url":"https:\/\/e-cristians.cat\/","name":"e-Cristians","description":"","potentialAction":[{"@type":"SearchAction","target":{"@type":"EntryPoint","urlTemplate":"https:\/\/e-cristians.cat\/?s={search_term_string}"},"query-input":"required name=search_term_string"}],"inLanguage":"es"},{"@type":"Person","@id":"https:\/\/e-cristians.cat\/#\/schema\/person\/f0ec475338e49aaef9c9dc9d9f162861","name":"e-Cristians","image":{"@type":"ImageObject","inLanguage":"es","@id":"https:\/\/e-cristians.cat\/#\/schema\/person\/image\/","url":"https:\/\/secure.gravatar.com\/avatar\/14bc9e5b0ca69070f1075ad3efcb33c4?s=96&d=mm&r=g","contentUrl":"https:\/\/secure.gravatar.com\/avatar\/14bc9e5b0ca69070f1075ad3efcb33c4?s=96&d=mm&r=g","caption":"e-Cristians"}}]}},"jetpack_sharing_enabled":true,"jetpack_featured_media_url":"https:\/\/e-cristians.cat\/wp-content\/uploads\/2023\/11\/Mensuram-1.jpg","_links":{"self":[{"href":"https:\/\/e-cristians.cat\/es\/wp-json\/wp\/v2\/posts\/189132"}],"collection":[{"href":"https:\/\/e-cristians.cat\/es\/wp-json\/wp\/v2\/posts"}],"about":[{"href":"https:\/\/e-cristians.cat\/es\/wp-json\/wp\/v2\/types\/post"}],"author":[{"embeddable":true,"href":"https:\/\/e-cristians.cat\/es\/wp-json\/wp\/v2\/users\/2"}],"replies":[{"embeddable":true,"href":"https:\/\/e-cristians.cat\/es\/wp-json\/wp\/v2\/comments?post=189132"}],"version-history":[{"count":1,"href":"https:\/\/e-cristians.cat\/es\/wp-json\/wp\/v2\/posts\/189132\/revisions"}],"predecessor-version":[{"id":189150,"href":"https:\/\/e-cristians.cat\/es\/wp-json\/wp\/v2\/posts\/189132\/revisions\/189150"}],"wp:featuredmedia":[{"embeddable":true,"href":"https:\/\/e-cristians.cat\/es\/wp-json\/wp\/v2\/media\/189148"}],"wp:attachment":[{"href":"https:\/\/e-cristians.cat\/es\/wp-json\/wp\/v2\/media?parent=189132"}],"wp:term":[{"taxonomy":"category","embeddable":true,"href":"https:\/\/e-cristians.cat\/es\/wp-json\/wp\/v2\/categories?post=189132"},{"taxonomy":"post_tag","embeddable":true,"href":"https:\/\/e-cristians.cat\/es\/wp-json\/wp\/v2\/tags?post=189132"}],"curies":[{"name":"wp","href":"https:\/\/api.w.org\/{rel}","templated":true}]}}