{"id":190420,"date":"2023-11-09T16:46:18","date_gmt":"2023-11-09T15:46:18","guid":{"rendered":"https:\/\/e-cristians.cat\/?p=190420"},"modified":"2023-11-09T16:54:49","modified_gmt":"2023-11-09T15:54:49","slug":"video-josep-miro-i-ardevol-y-las-razones-por-las-que-debe-dimitir-el-defensor-del-pueblo","status":"publish","type":"post","link":"https:\/\/e-cristians.cat\/es\/video-josep-miro-i-ardevol-y-las-razones-por-las-que-debe-dimitir-el-defensor-del-pueblo\/","title":{"rendered":"V\u00eddeo.- Josep Mir\u00f3 i Ard\u00e8vol y las razones por las que debe dimitir el Defensor del Pueblo"},"content":{"rendered":"<p>En este <strong>v\u00eddeo<\/strong>, Josep Mir\u00f3 i Ard\u00e8vol, presidente de e-Cristians, explica las razones por las cuales\u00a0<strong>debe dimitir o ser censurado <\/strong>el <strong>Defensor del Pueblo, \u00c1ngel Gabilondo, <\/strong>\u00a0como consecuencia de su recientemente publicado \u00abInforme sobre abusos sexuales en el \u00e1mbito de la Iglesia cat\u00f3lica y el papel de los poderes p\u00fablicos. Una respuesta necesaria\u00bb.<\/p>\n<p><iframe title=\"Josep Mir\u00f3 i Ard\u00e8vol y las razones por las que debe dimitir el Defensor del Pueblo\" data-src=\"https:\/\/www.youtube.com\/embed\/-tQWgVhbeZw\" width=\"789\" height=\"444\" frameborder=\"0\" allowfullscreen=\"allowfullscreen\" src=\"data:image\/svg+xml;base64,PHN2ZyB3aWR0aD0iMSIgaGVpZ2h0PSIxIiB4bWxucz0iaHR0cDovL3d3dy53My5vcmcvMjAwMC9zdmciPjwvc3ZnPg==\" class=\"lazyload\" data-load-mode=\"1\"><\/iframe><\/p>\n","protected":false},"excerpt":{"rendered":"<p>En este v\u00eddeo, Josep Mir\u00f3 i Ard\u00e8vol, presidente de e-Cristians, explica las razones por las cuales\u00a0debe dimitir o ser censurado el Defensor del Pueblo, \u00c1ngel Gabilondo, \u00a0como consecuencia de su recientemente publicado \u00abInforme sobre abusos sexuales en el \u00e1mbito de la Iglesia cat\u00f3lica y el papel de los poderes p\u00fablicos. Una respuesta necesaria\u00bb.<\/p>\n","protected":false},"author":2,"featured_media":190424,"comment_status":"closed","ping_status":"closed","sticky":false,"template":"","format":"standard","meta":{"_jetpack_memberships_contains_paid_content":false,"footnotes":""},"categories":[39,37],"tags":[],"class_list":["post-190420","post","type-post","status-publish","format-standard","has-post-thumbnail","hentry","category-portada_news-es","category-videos-de-cristians-es"],"yoast_head":"<!-- This site is optimized with the Yoast SEO plugin v20.0 - https:\/\/yoast.com\/wordpress\/plugins\/seo\/ -->\n<title>Razones por las cuales\u00a0debe dimitir el Defensor del Pueblo<\/title>\n<meta name=\"description\" content=\"Razones por las que debe dimitir el Defensor del Pueblo\u00a0como consecuencia de su recientemente publicado Informe sobre abusos sexuales\" \/>\n<meta name=\"robots\" content=\"index, follow, max-snippet:-1, max-image-preview:large, max-video-preview:-1\" \/>\n<link rel=\"canonical\" href=\"https:\/\/e-cristians.cat\/es\/video-josep-miro-i-ardevol-y-las-razones-por-las-que-debe-dimitir-el-defensor-del-pueblo\/\" \/>\n<meta property=\"og:locale\" content=\"es_ES\" \/>\n<meta property=\"og:type\" content=\"article\" \/>\n<meta property=\"og:title\" content=\"Razones por las cuales\u00a0debe dimitir el Defensor del Pueblo\" \/>\n<meta property=\"og:description\" content=\"Razones por las que debe dimitir el Defensor del Pueblo\u00a0como consecuencia de su recientemente publicado Informe sobre abusos sexuales\" \/>\n<meta property=\"og:url\" content=\"https:\/\/e-cristians.cat\/es\/video-josep-miro-i-ardevol-y-las-razones-por-las-que-debe-dimitir-el-defensor-del-pueblo\/\" \/>\n<meta property=\"og:site_name\" content=\"e-Cristians\" \/>\n<meta property=\"article:published_time\" content=\"2023-11-09T15:46:18+00:00\" \/>\n<meta property=\"article:modified_time\" content=\"2023-11-09T15:54:49+00:00\" \/>\n<meta property=\"og:image\" content=\"https:\/\/e-cristians.cat\/wp-content\/uploads\/2023\/11\/Video-Sr.-Miro-sobre-Informe-Defensor-Pueblo.jpg\" \/>\n\t<meta property=\"og:image:width\" content=\"1236\" \/>\n\t<meta property=\"og:image:height\" content=\"718\" \/>\n\t<meta property=\"og:image:type\" content=\"image\/jpeg\" \/>\n<meta name=\"author\" content=\"e-Cristians\" \/>\n<meta name=\"twitter:card\" content=\"summary_large_image\" \/>\n<meta name=\"twitter:label1\" content=\"Escrito por\" \/>\n\t<meta name=\"twitter:data1\" content=\"e-Cristians\" \/>\n\t<meta name=\"twitter:label2\" content=\"Tiempo de lectura\" \/>\n\t<meta name=\"twitter:data2\" content=\"1 minuto\" \/>\n<script type=\"application\/ld+json\" class=\"yoast-schema-graph\">{\"@context\":\"https:\/\/schema.org\",\"@graph\":[{\"@type\":\"WebPage\",\"@id\":\"https:\/\/e-cristians.cat\/es\/video-josep-miro-i-ardevol-y-las-razones-por-las-que-debe-dimitir-el-defensor-del-pueblo\/\",\"url\":\"https:\/\/e-cristians.cat\/es\/video-josep-miro-i-ardevol-y-las-razones-por-las-que-debe-dimitir-el-defensor-del-pueblo\/\",\"name\":\"Razones por las cuales\u00a0debe dimitir el Defensor del Pueblo\",\"isPartOf\":{\"@id\":\"https:\/\/e-cristians.cat\/#website\"},\"datePublished\":\"2023-11-09T15:46:18+00:00\",\"dateModified\":\"2023-11-09T15:54:49+00:00\",\"author\":{\"@id\":\"https:\/\/e-cristians.cat\/#\/schema\/person\/f0ec475338e49aaef9c9dc9d9f162861\"},\"description\":\"Razones por las que debe dimitir el Defensor del Pueblo\u00a0como consecuencia de su recientemente publicado Informe sobre abusos sexuales\",\"breadcrumb\":{\"@id\":\"https:\/\/e-cristians.cat\/es\/video-josep-miro-i-ardevol-y-las-razones-por-las-que-debe-dimitir-el-defensor-del-pueblo\/#breadcrumb\"},\"inLanguage\":\"es\",\"potentialAction\":[{\"@type\":\"ReadAction\",\"target\":[\"https:\/\/e-cristians.cat\/es\/video-josep-miro-i-ardevol-y-las-razones-por-las-que-debe-dimitir-el-defensor-del-pueblo\/\"]}]},{\"@type\":\"BreadcrumbList\",\"@id\":\"https:\/\/e-cristians.cat\/es\/video-josep-miro-i-ardevol-y-las-razones-por-las-que-debe-dimitir-el-defensor-del-pueblo\/#breadcrumb\",\"itemListElement\":[{\"@type\":\"ListItem\",\"position\":1,\"name\":\"Inici\",\"item\":\"https:\/\/e-cristians.cat\/es\/\"},{\"@type\":\"ListItem\",\"position\":2,\"name\":\"V\u00eddeo.- Josep Mir\u00f3 i Ard\u00e8vol y las razones por las que debe dimitir el Defensor del Pueblo\"}]},{\"@type\":\"WebSite\",\"@id\":\"https:\/\/e-cristians.cat\/#website\",\"url\":\"https:\/\/e-cristians.cat\/\",\"name\":\"e-Cristians\",\"description\":\"\",\"potentialAction\":[{\"@type\":\"SearchAction\",\"target\":{\"@type\":\"EntryPoint\",\"urlTemplate\":\"https:\/\/e-cristians.cat\/?s={search_term_string}\"},\"query-input\":\"required name=search_term_string\"}],\"inLanguage\":\"es\"},{\"@type\":\"Person\",\"@id\":\"https:\/\/e-cristians.cat\/#\/schema\/person\/f0ec475338e49aaef9c9dc9d9f162861\",\"name\":\"e-Cristians\",\"image\":{\"@type\":\"ImageObject\",\"inLanguage\":\"es\",\"@id\":\"https:\/\/e-cristians.cat\/#\/schema\/person\/image\/\",\"url\":\"https:\/\/secure.gravatar.com\/avatar\/14bc9e5b0ca69070f1075ad3efcb33c4?s=96&d=mm&r=g\",\"contentUrl\":\"https:\/\/secure.gravatar.com\/avatar\/14bc9e5b0ca69070f1075ad3efcb33c4?s=96&d=mm&r=g\",\"caption\":\"e-Cristians\"}}]}<\/script>\n<!-- \/ Yoast SEO plugin. -->","yoast_head_json":{"title":"Razones por las cuales\u00a0debe dimitir el Defensor del Pueblo","description":"Razones por las que debe dimitir el Defensor del Pueblo\u00a0como consecuencia de su recientemente publicado Informe sobre abusos sexuales","robots":{"index":"index","follow":"follow","max-snippet":"max-snippet:-1","max-image-preview":"max-image-preview:large","max-video-preview":"max-video-preview:-1"},"canonical":"https:\/\/e-cristians.cat\/es\/video-josep-miro-i-ardevol-y-las-razones-por-las-que-debe-dimitir-el-defensor-del-pueblo\/","og_locale":"es_ES","og_type":"article","og_title":"Razones por las cuales\u00a0debe dimitir el Defensor del Pueblo","og_description":"Razones por las que debe dimitir el Defensor del Pueblo\u00a0como consecuencia de su recientemente publicado Informe sobre abusos sexuales","og_url":"https:\/\/e-cristians.cat\/es\/video-josep-miro-i-ardevol-y-las-razones-por-las-que-debe-dimitir-el-defensor-del-pueblo\/","og_site_name":"e-Cristians","article_published_time":"2023-11-09T15:46:18+00:00","article_modified_time":"2023-11-09T15:54:49+00:00","og_image":[{"width":1236,"height":718,"url":"https:\/\/e-cristians.cat\/wp-content\/uploads\/2023\/11\/Video-Sr.-Miro-sobre-Informe-Defensor-Pueblo.jpg","type":"image\/jpeg"}],"author":"e-Cristians","twitter_card":"summary_large_image","twitter_misc":{"Escrito por":"e-Cristians","Tiempo de lectura":"1 minuto"},"schema":{"@context":"https:\/\/schema.org","@graph":[{"@type":"WebPage","@id":"https:\/\/e-cristians.cat\/es\/video-josep-miro-i-ardevol-y-las-razones-por-las-que-debe-dimitir-el-defensor-del-pueblo\/","url":"https:\/\/e-cristians.cat\/es\/video-josep-miro-i-ardevol-y-las-razones-por-las-que-debe-dimitir-el-defensor-del-pueblo\/","name":"Razones por las cuales\u00a0debe dimitir el Defensor del Pueblo","isPartOf":{"@id":"https:\/\/e-cristians.cat\/#website"},"datePublished":"2023-11-09T15:46:18+00:00","dateModified":"2023-11-09T15:54:49+00:00","author":{"@id":"https:\/\/e-cristians.cat\/#\/schema\/person\/f0ec475338e49aaef9c9dc9d9f162861"},"description":"Razones por las que debe dimitir el Defensor del Pueblo\u00a0como consecuencia de su recientemente publicado Informe sobre abusos sexuales","breadcrumb":{"@id":"https:\/\/e-cristians.cat\/es\/video-josep-miro-i-ardevol-y-las-razones-por-las-que-debe-dimitir-el-defensor-del-pueblo\/#breadcrumb"},"inLanguage":"es","potentialAction":[{"@type":"ReadAction","target":["https:\/\/e-cristians.cat\/es\/video-josep-miro-i-ardevol-y-las-razones-por-las-que-debe-dimitir-el-defensor-del-pueblo\/"]}]},{"@type":"BreadcrumbList","@id":"https:\/\/e-cristians.cat\/es\/video-josep-miro-i-ardevol-y-las-razones-por-las-que-debe-dimitir-el-defensor-del-pueblo\/#breadcrumb","itemListElement":[{"@type":"ListItem","position":1,"name":"Inici","item":"https:\/\/e-cristians.cat\/es\/"},{"@type":"ListItem","position":2,"name":"V\u00eddeo.- Josep Mir\u00f3 i Ard\u00e8vol y las razones por las que debe dimitir el Defensor del Pueblo"}]},{"@type":"WebSite","@id":"https:\/\/e-cristians.cat\/#website","url":"https:\/\/e-cristians.cat\/","name":"e-Cristians","description":"","potentialAction":[{"@type":"SearchAction","target":{"@type":"EntryPoint","urlTemplate":"https:\/\/e-cristians.cat\/?s={search_term_string}"},"query-input":"required name=search_term_string"}],"inLanguage":"es"},{"@type":"Person","@id":"https:\/\/e-cristians.cat\/#\/schema\/person\/f0ec475338e49aaef9c9dc9d9f162861","name":"e-Cristians","image":{"@type":"ImageObject","inLanguage":"es","@id":"https:\/\/e-cristians.cat\/#\/schema\/person\/image\/","url":"https:\/\/secure.gravatar.com\/avatar\/14bc9e5b0ca69070f1075ad3efcb33c4?s=96&d=mm&r=g","contentUrl":"https:\/\/secure.gravatar.com\/avatar\/14bc9e5b0ca69070f1075ad3efcb33c4?s=96&d=mm&r=g","caption":"e-Cristians"}}]}},"jetpack_sharing_enabled":true,"jetpack_featured_media_url":"https:\/\/e-cristians.cat\/wp-content\/uploads\/2023\/11\/Video-Sr.-Miro-sobre-Informe-Defensor-Pueblo.jpg","_links":{"self":[{"href":"https:\/\/e-cristians.cat\/es\/wp-json\/wp\/v2\/posts\/190420"}],"collection":[{"href":"https:\/\/e-cristians.cat\/es\/wp-json\/wp\/v2\/posts"}],"about":[{"href":"https:\/\/e-cristians.cat\/es\/wp-json\/wp\/v2\/types\/post"}],"author":[{"embeddable":true,"href":"https:\/\/e-cristians.cat\/es\/wp-json\/wp\/v2\/users\/2"}],"replies":[{"embeddable":true,"href":"https:\/\/e-cristians.cat\/es\/wp-json\/wp\/v2\/comments?post=190420"}],"version-history":[{"count":1,"href":"https:\/\/e-cristians.cat\/es\/wp-json\/wp\/v2\/posts\/190420\/revisions"}],"predecessor-version":[{"id":190427,"href":"https:\/\/e-cristians.cat\/es\/wp-json\/wp\/v2\/posts\/190420\/revisions\/190427"}],"wp:featuredmedia":[{"embeddable":true,"href":"https:\/\/e-cristians.cat\/es\/wp-json\/wp\/v2\/media\/190424"}],"wp:attachment":[{"href":"https:\/\/e-cristians.cat\/es\/wp-json\/wp\/v2\/media?parent=190420"}],"wp:term":[{"taxonomy":"category","embeddable":true,"href":"https:\/\/e-cristians.cat\/es\/wp-json\/wp\/v2\/categories?post=190420"},{"taxonomy":"post_tag","embeddable":true,"href":"https:\/\/e-cristians.cat\/es\/wp-json\/wp\/v2\/tags?post=190420"}],"curies":[{"name":"wp","href":"https:\/\/api.w.org\/{rel}","templated":true}]}}