{"id":19068,"date":"2021-09-16T12:29:52","date_gmt":"2021-09-16T10:29:52","guid":{"rendered":"https:\/\/e-cristians.cat\/?p=19068"},"modified":"2021-09-16T12:29:52","modified_gmt":"2021-09-16T10:29:52","slug":"agradecimiento-a-nuestro-obispo-emerito","status":"publish","type":"post","link":"https:\/\/e-cristians.cat\/es\/agradecimiento-a-nuestro-obispo-emerito\/","title":{"rendered":"Agradecimiento a nuestro obispo em\u00e9rito"},"content":{"rendered":"<p><em>\u00c0ngels Costa Garet<\/em><\/p>\n<p>Con el duelo a\u00fan en proceso por la triste noticia de la renuncia de nuestro obispo Xavier, quiero agradecer y dar a conocer al obispo que nosotros hemos conocido.<\/p>\n<p>Recordemos su ordenaci\u00f3n episcopal tan multitudinaria, con aquella fe contagiosa que desvelaba los corazones dudosos.<\/p>\n<p>\u00a1Cu\u00e1nta caridad y paciencia para escuchar y atender a toda persona poni\u00e9ndose a su altura cada vez que visitaba las parroquias! Como si se quisiera acordar de todos&#8230;<\/p>\n<p>Esperanzado siempre, no ahorr\u00f3 dedicaci\u00f3n a nuestros j\u00f3venes organizando con los sacerdotes formaci\u00f3n catequ\u00e9tica y muchas actividades evangelizadoras y divertidas.<\/p>\n<p>Como uno m\u00e1s en el grupo, 15 d\u00edas antes de hacerse p\u00fablica su renuncia emprendi\u00f3 \u00abLa ruta\u00bb de una semana con 30 j\u00f3venes que no dej\u00f3 ni un momento&#8230; \u00a0escuchando, animando y guiando a quien f\u00e1cilmente se pudiera extraviar del camino del Jes\u00fas que \u00e9l tanto ama. Con doctrina clara y la luz de Jes\u00fas, desvanec\u00eda la niebla para que no cayeran en los peligros y trampas que todos encontramos en el camino de la vida. \u00a1Mil gracias! Fiel a su ministerio hasta el \u00faltimo momento, cuando lo m\u00e1s f\u00e1cil era fugarse, fue intercalando en el largo trayecto de cada d\u00eda, oraciones, meditaciones y misa y adoraci\u00f3n al llegar al lugar.<\/p>\n<p>Para mi familia fue un honor poder compartir con \u00e9l una vez m\u00e1s sobremesa, mientras a pocos metros su \u00abreba\u00f1o\u00bb de j\u00f3venes convalec\u00eda del cansancio de tantos kil\u00f3metros, disfrutando de aquella tarde y noche de verano que recuerdan \u00abmuy guay\u00bb. \u00a1C\u00f3mo le quieren y le echan de menos! \u2026 \u00a0\u00a1C\u00f3mo querr\u00edan que este tema fuera una pesadilla!<\/p>\n<p>Ni que decir c\u00f3mo nos duele verlo en un extra\u00f1o camino que no entraba en la hoja de ruta. \u00a1Qu\u00e9 dura prueba! Rogamos mucho para que vuelva al camino que nos asegura la Vida.<\/p>\n<p>Aunque sabemos que es a Cristo a quien seguimos nos duele much\u00edsimo ver c\u00f3mo le destrozan sin respetar ni su persona, ni su dignidad de Pastor, ni los sentimientos de la familia, ni los nuestros. V\u00edctima de enemigos de dentro y fuera de la iglesia, algunos con gran poder y odio, se ensa\u00f1an con mofas y risas, sin compasi\u00f3n de quien puede haber errado el camino lleno de fieras. \u00a1\u00a1No vale!! \u00bfNo lo saben que la iglesia est\u00e1 hecha de personas humanas y que donde hay personas humanas hay miserias humanas? \u00bfQu\u00e9 solo Dios es Santo y perfecto y que la vida que nos debe interesar y meditar es la de Jes\u00fas?<\/p>\n<p>Ahora nos toca practicar las palabras de Jes\u00fas y las meditaciones de nuestro obispo Xavier. \u00abVolved de la parte de Dios\u00bb. Utilizad el taburete de tres patas (oraci\u00f3n, confesi\u00f3n y eucarist\u00eda) para que un d\u00eda podamos cantar de coraz\u00f3n juntos esa canci\u00f3n que cantaban los chicos al volver de las catecol\u00f2nies: \u00abPara\u00edso, yo prefiero el para\u00edso&#8230;\u00bb.<\/p>\n<p>El Se\u00f1or lo retornar\u00e1 a casa, le curar\u00e1 las heridas y le pondr\u00e1 el anillo y el vestido de fiesta.<\/p>\n","protected":false},"excerpt":{"rendered":"<p>\u00c0ngels Costa Garet Con el duelo a\u00fan en proceso por la triste noticia de la renuncia de nuestro obispo Xavier, quiero agradecer y dar a conocer al obispo que nosotros hemos conocido. Recordemos su ordenaci\u00f3n episcopal tan multitudinaria, con aquella fe contagiosa que desvelaba los corazones dudosos. \u00a1Cu\u00e1nta caridad y paciencia para escuchar y atender&#8230;<\/p>\n","protected":false},"author":2,"featured_media":19073,"comment_status":"closed","ping_status":"closed","sticky":false,"template":"","format":"standard","meta":{"_jetpack_memberships_contains_paid_content":false,"footnotes":""},"categories":[33,39],"tags":[208,158],"class_list":["post-19068","post","type-post","status-publish","format-standard","has-post-thumbnail","hentry","category-altres-entitats-informacions-agenda-i-documents-es","category-portada_news-es","tag-obispo-emerito","tag-obispo-xavier-novell"],"yoast_head":"<!-- This site is optimized with the Yoast SEO plugin v20.0 - https:\/\/yoast.com\/wordpress\/plugins\/seo\/ -->\n<title>Agradecimiento a nuestro obispo em\u00e9rito - e-Cristians<\/title>\n<meta name=\"description\" content=\"Con el duelo a\u00fan en proceso por la triste noticia de la renuncia de nuestro obispo Xavier, quiero agradecer y dar a conocer al obispo\" \/>\n<meta name=\"robots\" content=\"index, follow, max-snippet:-1, max-image-preview:large, max-video-preview:-1\" \/>\n<link rel=\"canonical\" href=\"https:\/\/e-cristians.cat\/es\/agradecimiento-a-nuestro-obispo-emerito\/\" \/>\n<meta property=\"og:locale\" content=\"es_ES\" \/>\n<meta property=\"og:type\" content=\"article\" \/>\n<meta property=\"og:title\" content=\"Agradecimiento a nuestro obispo em\u00e9rito - e-Cristians\" \/>\n<meta property=\"og:description\" content=\"Con el duelo a\u00fan en proceso por la triste noticia de la renuncia de nuestro obispo Xavier, quiero agradecer y dar a conocer al obispo\" \/>\n<meta property=\"og:url\" content=\"https:\/\/e-cristians.cat\/es\/agradecimiento-a-nuestro-obispo-emerito\/\" \/>\n<meta property=\"og:site_name\" content=\"e-Cristians\" \/>\n<meta property=\"article:published_time\" content=\"2021-09-16T10:29:52+00:00\" \/>\n<meta property=\"og:image\" content=\"https:\/\/e-cristians.cat\/wp-content\/uploads\/2021\/09\/ae069a34-57fe-4c70-8167-a00bfac72f75_16-9-aspect-ratio_default_1079538.jpg\" \/>\n\t<meta property=\"og:image:width\" content=\"761\" \/>\n\t<meta property=\"og:image:height\" content=\"428\" \/>\n\t<meta property=\"og:image:type\" content=\"image\/jpeg\" \/>\n<meta name=\"author\" content=\"e-Cristians\" \/>\n<meta name=\"twitter:card\" content=\"summary_large_image\" \/>\n<meta name=\"twitter:label1\" content=\"Escrito por\" \/>\n\t<meta name=\"twitter:data1\" content=\"e-Cristians\" \/>\n\t<meta name=\"twitter:label2\" content=\"Tiempo de lectura\" \/>\n\t<meta name=\"twitter:data2\" content=\"3 minutos\" \/>\n<script type=\"application\/ld+json\" class=\"yoast-schema-graph\">{\"@context\":\"https:\/\/schema.org\",\"@graph\":[{\"@type\":\"WebPage\",\"@id\":\"https:\/\/e-cristians.cat\/es\/agradecimiento-a-nuestro-obispo-emerito\/\",\"url\":\"https:\/\/e-cristians.cat\/es\/agradecimiento-a-nuestro-obispo-emerito\/\",\"name\":\"Agradecimiento a nuestro obispo em\u00e9rito - e-Cristians\",\"isPartOf\":{\"@id\":\"https:\/\/e-cristians.cat\/#website\"},\"datePublished\":\"2021-09-16T10:29:52+00:00\",\"dateModified\":\"2021-09-16T10:29:52+00:00\",\"author\":{\"@id\":\"https:\/\/e-cristians.cat\/#\/schema\/person\/f0ec475338e49aaef9c9dc9d9f162861\"},\"description\":\"Con el duelo a\u00fan en proceso por la triste noticia de la renuncia de nuestro obispo Xavier, quiero agradecer y dar a conocer al obispo\",\"breadcrumb\":{\"@id\":\"https:\/\/e-cristians.cat\/es\/agradecimiento-a-nuestro-obispo-emerito\/#breadcrumb\"},\"inLanguage\":\"es\",\"potentialAction\":[{\"@type\":\"ReadAction\",\"target\":[\"https:\/\/e-cristians.cat\/es\/agradecimiento-a-nuestro-obispo-emerito\/\"]}]},{\"@type\":\"BreadcrumbList\",\"@id\":\"https:\/\/e-cristians.cat\/es\/agradecimiento-a-nuestro-obispo-emerito\/#breadcrumb\",\"itemListElement\":[{\"@type\":\"ListItem\",\"position\":1,\"name\":\"Inici\",\"item\":\"https:\/\/e-cristians.cat\/es\/\"},{\"@type\":\"ListItem\",\"position\":2,\"name\":\"Agradecimiento a nuestro obispo em\u00e9rito\"}]},{\"@type\":\"WebSite\",\"@id\":\"https:\/\/e-cristians.cat\/#website\",\"url\":\"https:\/\/e-cristians.cat\/\",\"name\":\"e-Cristians\",\"description\":\"\",\"potentialAction\":[{\"@type\":\"SearchAction\",\"target\":{\"@type\":\"EntryPoint\",\"urlTemplate\":\"https:\/\/e-cristians.cat\/?s={search_term_string}\"},\"query-input\":\"required name=search_term_string\"}],\"inLanguage\":\"es\"},{\"@type\":\"Person\",\"@id\":\"https:\/\/e-cristians.cat\/#\/schema\/person\/f0ec475338e49aaef9c9dc9d9f162861\",\"name\":\"e-Cristians\",\"image\":{\"@type\":\"ImageObject\",\"inLanguage\":\"es\",\"@id\":\"https:\/\/e-cristians.cat\/#\/schema\/person\/image\/\",\"url\":\"https:\/\/secure.gravatar.com\/avatar\/14bc9e5b0ca69070f1075ad3efcb33c4?s=96&d=mm&r=g\",\"contentUrl\":\"https:\/\/secure.gravatar.com\/avatar\/14bc9e5b0ca69070f1075ad3efcb33c4?s=96&d=mm&r=g\",\"caption\":\"e-Cristians\"}}]}<\/script>\n<!-- \/ Yoast SEO plugin. -->","yoast_head_json":{"title":"Agradecimiento a nuestro obispo em\u00e9rito - e-Cristians","description":"Con el duelo a\u00fan en proceso por la triste noticia de la renuncia de nuestro obispo Xavier, quiero agradecer y dar a conocer al obispo","robots":{"index":"index","follow":"follow","max-snippet":"max-snippet:-1","max-image-preview":"max-image-preview:large","max-video-preview":"max-video-preview:-1"},"canonical":"https:\/\/e-cristians.cat\/es\/agradecimiento-a-nuestro-obispo-emerito\/","og_locale":"es_ES","og_type":"article","og_title":"Agradecimiento a nuestro obispo em\u00e9rito - e-Cristians","og_description":"Con el duelo a\u00fan en proceso por la triste noticia de la renuncia de nuestro obispo Xavier, quiero agradecer y dar a conocer al obispo","og_url":"https:\/\/e-cristians.cat\/es\/agradecimiento-a-nuestro-obispo-emerito\/","og_site_name":"e-Cristians","article_published_time":"2021-09-16T10:29:52+00:00","og_image":[{"width":761,"height":428,"url":"https:\/\/e-cristians.cat\/wp-content\/uploads\/2021\/09\/ae069a34-57fe-4c70-8167-a00bfac72f75_16-9-aspect-ratio_default_1079538.jpg","type":"image\/jpeg"}],"author":"e-Cristians","twitter_card":"summary_large_image","twitter_misc":{"Escrito por":"e-Cristians","Tiempo de lectura":"3 minutos"},"schema":{"@context":"https:\/\/schema.org","@graph":[{"@type":"WebPage","@id":"https:\/\/e-cristians.cat\/es\/agradecimiento-a-nuestro-obispo-emerito\/","url":"https:\/\/e-cristians.cat\/es\/agradecimiento-a-nuestro-obispo-emerito\/","name":"Agradecimiento a nuestro obispo em\u00e9rito - e-Cristians","isPartOf":{"@id":"https:\/\/e-cristians.cat\/#website"},"datePublished":"2021-09-16T10:29:52+00:00","dateModified":"2021-09-16T10:29:52+00:00","author":{"@id":"https:\/\/e-cristians.cat\/#\/schema\/person\/f0ec475338e49aaef9c9dc9d9f162861"},"description":"Con el duelo a\u00fan en proceso por la triste noticia de la renuncia de nuestro obispo Xavier, quiero agradecer y dar a conocer al obispo","breadcrumb":{"@id":"https:\/\/e-cristians.cat\/es\/agradecimiento-a-nuestro-obispo-emerito\/#breadcrumb"},"inLanguage":"es","potentialAction":[{"@type":"ReadAction","target":["https:\/\/e-cristians.cat\/es\/agradecimiento-a-nuestro-obispo-emerito\/"]}]},{"@type":"BreadcrumbList","@id":"https:\/\/e-cristians.cat\/es\/agradecimiento-a-nuestro-obispo-emerito\/#breadcrumb","itemListElement":[{"@type":"ListItem","position":1,"name":"Inici","item":"https:\/\/e-cristians.cat\/es\/"},{"@type":"ListItem","position":2,"name":"Agradecimiento a nuestro obispo em\u00e9rito"}]},{"@type":"WebSite","@id":"https:\/\/e-cristians.cat\/#website","url":"https:\/\/e-cristians.cat\/","name":"e-Cristians","description":"","potentialAction":[{"@type":"SearchAction","target":{"@type":"EntryPoint","urlTemplate":"https:\/\/e-cristians.cat\/?s={search_term_string}"},"query-input":"required name=search_term_string"}],"inLanguage":"es"},{"@type":"Person","@id":"https:\/\/e-cristians.cat\/#\/schema\/person\/f0ec475338e49aaef9c9dc9d9f162861","name":"e-Cristians","image":{"@type":"ImageObject","inLanguage":"es","@id":"https:\/\/e-cristians.cat\/#\/schema\/person\/image\/","url":"https:\/\/secure.gravatar.com\/avatar\/14bc9e5b0ca69070f1075ad3efcb33c4?s=96&d=mm&r=g","contentUrl":"https:\/\/secure.gravatar.com\/avatar\/14bc9e5b0ca69070f1075ad3efcb33c4?s=96&d=mm&r=g","caption":"e-Cristians"}}]}},"jetpack_sharing_enabled":true,"jetpack_featured_media_url":"https:\/\/e-cristians.cat\/wp-content\/uploads\/2021\/09\/ae069a34-57fe-4c70-8167-a00bfac72f75_16-9-aspect-ratio_default_1079538.jpg","_links":{"self":[{"href":"https:\/\/e-cristians.cat\/es\/wp-json\/wp\/v2\/posts\/19068"}],"collection":[{"href":"https:\/\/e-cristians.cat\/es\/wp-json\/wp\/v2\/posts"}],"about":[{"href":"https:\/\/e-cristians.cat\/es\/wp-json\/wp\/v2\/types\/post"}],"author":[{"embeddable":true,"href":"https:\/\/e-cristians.cat\/es\/wp-json\/wp\/v2\/users\/2"}],"replies":[{"embeddable":true,"href":"https:\/\/e-cristians.cat\/es\/wp-json\/wp\/v2\/comments?post=19068"}],"version-history":[{"count":1,"href":"https:\/\/e-cristians.cat\/es\/wp-json\/wp\/v2\/posts\/19068\/revisions"}],"predecessor-version":[{"id":19075,"href":"https:\/\/e-cristians.cat\/es\/wp-json\/wp\/v2\/posts\/19068\/revisions\/19075"}],"wp:featuredmedia":[{"embeddable":true,"href":"https:\/\/e-cristians.cat\/es\/wp-json\/wp\/v2\/media\/19073"}],"wp:attachment":[{"href":"https:\/\/e-cristians.cat\/es\/wp-json\/wp\/v2\/media?parent=19068"}],"wp:term":[{"taxonomy":"category","embeddable":true,"href":"https:\/\/e-cristians.cat\/es\/wp-json\/wp\/v2\/categories?post=19068"},{"taxonomy":"post_tag","embeddable":true,"href":"https:\/\/e-cristians.cat\/es\/wp-json\/wp\/v2\/tags?post=19068"}],"curies":[{"name":"wp","href":"https:\/\/api.w.org\/{rel}","templated":true}]}}