{"id":1919,"date":"2020-11-05T15:49:18","date_gmt":"2020-11-05T14:49:18","guid":{"rendered":"https:\/\/e-cristians.cat\/?p=1919"},"modified":"2020-11-05T15:49:18","modified_gmt":"2020-11-05T14:49:18","slug":"terrorismo-islamico-feminismo-polaco-antisistema-chilenos-memoria-historica-y-macron","status":"publish","type":"post","link":"https:\/\/e-cristians.cat\/es\/terrorismo-islamico-feminismo-polaco-antisistema-chilenos-memoria-historica-y-macron\/","title":{"rendered":"Terrorismo isl\u00e1mico, feminismo polaco, antisistema chilenos, memoria hist\u00f3rica y Macron"},"content":{"rendered":"<p><em>De ForumLibertas.com<\/em><\/p>\n<p>Menuda mezcla la del t\u00edtulo. Nada tiene que ver con nada. \u00bfO acaso se trata de buscar coincidencias forzadas, artificiales? Claro que no existe tal prop\u00f3sito. Se trata de resaltar una coincidencia entre todos aquellos hechos realmente dispares: la Iglesia, mejor dicho, el ataque a la Iglesia. <a href=\"https:\/\/www.forumlibertas.com\/terrorismo-islamico-feminismo-polaco-antisistema-chilenos-memoria-historica-y-macron\/\" target=\"_blank\" rel=\"noopener noreferrer\">Leer m\u00e1s.<\/a><\/p>\n","protected":false},"excerpt":{"rendered":"<p>De ForumLibertas.com Menuda mezcla la del t\u00edtulo. Nada tiene que ver con nada. \u00bfO acaso se trata de buscar coincidencias forzadas, artificiales? Claro que no existe tal prop\u00f3sito. Se trata de resaltar una coincidencia entre todos aquellos hechos realmente dispares: la Iglesia, mejor dicho, el ataque a la Iglesia. Leer m\u00e1s.<\/p>\n","protected":false},"author":2,"featured_media":1920,"comment_status":"closed","ping_status":"closed","sticky":false,"template":"","format":"standard","meta":{"_jetpack_memberships_contains_paid_content":false,"footnotes":""},"categories":[34],"tags":[],"class_list":["post-1919","post","type-post","status-publish","format-standard","has-post-thumbnail","hentry","category-editorials-i-blogs-de-forumlibertas-es"],"yoast_head":"<!-- This site is optimized with the Yoast SEO plugin v20.0 - https:\/\/yoast.com\/wordpress\/plugins\/seo\/ -->\n<title>Terrorismo isl\u00e1mico, feminismo polaco, antisistema chilenos, memoria hist\u00f3rica y Macron - e-Cristians<\/title>\n<meta name=\"robots\" content=\"noindex, nofollow\" \/>\n<meta property=\"og:locale\" content=\"es_ES\" \/>\n<meta property=\"og:type\" content=\"article\" \/>\n<meta property=\"og:title\" content=\"Terrorismo isl\u00e1mico, feminismo polaco, antisistema chilenos, memoria hist\u00f3rica y Macron - e-Cristians\" \/>\n<meta property=\"og:description\" content=\"De ForumLibertas.com Menuda mezcla la del t\u00edtulo. Nada tiene que ver con nada. \u00bfO acaso se trata de buscar coincidencias forzadas, artificiales? Claro que no existe tal prop\u00f3sito. Se trata de resaltar una coincidencia entre todos aquellos hechos realmente dispares: la Iglesia, mejor dicho, el ataque a la Iglesia. Leer m\u00e1s.\" \/>\n<meta property=\"og:url\" content=\"https:\/\/e-cristians.cat\/es\/terrorismo-islamico-feminismo-polaco-antisistema-chilenos-memoria-historica-y-macron\/\" \/>\n<meta property=\"og:site_name\" content=\"e-Cristians\" \/>\n<meta property=\"article:published_time\" content=\"2020-11-05T14:49:18+00:00\" \/>\n<meta property=\"og:image\" content=\"https:\/\/e-cristians.cat\/wp-content\/uploads\/2020\/11\/atentado-terrorista-niza-600x337-1.jpg\" \/>\n\t<meta property=\"og:image:width\" content=\"600\" \/>\n\t<meta property=\"og:image:height\" content=\"337\" \/>\n\t<meta property=\"og:image:type\" content=\"image\/jpeg\" \/>\n<meta name=\"author\" content=\"e-Cristians\" \/>\n<meta name=\"twitter:card\" content=\"summary_large_image\" \/>\n<meta name=\"twitter:label1\" content=\"Escrito por\" \/>\n\t<meta name=\"twitter:data1\" content=\"e-Cristians\" \/>\n<script type=\"application\/ld+json\" class=\"yoast-schema-graph\">{\"@context\":\"https:\/\/schema.org\",\"@graph\":[{\"@type\":\"WebPage\",\"@id\":\"https:\/\/e-cristians.cat\/es\/terrorismo-islamico-feminismo-polaco-antisistema-chilenos-memoria-historica-y-macron\/\",\"url\":\"https:\/\/e-cristians.cat\/es\/terrorismo-islamico-feminismo-polaco-antisistema-chilenos-memoria-historica-y-macron\/\",\"name\":\"Terrorismo isl\u00e1mico, feminismo polaco, antisistema chilenos, memoria hist\u00f3rica y Macron - e-Cristians\",\"isPartOf\":{\"@id\":\"https:\/\/e-cristians.cat\/#website\"},\"datePublished\":\"2020-11-05T14:49:18+00:00\",\"dateModified\":\"2020-11-05T14:49:18+00:00\",\"author\":{\"@id\":\"https:\/\/e-cristians.cat\/#\/schema\/person\/f0ec475338e49aaef9c9dc9d9f162861\"},\"breadcrumb\":{\"@id\":\"https:\/\/e-cristians.cat\/es\/terrorismo-islamico-feminismo-polaco-antisistema-chilenos-memoria-historica-y-macron\/#breadcrumb\"},\"inLanguage\":\"es\",\"potentialAction\":[{\"@type\":\"ReadAction\",\"target\":[\"https:\/\/e-cristians.cat\/es\/terrorismo-islamico-feminismo-polaco-antisistema-chilenos-memoria-historica-y-macron\/\"]}]},{\"@type\":\"BreadcrumbList\",\"@id\":\"https:\/\/e-cristians.cat\/es\/terrorismo-islamico-feminismo-polaco-antisistema-chilenos-memoria-historica-y-macron\/#breadcrumb\",\"itemListElement\":[{\"@type\":\"ListItem\",\"position\":1,\"name\":\"Inici\",\"item\":\"https:\/\/e-cristians.cat\/es\/\"},{\"@type\":\"ListItem\",\"position\":2,\"name\":\"Terrorismo isl\u00e1mico, feminismo polaco, antisistema chilenos, memoria hist\u00f3rica y Macron\"}]},{\"@type\":\"WebSite\",\"@id\":\"https:\/\/e-cristians.cat\/#website\",\"url\":\"https:\/\/e-cristians.cat\/\",\"name\":\"e-Cristians\",\"description\":\"\",\"potentialAction\":[{\"@type\":\"SearchAction\",\"target\":{\"@type\":\"EntryPoint\",\"urlTemplate\":\"https:\/\/e-cristians.cat\/?s={search_term_string}\"},\"query-input\":\"required name=search_term_string\"}],\"inLanguage\":\"es\"},{\"@type\":\"Person\",\"@id\":\"https:\/\/e-cristians.cat\/#\/schema\/person\/f0ec475338e49aaef9c9dc9d9f162861\",\"name\":\"e-Cristians\",\"image\":{\"@type\":\"ImageObject\",\"inLanguage\":\"es\",\"@id\":\"https:\/\/e-cristians.cat\/#\/schema\/person\/image\/\",\"url\":\"https:\/\/secure.gravatar.com\/avatar\/14bc9e5b0ca69070f1075ad3efcb33c4?s=96&d=mm&r=g\",\"contentUrl\":\"https:\/\/secure.gravatar.com\/avatar\/14bc9e5b0ca69070f1075ad3efcb33c4?s=96&d=mm&r=g\",\"caption\":\"e-Cristians\"}}]}<\/script>\n<!-- \/ Yoast SEO plugin. -->","yoast_head_json":{"title":"Terrorismo isl\u00e1mico, feminismo polaco, antisistema chilenos, memoria hist\u00f3rica y Macron - e-Cristians","robots":{"index":"noindex","follow":"nofollow"},"og_locale":"es_ES","og_type":"article","og_title":"Terrorismo isl\u00e1mico, feminismo polaco, antisistema chilenos, memoria hist\u00f3rica y Macron - e-Cristians","og_description":"De ForumLibertas.com Menuda mezcla la del t\u00edtulo. Nada tiene que ver con nada. \u00bfO acaso se trata de buscar coincidencias forzadas, artificiales? Claro que no existe tal prop\u00f3sito. Se trata de resaltar una coincidencia entre todos aquellos hechos realmente dispares: la Iglesia, mejor dicho, el ataque a la Iglesia. Leer m\u00e1s.","og_url":"https:\/\/e-cristians.cat\/es\/terrorismo-islamico-feminismo-polaco-antisistema-chilenos-memoria-historica-y-macron\/","og_site_name":"e-Cristians","article_published_time":"2020-11-05T14:49:18+00:00","og_image":[{"width":600,"height":337,"url":"https:\/\/e-cristians.cat\/wp-content\/uploads\/2020\/11\/atentado-terrorista-niza-600x337-1.jpg","type":"image\/jpeg"}],"author":"e-Cristians","twitter_card":"summary_large_image","twitter_misc":{"Escrito por":"e-Cristians"},"schema":{"@context":"https:\/\/schema.org","@graph":[{"@type":"WebPage","@id":"https:\/\/e-cristians.cat\/es\/terrorismo-islamico-feminismo-polaco-antisistema-chilenos-memoria-historica-y-macron\/","url":"https:\/\/e-cristians.cat\/es\/terrorismo-islamico-feminismo-polaco-antisistema-chilenos-memoria-historica-y-macron\/","name":"Terrorismo isl\u00e1mico, feminismo polaco, antisistema chilenos, memoria hist\u00f3rica y Macron - e-Cristians","isPartOf":{"@id":"https:\/\/e-cristians.cat\/#website"},"datePublished":"2020-11-05T14:49:18+00:00","dateModified":"2020-11-05T14:49:18+00:00","author":{"@id":"https:\/\/e-cristians.cat\/#\/schema\/person\/f0ec475338e49aaef9c9dc9d9f162861"},"breadcrumb":{"@id":"https:\/\/e-cristians.cat\/es\/terrorismo-islamico-feminismo-polaco-antisistema-chilenos-memoria-historica-y-macron\/#breadcrumb"},"inLanguage":"es","potentialAction":[{"@type":"ReadAction","target":["https:\/\/e-cristians.cat\/es\/terrorismo-islamico-feminismo-polaco-antisistema-chilenos-memoria-historica-y-macron\/"]}]},{"@type":"BreadcrumbList","@id":"https:\/\/e-cristians.cat\/es\/terrorismo-islamico-feminismo-polaco-antisistema-chilenos-memoria-historica-y-macron\/#breadcrumb","itemListElement":[{"@type":"ListItem","position":1,"name":"Inici","item":"https:\/\/e-cristians.cat\/es\/"},{"@type":"ListItem","position":2,"name":"Terrorismo isl\u00e1mico, feminismo polaco, antisistema chilenos, memoria hist\u00f3rica y Macron"}]},{"@type":"WebSite","@id":"https:\/\/e-cristians.cat\/#website","url":"https:\/\/e-cristians.cat\/","name":"e-Cristians","description":"","potentialAction":[{"@type":"SearchAction","target":{"@type":"EntryPoint","urlTemplate":"https:\/\/e-cristians.cat\/?s={search_term_string}"},"query-input":"required name=search_term_string"}],"inLanguage":"es"},{"@type":"Person","@id":"https:\/\/e-cristians.cat\/#\/schema\/person\/f0ec475338e49aaef9c9dc9d9f162861","name":"e-Cristians","image":{"@type":"ImageObject","inLanguage":"es","@id":"https:\/\/e-cristians.cat\/#\/schema\/person\/image\/","url":"https:\/\/secure.gravatar.com\/avatar\/14bc9e5b0ca69070f1075ad3efcb33c4?s=96&d=mm&r=g","contentUrl":"https:\/\/secure.gravatar.com\/avatar\/14bc9e5b0ca69070f1075ad3efcb33c4?s=96&d=mm&r=g","caption":"e-Cristians"}}]}},"jetpack_sharing_enabled":true,"jetpack_featured_media_url":"https:\/\/e-cristians.cat\/wp-content\/uploads\/2020\/11\/atentado-terrorista-niza-600x337-1.jpg","_links":{"self":[{"href":"https:\/\/e-cristians.cat\/es\/wp-json\/wp\/v2\/posts\/1919"}],"collection":[{"href":"https:\/\/e-cristians.cat\/es\/wp-json\/wp\/v2\/posts"}],"about":[{"href":"https:\/\/e-cristians.cat\/es\/wp-json\/wp\/v2\/types\/post"}],"author":[{"embeddable":true,"href":"https:\/\/e-cristians.cat\/es\/wp-json\/wp\/v2\/users\/2"}],"replies":[{"embeddable":true,"href":"https:\/\/e-cristians.cat\/es\/wp-json\/wp\/v2\/comments?post=1919"}],"version-history":[{"count":1,"href":"https:\/\/e-cristians.cat\/es\/wp-json\/wp\/v2\/posts\/1919\/revisions"}],"predecessor-version":[{"id":1922,"href":"https:\/\/e-cristians.cat\/es\/wp-json\/wp\/v2\/posts\/1919\/revisions\/1922"}],"wp:featuredmedia":[{"embeddable":true,"href":"https:\/\/e-cristians.cat\/es\/wp-json\/wp\/v2\/media\/1920"}],"wp:attachment":[{"href":"https:\/\/e-cristians.cat\/es\/wp-json\/wp\/v2\/media?parent=1919"}],"wp:term":[{"taxonomy":"category","embeddable":true,"href":"https:\/\/e-cristians.cat\/es\/wp-json\/wp\/v2\/categories?post=1919"},{"taxonomy":"post_tag","embeddable":true,"href":"https:\/\/e-cristians.cat\/es\/wp-json\/wp\/v2\/tags?post=1919"}],"curies":[{"name":"wp","href":"https:\/\/api.w.org\/{rel}","templated":true}]}}