{"id":198752,"date":"2023-11-16T15:42:47","date_gmt":"2023-11-16T14:42:47","guid":{"rendered":"https:\/\/e-cristians.cat\/?p=198752"},"modified":"2023-11-16T15:44:48","modified_gmt":"2023-11-16T14:44:48","slug":"conferencia-la-situacion-politica-al-terminar-la-segunda-guerra-mundial-la-democracia-y-renovada-a-la-luz-del-radiomensaje-navideno-benignitas-et-humanitas-de-pio-xii","status":"publish","type":"post","link":"https:\/\/e-cristians.cat\/es\/conferencia-la-situacion-politica-al-terminar-la-segunda-guerra-mundial-la-democracia-y-renovada-a-la-luz-del-radiomensaje-navideno-benignitas-et-humanitas-de-pio-xii\/","title":{"rendered":"Conferencia \u201cLa situaci\u00f3n pol\u00edtica al terminar la segunda guerra mundial. La democracia y renovada a la luz del radiomensaje navide\u00f1o &#8216;Benignitas et Humanitas&#8217;, de P\u00edo XII\u00bb"},"content":{"rendered":"<p>En el marco del <a href=\"https:\/\/e-cristians.cat\/es\/curso-de-historia-politica-a-la-luz-del-magisterio-pontificio-2\/\" target=\"_blank\" rel=\"noopener\">Curso de historia pol\u00edtica a la luz del Magisterio Pontificio<\/a> organizado por la Fundaci\u00f3 Educat, no te pierdas la conferencia a cargo de Josep Mir\u00f3 i Ard\u00e8vol: <em><strong>\u201cLa situaci\u00f3n pol\u00edtica al terminar la segunda guerra mundial. La democracia y renovada a la luz del radiomensaje navide\u00f1o &#8216;Benignitas et Humanitas&#8217;, de P\u00edo XII\u00bb<\/strong><\/em>.<\/p>\n<p>D\u00eda: Jueves, <strong>14 de Diciembre<\/strong> de 2023<\/p>\n<p>Hora: <strong>19:30 h.<\/strong><\/p>\n<p>Lugar: Locales de la <strong>Parroquia Sant Gregori Taumaturg<\/strong>\u00a0(Barcelona).<\/p>\n<p>M\u00e1s informaci\u00f3n e inscripci\u00f3n: <a href=\"mailto:fundacioeducat@gmail.com\" target=\"_blank\" rel=\"noopener\">fundacioeducat@gmail.com<\/a><\/p>\n","protected":false},"excerpt":{"rendered":"<p>En el marco del Curso de historia pol\u00edtica a la luz del Magisterio Pontificio organizado por la Fundaci\u00f3 Educat, no te pierdas la conferencia a cargo de Josep Mir\u00f3 i Ard\u00e8vol: \u201cLa situaci\u00f3n pol\u00edtica al terminar la segunda guerra mundial. La democracia y renovada a la luz del radiomensaje navide\u00f1o &#8216;Benignitas et Humanitas&#8217;, de P\u00edo&#8230;<\/p>\n","protected":false},"author":2,"featured_media":198723,"comment_status":"closed","ping_status":"closed","sticky":false,"template":"","format":"standard","meta":{"_jetpack_memberships_contains_paid_content":false,"footnotes":""},"categories":[35,39],"tags":[],"class_list":["post-198752","post","type-post","status-publish","format-standard","has-post-thumbnail","hentry","category-informacions-i-agenda-de-cristians-es","category-portada_news-es"],"yoast_head":"<!-- This site is optimized with the Yoast SEO plugin v20.0 - https:\/\/yoast.com\/wordpress\/plugins\/seo\/ -->\n<title>Conferencia \u201cLa situaci\u00f3n pol\u00edtica al terminar la segunda guerra mundial. La democracia y renovada a la luz del radiomensaje navide\u00f1o &#039;Benignitas et Humanitas&#039;, de P\u00edo XII&quot; - e-Cristians<\/title>\n<meta name=\"robots\" content=\"noindex, nofollow\" \/>\n<meta property=\"og:locale\" content=\"es_ES\" \/>\n<meta property=\"og:type\" content=\"article\" \/>\n<meta property=\"og:title\" content=\"Conferencia \u201cLa situaci\u00f3n pol\u00edtica al terminar la segunda guerra mundial. La democracia y renovada a la luz del radiomensaje navide\u00f1o &#039;Benignitas et Humanitas&#039;, de P\u00edo XII&quot; - e-Cristians\" \/>\n<meta property=\"og:description\" content=\"En el marco del Curso de historia pol\u00edtica a la luz del Magisterio Pontificio organizado por la Fundaci\u00f3 Educat, no te pierdas la conferencia a cargo de Josep Mir\u00f3 i Ard\u00e8vol: \u201cLa situaci\u00f3n pol\u00edtica al terminar la segunda guerra mundial. La democracia y renovada a la luz del radiomensaje navide\u00f1o &#8216;Benignitas et Humanitas&#8217;, de P\u00edo...\" \/>\n<meta property=\"og:url\" content=\"https:\/\/e-cristians.cat\/es\/conferencia-la-situacion-politica-al-terminar-la-segunda-guerra-mundial-la-democracia-y-renovada-a-la-luz-del-radiomensaje-navideno-benignitas-et-humanitas-de-pio-xii\/\" \/>\n<meta property=\"og:site_name\" content=\"e-Cristians\" \/>\n<meta property=\"article:published_time\" content=\"2023-11-16T14:42:47+00:00\" \/>\n<meta property=\"article:modified_time\" content=\"2023-11-16T14:44:48+00:00\" \/>\n<meta property=\"og:image\" content=\"https:\/\/e-cristians.cat\/wp-content\/uploads\/2023\/11\/Pio-XII_20901-1024x597-1.jpg\" \/>\n\t<meta property=\"og:image:width\" content=\"1024\" \/>\n\t<meta property=\"og:image:height\" content=\"597\" \/>\n\t<meta property=\"og:image:type\" content=\"image\/jpeg\" \/>\n<meta name=\"author\" content=\"e-Cristians\" \/>\n<meta name=\"twitter:card\" content=\"summary_large_image\" \/>\n<meta name=\"twitter:label1\" content=\"Escrito por\" \/>\n\t<meta name=\"twitter:data1\" content=\"e-Cristians\" \/>\n\t<meta name=\"twitter:label2\" content=\"Tiempo de lectura\" \/>\n\t<meta name=\"twitter:data2\" content=\"1 minuto\" \/>\n<script type=\"application\/ld+json\" class=\"yoast-schema-graph\">{\"@context\":\"https:\/\/schema.org\",\"@graph\":[{\"@type\":\"WebPage\",\"@id\":\"https:\/\/e-cristians.cat\/es\/conferencia-la-situacion-politica-al-terminar-la-segunda-guerra-mundial-la-democracia-y-renovada-a-la-luz-del-radiomensaje-navideno-benignitas-et-humanitas-de-pio-xii\/\",\"url\":\"https:\/\/e-cristians.cat\/es\/conferencia-la-situacion-politica-al-terminar-la-segunda-guerra-mundial-la-democracia-y-renovada-a-la-luz-del-radiomensaje-navideno-benignitas-et-humanitas-de-pio-xii\/\",\"name\":\"Conferencia \u201cLa situaci\u00f3n pol\u00edtica al terminar la segunda guerra mundial. La democracia y renovada a la luz del radiomensaje navide\u00f1o 'Benignitas et Humanitas', de P\u00edo XII\\\" - e-Cristians\",\"isPartOf\":{\"@id\":\"https:\/\/e-cristians.cat\/#website\"},\"datePublished\":\"2023-11-16T14:42:47+00:00\",\"dateModified\":\"2023-11-16T14:44:48+00:00\",\"author\":{\"@id\":\"https:\/\/e-cristians.cat\/#\/schema\/person\/f0ec475338e49aaef9c9dc9d9f162861\"},\"breadcrumb\":{\"@id\":\"https:\/\/e-cristians.cat\/es\/conferencia-la-situacion-politica-al-terminar-la-segunda-guerra-mundial-la-democracia-y-renovada-a-la-luz-del-radiomensaje-navideno-benignitas-et-humanitas-de-pio-xii\/#breadcrumb\"},\"inLanguage\":\"es\",\"potentialAction\":[{\"@type\":\"ReadAction\",\"target\":[\"https:\/\/e-cristians.cat\/es\/conferencia-la-situacion-politica-al-terminar-la-segunda-guerra-mundial-la-democracia-y-renovada-a-la-luz-del-radiomensaje-navideno-benignitas-et-humanitas-de-pio-xii\/\"]}]},{\"@type\":\"BreadcrumbList\",\"@id\":\"https:\/\/e-cristians.cat\/es\/conferencia-la-situacion-politica-al-terminar-la-segunda-guerra-mundial-la-democracia-y-renovada-a-la-luz-del-radiomensaje-navideno-benignitas-et-humanitas-de-pio-xii\/#breadcrumb\",\"itemListElement\":[{\"@type\":\"ListItem\",\"position\":1,\"name\":\"Inici\",\"item\":\"https:\/\/e-cristians.cat\/es\/\"},{\"@type\":\"ListItem\",\"position\":2,\"name\":\"Conferencia \u201cLa situaci\u00f3n pol\u00edtica al terminar la segunda guerra mundial. La democracia y renovada a la luz del radiomensaje navide\u00f1o &#8216;Benignitas et Humanitas&#8217;, de P\u00edo XII&#8221;\"}]},{\"@type\":\"WebSite\",\"@id\":\"https:\/\/e-cristians.cat\/#website\",\"url\":\"https:\/\/e-cristians.cat\/\",\"name\":\"e-Cristians\",\"description\":\"\",\"potentialAction\":[{\"@type\":\"SearchAction\",\"target\":{\"@type\":\"EntryPoint\",\"urlTemplate\":\"https:\/\/e-cristians.cat\/?s={search_term_string}\"},\"query-input\":\"required name=search_term_string\"}],\"inLanguage\":\"es\"},{\"@type\":\"Person\",\"@id\":\"https:\/\/e-cristians.cat\/#\/schema\/person\/f0ec475338e49aaef9c9dc9d9f162861\",\"name\":\"e-Cristians\",\"image\":{\"@type\":\"ImageObject\",\"inLanguage\":\"es\",\"@id\":\"https:\/\/e-cristians.cat\/#\/schema\/person\/image\/\",\"url\":\"https:\/\/secure.gravatar.com\/avatar\/14bc9e5b0ca69070f1075ad3efcb33c4?s=96&d=mm&r=g\",\"contentUrl\":\"https:\/\/secure.gravatar.com\/avatar\/14bc9e5b0ca69070f1075ad3efcb33c4?s=96&d=mm&r=g\",\"caption\":\"e-Cristians\"}}]}<\/script>\n<!-- \/ Yoast SEO plugin. -->","yoast_head_json":{"title":"Conferencia \u201cLa situaci\u00f3n pol\u00edtica al terminar la segunda guerra mundial. La democracia y renovada a la luz del radiomensaje navide\u00f1o 'Benignitas et Humanitas', de P\u00edo XII\" - e-Cristians","robots":{"index":"noindex","follow":"nofollow"},"og_locale":"es_ES","og_type":"article","og_title":"Conferencia \u201cLa situaci\u00f3n pol\u00edtica al terminar la segunda guerra mundial. La democracia y renovada a la luz del radiomensaje navide\u00f1o 'Benignitas et Humanitas', de P\u00edo XII\" - e-Cristians","og_description":"En el marco del Curso de historia pol\u00edtica a la luz del Magisterio Pontificio organizado por la Fundaci\u00f3 Educat, no te pierdas la conferencia a cargo de Josep Mir\u00f3 i Ard\u00e8vol: \u201cLa situaci\u00f3n pol\u00edtica al terminar la segunda guerra mundial. La democracia y renovada a la luz del radiomensaje navide\u00f1o &#8216;Benignitas et Humanitas&#8217;, de P\u00edo...","og_url":"https:\/\/e-cristians.cat\/es\/conferencia-la-situacion-politica-al-terminar-la-segunda-guerra-mundial-la-democracia-y-renovada-a-la-luz-del-radiomensaje-navideno-benignitas-et-humanitas-de-pio-xii\/","og_site_name":"e-Cristians","article_published_time":"2023-11-16T14:42:47+00:00","article_modified_time":"2023-11-16T14:44:48+00:00","og_image":[{"width":1024,"height":597,"url":"https:\/\/e-cristians.cat\/wp-content\/uploads\/2023\/11\/Pio-XII_20901-1024x597-1.jpg","type":"image\/jpeg"}],"author":"e-Cristians","twitter_card":"summary_large_image","twitter_misc":{"Escrito por":"e-Cristians","Tiempo de lectura":"1 minuto"},"schema":{"@context":"https:\/\/schema.org","@graph":[{"@type":"WebPage","@id":"https:\/\/e-cristians.cat\/es\/conferencia-la-situacion-politica-al-terminar-la-segunda-guerra-mundial-la-democracia-y-renovada-a-la-luz-del-radiomensaje-navideno-benignitas-et-humanitas-de-pio-xii\/","url":"https:\/\/e-cristians.cat\/es\/conferencia-la-situacion-politica-al-terminar-la-segunda-guerra-mundial-la-democracia-y-renovada-a-la-luz-del-radiomensaje-navideno-benignitas-et-humanitas-de-pio-xii\/","name":"Conferencia \u201cLa situaci\u00f3n pol\u00edtica al terminar la segunda guerra mundial. La democracia y renovada a la luz del radiomensaje navide\u00f1o 'Benignitas et Humanitas', de P\u00edo XII\" - e-Cristians","isPartOf":{"@id":"https:\/\/e-cristians.cat\/#website"},"datePublished":"2023-11-16T14:42:47+00:00","dateModified":"2023-11-16T14:44:48+00:00","author":{"@id":"https:\/\/e-cristians.cat\/#\/schema\/person\/f0ec475338e49aaef9c9dc9d9f162861"},"breadcrumb":{"@id":"https:\/\/e-cristians.cat\/es\/conferencia-la-situacion-politica-al-terminar-la-segunda-guerra-mundial-la-democracia-y-renovada-a-la-luz-del-radiomensaje-navideno-benignitas-et-humanitas-de-pio-xii\/#breadcrumb"},"inLanguage":"es","potentialAction":[{"@type":"ReadAction","target":["https:\/\/e-cristians.cat\/es\/conferencia-la-situacion-politica-al-terminar-la-segunda-guerra-mundial-la-democracia-y-renovada-a-la-luz-del-radiomensaje-navideno-benignitas-et-humanitas-de-pio-xii\/"]}]},{"@type":"BreadcrumbList","@id":"https:\/\/e-cristians.cat\/es\/conferencia-la-situacion-politica-al-terminar-la-segunda-guerra-mundial-la-democracia-y-renovada-a-la-luz-del-radiomensaje-navideno-benignitas-et-humanitas-de-pio-xii\/#breadcrumb","itemListElement":[{"@type":"ListItem","position":1,"name":"Inici","item":"https:\/\/e-cristians.cat\/es\/"},{"@type":"ListItem","position":2,"name":"Conferencia \u201cLa situaci\u00f3n pol\u00edtica al terminar la segunda guerra mundial. La democracia y renovada a la luz del radiomensaje navide\u00f1o &#8216;Benignitas et Humanitas&#8217;, de P\u00edo XII&#8221;"}]},{"@type":"WebSite","@id":"https:\/\/e-cristians.cat\/#website","url":"https:\/\/e-cristians.cat\/","name":"e-Cristians","description":"","potentialAction":[{"@type":"SearchAction","target":{"@type":"EntryPoint","urlTemplate":"https:\/\/e-cristians.cat\/?s={search_term_string}"},"query-input":"required name=search_term_string"}],"inLanguage":"es"},{"@type":"Person","@id":"https:\/\/e-cristians.cat\/#\/schema\/person\/f0ec475338e49aaef9c9dc9d9f162861","name":"e-Cristians","image":{"@type":"ImageObject","inLanguage":"es","@id":"https:\/\/e-cristians.cat\/#\/schema\/person\/image\/","url":"https:\/\/secure.gravatar.com\/avatar\/14bc9e5b0ca69070f1075ad3efcb33c4?s=96&d=mm&r=g","contentUrl":"https:\/\/secure.gravatar.com\/avatar\/14bc9e5b0ca69070f1075ad3efcb33c4?s=96&d=mm&r=g","caption":"e-Cristians"}}]}},"jetpack_sharing_enabled":true,"jetpack_featured_media_url":"https:\/\/e-cristians.cat\/wp-content\/uploads\/2023\/11\/Pio-XII_20901-1024x597-1.jpg","_links":{"self":[{"href":"https:\/\/e-cristians.cat\/es\/wp-json\/wp\/v2\/posts\/198752"}],"collection":[{"href":"https:\/\/e-cristians.cat\/es\/wp-json\/wp\/v2\/posts"}],"about":[{"href":"https:\/\/e-cristians.cat\/es\/wp-json\/wp\/v2\/types\/post"}],"author":[{"embeddable":true,"href":"https:\/\/e-cristians.cat\/es\/wp-json\/wp\/v2\/users\/2"}],"replies":[{"embeddable":true,"href":"https:\/\/e-cristians.cat\/es\/wp-json\/wp\/v2\/comments?post=198752"}],"version-history":[{"count":1,"href":"https:\/\/e-cristians.cat\/es\/wp-json\/wp\/v2\/posts\/198752\/revisions"}],"predecessor-version":[{"id":198757,"href":"https:\/\/e-cristians.cat\/es\/wp-json\/wp\/v2\/posts\/198752\/revisions\/198757"}],"wp:featuredmedia":[{"embeddable":true,"href":"https:\/\/e-cristians.cat\/es\/wp-json\/wp\/v2\/media\/198723"}],"wp:attachment":[{"href":"https:\/\/e-cristians.cat\/es\/wp-json\/wp\/v2\/media?parent=198752"}],"wp:term":[{"taxonomy":"category","embeddable":true,"href":"https:\/\/e-cristians.cat\/es\/wp-json\/wp\/v2\/categories?post=198752"},{"taxonomy":"post_tag","embeddable":true,"href":"https:\/\/e-cristians.cat\/es\/wp-json\/wp\/v2\/tags?post=198752"}],"curies":[{"name":"wp","href":"https:\/\/api.w.org\/{rel}","templated":true}]}}