{"id":20262,"date":"2021-09-23T11:48:37","date_gmt":"2021-09-23T09:48:37","guid":{"rendered":"https:\/\/e-cristians.cat\/?p=20262"},"modified":"2021-09-23T11:48:37","modified_gmt":"2021-09-23T09:48:37","slug":"mujer-feminismo-de-la-igualdad-y-feminismo-de-genero","status":"publish","type":"post","link":"https:\/\/e-cristians.cat\/es\/mujer-feminismo-de-la-igualdad-y-feminismo-de-genero\/","title":{"rendered":"Mujer, feminismo de la igualdad y feminismo de g\u00e9nero"},"content":{"rendered":"<p><em>Josep Mir\u00f3 i Ard\u00e8vol<\/em><\/p>\n<p>Espa\u00f1a vive inmersa en una gran confusi\u00f3n pol\u00edtica que ha degenerado en graves consecuencias. Se trata de la confusi\u00f3n en torno a la\u00a0<strong>perspectiva de g\u00e9nero<\/strong>. <a href=\"https:\/\/www.forumlibertas.com\/mujer-feminismo-de-la-igualdad-y-perspectiva-de-genero\/\" target=\"_blank\" rel=\"noopener\">Leer m\u00e1s.<\/a><\/p>\n","protected":false},"excerpt":{"rendered":"<p>Josep Mir\u00f3 i Ard\u00e8vol Espa\u00f1a vive inmersa en una gran confusi\u00f3n pol\u00edtica que ha degenerado en graves consecuencias. Se trata de la confusi\u00f3n en torno a la\u00a0perspectiva de g\u00e9nero. Leer m\u00e1s.<\/p>\n","protected":false},"author":2,"featured_media":20263,"comment_status":"closed","ping_status":"closed","sticky":false,"template":"","format":"standard","meta":{"_jetpack_memberships_contains_paid_content":false,"footnotes":""},"categories":[34,39],"tags":[215],"class_list":["post-20262","post","type-post","status-publish","format-standard","has-post-thumbnail","hentry","category-editorials-i-blogs-de-forumlibertas-es","category-portada_news-es","tag-perspectiva-de-genero"],"yoast_head":"<!-- This site is optimized with the Yoast SEO plugin v20.0 - https:\/\/yoast.com\/wordpress\/plugins\/seo\/ -->\n<title>Mujer, feminismo de la igualdad y feminismo de g\u00e9nero - e-Cristians<\/title>\n<meta name=\"robots\" content=\"noindex, nofollow\" \/>\n<meta property=\"og:locale\" content=\"es_ES\" \/>\n<meta property=\"og:type\" content=\"article\" \/>\n<meta property=\"og:title\" content=\"Mujer, feminismo de la igualdad y feminismo de g\u00e9nero - e-Cristians\" \/>\n<meta property=\"og:description\" content=\"Josep Mir\u00f3 i Ard\u00e8vol Espa\u00f1a vive inmersa en una gran confusi\u00f3n pol\u00edtica que ha degenerado en graves consecuencias. Se trata de la confusi\u00f3n en torno a la\u00a0perspectiva de g\u00e9nero. Leer m\u00e1s.\" \/>\n<meta property=\"og:url\" content=\"https:\/\/e-cristians.cat\/es\/mujer-feminismo-de-la-igualdad-y-feminismo-de-genero\/\" \/>\n<meta property=\"og:site_name\" content=\"e-Cristians\" \/>\n<meta property=\"article:published_time\" content=\"2021-09-23T09:48:37+00:00\" \/>\n<meta property=\"og:image\" content=\"https:\/\/e-cristians.cat\/wp-content\/uploads\/2021\/09\/perspectiva-de-genero-600x337-1.jpeg\" \/>\n\t<meta property=\"og:image:width\" content=\"600\" \/>\n\t<meta property=\"og:image:height\" content=\"337\" \/>\n\t<meta property=\"og:image:type\" content=\"image\/jpeg\" \/>\n<meta name=\"author\" content=\"e-Cristians\" \/>\n<meta name=\"twitter:card\" content=\"summary_large_image\" \/>\n<meta name=\"twitter:label1\" content=\"Escrito por\" \/>\n\t<meta name=\"twitter:data1\" content=\"e-Cristians\" \/>\n<script type=\"application\/ld+json\" class=\"yoast-schema-graph\">{\"@context\":\"https:\/\/schema.org\",\"@graph\":[{\"@type\":\"WebPage\",\"@id\":\"https:\/\/e-cristians.cat\/es\/mujer-feminismo-de-la-igualdad-y-feminismo-de-genero\/\",\"url\":\"https:\/\/e-cristians.cat\/es\/mujer-feminismo-de-la-igualdad-y-feminismo-de-genero\/\",\"name\":\"Mujer, feminismo de la igualdad y feminismo de g\u00e9nero - e-Cristians\",\"isPartOf\":{\"@id\":\"https:\/\/e-cristians.cat\/#website\"},\"datePublished\":\"2021-09-23T09:48:37+00:00\",\"dateModified\":\"2021-09-23T09:48:37+00:00\",\"author\":{\"@id\":\"https:\/\/e-cristians.cat\/#\/schema\/person\/f0ec475338e49aaef9c9dc9d9f162861\"},\"breadcrumb\":{\"@id\":\"https:\/\/e-cristians.cat\/es\/mujer-feminismo-de-la-igualdad-y-feminismo-de-genero\/#breadcrumb\"},\"inLanguage\":\"es\",\"potentialAction\":[{\"@type\":\"ReadAction\",\"target\":[\"https:\/\/e-cristians.cat\/es\/mujer-feminismo-de-la-igualdad-y-feminismo-de-genero\/\"]}]},{\"@type\":\"BreadcrumbList\",\"@id\":\"https:\/\/e-cristians.cat\/es\/mujer-feminismo-de-la-igualdad-y-feminismo-de-genero\/#breadcrumb\",\"itemListElement\":[{\"@type\":\"ListItem\",\"position\":1,\"name\":\"Inici\",\"item\":\"https:\/\/e-cristians.cat\/es\/\"},{\"@type\":\"ListItem\",\"position\":2,\"name\":\"Mujer, feminismo de la igualdad y feminismo de g\u00e9nero\"}]},{\"@type\":\"WebSite\",\"@id\":\"https:\/\/e-cristians.cat\/#website\",\"url\":\"https:\/\/e-cristians.cat\/\",\"name\":\"e-Cristians\",\"description\":\"\",\"potentialAction\":[{\"@type\":\"SearchAction\",\"target\":{\"@type\":\"EntryPoint\",\"urlTemplate\":\"https:\/\/e-cristians.cat\/?s={search_term_string}\"},\"query-input\":\"required name=search_term_string\"}],\"inLanguage\":\"es\"},{\"@type\":\"Person\",\"@id\":\"https:\/\/e-cristians.cat\/#\/schema\/person\/f0ec475338e49aaef9c9dc9d9f162861\",\"name\":\"e-Cristians\",\"image\":{\"@type\":\"ImageObject\",\"inLanguage\":\"es\",\"@id\":\"https:\/\/e-cristians.cat\/#\/schema\/person\/image\/\",\"url\":\"https:\/\/secure.gravatar.com\/avatar\/14bc9e5b0ca69070f1075ad3efcb33c4?s=96&d=mm&r=g\",\"contentUrl\":\"https:\/\/secure.gravatar.com\/avatar\/14bc9e5b0ca69070f1075ad3efcb33c4?s=96&d=mm&r=g\",\"caption\":\"e-Cristians\"}}]}<\/script>\n<!-- \/ Yoast SEO plugin. -->","yoast_head_json":{"title":"Mujer, feminismo de la igualdad y feminismo de g\u00e9nero - e-Cristians","robots":{"index":"noindex","follow":"nofollow"},"og_locale":"es_ES","og_type":"article","og_title":"Mujer, feminismo de la igualdad y feminismo de g\u00e9nero - e-Cristians","og_description":"Josep Mir\u00f3 i Ard\u00e8vol Espa\u00f1a vive inmersa en una gran confusi\u00f3n pol\u00edtica que ha degenerado en graves consecuencias. Se trata de la confusi\u00f3n en torno a la\u00a0perspectiva de g\u00e9nero. Leer m\u00e1s.","og_url":"https:\/\/e-cristians.cat\/es\/mujer-feminismo-de-la-igualdad-y-feminismo-de-genero\/","og_site_name":"e-Cristians","article_published_time":"2021-09-23T09:48:37+00:00","og_image":[{"width":600,"height":337,"url":"https:\/\/e-cristians.cat\/wp-content\/uploads\/2021\/09\/perspectiva-de-genero-600x337-1.jpeg","type":"image\/jpeg"}],"author":"e-Cristians","twitter_card":"summary_large_image","twitter_misc":{"Escrito por":"e-Cristians"},"schema":{"@context":"https:\/\/schema.org","@graph":[{"@type":"WebPage","@id":"https:\/\/e-cristians.cat\/es\/mujer-feminismo-de-la-igualdad-y-feminismo-de-genero\/","url":"https:\/\/e-cristians.cat\/es\/mujer-feminismo-de-la-igualdad-y-feminismo-de-genero\/","name":"Mujer, feminismo de la igualdad y feminismo de g\u00e9nero - e-Cristians","isPartOf":{"@id":"https:\/\/e-cristians.cat\/#website"},"datePublished":"2021-09-23T09:48:37+00:00","dateModified":"2021-09-23T09:48:37+00:00","author":{"@id":"https:\/\/e-cristians.cat\/#\/schema\/person\/f0ec475338e49aaef9c9dc9d9f162861"},"breadcrumb":{"@id":"https:\/\/e-cristians.cat\/es\/mujer-feminismo-de-la-igualdad-y-feminismo-de-genero\/#breadcrumb"},"inLanguage":"es","potentialAction":[{"@type":"ReadAction","target":["https:\/\/e-cristians.cat\/es\/mujer-feminismo-de-la-igualdad-y-feminismo-de-genero\/"]}]},{"@type":"BreadcrumbList","@id":"https:\/\/e-cristians.cat\/es\/mujer-feminismo-de-la-igualdad-y-feminismo-de-genero\/#breadcrumb","itemListElement":[{"@type":"ListItem","position":1,"name":"Inici","item":"https:\/\/e-cristians.cat\/es\/"},{"@type":"ListItem","position":2,"name":"Mujer, feminismo de la igualdad y feminismo de g\u00e9nero"}]},{"@type":"WebSite","@id":"https:\/\/e-cristians.cat\/#website","url":"https:\/\/e-cristians.cat\/","name":"e-Cristians","description":"","potentialAction":[{"@type":"SearchAction","target":{"@type":"EntryPoint","urlTemplate":"https:\/\/e-cristians.cat\/?s={search_term_string}"},"query-input":"required name=search_term_string"}],"inLanguage":"es"},{"@type":"Person","@id":"https:\/\/e-cristians.cat\/#\/schema\/person\/f0ec475338e49aaef9c9dc9d9f162861","name":"e-Cristians","image":{"@type":"ImageObject","inLanguage":"es","@id":"https:\/\/e-cristians.cat\/#\/schema\/person\/image\/","url":"https:\/\/secure.gravatar.com\/avatar\/14bc9e5b0ca69070f1075ad3efcb33c4?s=96&d=mm&r=g","contentUrl":"https:\/\/secure.gravatar.com\/avatar\/14bc9e5b0ca69070f1075ad3efcb33c4?s=96&d=mm&r=g","caption":"e-Cristians"}}]}},"jetpack_sharing_enabled":true,"jetpack_featured_media_url":"https:\/\/e-cristians.cat\/wp-content\/uploads\/2021\/09\/perspectiva-de-genero-600x337-1.jpeg","_links":{"self":[{"href":"https:\/\/e-cristians.cat\/es\/wp-json\/wp\/v2\/posts\/20262"}],"collection":[{"href":"https:\/\/e-cristians.cat\/es\/wp-json\/wp\/v2\/posts"}],"about":[{"href":"https:\/\/e-cristians.cat\/es\/wp-json\/wp\/v2\/types\/post"}],"author":[{"embeddable":true,"href":"https:\/\/e-cristians.cat\/es\/wp-json\/wp\/v2\/users\/2"}],"replies":[{"embeddable":true,"href":"https:\/\/e-cristians.cat\/es\/wp-json\/wp\/v2\/comments?post=20262"}],"version-history":[{"count":1,"href":"https:\/\/e-cristians.cat\/es\/wp-json\/wp\/v2\/posts\/20262\/revisions"}],"predecessor-version":[{"id":20265,"href":"https:\/\/e-cristians.cat\/es\/wp-json\/wp\/v2\/posts\/20262\/revisions\/20265"}],"wp:featuredmedia":[{"embeddable":true,"href":"https:\/\/e-cristians.cat\/es\/wp-json\/wp\/v2\/media\/20263"}],"wp:attachment":[{"href":"https:\/\/e-cristians.cat\/es\/wp-json\/wp\/v2\/media?parent=20262"}],"wp:term":[{"taxonomy":"category","embeddable":true,"href":"https:\/\/e-cristians.cat\/es\/wp-json\/wp\/v2\/categories?post=20262"},{"taxonomy":"post_tag","embeddable":true,"href":"https:\/\/e-cristians.cat\/es\/wp-json\/wp\/v2\/tags?post=20262"}],"curies":[{"name":"wp","href":"https:\/\/api.w.org\/{rel}","templated":true}]}}