{"id":205590,"date":"2023-11-22T10:30:48","date_gmt":"2023-11-22T09:30:48","guid":{"rendered":"https:\/\/e-cristians.cat\/?p=205590"},"modified":"2023-11-24T12:14:34","modified_gmt":"2023-11-24T11:14:34","slug":"escribe-al-defensor-del-lector-de-la-vanguardia-no-podemos-continuar-callados-ante-las-falsedades-y-tergiversaciones-sobre-la-pederastia-y-los-catolicos","status":"publish","type":"post","link":"https:\/\/e-cristians.cat\/es\/escribe-al-defensor-del-lector-de-la-vanguardia-no-podemos-continuar-callados-ante-las-falsedades-y-tergiversaciones-sobre-la-pederastia-y-los-catolicos\/","title":{"rendered":"Escribe al Defensor del Lector de La Vanguardia: No podemos continuar callados ante las falsedades y tergiversaciones sobre la pederastia y los cat\u00f3licos"},"content":{"rendered":"<p>Escribe al <strong>Defensor del Lector de La Vanguardia<\/strong>, Joel Albarran, para que <strong>rectifiquen el invento de las 440.000 v\u00edctimas<\/strong> por las razones concretas que exponemos en la carta que te proponemos. Puedes enviar el texto literal que te sugerimos o bien hacer tu propia versi\u00f3n. <strong>Lo importante es que act\u00faes.<\/strong><\/p>\n<p><u>Reenv\u00eda esta alerta a aquellos amigos y conocidos que consideres conveniente<\/u>.<\/p>\n<h4><strong>Escribe al Defensor del Lector de La Vanguardia:<\/strong><\/h4>\n\n<div class=\"wpcf7 no-js\" id=\"wpcf7-f205569-o1\" lang=\"ca\" dir=\"ltr\">\n<div class=\"screen-reader-response\"><p role=\"status\" aria-live=\"polite\" aria-atomic=\"true\"><\/p> <ul><\/ul><\/div>\n<form action=\"\/es\/wp-json\/wp\/v2\/posts\/205590#wpcf7-f205569-o1\" method=\"post\" class=\"wpcf7-form init wpcf7-acceptance-as-validation\" aria-label=\"Formulari de contacte\" novalidate=\"novalidate\" data-status=\"init\">\n<div style=\"display: none;\">\n<input type=\"hidden\" name=\"_wpcf7\" value=\"205569\" \/>\n<input type=\"hidden\" name=\"_wpcf7_version\" value=\"5.7.3\" \/>\n<input type=\"hidden\" name=\"_wpcf7_locale\" value=\"ca\" \/>\n<input type=\"hidden\" name=\"_wpcf7_unit_tag\" value=\"wpcf7-f205569-o1\" \/>\n<input type=\"hidden\" name=\"_wpcf7_container_post\" value=\"0\" \/>\n<input type=\"hidden\" name=\"_wpcf7_posted_data_hash\" value=\"\" \/>\n<input type=\"hidden\" name=\"_wpcf7_recaptcha_response\" value=\"\" \/>\n<\/div>\n<p><span class=\"wpcf7-form-control-wrap\" data-name=\"nombre\"><input size=\"40\" class=\"wpcf7-form-control wpcf7-text wpcf7-validates-as-required\" aria-required=\"true\" aria-invalid=\"false\" placeholder=\"Nombre*\" value=\"\" type=\"text\" name=\"nombre\" \/><\/span><br \/>\n<span class=\"wpcf7-form-control-wrap\" data-name=\"apellidos\"><input size=\"40\" class=\"wpcf7-form-control wpcf7-text wpcf7-validates-as-required\" aria-required=\"true\" aria-invalid=\"false\" placeholder=\"Apellidos*\" value=\"\" type=\"text\" name=\"apellidos\" \/><\/span><br \/>\n<span class=\"wpcf7-form-control-wrap\" data-name=\"email\"><input size=\"40\" class=\"wpcf7-form-control wpcf7-text wpcf7-email wpcf7-validates-as-required wpcf7-validates-as-email\" aria-required=\"true\" aria-invalid=\"false\" placeholder=\"Email*\" value=\"\" type=\"email\" name=\"email\" \/><\/span><br \/>\n<span class=\"wpcf7-form-control-wrap\" data-name=\"cp\"><input size=\"40\" class=\"wpcf7-form-control wpcf7-text wpcf7-validates-as-required\" aria-required=\"true\" aria-invalid=\"false\" placeholder=\"C\u00f3digo postal*\" value=\"\" type=\"text\" name=\"cp\" \/><\/span>\n<\/p>\n<p><span class=\"wpcf7-form-control-wrap\" data-name=\"mensaje\"><textarea cols=\"40\" rows=\"10\" class=\"wpcf7-form-control wpcf7-textarea\" aria-invalid=\"false\" name=\"mensaje\">Sr. Joel Albarran:\n\nLa Vanguardia ha publicado, incluso en portada, y  ha reiterado que \u201cm\u00e1s de 400.000 personas han sido v\u00edctimas de abusos por parte de alg\u00fan sacerdote o religioso. As\u00ed lo ha relatado el Defensor del Pueblo, \u00c1ngel Gabilondo, en el informe presentado esta ma\u00f1ana\u201d. Esta informaci\u00f3n, como el peri\u00f3dico sabe o deber\u00eda saber, es radicalmente falsa. Es una fake new publicada en portada. Lo es porque en ning\u00fan momento el Informe cita ninguna cifra. Es m\u00e1s, advierte espec\u00edficamente en su p\u00e1gina 36: \u201cse\u00f1alar que la Comisi\u00f3n Asesora considera que no ha formado parte de su cometido hacer un c\u00e1lculo del n\u00famero de personas afectadas por abusos sexuales en el \u00e1mbito de la Iglesia cat\u00f3lica. Ni siquiera se ha propuesto realizar una aproximaci\u00f3n a esta cantidad\u201d. M\u00e1s claro el agua\u2026 Es un Informe que no sirve para cuantificar el n\u00famero de v\u00edctimas seg\u00fan los responsables del mismo. Su peri\u00f3dico no solo desde\u00f1a esta advertencia, sino que la oculta a los lectores. Por tanto, de ninguna manera pueden atribuir la cifra al citado informe. \n\nPor tanto, le reclamamos que haciendo honor a la larga trayectoria del peri\u00f3dico, rectifiquen y hagan constar la verdad en el sentido de que:\n\nEl dato no corresponde al Informe. Es solo un mal c\u00e1lculo de El Pa\u00eds.\n \nEs un mal c\u00e1lculo porque determina que en Espa\u00f1a hay 440.000 v\u00edctimas de pederastia, como consecuencia de agregar las respuestas de un 0,63% de entrevistados a la encuesta que figura en el Informe que dicen haber sido abusados directamente a manos de sacerdotes o religiosos, es decir, solo tienen 50 personas de un total de 8.000 de la muestra y un 0,5% de personas laicas relacionadas con estas instituciones, y por tanto solo 40 representadas  en esta muestra. De esta m\u00ednima expresi\u00f3n, deducen la cifra de 440.000 v\u00edctimas habidas entre la poblaci\u00f3n de 18 a 90 a\u00f1os.\n\nNo hace falta ser un experto en demoscopia y estad\u00edstica para afirmar que tal proyecci\u00f3n es un desprop\u00f3sito. T\u00e9cnicamente, la encuesta presenta un margen de error del \uf0b11% y, por tanto, los resultados obtenidos carecen de toda significaci\u00f3n para establecer una proyecci\u00f3n de este tipo. La Vanguardia dispone de especialistas que le confirmar\u00e1n esta afirmaci\u00f3n que, de todos modos, ya deben conocer.\n\nLes hacemos notar que, aplicando la misma l\u00f3gica de proyecci\u00f3n al conjunto de los resultados, es decir, casi el 99% restante, obtendr\u00eda una cifra multimillonaria de agredidos fuera de la Iglesia, tan grande que es sorprendente que su peri\u00f3dico la ignore y no repare en sus consecuencias, ni informe sobre un hecho tan extendido, como m\u00ednimo con la misma atenci\u00f3n que dedica al 1,13%.\n\nReciba un cordial saludo,<\/textarea><\/span>\n<\/p>\n<input class=\"wpcf7-form-control wpcf7-hidden\" value=\"ES\" type=\"hidden\" name=\"idioma\" \/>\n<input class=\"wpcf7-form-control wpcf7-hidden\" value=\"Alertas\" type=\"hidden\" name=\"tipo\" \/>\n<p><span class=\"wpcf7-form-control-wrap\" data-name=\"rgpd-acepto\"><span class=\"wpcf7-form-control wpcf7-acceptance\"><span class=\"wpcf7-list-item\"><label><input type=\"checkbox\" name=\"rgpd-acepto\" value=\"1\" aria-invalid=\"false\" \/><span class=\"wpcf7-list-item-label\">Acepto la <a href=\"https:\/\/e-cristians.cat\/es\/politica-de-privacidad\/\" target=\"_blank\" rel=\"nofollow\">pol\u00edtica de privacidad<\/a><\/span><\/label><\/span><\/span><\/span>\n<\/p>\n<p><input class=\"wpcf7-form-control has-spinner wpcf7-submit\" type=\"submit\" value=\"Env\u00eda\" \/>\n<\/p><p style=\"display: none !important;\" class=\"akismet-fields-container\" data-prefix=\"_wpcf7_ak_\"><label>&#916;<textarea name=\"_wpcf7_ak_hp_textarea\" cols=\"45\" rows=\"8\" maxlength=\"100\"><\/textarea><\/label><input type=\"hidden\" id=\"ak_js_1\" name=\"_wpcf7_ak_js\" value=\"39\"\/><script>document.getElementById( \"ak_js_1\" ).setAttribute( \"value\", ( new Date() ).getTime() );<\/script><\/p><input type='hidden' class='wpcf7-pum' value='{\"closepopup\":false,\"closedelay\":0,\"openpopup\":false,\"openpopup_id\":0}' \/><div class=\"wpcf7-response-output\" aria-hidden=\"true\"><\/div>\n<\/form>\n<\/div>\n\n","protected":false},"excerpt":{"rendered":"<p>Escribe al Defensor del Lector de La Vanguardia, Joel Albarran, para que rectifiquen el invento de las 440.000 v\u00edctimas por las razones concretas que exponemos en la carta que te proponemos. Puedes enviar el texto literal que te sugerimos o bien hacer tu propia versi\u00f3n. Lo importante es que act\u00faes. Reenv\u00eda esta alerta a aquellos&#8230;<\/p>\n","protected":false},"author":2,"featured_media":206981,"comment_status":"closed","ping_status":"closed","sticky":false,"template":"","format":"standard","meta":{"_jetpack_memberships_contains_paid_content":false,"footnotes":""},"categories":[24,25],"tags":[],"class_list":["post-205590","post","type-post","status-publish","format-standard","has-post-thumbnail","hentry","category-alertes-es","category-campanyes-es"],"yoast_head":"<!-- This site is optimized with the Yoast SEO plugin v20.0 - https:\/\/yoast.com\/wordpress\/plugins\/seo\/ -->\n<title>Escribe al Defensor del Lector de La Vanguardia<\/title>\n<meta name=\"description\" content=\"Escribe al Defensor del Lector de La Vanguardia, Joel Albarran, para que rectifiquen el invento de las 440.000 v\u00edctimas\" \/>\n<meta name=\"robots\" content=\"index, follow, max-snippet:-1, max-image-preview:large, max-video-preview:-1\" \/>\n<link rel=\"canonical\" href=\"https:\/\/e-cristians.cat\/es\/escribe-al-defensor-del-lector-de-la-vanguardia-no-podemos-continuar-callados-ante-las-falsedades-y-tergiversaciones-sobre-la-pederastia-y-los-catolicos\/\" \/>\n<meta property=\"og:locale\" content=\"es_ES\" \/>\n<meta property=\"og:type\" content=\"article\" \/>\n<meta property=\"og:title\" content=\"Escribe al Defensor del Lector de La Vanguardia\" \/>\n<meta property=\"og:description\" content=\"Escribe al Defensor del Lector de La Vanguardia, Joel Albarran, para que rectifiquen el invento de las 440.000 v\u00edctimas\" \/>\n<meta property=\"og:url\" content=\"https:\/\/e-cristians.cat\/es\/escribe-al-defensor-del-lector-de-la-vanguardia-no-podemos-continuar-callados-ante-las-falsedades-y-tergiversaciones-sobre-la-pederastia-y-los-catolicos\/\" \/>\n<meta property=\"og:site_name\" content=\"e-Cristians\" \/>\n<meta property=\"article:published_time\" content=\"2023-11-22T09:30:48+00:00\" \/>\n<meta property=\"article:modified_time\" content=\"2023-11-24T11:14:34+00:00\" \/>\n<meta property=\"og:image\" content=\"https:\/\/e-cristians.cat\/wp-content\/uploads\/2023\/11\/440000-La-Vanguardia-1.jpg\" \/>\n\t<meta property=\"og:image:width\" content=\"510\" \/>\n\t<meta property=\"og:image:height\" content=\"304\" \/>\n\t<meta property=\"og:image:type\" content=\"image\/jpeg\" \/>\n<meta name=\"author\" content=\"e-Cristians\" \/>\n<meta name=\"twitter:card\" content=\"summary_large_image\" \/>\n<meta name=\"twitter:label1\" content=\"Escrito por\" \/>\n\t<meta name=\"twitter:data1\" content=\"e-Cristians\" \/>\n\t<meta name=\"twitter:label2\" content=\"Tiempo de lectura\" \/>\n\t<meta name=\"twitter:data2\" content=\"1 minuto\" \/>\n<script type=\"application\/ld+json\" class=\"yoast-schema-graph\">{\"@context\":\"https:\/\/schema.org\",\"@graph\":[{\"@type\":\"WebPage\",\"@id\":\"https:\/\/e-cristians.cat\/es\/escribe-al-defensor-del-lector-de-la-vanguardia-no-podemos-continuar-callados-ante-las-falsedades-y-tergiversaciones-sobre-la-pederastia-y-los-catolicos\/\",\"url\":\"https:\/\/e-cristians.cat\/es\/escribe-al-defensor-del-lector-de-la-vanguardia-no-podemos-continuar-callados-ante-las-falsedades-y-tergiversaciones-sobre-la-pederastia-y-los-catolicos\/\",\"name\":\"Escribe al Defensor del Lector de La Vanguardia\",\"isPartOf\":{\"@id\":\"https:\/\/e-cristians.cat\/#website\"},\"datePublished\":\"2023-11-22T09:30:48+00:00\",\"dateModified\":\"2023-11-24T11:14:34+00:00\",\"author\":{\"@id\":\"https:\/\/e-cristians.cat\/#\/schema\/person\/f0ec475338e49aaef9c9dc9d9f162861\"},\"description\":\"Escribe al Defensor del Lector de La Vanguardia, Joel Albarran, para que rectifiquen el invento de las 440.000 v\u00edctimas\",\"breadcrumb\":{\"@id\":\"https:\/\/e-cristians.cat\/es\/escribe-al-defensor-del-lector-de-la-vanguardia-no-podemos-continuar-callados-ante-las-falsedades-y-tergiversaciones-sobre-la-pederastia-y-los-catolicos\/#breadcrumb\"},\"inLanguage\":\"es\",\"potentialAction\":[{\"@type\":\"ReadAction\",\"target\":[\"https:\/\/e-cristians.cat\/es\/escribe-al-defensor-del-lector-de-la-vanguardia-no-podemos-continuar-callados-ante-las-falsedades-y-tergiversaciones-sobre-la-pederastia-y-los-catolicos\/\"]}]},{\"@type\":\"BreadcrumbList\",\"@id\":\"https:\/\/e-cristians.cat\/es\/escribe-al-defensor-del-lector-de-la-vanguardia-no-podemos-continuar-callados-ante-las-falsedades-y-tergiversaciones-sobre-la-pederastia-y-los-catolicos\/#breadcrumb\",\"itemListElement\":[{\"@type\":\"ListItem\",\"position\":1,\"name\":\"Inici\",\"item\":\"https:\/\/e-cristians.cat\/es\/\"},{\"@type\":\"ListItem\",\"position\":2,\"name\":\"Escribe al Defensor del Lector de La Vanguardia: No podemos continuar callados ante las falsedades y tergiversaciones sobre la pederastia y los cat\u00f3licos\"}]},{\"@type\":\"WebSite\",\"@id\":\"https:\/\/e-cristians.cat\/#website\",\"url\":\"https:\/\/e-cristians.cat\/\",\"name\":\"e-Cristians\",\"description\":\"\",\"potentialAction\":[{\"@type\":\"SearchAction\",\"target\":{\"@type\":\"EntryPoint\",\"urlTemplate\":\"https:\/\/e-cristians.cat\/?s={search_term_string}\"},\"query-input\":\"required name=search_term_string\"}],\"inLanguage\":\"es\"},{\"@type\":\"Person\",\"@id\":\"https:\/\/e-cristians.cat\/#\/schema\/person\/f0ec475338e49aaef9c9dc9d9f162861\",\"name\":\"e-Cristians\",\"image\":{\"@type\":\"ImageObject\",\"inLanguage\":\"es\",\"@id\":\"https:\/\/e-cristians.cat\/#\/schema\/person\/image\/\",\"url\":\"https:\/\/secure.gravatar.com\/avatar\/14bc9e5b0ca69070f1075ad3efcb33c4?s=96&d=mm&r=g\",\"contentUrl\":\"https:\/\/secure.gravatar.com\/avatar\/14bc9e5b0ca69070f1075ad3efcb33c4?s=96&d=mm&r=g\",\"caption\":\"e-Cristians\"}}]}<\/script>\n<!-- \/ Yoast SEO plugin. -->","yoast_head_json":{"title":"Escribe al Defensor del Lector de La Vanguardia","description":"Escribe al Defensor del Lector de La Vanguardia, Joel Albarran, para que rectifiquen el invento de las 440.000 v\u00edctimas","robots":{"index":"index","follow":"follow","max-snippet":"max-snippet:-1","max-image-preview":"max-image-preview:large","max-video-preview":"max-video-preview:-1"},"canonical":"https:\/\/e-cristians.cat\/es\/escribe-al-defensor-del-lector-de-la-vanguardia-no-podemos-continuar-callados-ante-las-falsedades-y-tergiversaciones-sobre-la-pederastia-y-los-catolicos\/","og_locale":"es_ES","og_type":"article","og_title":"Escribe al Defensor del Lector de La Vanguardia","og_description":"Escribe al Defensor del Lector de La Vanguardia, Joel Albarran, para que rectifiquen el invento de las 440.000 v\u00edctimas","og_url":"https:\/\/e-cristians.cat\/es\/escribe-al-defensor-del-lector-de-la-vanguardia-no-podemos-continuar-callados-ante-las-falsedades-y-tergiversaciones-sobre-la-pederastia-y-los-catolicos\/","og_site_name":"e-Cristians","article_published_time":"2023-11-22T09:30:48+00:00","article_modified_time":"2023-11-24T11:14:34+00:00","og_image":[{"width":510,"height":304,"url":"https:\/\/e-cristians.cat\/wp-content\/uploads\/2023\/11\/440000-La-Vanguardia-1.jpg","type":"image\/jpeg"}],"author":"e-Cristians","twitter_card":"summary_large_image","twitter_misc":{"Escrito por":"e-Cristians","Tiempo de lectura":"1 minuto"},"schema":{"@context":"https:\/\/schema.org","@graph":[{"@type":"WebPage","@id":"https:\/\/e-cristians.cat\/es\/escribe-al-defensor-del-lector-de-la-vanguardia-no-podemos-continuar-callados-ante-las-falsedades-y-tergiversaciones-sobre-la-pederastia-y-los-catolicos\/","url":"https:\/\/e-cristians.cat\/es\/escribe-al-defensor-del-lector-de-la-vanguardia-no-podemos-continuar-callados-ante-las-falsedades-y-tergiversaciones-sobre-la-pederastia-y-los-catolicos\/","name":"Escribe al Defensor del Lector de La Vanguardia","isPartOf":{"@id":"https:\/\/e-cristians.cat\/#website"},"datePublished":"2023-11-22T09:30:48+00:00","dateModified":"2023-11-24T11:14:34+00:00","author":{"@id":"https:\/\/e-cristians.cat\/#\/schema\/person\/f0ec475338e49aaef9c9dc9d9f162861"},"description":"Escribe al Defensor del Lector de La Vanguardia, Joel Albarran, para que rectifiquen el invento de las 440.000 v\u00edctimas","breadcrumb":{"@id":"https:\/\/e-cristians.cat\/es\/escribe-al-defensor-del-lector-de-la-vanguardia-no-podemos-continuar-callados-ante-las-falsedades-y-tergiversaciones-sobre-la-pederastia-y-los-catolicos\/#breadcrumb"},"inLanguage":"es","potentialAction":[{"@type":"ReadAction","target":["https:\/\/e-cristians.cat\/es\/escribe-al-defensor-del-lector-de-la-vanguardia-no-podemos-continuar-callados-ante-las-falsedades-y-tergiversaciones-sobre-la-pederastia-y-los-catolicos\/"]}]},{"@type":"BreadcrumbList","@id":"https:\/\/e-cristians.cat\/es\/escribe-al-defensor-del-lector-de-la-vanguardia-no-podemos-continuar-callados-ante-las-falsedades-y-tergiversaciones-sobre-la-pederastia-y-los-catolicos\/#breadcrumb","itemListElement":[{"@type":"ListItem","position":1,"name":"Inici","item":"https:\/\/e-cristians.cat\/es\/"},{"@type":"ListItem","position":2,"name":"Escribe al Defensor del Lector de La Vanguardia: No podemos continuar callados ante las falsedades y tergiversaciones sobre la pederastia y los cat\u00f3licos"}]},{"@type":"WebSite","@id":"https:\/\/e-cristians.cat\/#website","url":"https:\/\/e-cristians.cat\/","name":"e-Cristians","description":"","potentialAction":[{"@type":"SearchAction","target":{"@type":"EntryPoint","urlTemplate":"https:\/\/e-cristians.cat\/?s={search_term_string}"},"query-input":"required name=search_term_string"}],"inLanguage":"es"},{"@type":"Person","@id":"https:\/\/e-cristians.cat\/#\/schema\/person\/f0ec475338e49aaef9c9dc9d9f162861","name":"e-Cristians","image":{"@type":"ImageObject","inLanguage":"es","@id":"https:\/\/e-cristians.cat\/#\/schema\/person\/image\/","url":"https:\/\/secure.gravatar.com\/avatar\/14bc9e5b0ca69070f1075ad3efcb33c4?s=96&d=mm&r=g","contentUrl":"https:\/\/secure.gravatar.com\/avatar\/14bc9e5b0ca69070f1075ad3efcb33c4?s=96&d=mm&r=g","caption":"e-Cristians"}}]}},"jetpack_sharing_enabled":true,"jetpack_featured_media_url":"https:\/\/e-cristians.cat\/wp-content\/uploads\/2023\/11\/440000-La-Vanguardia-1.jpg","_links":{"self":[{"href":"https:\/\/e-cristians.cat\/es\/wp-json\/wp\/v2\/posts\/205590"}],"collection":[{"href":"https:\/\/e-cristians.cat\/es\/wp-json\/wp\/v2\/posts"}],"about":[{"href":"https:\/\/e-cristians.cat\/es\/wp-json\/wp\/v2\/types\/post"}],"author":[{"embeddable":true,"href":"https:\/\/e-cristians.cat\/es\/wp-json\/wp\/v2\/users\/2"}],"replies":[{"embeddable":true,"href":"https:\/\/e-cristians.cat\/es\/wp-json\/wp\/v2\/comments?post=205590"}],"version-history":[{"count":2,"href":"https:\/\/e-cristians.cat\/es\/wp-json\/wp\/v2\/posts\/205590\/revisions"}],"predecessor-version":[{"id":205607,"href":"https:\/\/e-cristians.cat\/es\/wp-json\/wp\/v2\/posts\/205590\/revisions\/205607"}],"wp:featuredmedia":[{"embeddable":true,"href":"https:\/\/e-cristians.cat\/es\/wp-json\/wp\/v2\/media\/206981"}],"wp:attachment":[{"href":"https:\/\/e-cristians.cat\/es\/wp-json\/wp\/v2\/media?parent=205590"}],"wp:term":[{"taxonomy":"category","embeddable":true,"href":"https:\/\/e-cristians.cat\/es\/wp-json\/wp\/v2\/categories?post=205590"},{"taxonomy":"post_tag","embeddable":true,"href":"https:\/\/e-cristians.cat\/es\/wp-json\/wp\/v2\/tags?post=205590"}],"curies":[{"name":"wp","href":"https:\/\/api.w.org\/{rel}","templated":true}]}}