{"id":207134,"date":"2023-11-24T11:30:59","date_gmt":"2023-11-24T10:30:59","guid":{"rendered":"https:\/\/e-cristians.cat\/?p=207134"},"modified":"2023-12-14T16:53:17","modified_gmt":"2023-12-14T15:53:17","slug":"carta-semanal-de-josep-miro-si-quieres-que-afrontemos-bien-el-escandalo-de-la-pederastia-no-puedes-faltar-a-la-asamblea-ordinaria-de-e-cristians","status":"publish","type":"post","link":"https:\/\/e-cristians.cat\/es\/carta-semanal-de-josep-miro-si-quieres-que-afrontemos-bien-el-escandalo-de-la-pederastia-no-puedes-faltar-a-la-asamblea-ordinaria-de-e-cristians\/","title":{"rendered":"Si quieres que afrontemos bien el esc\u00e1ndalo de la pederastia, no puedes faltar a la Asamblea Ordinaria de e-Cristians"},"content":{"rendered":"<p>Apreciado amigo\/Apreciada amiga de e-Cristians:<\/p>\n<p>Recuerda que tienes pendiente inscribirte en la <strong><a href=\"https:\/\/e-cristians.cat\/es\/carta-semanal-de-josep-miro-os-convocamos-con-alegria-a-la-asamblea-ordinaria-de-e-cristians\/\" target=\"_blank\" rel=\"noopener\">Asamblea Ordinaria de e-Cristians del s\u00e1bado 16 de diciembre a las 9:45<\/a><\/strong>. La semana pasada te contaba que en esta tratar\u00edamos sobre el proyecto de <a href=\"https:\/\/e-cristians.cat\/es\/carta-semanal-de-josep-miro-por-que-es-necesario-impulsar-un-congreso-de-cultura-cristiana\/\" target=\"_blank\" rel=\"noopener\">Congreso de Cultura Cristiana<\/a>.<\/p>\n<p>Ahora quiero mencionar <strong>otro punto que abordaremos<\/strong>: el de la <strong>estrategia a segui<\/strong>r para impedir, de una vez por todas, que sea ignorado el <strong>esc\u00e1ndalo de la pederastia<\/strong>, un delito terriblemente extendido a la sociedad y a muchas instancias de responsabilidad directa de las administraciones p\u00fablicas, y se oculte bajo el chivo expiatorio de la Iglesia cat\u00f3lica, cuando es p\u00fablico y notorio que sus casos solo representan como mucho menos del 1% del total. <strong>C\u00f3mo y qu\u00e9 debemos<\/strong> hacer para lograr que para el 99% y pico restante que se quiere ignorar haya una legislaci\u00f3n, recursos equivalentes, atenci\u00f3n pol\u00edtica y medi\u00e1tica como la que, por ejemplo, existe para la violencia de g\u00e9nero. <strong>Es necesario que vengas y participes en la reflexi\u00f3n y las conclusiones.<\/strong><\/p>\n<p>Abriremos camino creando un <strong>grupo de trabajo<\/strong> para todas aquellas personas que dotadas de un determinado nivel de calificaci\u00f3n en relaci\u00f3n con este tema quieran participar. <strong>Estate atento a la convocatoria que te llegar\u00e1 en los pr\u00f3ximos d\u00edas.<\/strong><\/p>\n<p>Tambi\u00e9n <strong>te pido<\/strong>, si todav\u00eda no lo has hecho, que:<\/p>\n<ul>\n<li><a href=\"https:\/\/e-cristians.cat\/es\/escribe-a-la-defensora-del-lector-de-el-pais-no-podemos-continuar-callados-ante-las-falsedades-y-tergiversaciones-sobre-la-pederastia-y-los-catolicos\/\" target=\"_blank\" rel=\"noopener\">Escribas a la Defensora del Lector de El Pa\u00eds. No podemos seguir callados ante las falsedades y tergiversaciones sobre la pederastia y los cat\u00f3licos<\/a><\/li>\n<li><a href=\"https:\/\/e-cristians.cat\/es\/escribe-al-defensor-del-lector-de-la-vanguardia-no-podemos-continuar-callados-ante-las-falsedades-y-tergiversaciones-sobre-la-pederastia-y-los-catolicos\/\" target=\"_blank\" rel=\"noopener\">Escribas al Defensor de La Vanguardia. No podemos seguir callados ante las falsedades y tergiversaciones sobre la pederastia y los cat\u00f3licos<\/a><\/li>\n<\/ul>\n<p>Y <strong>te recomiendo<\/strong>:<\/p>\n<ul>\n<li><a href=\"https:\/\/e-cristians.cat\/es\/ante-la-confusion-fe-y-razon\/\" target=\"_blank\" rel=\"noopener\">Ante la confusi\u00f3n: Fe y raz\u00f3n<\/a><\/li>\n<li><a href=\"https:\/\/e-cristians.cat\/es\/para-que-sirve-la-verdad-pederastia-medios-de-comunicacion-e-instituciones-politicas\/\" target=\"_blank\" rel=\"noopener\">Para qu\u00e9 sirve la verdad. Pederastia, medios de comunicaci\u00f3n e instituciones pol\u00edticas<\/a><\/li>\n<li><a href=\"https:\/\/e-cristians.cat\/es\/video-conferencia-zoom-abusos-en-la-iglesia-el-pais-el-psoe-y-gabilondo-su-estrategia\/\" target=\"_blank\" rel=\"noopener\">V\u00eddeo.- Conferencia Zoom \u201cAbusos en la Iglesia: El Pa\u00eds, el PSOE y Gabilondo, su estrategia\u201d<\/a><\/li>\n<\/ul>\n<p>\u00a1Paz y bien!<\/p>\n<p><a href=\"https:\/\/twitter.com\/jmiroardevol?lang=ca\" target=\"_blank\" rel=\"noopener\">@jmiroardevol<\/a><\/p>\n","protected":false},"excerpt":{"rendered":"<p>Apreciado amigo\/Apreciada amiga de e-Cristians: Recuerda que tienes pendiente inscribirte en la Asamblea Ordinaria de e-Cristians del s\u00e1bado 16 de diciembre a las 9:45. La semana pasada te contaba que en esta tratar\u00edamos sobre el proyecto de Congreso de Cultura Cristiana. Ahora quiero mencionar otro punto que abordaremos: el de la estrategia a seguir para&#8230;<\/p>\n","protected":false},"author":2,"featured_media":202951,"comment_status":"closed","ping_status":"closed","sticky":false,"template":"","format":"standard","meta":{"_jetpack_memberships_contains_paid_content":false,"footnotes":""},"categories":[29],"tags":[],"class_list":["post-207134","post","type-post","status-publish","format-standard","has-post-thumbnail","hentry","category-carta-setmanal-de-josep-miro-i-ardevol-es"],"yoast_head":"<!-- This site is optimized with the Yoast SEO plugin v20.0 - https:\/\/yoast.com\/wordpress\/plugins\/seo\/ -->\n<title>Afrontemos bien el esc\u00e1ndalo de la pederastia<\/title>\n<meta name=\"description\" content=\"Otro punto que abordaremos: el de la estrategia a seguir para impedir, de una vez por todas, que sea ignorado el esc\u00e1ndalo de la pederastia\" \/>\n<meta name=\"robots\" content=\"index, follow, max-snippet:-1, max-image-preview:large, max-video-preview:-1\" \/>\n<link rel=\"canonical\" href=\"https:\/\/e-cristians.cat\/es\/carta-semanal-de-josep-miro-si-quieres-que-afrontemos-bien-el-escandalo-de-la-pederastia-no-puedes-faltar-a-la-asamblea-ordinaria-de-e-cristians\/\" \/>\n<meta property=\"og:locale\" content=\"es_ES\" \/>\n<meta property=\"og:type\" content=\"article\" \/>\n<meta property=\"og:title\" content=\"Afrontemos bien el esc\u00e1ndalo de la pederastia\" \/>\n<meta property=\"og:description\" content=\"Otro punto que abordaremos: el de la estrategia a seguir para impedir, de una vez por todas, que sea ignorado el esc\u00e1ndalo de la pederastia\" \/>\n<meta property=\"og:url\" content=\"https:\/\/e-cristians.cat\/es\/carta-semanal-de-josep-miro-si-quieres-que-afrontemos-bien-el-escandalo-de-la-pederastia-no-puedes-faltar-a-la-asamblea-ordinaria-de-e-cristians\/\" \/>\n<meta property=\"og:site_name\" content=\"e-Cristians\" \/>\n<meta property=\"article:published_time\" content=\"2023-11-24T10:30:59+00:00\" \/>\n<meta property=\"article:modified_time\" content=\"2023-12-14T15:53:17+00:00\" \/>\n<meta property=\"og:image\" content=\"https:\/\/e-cristians.cat\/wp-content\/uploads\/2023\/10\/Asamblea-Ordinaria-16-12-23.jpg\" \/>\n\t<meta property=\"og:image:width\" content=\"1748\" \/>\n\t<meta property=\"og:image:height\" content=\"1240\" \/>\n\t<meta property=\"og:image:type\" content=\"image\/jpeg\" \/>\n<meta name=\"author\" content=\"e-Cristians\" \/>\n<meta name=\"twitter:card\" content=\"summary_large_image\" \/>\n<meta name=\"twitter:label1\" content=\"Escrito por\" \/>\n\t<meta name=\"twitter:data1\" content=\"e-Cristians\" \/>\n\t<meta name=\"twitter:label2\" content=\"Tiempo de lectura\" \/>\n\t<meta name=\"twitter:data2\" content=\"2 minutos\" \/>\n<script type=\"application\/ld+json\" class=\"yoast-schema-graph\">{\"@context\":\"https:\/\/schema.org\",\"@graph\":[{\"@type\":\"WebPage\",\"@id\":\"https:\/\/e-cristians.cat\/es\/carta-semanal-de-josep-miro-si-quieres-que-afrontemos-bien-el-escandalo-de-la-pederastia-no-puedes-faltar-a-la-asamblea-ordinaria-de-e-cristians\/\",\"url\":\"https:\/\/e-cristians.cat\/es\/carta-semanal-de-josep-miro-si-quieres-que-afrontemos-bien-el-escandalo-de-la-pederastia-no-puedes-faltar-a-la-asamblea-ordinaria-de-e-cristians\/\",\"name\":\"Afrontemos bien el esc\u00e1ndalo de la pederastia\",\"isPartOf\":{\"@id\":\"https:\/\/e-cristians.cat\/#website\"},\"datePublished\":\"2023-11-24T10:30:59+00:00\",\"dateModified\":\"2023-12-14T15:53:17+00:00\",\"author\":{\"@id\":\"https:\/\/e-cristians.cat\/#\/schema\/person\/f0ec475338e49aaef9c9dc9d9f162861\"},\"description\":\"Otro punto que abordaremos: el de la estrategia a seguir para impedir, de una vez por todas, que sea ignorado el esc\u00e1ndalo de la pederastia\",\"breadcrumb\":{\"@id\":\"https:\/\/e-cristians.cat\/es\/carta-semanal-de-josep-miro-si-quieres-que-afrontemos-bien-el-escandalo-de-la-pederastia-no-puedes-faltar-a-la-asamblea-ordinaria-de-e-cristians\/#breadcrumb\"},\"inLanguage\":\"es\",\"potentialAction\":[{\"@type\":\"ReadAction\",\"target\":[\"https:\/\/e-cristians.cat\/es\/carta-semanal-de-josep-miro-si-quieres-que-afrontemos-bien-el-escandalo-de-la-pederastia-no-puedes-faltar-a-la-asamblea-ordinaria-de-e-cristians\/\"]}]},{\"@type\":\"BreadcrumbList\",\"@id\":\"https:\/\/e-cristians.cat\/es\/carta-semanal-de-josep-miro-si-quieres-que-afrontemos-bien-el-escandalo-de-la-pederastia-no-puedes-faltar-a-la-asamblea-ordinaria-de-e-cristians\/#breadcrumb\",\"itemListElement\":[{\"@type\":\"ListItem\",\"position\":1,\"name\":\"Inici\",\"item\":\"https:\/\/e-cristians.cat\/es\/\"},{\"@type\":\"ListItem\",\"position\":2,\"name\":\"Si quieres que afrontemos bien el esc\u00e1ndalo de la pederastia, no puedes faltar a la Asamblea Ordinaria de e-Cristians\"}]},{\"@type\":\"WebSite\",\"@id\":\"https:\/\/e-cristians.cat\/#website\",\"url\":\"https:\/\/e-cristians.cat\/\",\"name\":\"e-Cristians\",\"description\":\"\",\"potentialAction\":[{\"@type\":\"SearchAction\",\"target\":{\"@type\":\"EntryPoint\",\"urlTemplate\":\"https:\/\/e-cristians.cat\/?s={search_term_string}\"},\"query-input\":\"required name=search_term_string\"}],\"inLanguage\":\"es\"},{\"@type\":\"Person\",\"@id\":\"https:\/\/e-cristians.cat\/#\/schema\/person\/f0ec475338e49aaef9c9dc9d9f162861\",\"name\":\"e-Cristians\",\"image\":{\"@type\":\"ImageObject\",\"inLanguage\":\"es\",\"@id\":\"https:\/\/e-cristians.cat\/#\/schema\/person\/image\/\",\"url\":\"https:\/\/secure.gravatar.com\/avatar\/14bc9e5b0ca69070f1075ad3efcb33c4?s=96&d=mm&r=g\",\"contentUrl\":\"https:\/\/secure.gravatar.com\/avatar\/14bc9e5b0ca69070f1075ad3efcb33c4?s=96&d=mm&r=g\",\"caption\":\"e-Cristians\"}}]}<\/script>\n<!-- \/ Yoast SEO plugin. -->","yoast_head_json":{"title":"Afrontemos bien el esc\u00e1ndalo de la pederastia","description":"Otro punto que abordaremos: el de la estrategia a seguir para impedir, de una vez por todas, que sea ignorado el esc\u00e1ndalo de la pederastia","robots":{"index":"index","follow":"follow","max-snippet":"max-snippet:-1","max-image-preview":"max-image-preview:large","max-video-preview":"max-video-preview:-1"},"canonical":"https:\/\/e-cristians.cat\/es\/carta-semanal-de-josep-miro-si-quieres-que-afrontemos-bien-el-escandalo-de-la-pederastia-no-puedes-faltar-a-la-asamblea-ordinaria-de-e-cristians\/","og_locale":"es_ES","og_type":"article","og_title":"Afrontemos bien el esc\u00e1ndalo de la pederastia","og_description":"Otro punto que abordaremos: el de la estrategia a seguir para impedir, de una vez por todas, que sea ignorado el esc\u00e1ndalo de la pederastia","og_url":"https:\/\/e-cristians.cat\/es\/carta-semanal-de-josep-miro-si-quieres-que-afrontemos-bien-el-escandalo-de-la-pederastia-no-puedes-faltar-a-la-asamblea-ordinaria-de-e-cristians\/","og_site_name":"e-Cristians","article_published_time":"2023-11-24T10:30:59+00:00","article_modified_time":"2023-12-14T15:53:17+00:00","og_image":[{"width":1748,"height":1240,"url":"https:\/\/e-cristians.cat\/wp-content\/uploads\/2023\/10\/Asamblea-Ordinaria-16-12-23.jpg","type":"image\/jpeg"}],"author":"e-Cristians","twitter_card":"summary_large_image","twitter_misc":{"Escrito por":"e-Cristians","Tiempo de lectura":"2 minutos"},"schema":{"@context":"https:\/\/schema.org","@graph":[{"@type":"WebPage","@id":"https:\/\/e-cristians.cat\/es\/carta-semanal-de-josep-miro-si-quieres-que-afrontemos-bien-el-escandalo-de-la-pederastia-no-puedes-faltar-a-la-asamblea-ordinaria-de-e-cristians\/","url":"https:\/\/e-cristians.cat\/es\/carta-semanal-de-josep-miro-si-quieres-que-afrontemos-bien-el-escandalo-de-la-pederastia-no-puedes-faltar-a-la-asamblea-ordinaria-de-e-cristians\/","name":"Afrontemos bien el esc\u00e1ndalo de la pederastia","isPartOf":{"@id":"https:\/\/e-cristians.cat\/#website"},"datePublished":"2023-11-24T10:30:59+00:00","dateModified":"2023-12-14T15:53:17+00:00","author":{"@id":"https:\/\/e-cristians.cat\/#\/schema\/person\/f0ec475338e49aaef9c9dc9d9f162861"},"description":"Otro punto que abordaremos: el de la estrategia a seguir para impedir, de una vez por todas, que sea ignorado el esc\u00e1ndalo de la pederastia","breadcrumb":{"@id":"https:\/\/e-cristians.cat\/es\/carta-semanal-de-josep-miro-si-quieres-que-afrontemos-bien-el-escandalo-de-la-pederastia-no-puedes-faltar-a-la-asamblea-ordinaria-de-e-cristians\/#breadcrumb"},"inLanguage":"es","potentialAction":[{"@type":"ReadAction","target":["https:\/\/e-cristians.cat\/es\/carta-semanal-de-josep-miro-si-quieres-que-afrontemos-bien-el-escandalo-de-la-pederastia-no-puedes-faltar-a-la-asamblea-ordinaria-de-e-cristians\/"]}]},{"@type":"BreadcrumbList","@id":"https:\/\/e-cristians.cat\/es\/carta-semanal-de-josep-miro-si-quieres-que-afrontemos-bien-el-escandalo-de-la-pederastia-no-puedes-faltar-a-la-asamblea-ordinaria-de-e-cristians\/#breadcrumb","itemListElement":[{"@type":"ListItem","position":1,"name":"Inici","item":"https:\/\/e-cristians.cat\/es\/"},{"@type":"ListItem","position":2,"name":"Si quieres que afrontemos bien el esc\u00e1ndalo de la pederastia, no puedes faltar a la Asamblea Ordinaria de e-Cristians"}]},{"@type":"WebSite","@id":"https:\/\/e-cristians.cat\/#website","url":"https:\/\/e-cristians.cat\/","name":"e-Cristians","description":"","potentialAction":[{"@type":"SearchAction","target":{"@type":"EntryPoint","urlTemplate":"https:\/\/e-cristians.cat\/?s={search_term_string}"},"query-input":"required name=search_term_string"}],"inLanguage":"es"},{"@type":"Person","@id":"https:\/\/e-cristians.cat\/#\/schema\/person\/f0ec475338e49aaef9c9dc9d9f162861","name":"e-Cristians","image":{"@type":"ImageObject","inLanguage":"es","@id":"https:\/\/e-cristians.cat\/#\/schema\/person\/image\/","url":"https:\/\/secure.gravatar.com\/avatar\/14bc9e5b0ca69070f1075ad3efcb33c4?s=96&d=mm&r=g","contentUrl":"https:\/\/secure.gravatar.com\/avatar\/14bc9e5b0ca69070f1075ad3efcb33c4?s=96&d=mm&r=g","caption":"e-Cristians"}}]}},"jetpack_sharing_enabled":true,"jetpack_featured_media_url":"https:\/\/e-cristians.cat\/wp-content\/uploads\/2023\/10\/Asamblea-Ordinaria-16-12-23.jpg","_links":{"self":[{"href":"https:\/\/e-cristians.cat\/es\/wp-json\/wp\/v2\/posts\/207134"}],"collection":[{"href":"https:\/\/e-cristians.cat\/es\/wp-json\/wp\/v2\/posts"}],"about":[{"href":"https:\/\/e-cristians.cat\/es\/wp-json\/wp\/v2\/types\/post"}],"author":[{"embeddable":true,"href":"https:\/\/e-cristians.cat\/es\/wp-json\/wp\/v2\/users\/2"}],"replies":[{"embeddable":true,"href":"https:\/\/e-cristians.cat\/es\/wp-json\/wp\/v2\/comments?post=207134"}],"version-history":[{"count":3,"href":"https:\/\/e-cristians.cat\/es\/wp-json\/wp\/v2\/posts\/207134\/revisions"}],"predecessor-version":[{"id":229141,"href":"https:\/\/e-cristians.cat\/es\/wp-json\/wp\/v2\/posts\/207134\/revisions\/229141"}],"wp:featuredmedia":[{"embeddable":true,"href":"https:\/\/e-cristians.cat\/es\/wp-json\/wp\/v2\/media\/202951"}],"wp:attachment":[{"href":"https:\/\/e-cristians.cat\/es\/wp-json\/wp\/v2\/media?parent=207134"}],"wp:term":[{"taxonomy":"category","embeddable":true,"href":"https:\/\/e-cristians.cat\/es\/wp-json\/wp\/v2\/categories?post=207134"},{"taxonomy":"post_tag","embeddable":true,"href":"https:\/\/e-cristians.cat\/es\/wp-json\/wp\/v2\/tags?post=207134"}],"curies":[{"name":"wp","href":"https:\/\/api.w.org\/{rel}","templated":true}]}}