{"id":21440,"date":"2021-10-01T12:05:56","date_gmt":"2021-10-01T10:05:56","guid":{"rendered":"https:\/\/e-cristians.cat\/?p=21440"},"modified":"2021-10-01T12:13:32","modified_gmt":"2021-10-01T10:13:32","slug":"estreno-de-la-pelicula-medjugorje","status":"publish","type":"post","link":"https:\/\/e-cristians.cat\/es\/estreno-de-la-pelicula-medjugorje\/","title":{"rendered":"Estreno de la pel\u00edcula \u00abMedjugorje\u00bb"},"content":{"rendered":"<p>Estas son las ciudades donde se estrena \u00abMedjugorje\u00bb, la pel\u00edcula de Jes\u00fas Garc\u00eda (haz click en la imagen para ampliarla):<\/p>\n<p><a ref=\"magnificPopup\" href=\"https:\/\/e-cristians.cat\/wp-content\/uploads\/2021\/10\/IMG-20210930-WA0008.jpg\" target=\"_blank\" rel=\"noopener\"><img decoding=\"async\" class=\"alignnone wp-image-21441 aligncenter lazyload\" data-src=\"https:\/\/e-cristians.cat\/wp-content\/uploads\/2021\/10\/IMG-20210930-WA0008-300x300.jpg\" alt=\"\" width=\"433\" height=\"433\" data-srcset=\"https:\/\/e-cristians.cat\/wp-content\/uploads\/2021\/10\/IMG-20210930-WA0008-300x300.jpg 300w, https:\/\/e-cristians.cat\/wp-content\/uploads\/2021\/10\/IMG-20210930-WA0008-150x150.jpg 150w, https:\/\/e-cristians.cat\/wp-content\/uploads\/2021\/10\/IMG-20210930-WA0008-600x600.jpg 600w, https:\/\/e-cristians.cat\/wp-content\/uploads\/2021\/10\/IMG-20210930-WA0008-350x350.jpg 350w, https:\/\/e-cristians.cat\/wp-content\/uploads\/2021\/10\/IMG-20210930-WA0008-96x96.jpg 96w, https:\/\/e-cristians.cat\/wp-content\/uploads\/2021\/10\/IMG-20210930-WA0008.jpg 1000w\" data-sizes=\"(max-width: 433px) 100vw, 433px\" src=\"data:image\/svg+xml;base64,PHN2ZyB3aWR0aD0iMSIgaGVpZ2h0PSIxIiB4bWxucz0iaHR0cDovL3d3dy53My5vcmcvMjAwMC9zdmciPjwvc3ZnPg==\" style=\"--smush-placeholder-width: 433px; --smush-placeholder-aspect-ratio: 433\/433;\" \/><\/a><\/p>\n<p>&nbsp;<\/p>\n","protected":false},"excerpt":{"rendered":"<p>Estas son las ciudades donde se estrena \u00abMedjugorje\u00bb, la pel\u00edcula de Jes\u00fas Garc\u00eda (haz click en la imagen para ampliarla): &nbsp;<\/p>\n","protected":false},"author":2,"featured_media":21444,"comment_status":"closed","ping_status":"closed","sticky":false,"template":"","format":"standard","meta":{"_jetpack_memberships_contains_paid_content":false,"footnotes":""},"categories":[33,39],"tags":[],"class_list":["post-21440","post","type-post","status-publish","format-standard","has-post-thumbnail","hentry","category-altres-entitats-informacions-agenda-i-documents-es","category-portada_news-es"],"yoast_head":"<!-- This site is optimized with the Yoast SEO plugin v20.0 - https:\/\/yoast.com\/wordpress\/plugins\/seo\/ -->\n<title>Estreno de la pel\u00edcula &quot;Medjugorje&quot; - e-Cristians<\/title>\n<meta name=\"robots\" content=\"noindex, nofollow\" \/>\n<meta property=\"og:locale\" content=\"es_ES\" \/>\n<meta property=\"og:type\" content=\"article\" \/>\n<meta property=\"og:title\" content=\"Estreno de la pel\u00edcula &quot;Medjugorje&quot; - e-Cristians\" \/>\n<meta property=\"og:description\" content=\"Estas son las ciudades donde se estrena \u00abMedjugorje\u00bb, la pel\u00edcula de Jes\u00fas Garc\u00eda (haz click en la imagen para ampliarla): &nbsp;\" \/>\n<meta property=\"og:url\" content=\"https:\/\/e-cristians.cat\/es\/estreno-de-la-pelicula-medjugorje\/\" \/>\n<meta property=\"og:site_name\" content=\"e-Cristians\" \/>\n<meta property=\"article:published_time\" content=\"2021-10-01T10:05:56+00:00\" \/>\n<meta property=\"article:modified_time\" content=\"2021-10-01T10:13:32+00:00\" \/>\n<meta property=\"og:image\" content=\"https:\/\/e-cristians.cat\/wp-content\/uploads\/2021\/10\/IMG-20210930-WA0009.jpg\" \/>\n\t<meta property=\"og:image:width\" content=\"1600\" \/>\n\t<meta property=\"og:image:height\" content=\"1600\" \/>\n\t<meta property=\"og:image:type\" content=\"image\/jpeg\" \/>\n<meta name=\"author\" content=\"e-Cristians\" \/>\n<meta name=\"twitter:card\" content=\"summary_large_image\" \/>\n<meta name=\"twitter:label1\" content=\"Escrito por\" \/>\n\t<meta name=\"twitter:data1\" content=\"e-Cristians\" \/>\n\t<meta name=\"twitter:label2\" content=\"Tiempo de lectura\" \/>\n\t<meta name=\"twitter:data2\" content=\"1 minuto\" \/>\n<script type=\"application\/ld+json\" class=\"yoast-schema-graph\">{\"@context\":\"https:\/\/schema.org\",\"@graph\":[{\"@type\":\"WebPage\",\"@id\":\"https:\/\/e-cristians.cat\/es\/estreno-de-la-pelicula-medjugorje\/\",\"url\":\"https:\/\/e-cristians.cat\/es\/estreno-de-la-pelicula-medjugorje\/\",\"name\":\"Estreno de la pel\u00edcula \\\"Medjugorje\\\" - e-Cristians\",\"isPartOf\":{\"@id\":\"https:\/\/e-cristians.cat\/#website\"},\"datePublished\":\"2021-10-01T10:05:56+00:00\",\"dateModified\":\"2021-10-01T10:13:32+00:00\",\"author\":{\"@id\":\"https:\/\/e-cristians.cat\/#\/schema\/person\/f0ec475338e49aaef9c9dc9d9f162861\"},\"breadcrumb\":{\"@id\":\"https:\/\/e-cristians.cat\/es\/estreno-de-la-pelicula-medjugorje\/#breadcrumb\"},\"inLanguage\":\"es\",\"potentialAction\":[{\"@type\":\"ReadAction\",\"target\":[\"https:\/\/e-cristians.cat\/es\/estreno-de-la-pelicula-medjugorje\/\"]}]},{\"@type\":\"BreadcrumbList\",\"@id\":\"https:\/\/e-cristians.cat\/es\/estreno-de-la-pelicula-medjugorje\/#breadcrumb\",\"itemListElement\":[{\"@type\":\"ListItem\",\"position\":1,\"name\":\"Inici\",\"item\":\"https:\/\/e-cristians.cat\/es\/\"},{\"@type\":\"ListItem\",\"position\":2,\"name\":\"Estreno de la pel\u00edcula \u00abMedjugorje\u00bb\"}]},{\"@type\":\"WebSite\",\"@id\":\"https:\/\/e-cristians.cat\/#website\",\"url\":\"https:\/\/e-cristians.cat\/\",\"name\":\"e-Cristians\",\"description\":\"\",\"potentialAction\":[{\"@type\":\"SearchAction\",\"target\":{\"@type\":\"EntryPoint\",\"urlTemplate\":\"https:\/\/e-cristians.cat\/?s={search_term_string}\"},\"query-input\":\"required name=search_term_string\"}],\"inLanguage\":\"es\"},{\"@type\":\"Person\",\"@id\":\"https:\/\/e-cristians.cat\/#\/schema\/person\/f0ec475338e49aaef9c9dc9d9f162861\",\"name\":\"e-Cristians\",\"image\":{\"@type\":\"ImageObject\",\"inLanguage\":\"es\",\"@id\":\"https:\/\/e-cristians.cat\/#\/schema\/person\/image\/\",\"url\":\"https:\/\/secure.gravatar.com\/avatar\/14bc9e5b0ca69070f1075ad3efcb33c4?s=96&d=mm&r=g\",\"contentUrl\":\"https:\/\/secure.gravatar.com\/avatar\/14bc9e5b0ca69070f1075ad3efcb33c4?s=96&d=mm&r=g\",\"caption\":\"e-Cristians\"}}]}<\/script>\n<!-- \/ Yoast SEO plugin. -->","yoast_head_json":{"title":"Estreno de la pel\u00edcula \"Medjugorje\" - e-Cristians","robots":{"index":"noindex","follow":"nofollow"},"og_locale":"es_ES","og_type":"article","og_title":"Estreno de la pel\u00edcula \"Medjugorje\" - e-Cristians","og_description":"Estas son las ciudades donde se estrena \u00abMedjugorje\u00bb, la pel\u00edcula de Jes\u00fas Garc\u00eda (haz click en la imagen para ampliarla): &nbsp;","og_url":"https:\/\/e-cristians.cat\/es\/estreno-de-la-pelicula-medjugorje\/","og_site_name":"e-Cristians","article_published_time":"2021-10-01T10:05:56+00:00","article_modified_time":"2021-10-01T10:13:32+00:00","og_image":[{"width":1600,"height":1600,"url":"https:\/\/e-cristians.cat\/wp-content\/uploads\/2021\/10\/IMG-20210930-WA0009.jpg","type":"image\/jpeg"}],"author":"e-Cristians","twitter_card":"summary_large_image","twitter_misc":{"Escrito por":"e-Cristians","Tiempo de lectura":"1 minuto"},"schema":{"@context":"https:\/\/schema.org","@graph":[{"@type":"WebPage","@id":"https:\/\/e-cristians.cat\/es\/estreno-de-la-pelicula-medjugorje\/","url":"https:\/\/e-cristians.cat\/es\/estreno-de-la-pelicula-medjugorje\/","name":"Estreno de la pel\u00edcula \"Medjugorje\" - e-Cristians","isPartOf":{"@id":"https:\/\/e-cristians.cat\/#website"},"datePublished":"2021-10-01T10:05:56+00:00","dateModified":"2021-10-01T10:13:32+00:00","author":{"@id":"https:\/\/e-cristians.cat\/#\/schema\/person\/f0ec475338e49aaef9c9dc9d9f162861"},"breadcrumb":{"@id":"https:\/\/e-cristians.cat\/es\/estreno-de-la-pelicula-medjugorje\/#breadcrumb"},"inLanguage":"es","potentialAction":[{"@type":"ReadAction","target":["https:\/\/e-cristians.cat\/es\/estreno-de-la-pelicula-medjugorje\/"]}]},{"@type":"BreadcrumbList","@id":"https:\/\/e-cristians.cat\/es\/estreno-de-la-pelicula-medjugorje\/#breadcrumb","itemListElement":[{"@type":"ListItem","position":1,"name":"Inici","item":"https:\/\/e-cristians.cat\/es\/"},{"@type":"ListItem","position":2,"name":"Estreno de la pel\u00edcula \u00abMedjugorje\u00bb"}]},{"@type":"WebSite","@id":"https:\/\/e-cristians.cat\/#website","url":"https:\/\/e-cristians.cat\/","name":"e-Cristians","description":"","potentialAction":[{"@type":"SearchAction","target":{"@type":"EntryPoint","urlTemplate":"https:\/\/e-cristians.cat\/?s={search_term_string}"},"query-input":"required name=search_term_string"}],"inLanguage":"es"},{"@type":"Person","@id":"https:\/\/e-cristians.cat\/#\/schema\/person\/f0ec475338e49aaef9c9dc9d9f162861","name":"e-Cristians","image":{"@type":"ImageObject","inLanguage":"es","@id":"https:\/\/e-cristians.cat\/#\/schema\/person\/image\/","url":"https:\/\/secure.gravatar.com\/avatar\/14bc9e5b0ca69070f1075ad3efcb33c4?s=96&d=mm&r=g","contentUrl":"https:\/\/secure.gravatar.com\/avatar\/14bc9e5b0ca69070f1075ad3efcb33c4?s=96&d=mm&r=g","caption":"e-Cristians"}}]}},"jetpack_sharing_enabled":true,"jetpack_featured_media_url":"https:\/\/e-cristians.cat\/wp-content\/uploads\/2021\/10\/IMG-20210930-WA0009.jpg","_links":{"self":[{"href":"https:\/\/e-cristians.cat\/es\/wp-json\/wp\/v2\/posts\/21440"}],"collection":[{"href":"https:\/\/e-cristians.cat\/es\/wp-json\/wp\/v2\/posts"}],"about":[{"href":"https:\/\/e-cristians.cat\/es\/wp-json\/wp\/v2\/types\/post"}],"author":[{"embeddable":true,"href":"https:\/\/e-cristians.cat\/es\/wp-json\/wp\/v2\/users\/2"}],"replies":[{"embeddable":true,"href":"https:\/\/e-cristians.cat\/es\/wp-json\/wp\/v2\/comments?post=21440"}],"version-history":[{"count":6,"href":"https:\/\/e-cristians.cat\/es\/wp-json\/wp\/v2\/posts\/21440\/revisions"}],"predecessor-version":[{"id":21454,"href":"https:\/\/e-cristians.cat\/es\/wp-json\/wp\/v2\/posts\/21440\/revisions\/21454"}],"wp:featuredmedia":[{"embeddable":true,"href":"https:\/\/e-cristians.cat\/es\/wp-json\/wp\/v2\/media\/21444"}],"wp:attachment":[{"href":"https:\/\/e-cristians.cat\/es\/wp-json\/wp\/v2\/media?parent=21440"}],"wp:term":[{"taxonomy":"category","embeddable":true,"href":"https:\/\/e-cristians.cat\/es\/wp-json\/wp\/v2\/categories?post=21440"},{"taxonomy":"post_tag","embeddable":true,"href":"https:\/\/e-cristians.cat\/es\/wp-json\/wp\/v2\/tags?post=21440"}],"curies":[{"name":"wp","href":"https:\/\/api.w.org\/{rel}","templated":true}]}}