{"id":215532,"date":"2023-11-29T12:50:39","date_gmt":"2023-11-29T11:50:39","guid":{"rendered":"https:\/\/e-cristians.cat\/?p=215532"},"modified":"2023-11-30T12:57:36","modified_gmt":"2023-11-30T11:57:36","slug":"respuesta-de-la-defensora-del-lector-de-el-pais-se-niegan-a-atender-nuestra-peticion","status":"publish","type":"post","link":"https:\/\/e-cristians.cat\/es\/respuesta-de-la-defensora-del-lector-de-el-pais-se-niegan-a-atender-nuestra-peticion\/","title":{"rendered":"Respuesta de la Defensora del Lector de El Pa\u00eds. Se niegan a atender nuestra petici\u00f3n"},"content":{"rendered":"<p>Esta es la respuesta de la Defensora del Lector de El Pa\u00eds, Soledad Alcaide, a <a href=\"https:\/\/e-cristians.cat\/es\/escribe-a-la-defensora-del-lector-de-el-pais-no-podemos-continuar-callados-ante-las-falsedades-y-tergiversaciones-sobre-la-pederastia-y-los-catolicos\/\" target=\"_blank\" rel=\"noopener\">nuestra petici\u00f3n<\/a> de <strong>rectificar el invento de las 440.000 v\u00edctimas de pederastia atribuidas a la Iglesia<\/strong>:<\/p>\n<p><em>Buenas tardes,\u00a0<\/em><\/p>\n<p><em>Muchas gracias por enviarme sus comentarios.\u00a0<\/em><\/p>\n<p><em>En la informaci\u00f3n mencionada, los dos autores indican con absoluta transparencia que la cifra del titular no est\u00e1 en el informe, porque el Defensor del Pueblo ha preferido no hacer un c\u00e1lculo en n\u00fameros redondos. Es decir, no hay ning\u00fan \u00e1nimo de enga\u00f1ar al lector. Tambi\u00e9n explican detalladamente c\u00f3mo han hecho esos c\u00e1lculos, para que no quede ninguna duda de c\u00f3mo han llegado a esa conclusi\u00f3n. Aqu\u00ed puede verlo:<\/em><\/p>\n<p><em><img decoding=\"async\" class=\"wp-image-215513 aligncenter lazyload\" data-src=\"https:\/\/e-cristians.cat\/wp-content\/uploads\/2023\/11\/Rsposta-EP-300x216.jpg\" alt=\"\" width=\"428\" height=\"308\" data-srcset=\"https:\/\/e-cristians.cat\/wp-content\/uploads\/2023\/11\/Rsposta-EP-300x216.jpg 300w, https:\/\/e-cristians.cat\/wp-content\/uploads\/2023\/11\/Rsposta-EP-600x432.jpg 600w, https:\/\/e-cristians.cat\/wp-content\/uploads\/2023\/11\/Rsposta-EP-150x108.jpg 150w, https:\/\/e-cristians.cat\/wp-content\/uploads\/2023\/11\/Rsposta-EP.jpg 896w\" data-sizes=\"(max-width: 428px) 100vw, 428px\" src=\"data:image\/svg+xml;base64,PHN2ZyB3aWR0aD0iMSIgaGVpZ2h0PSIxIiB4bWxucz0iaHR0cDovL3d3dy53My5vcmcvMjAwMC9zdmciPjwvc3ZnPg==\" style=\"--smush-placeholder-width: 428px; --smush-placeholder-aspect-ratio: 428\/308;\" \/><\/em><\/p>\n<p><em>Es habitual en el periodismo que ejerce EL PA\u00cdS traducir en n\u00fameros redondos para ayudar a dimensionar la situaci\u00f3n de la que se est\u00e1 hablando. La explicaci\u00f3n de c\u00f3mo se ha llegado a dicha cifra permite al lector saber que hay un margen de error, que es asumido por el peri\u00f3dico con total transparencia. Adem\u00e1s, el verbo utilizado en el titular de la informaci\u00f3n (estimar) pone de relieve precisamente eso, que es una tasaci\u00f3n aproximada.\u00a0<\/em><\/p>\n<p><em>Es obvio que EL PA\u00cdS no es una empresa de estad\u00edstica y, por tanto, no debe ce\u00f1irse a los porcentajes, sino a tratar de explicar a los lectores de una forma period\u00edstica.\u00a0<\/em><\/p>\n<p><em>No hay detr\u00e1s de este trabajo m\u00e1s \u00e1nimo que el de explicar\u00a0\u00abel drama humano de lo que significa la\u00a0pederastia\u00bb en el seno de la Iglesia, que l<a href=\"https:\/\/elpais.com\/sociedad\/2023-06-01\/los-obispos-reconocen-728-casos-de-abusos-desde-1945-en-la-iglesia-catolica-espanola.html\">a propia Conferencia Episcopal ha admitido. <\/a>Aunque los c\u00e1lculos de EL PA\u00cdS fueran imprecisos -que, insisto, es algo que asume el peri\u00f3dico en sus explicaciones-, estamos hablando de un \u00abdrama humano\u00bb de cientos de miles de v\u00edctimas tras ese 1,13% de la poblaci\u00f3n que indica el informe del Defensor del Pueblo. Y ah\u00ed deber\u00edamos poner el foco.\u00a0\u00a0<\/em><\/p>\n<p><em>Un saludo,\u00a0<\/em><\/p>\n<p><em>Soledad Alcaide<\/em><\/p>\n","protected":false},"excerpt":{"rendered":"<p>Esta es la respuesta de la Defensora del Lector de El Pa\u00eds, Soledad Alcaide, a nuestra petici\u00f3n de rectificar el invento de las 440.000 v\u00edctimas de pederastia atribuidas a la Iglesia: Buenas tardes,\u00a0 Muchas gracias por enviarme sus comentarios.\u00a0 En la informaci\u00f3n mencionada, los dos autores indican con absoluta transparencia que la cifra del titular&#8230;<\/p>\n","protected":false},"author":2,"featured_media":215513,"comment_status":"closed","ping_status":"closed","sticky":false,"template":"","format":"standard","meta":{"_jetpack_memberships_contains_paid_content":false,"footnotes":""},"categories":[35,39],"tags":[],"class_list":["post-215532","post","type-post","status-publish","format-standard","has-post-thumbnail","hentry","category-informacions-i-agenda-de-cristians-es","category-portada_news-es"],"yoast_head":"<!-- This site is optimized with the Yoast SEO plugin v20.0 - https:\/\/yoast.com\/wordpress\/plugins\/seo\/ -->\n<title>Respuesta de la Defensora del Lector de El Pa\u00eds. Se niegan a atender nuestra petici\u00f3n - e-Cristians<\/title>\n<meta name=\"robots\" content=\"noindex, nofollow\" \/>\n<meta property=\"og:locale\" content=\"es_ES\" \/>\n<meta property=\"og:type\" content=\"article\" \/>\n<meta property=\"og:title\" content=\"Respuesta de la Defensora del Lector de El Pa\u00eds. Se niegan a atender nuestra petici\u00f3n - e-Cristians\" \/>\n<meta property=\"og:description\" content=\"Esta es la respuesta de la Defensora del Lector de El Pa\u00eds, Soledad Alcaide, a nuestra petici\u00f3n de rectificar el invento de las 440.000 v\u00edctimas de pederastia atribuidas a la Iglesia: Buenas tardes,\u00a0 Muchas gracias por enviarme sus comentarios.\u00a0 En la informaci\u00f3n mencionada, los dos autores indican con absoluta transparencia que la cifra del titular...\" \/>\n<meta property=\"og:url\" content=\"https:\/\/e-cristians.cat\/es\/respuesta-de-la-defensora-del-lector-de-el-pais-se-niegan-a-atender-nuestra-peticion\/\" \/>\n<meta property=\"og:site_name\" content=\"e-Cristians\" \/>\n<meta property=\"article:published_time\" content=\"2023-11-29T11:50:39+00:00\" \/>\n<meta property=\"article:modified_time\" content=\"2023-11-30T11:57:36+00:00\" \/>\n<meta property=\"og:image\" content=\"https:\/\/e-cristians.cat\/wp-content\/uploads\/2023\/11\/Rsposta-EP.jpg\" \/>\n\t<meta property=\"og:image:width\" content=\"896\" \/>\n\t<meta property=\"og:image:height\" content=\"645\" \/>\n\t<meta property=\"og:image:type\" content=\"image\/jpeg\" \/>\n<meta name=\"author\" content=\"e-Cristians\" \/>\n<meta name=\"twitter:card\" content=\"summary_large_image\" \/>\n<meta name=\"twitter:label1\" content=\"Escrito por\" \/>\n\t<meta name=\"twitter:data1\" content=\"e-Cristians\" \/>\n\t<meta name=\"twitter:label2\" content=\"Tiempo de lectura\" \/>\n\t<meta name=\"twitter:data2\" content=\"2 minutos\" \/>\n<script type=\"application\/ld+json\" class=\"yoast-schema-graph\">{\"@context\":\"https:\/\/schema.org\",\"@graph\":[{\"@type\":\"WebPage\",\"@id\":\"https:\/\/e-cristians.cat\/es\/respuesta-de-la-defensora-del-lector-de-el-pais-se-niegan-a-atender-nuestra-peticion\/\",\"url\":\"https:\/\/e-cristians.cat\/es\/respuesta-de-la-defensora-del-lector-de-el-pais-se-niegan-a-atender-nuestra-peticion\/\",\"name\":\"Respuesta de la Defensora del Lector de El Pa\u00eds. Se niegan a atender nuestra petici\u00f3n - e-Cristians\",\"isPartOf\":{\"@id\":\"https:\/\/e-cristians.cat\/#website\"},\"datePublished\":\"2023-11-29T11:50:39+00:00\",\"dateModified\":\"2023-11-30T11:57:36+00:00\",\"author\":{\"@id\":\"https:\/\/e-cristians.cat\/#\/schema\/person\/f0ec475338e49aaef9c9dc9d9f162861\"},\"breadcrumb\":{\"@id\":\"https:\/\/e-cristians.cat\/es\/respuesta-de-la-defensora-del-lector-de-el-pais-se-niegan-a-atender-nuestra-peticion\/#breadcrumb\"},\"inLanguage\":\"es\",\"potentialAction\":[{\"@type\":\"ReadAction\",\"target\":[\"https:\/\/e-cristians.cat\/es\/respuesta-de-la-defensora-del-lector-de-el-pais-se-niegan-a-atender-nuestra-peticion\/\"]}]},{\"@type\":\"BreadcrumbList\",\"@id\":\"https:\/\/e-cristians.cat\/es\/respuesta-de-la-defensora-del-lector-de-el-pais-se-niegan-a-atender-nuestra-peticion\/#breadcrumb\",\"itemListElement\":[{\"@type\":\"ListItem\",\"position\":1,\"name\":\"Inici\",\"item\":\"https:\/\/e-cristians.cat\/es\/\"},{\"@type\":\"ListItem\",\"position\":2,\"name\":\"Respuesta de la Defensora del Lector de El Pa\u00eds. Se niegan a atender nuestra petici\u00f3n\"}]},{\"@type\":\"WebSite\",\"@id\":\"https:\/\/e-cristians.cat\/#website\",\"url\":\"https:\/\/e-cristians.cat\/\",\"name\":\"e-Cristians\",\"description\":\"\",\"potentialAction\":[{\"@type\":\"SearchAction\",\"target\":{\"@type\":\"EntryPoint\",\"urlTemplate\":\"https:\/\/e-cristians.cat\/?s={search_term_string}\"},\"query-input\":\"required name=search_term_string\"}],\"inLanguage\":\"es\"},{\"@type\":\"Person\",\"@id\":\"https:\/\/e-cristians.cat\/#\/schema\/person\/f0ec475338e49aaef9c9dc9d9f162861\",\"name\":\"e-Cristians\",\"image\":{\"@type\":\"ImageObject\",\"inLanguage\":\"es\",\"@id\":\"https:\/\/e-cristians.cat\/#\/schema\/person\/image\/\",\"url\":\"https:\/\/secure.gravatar.com\/avatar\/14bc9e5b0ca69070f1075ad3efcb33c4?s=96&d=mm&r=g\",\"contentUrl\":\"https:\/\/secure.gravatar.com\/avatar\/14bc9e5b0ca69070f1075ad3efcb33c4?s=96&d=mm&r=g\",\"caption\":\"e-Cristians\"}}]}<\/script>\n<!-- \/ Yoast SEO plugin. -->","yoast_head_json":{"title":"Respuesta de la Defensora del Lector de El Pa\u00eds. Se niegan a atender nuestra petici\u00f3n - e-Cristians","robots":{"index":"noindex","follow":"nofollow"},"og_locale":"es_ES","og_type":"article","og_title":"Respuesta de la Defensora del Lector de El Pa\u00eds. Se niegan a atender nuestra petici\u00f3n - e-Cristians","og_description":"Esta es la respuesta de la Defensora del Lector de El Pa\u00eds, Soledad Alcaide, a nuestra petici\u00f3n de rectificar el invento de las 440.000 v\u00edctimas de pederastia atribuidas a la Iglesia: Buenas tardes,\u00a0 Muchas gracias por enviarme sus comentarios.\u00a0 En la informaci\u00f3n mencionada, los dos autores indican con absoluta transparencia que la cifra del titular...","og_url":"https:\/\/e-cristians.cat\/es\/respuesta-de-la-defensora-del-lector-de-el-pais-se-niegan-a-atender-nuestra-peticion\/","og_site_name":"e-Cristians","article_published_time":"2023-11-29T11:50:39+00:00","article_modified_time":"2023-11-30T11:57:36+00:00","og_image":[{"width":896,"height":645,"url":"https:\/\/e-cristians.cat\/wp-content\/uploads\/2023\/11\/Rsposta-EP.jpg","type":"image\/jpeg"}],"author":"e-Cristians","twitter_card":"summary_large_image","twitter_misc":{"Escrito por":"e-Cristians","Tiempo de lectura":"2 minutos"},"schema":{"@context":"https:\/\/schema.org","@graph":[{"@type":"WebPage","@id":"https:\/\/e-cristians.cat\/es\/respuesta-de-la-defensora-del-lector-de-el-pais-se-niegan-a-atender-nuestra-peticion\/","url":"https:\/\/e-cristians.cat\/es\/respuesta-de-la-defensora-del-lector-de-el-pais-se-niegan-a-atender-nuestra-peticion\/","name":"Respuesta de la Defensora del Lector de El Pa\u00eds. Se niegan a atender nuestra petici\u00f3n - e-Cristians","isPartOf":{"@id":"https:\/\/e-cristians.cat\/#website"},"datePublished":"2023-11-29T11:50:39+00:00","dateModified":"2023-11-30T11:57:36+00:00","author":{"@id":"https:\/\/e-cristians.cat\/#\/schema\/person\/f0ec475338e49aaef9c9dc9d9f162861"},"breadcrumb":{"@id":"https:\/\/e-cristians.cat\/es\/respuesta-de-la-defensora-del-lector-de-el-pais-se-niegan-a-atender-nuestra-peticion\/#breadcrumb"},"inLanguage":"es","potentialAction":[{"@type":"ReadAction","target":["https:\/\/e-cristians.cat\/es\/respuesta-de-la-defensora-del-lector-de-el-pais-se-niegan-a-atender-nuestra-peticion\/"]}]},{"@type":"BreadcrumbList","@id":"https:\/\/e-cristians.cat\/es\/respuesta-de-la-defensora-del-lector-de-el-pais-se-niegan-a-atender-nuestra-peticion\/#breadcrumb","itemListElement":[{"@type":"ListItem","position":1,"name":"Inici","item":"https:\/\/e-cristians.cat\/es\/"},{"@type":"ListItem","position":2,"name":"Respuesta de la Defensora del Lector de El Pa\u00eds. Se niegan a atender nuestra petici\u00f3n"}]},{"@type":"WebSite","@id":"https:\/\/e-cristians.cat\/#website","url":"https:\/\/e-cristians.cat\/","name":"e-Cristians","description":"","potentialAction":[{"@type":"SearchAction","target":{"@type":"EntryPoint","urlTemplate":"https:\/\/e-cristians.cat\/?s={search_term_string}"},"query-input":"required name=search_term_string"}],"inLanguage":"es"},{"@type":"Person","@id":"https:\/\/e-cristians.cat\/#\/schema\/person\/f0ec475338e49aaef9c9dc9d9f162861","name":"e-Cristians","image":{"@type":"ImageObject","inLanguage":"es","@id":"https:\/\/e-cristians.cat\/#\/schema\/person\/image\/","url":"https:\/\/secure.gravatar.com\/avatar\/14bc9e5b0ca69070f1075ad3efcb33c4?s=96&d=mm&r=g","contentUrl":"https:\/\/secure.gravatar.com\/avatar\/14bc9e5b0ca69070f1075ad3efcb33c4?s=96&d=mm&r=g","caption":"e-Cristians"}}]}},"jetpack_sharing_enabled":true,"jetpack_featured_media_url":"https:\/\/e-cristians.cat\/wp-content\/uploads\/2023\/11\/Rsposta-EP.jpg","_links":{"self":[{"href":"https:\/\/e-cristians.cat\/es\/wp-json\/wp\/v2\/posts\/215532"}],"collection":[{"href":"https:\/\/e-cristians.cat\/es\/wp-json\/wp\/v2\/posts"}],"about":[{"href":"https:\/\/e-cristians.cat\/es\/wp-json\/wp\/v2\/types\/post"}],"author":[{"embeddable":true,"href":"https:\/\/e-cristians.cat\/es\/wp-json\/wp\/v2\/users\/2"}],"replies":[{"embeddable":true,"href":"https:\/\/e-cristians.cat\/es\/wp-json\/wp\/v2\/comments?post=215532"}],"version-history":[{"count":1,"href":"https:\/\/e-cristians.cat\/es\/wp-json\/wp\/v2\/posts\/215532\/revisions"}],"predecessor-version":[{"id":215539,"href":"https:\/\/e-cristians.cat\/es\/wp-json\/wp\/v2\/posts\/215532\/revisions\/215539"}],"wp:featuredmedia":[{"embeddable":true,"href":"https:\/\/e-cristians.cat\/es\/wp-json\/wp\/v2\/media\/215513"}],"wp:attachment":[{"href":"https:\/\/e-cristians.cat\/es\/wp-json\/wp\/v2\/media?parent=215532"}],"wp:term":[{"taxonomy":"category","embeddable":true,"href":"https:\/\/e-cristians.cat\/es\/wp-json\/wp\/v2\/categories?post=215532"},{"taxonomy":"post_tag","embeddable":true,"href":"https:\/\/e-cristians.cat\/es\/wp-json\/wp\/v2\/tags?post=215532"}],"curies":[{"name":"wp","href":"https:\/\/api.w.org\/{rel}","templated":true}]}}