{"id":2185,"date":"2020-12-03T17:11:45","date_gmt":"2020-12-03T16:11:45","guid":{"rendered":"https:\/\/e-cristians.cat\/?p=2185"},"modified":"2020-12-11T12:02:41","modified_gmt":"2020-12-11T11:02:41","slug":"carta-semanal-de-josep-miro-i-ardevol-pedimos-a-los-partidos-politicos-que-se-definan","status":"publish","type":"post","link":"https:\/\/e-cristians.cat\/es\/carta-semanal-de-josep-miro-i-ardevol-pedimos-a-los-partidos-politicos-que-se-definan\/","title":{"rendered":"Pedimos a los partidos pol\u00edticos que se definan"},"content":{"rendered":"<p>Apreciado amigo\/Apreciada amiga:<\/p>\n<p>En la perspectiva de las elecciones al Parlamento de Catalu\u00f1a, la Comisi\u00f3n Ejecutiva ha preparado un extenso documento en el que figuran cuestiones que, relacionadas con la actualidad y desde la perspectiva de la Doctrina social de la Iglesia, <strong>deber\u00edan figurar en los programas de los partidos pol\u00edticos<\/strong> por considerar que estos reflejan en una medida u otra posiciones asumibles por los cat\u00f3licos. Este documento, que ser\u00e1 hecho p\u00fablico y tendr\u00e9is conocimiento pr\u00f3ximamente, <strong>se env\u00eda esta semana a todas las organizaciones pol\u00edticas <\/strong>que tienen presencia parlamentaria o pueden tenerla, con la petici\u00f3n que nos indiquen en qu\u00e9 medida forman parte de su programa o, en su defecto, si ser\u00e1n atendidas. Con las respuestas de los partidos, se har\u00e1 p\u00fablico en el mes de enero una primera evaluaci\u00f3n que servir\u00e1 para situar el perfil de cada uno de los partidos. El documento incorpora aspectos de todos los \u00e1mbitos, que tienen en com\u00fan la doble condici\u00f3n apuntada de responder a cuestiones de necesidad y sobre las que la Doctrina Social de la Iglesia tiene un posicionamiento concreto. Los resultados de esta indagaci\u00f3n ser\u00e1n hechos p\u00fablicos con el objetivo de llegar al menos a 100.000 ciudadanos a fin de enriquecer el debate pol\u00edtico. Tambi\u00e9n servir\u00e1 de base para preparar los habituales criterios sobre el voto que e-Cristians suele formular antes de cada elecci\u00f3n.<\/p>\n<p>Si est\u00e1s interesado en seguir esta tem\u00e1tica de manera m\u00e1s cercana, inscr\u00edbete en <a href=\"mailto:secretaria@e-cristians.net\">secretaria@e-cristians.net<\/a>.<\/p>\n<p><strong>La eutanasia<\/strong><\/p>\n<p>La campa\u00f1a conjunta Los 7000, <strong>impulsada por e-Cristians<\/strong> junto con otras entidades, lanz\u00f3 el pasado fin de semana una acci\u00f3n de impulso a la red contra la eutanasia y para intensificar la recogida de firmas. En 48 horas se consiguieron m\u00e1s de 10.000 firmas. Asimismo, apoyamos la campa\u00f1a Vividores y Debate secuestrada a trav\u00e9s de la red que en concreto fue el pasado lunes, con el hashtag #debatesecuestrado que fue uno de los m\u00e1s tuits. Esta semana se vuelve a reunir la comisi\u00f3n de coordinaci\u00f3n de esta campa\u00f1a a escala espa\u00f1ola, que tambi\u00e9n cuenta con un grupo de diputados al Congreso y al Senado, para intensificar la acci\u00f3n y abrir nuevas l\u00edneas de actuaci\u00f3n. Tambi\u00e9n se espera una mayor presencia en los pr\u00f3ximos d\u00edas y semanas de la Iglesia a trav\u00e9s de la Conferencia Episcopal Espa\u00f1ola y de los colegios de m\u00e9dicos.<\/p>\n<h6 style=\"text-align: center;\"><strong>A m\u00e1s problemas y adversidades, m\u00e1s ayuda necesitamos. <u>Ven a rezar a la Bas\u00edlica de la Virgen de la Merced el d\u00eda 9 de diciembre a las 19h.<\/u> (y todos los segundos mi\u00e9rcoles de cada mes).<\/strong><\/h6>\n<p>&nbsp;<\/p>\n","protected":false},"excerpt":{"rendered":"<p>Apreciado amigo\/Apreciada amiga: En la perspectiva de las elecciones al Parlamento de Catalu\u00f1a, la Comisi\u00f3n Ejecutiva ha preparado un extenso documento en el que figuran cuestiones que, relacionadas con la actualidad y desde la perspectiva de la Doctrina social de la Iglesia, deber\u00edan figurar en los programas de los partidos pol\u00edticos por considerar que estos&#8230;<\/p>\n","protected":false},"author":2,"featured_media":2183,"comment_status":"closed","ping_status":"closed","sticky":false,"template":"","format":"standard","meta":{"_jetpack_memberships_contains_paid_content":false,"footnotes":""},"categories":[29],"tags":[],"class_list":["post-2185","post","type-post","status-publish","format-standard","has-post-thumbnail","hentry","category-carta-setmanal-de-josep-miro-i-ardevol-es"],"yoast_head":"<!-- This site is optimized with the Yoast SEO plugin v20.0 - https:\/\/yoast.com\/wordpress\/plugins\/seo\/ -->\n<title>Pedimos a los partidos pol\u00edticos que se definan - e-Cristians<\/title>\n<meta name=\"robots\" content=\"noindex, nofollow\" \/>\n<meta property=\"og:locale\" content=\"es_ES\" \/>\n<meta property=\"og:type\" content=\"article\" \/>\n<meta property=\"og:title\" content=\"Pedimos a los partidos pol\u00edticos que se definan - e-Cristians\" \/>\n<meta property=\"og:description\" content=\"Apreciado amigo\/Apreciada amiga: En la perspectiva de las elecciones al Parlamento de Catalu\u00f1a, la Comisi\u00f3n Ejecutiva ha preparado un extenso documento en el que figuran cuestiones que, relacionadas con la actualidad y desde la perspectiva de la Doctrina social de la Iglesia, deber\u00edan figurar en los programas de los partidos pol\u00edticos por considerar que estos...\" \/>\n<meta property=\"og:url\" content=\"https:\/\/e-cristians.cat\/es\/carta-semanal-de-josep-miro-i-ardevol-pedimos-a-los-partidos-politicos-que-se-definan\/\" \/>\n<meta property=\"og:site_name\" content=\"e-Cristians\" \/>\n<meta property=\"article:published_time\" content=\"2020-12-03T16:11:45+00:00\" \/>\n<meta property=\"article:modified_time\" content=\"2020-12-11T11:02:41+00:00\" \/>\n<meta property=\"og:image\" content=\"https:\/\/e-cristians.cat\/wp-content\/uploads\/2020\/12\/cristianos-elecciones_2112698729_13517857_660x371.jpg\" \/>\n\t<meta property=\"og:image:width\" content=\"660\" \/>\n\t<meta property=\"og:image:height\" content=\"371\" \/>\n\t<meta property=\"og:image:type\" content=\"image\/jpeg\" \/>\n<meta name=\"author\" content=\"e-Cristians\" \/>\n<meta name=\"twitter:card\" content=\"summary_large_image\" \/>\n<meta name=\"twitter:label1\" content=\"Escrito por\" \/>\n\t<meta name=\"twitter:data1\" content=\"e-Cristians\" \/>\n\t<meta name=\"twitter:label2\" content=\"Tiempo de lectura\" \/>\n\t<meta name=\"twitter:data2\" content=\"2 minutos\" \/>\n<script type=\"application\/ld+json\" class=\"yoast-schema-graph\">{\"@context\":\"https:\/\/schema.org\",\"@graph\":[{\"@type\":\"WebPage\",\"@id\":\"https:\/\/e-cristians.cat\/es\/carta-semanal-de-josep-miro-i-ardevol-pedimos-a-los-partidos-politicos-que-se-definan\/\",\"url\":\"https:\/\/e-cristians.cat\/es\/carta-semanal-de-josep-miro-i-ardevol-pedimos-a-los-partidos-politicos-que-se-definan\/\",\"name\":\"Pedimos a los partidos pol\u00edticos que se definan - e-Cristians\",\"isPartOf\":{\"@id\":\"https:\/\/e-cristians.cat\/#website\"},\"datePublished\":\"2020-12-03T16:11:45+00:00\",\"dateModified\":\"2020-12-11T11:02:41+00:00\",\"author\":{\"@id\":\"https:\/\/e-cristians.cat\/#\/schema\/person\/f0ec475338e49aaef9c9dc9d9f162861\"},\"breadcrumb\":{\"@id\":\"https:\/\/e-cristians.cat\/es\/carta-semanal-de-josep-miro-i-ardevol-pedimos-a-los-partidos-politicos-que-se-definan\/#breadcrumb\"},\"inLanguage\":\"es\",\"potentialAction\":[{\"@type\":\"ReadAction\",\"target\":[\"https:\/\/e-cristians.cat\/es\/carta-semanal-de-josep-miro-i-ardevol-pedimos-a-los-partidos-politicos-que-se-definan\/\"]}]},{\"@type\":\"BreadcrumbList\",\"@id\":\"https:\/\/e-cristians.cat\/es\/carta-semanal-de-josep-miro-i-ardevol-pedimos-a-los-partidos-politicos-que-se-definan\/#breadcrumb\",\"itemListElement\":[{\"@type\":\"ListItem\",\"position\":1,\"name\":\"Inici\",\"item\":\"https:\/\/e-cristians.cat\/es\/\"},{\"@type\":\"ListItem\",\"position\":2,\"name\":\"Pedimos a los partidos pol\u00edticos que se definan\"}]},{\"@type\":\"WebSite\",\"@id\":\"https:\/\/e-cristians.cat\/#website\",\"url\":\"https:\/\/e-cristians.cat\/\",\"name\":\"e-Cristians\",\"description\":\"\",\"potentialAction\":[{\"@type\":\"SearchAction\",\"target\":{\"@type\":\"EntryPoint\",\"urlTemplate\":\"https:\/\/e-cristians.cat\/?s={search_term_string}\"},\"query-input\":\"required name=search_term_string\"}],\"inLanguage\":\"es\"},{\"@type\":\"Person\",\"@id\":\"https:\/\/e-cristians.cat\/#\/schema\/person\/f0ec475338e49aaef9c9dc9d9f162861\",\"name\":\"e-Cristians\",\"image\":{\"@type\":\"ImageObject\",\"inLanguage\":\"es\",\"@id\":\"https:\/\/e-cristians.cat\/#\/schema\/person\/image\/\",\"url\":\"https:\/\/secure.gravatar.com\/avatar\/14bc9e5b0ca69070f1075ad3efcb33c4?s=96&d=mm&r=g\",\"contentUrl\":\"https:\/\/secure.gravatar.com\/avatar\/14bc9e5b0ca69070f1075ad3efcb33c4?s=96&d=mm&r=g\",\"caption\":\"e-Cristians\"}}]}<\/script>\n<!-- \/ Yoast SEO plugin. -->","yoast_head_json":{"title":"Pedimos a los partidos pol\u00edticos que se definan - e-Cristians","robots":{"index":"noindex","follow":"nofollow"},"og_locale":"es_ES","og_type":"article","og_title":"Pedimos a los partidos pol\u00edticos que se definan - e-Cristians","og_description":"Apreciado amigo\/Apreciada amiga: En la perspectiva de las elecciones al Parlamento de Catalu\u00f1a, la Comisi\u00f3n Ejecutiva ha preparado un extenso documento en el que figuran cuestiones que, relacionadas con la actualidad y desde la perspectiva de la Doctrina social de la Iglesia, deber\u00edan figurar en los programas de los partidos pol\u00edticos por considerar que estos...","og_url":"https:\/\/e-cristians.cat\/es\/carta-semanal-de-josep-miro-i-ardevol-pedimos-a-los-partidos-politicos-que-se-definan\/","og_site_name":"e-Cristians","article_published_time":"2020-12-03T16:11:45+00:00","article_modified_time":"2020-12-11T11:02:41+00:00","og_image":[{"width":660,"height":371,"url":"https:\/\/e-cristians.cat\/wp-content\/uploads\/2020\/12\/cristianos-elecciones_2112698729_13517857_660x371.jpg","type":"image\/jpeg"}],"author":"e-Cristians","twitter_card":"summary_large_image","twitter_misc":{"Escrito por":"e-Cristians","Tiempo de lectura":"2 minutos"},"schema":{"@context":"https:\/\/schema.org","@graph":[{"@type":"WebPage","@id":"https:\/\/e-cristians.cat\/es\/carta-semanal-de-josep-miro-i-ardevol-pedimos-a-los-partidos-politicos-que-se-definan\/","url":"https:\/\/e-cristians.cat\/es\/carta-semanal-de-josep-miro-i-ardevol-pedimos-a-los-partidos-politicos-que-se-definan\/","name":"Pedimos a los partidos pol\u00edticos que se definan - e-Cristians","isPartOf":{"@id":"https:\/\/e-cristians.cat\/#website"},"datePublished":"2020-12-03T16:11:45+00:00","dateModified":"2020-12-11T11:02:41+00:00","author":{"@id":"https:\/\/e-cristians.cat\/#\/schema\/person\/f0ec475338e49aaef9c9dc9d9f162861"},"breadcrumb":{"@id":"https:\/\/e-cristians.cat\/es\/carta-semanal-de-josep-miro-i-ardevol-pedimos-a-los-partidos-politicos-que-se-definan\/#breadcrumb"},"inLanguage":"es","potentialAction":[{"@type":"ReadAction","target":["https:\/\/e-cristians.cat\/es\/carta-semanal-de-josep-miro-i-ardevol-pedimos-a-los-partidos-politicos-que-se-definan\/"]}]},{"@type":"BreadcrumbList","@id":"https:\/\/e-cristians.cat\/es\/carta-semanal-de-josep-miro-i-ardevol-pedimos-a-los-partidos-politicos-que-se-definan\/#breadcrumb","itemListElement":[{"@type":"ListItem","position":1,"name":"Inici","item":"https:\/\/e-cristians.cat\/es\/"},{"@type":"ListItem","position":2,"name":"Pedimos a los partidos pol\u00edticos que se definan"}]},{"@type":"WebSite","@id":"https:\/\/e-cristians.cat\/#website","url":"https:\/\/e-cristians.cat\/","name":"e-Cristians","description":"","potentialAction":[{"@type":"SearchAction","target":{"@type":"EntryPoint","urlTemplate":"https:\/\/e-cristians.cat\/?s={search_term_string}"},"query-input":"required name=search_term_string"}],"inLanguage":"es"},{"@type":"Person","@id":"https:\/\/e-cristians.cat\/#\/schema\/person\/f0ec475338e49aaef9c9dc9d9f162861","name":"e-Cristians","image":{"@type":"ImageObject","inLanguage":"es","@id":"https:\/\/e-cristians.cat\/#\/schema\/person\/image\/","url":"https:\/\/secure.gravatar.com\/avatar\/14bc9e5b0ca69070f1075ad3efcb33c4?s=96&d=mm&r=g","contentUrl":"https:\/\/secure.gravatar.com\/avatar\/14bc9e5b0ca69070f1075ad3efcb33c4?s=96&d=mm&r=g","caption":"e-Cristians"}}]}},"jetpack_sharing_enabled":true,"jetpack_featured_media_url":"https:\/\/e-cristians.cat\/wp-content\/uploads\/2020\/12\/cristianos-elecciones_2112698729_13517857_660x371.jpg","_links":{"self":[{"href":"https:\/\/e-cristians.cat\/es\/wp-json\/wp\/v2\/posts\/2185"}],"collection":[{"href":"https:\/\/e-cristians.cat\/es\/wp-json\/wp\/v2\/posts"}],"about":[{"href":"https:\/\/e-cristians.cat\/es\/wp-json\/wp\/v2\/types\/post"}],"author":[{"embeddable":true,"href":"https:\/\/e-cristians.cat\/es\/wp-json\/wp\/v2\/users\/2"}],"replies":[{"embeddable":true,"href":"https:\/\/e-cristians.cat\/es\/wp-json\/wp\/v2\/comments?post=2185"}],"version-history":[{"count":2,"href":"https:\/\/e-cristians.cat\/es\/wp-json\/wp\/v2\/posts\/2185\/revisions"}],"predecessor-version":[{"id":2226,"href":"https:\/\/e-cristians.cat\/es\/wp-json\/wp\/v2\/posts\/2185\/revisions\/2226"}],"wp:featuredmedia":[{"embeddable":true,"href":"https:\/\/e-cristians.cat\/es\/wp-json\/wp\/v2\/media\/2183"}],"wp:attachment":[{"href":"https:\/\/e-cristians.cat\/es\/wp-json\/wp\/v2\/media?parent=2185"}],"wp:term":[{"taxonomy":"category","embeddable":true,"href":"https:\/\/e-cristians.cat\/es\/wp-json\/wp\/v2\/categories?post=2185"},{"taxonomy":"post_tag","embeddable":true,"href":"https:\/\/e-cristians.cat\/es\/wp-json\/wp\/v2\/tags?post=2185"}],"curies":[{"name":"wp","href":"https:\/\/api.w.org\/{rel}","templated":true}]}}