{"id":22544,"date":"2021-10-08T11:27:10","date_gmt":"2021-10-08T09:27:10","guid":{"rendered":"https:\/\/e-cristians.cat\/?p=22544"},"modified":"2021-10-08T11:27:10","modified_gmt":"2021-10-08T09:27:10","slug":"algunas-cosas-que-podemos-aprender-de-la-situacion-de-los-catolicos-en-francia","status":"publish","type":"post","link":"https:\/\/e-cristians.cat\/es\/algunas-cosas-que-podemos-aprender-de-la-situacion-de-los-catolicos-en-francia\/","title":{"rendered":"Algunas cosas que podemos aprender de la situaci\u00f3n de los cat\u00f3licos en Francia"},"content":{"rendered":"<p><em>Josep Mir\u00f3 i Ard\u00e8vol<\/em><\/p>\n<p>Una reciente encuesta, realizada los d\u00edas 24 y 25 de agosto por el instituto IFOP, se\u00f1ala que la mayor\u00eda de los franceses (51%) dicen que no creen en Dios. Todav\u00eda eran una mayor\u00eda de creyentes en 2011 (56%), diez puntos menos que en el lejano 1947 (66%). En la regresi\u00f3n se observa una mayor incidencia en esta \u00faltima d\u00e9cada (5 p.p. menos) que en el m\u00e1s de medio siglo precedente (10 p.p. menos). <a href=\"https:\/\/www.forumlibertas.com\/algunas-cosas-que-podemos-aprender-de-la-situacion-de-los-catolicos-en-francia\/\" target=\"_blank\" rel=\"noopener\">Leer m\u00e1s.<\/a><\/p>\n","protected":false},"excerpt":{"rendered":"<p>Josep Mir\u00f3 i Ard\u00e8vol Una reciente encuesta, realizada los d\u00edas 24 y 25 de agosto por el instituto IFOP, se\u00f1ala que la mayor\u00eda de los franceses (51%) dicen que no creen en Dios. Todav\u00eda eran una mayor\u00eda de creyentes en 2011 (56%), diez puntos menos que en el lejano 1947 (66%). En la regresi\u00f3n se&#8230;<\/p>\n","protected":false},"author":2,"featured_media":22545,"comment_status":"closed","ping_status":"closed","sticky":false,"template":"","format":"standard","meta":{"_jetpack_memberships_contains_paid_content":false,"footnotes":""},"categories":[34,39],"tags":[],"class_list":["post-22544","post","type-post","status-publish","format-standard","has-post-thumbnail","hentry","category-editorials-i-blogs-de-forumlibertas-es","category-portada_news-es"],"yoast_head":"<!-- This site is optimized with the Yoast SEO plugin v20.0 - https:\/\/yoast.com\/wordpress\/plugins\/seo\/ -->\n<title>Algunas cosas que podemos aprender de la situaci\u00f3n de los cat\u00f3licos en Francia - e-Cristians<\/title>\n<meta name=\"robots\" content=\"noindex, nofollow\" \/>\n<meta property=\"og:locale\" content=\"es_ES\" \/>\n<meta property=\"og:type\" content=\"article\" \/>\n<meta property=\"og:title\" content=\"Algunas cosas que podemos aprender de la situaci\u00f3n de los cat\u00f3licos en Francia - e-Cristians\" \/>\n<meta property=\"og:description\" content=\"Josep Mir\u00f3 i Ard\u00e8vol Una reciente encuesta, realizada los d\u00edas 24 y 25 de agosto por el instituto IFOP, se\u00f1ala que la mayor\u00eda de los franceses (51%) dicen que no creen en Dios. Todav\u00eda eran una mayor\u00eda de creyentes en 2011 (56%), diez puntos menos que en el lejano 1947 (66%). En la regresi\u00f3n se...\" \/>\n<meta property=\"og:url\" content=\"https:\/\/e-cristians.cat\/es\/algunas-cosas-que-podemos-aprender-de-la-situacion-de-los-catolicos-en-francia\/\" \/>\n<meta property=\"og:site_name\" content=\"e-Cristians\" \/>\n<meta property=\"article:published_time\" content=\"2021-10-08T09:27:10+00:00\" \/>\n<meta property=\"og:image\" content=\"https:\/\/e-cristians.cat\/wp-content\/uploads\/2021\/10\/2015-03-15-francia-catolica-600x337-1.png\" \/>\n\t<meta property=\"og:image:width\" content=\"600\" \/>\n\t<meta property=\"og:image:height\" content=\"337\" \/>\n\t<meta property=\"og:image:type\" content=\"image\/png\" \/>\n<meta name=\"author\" content=\"e-Cristians\" \/>\n<meta name=\"twitter:card\" content=\"summary_large_image\" \/>\n<meta name=\"twitter:label1\" content=\"Escrito por\" \/>\n\t<meta name=\"twitter:data1\" content=\"e-Cristians\" \/>\n<script type=\"application\/ld+json\" class=\"yoast-schema-graph\">{\"@context\":\"https:\/\/schema.org\",\"@graph\":[{\"@type\":\"WebPage\",\"@id\":\"https:\/\/e-cristians.cat\/es\/algunas-cosas-que-podemos-aprender-de-la-situacion-de-los-catolicos-en-francia\/\",\"url\":\"https:\/\/e-cristians.cat\/es\/algunas-cosas-que-podemos-aprender-de-la-situacion-de-los-catolicos-en-francia\/\",\"name\":\"Algunas cosas que podemos aprender de la situaci\u00f3n de los cat\u00f3licos en Francia - e-Cristians\",\"isPartOf\":{\"@id\":\"https:\/\/e-cristians.cat\/#website\"},\"datePublished\":\"2021-10-08T09:27:10+00:00\",\"dateModified\":\"2021-10-08T09:27:10+00:00\",\"author\":{\"@id\":\"https:\/\/e-cristians.cat\/#\/schema\/person\/f0ec475338e49aaef9c9dc9d9f162861\"},\"breadcrumb\":{\"@id\":\"https:\/\/e-cristians.cat\/es\/algunas-cosas-que-podemos-aprender-de-la-situacion-de-los-catolicos-en-francia\/#breadcrumb\"},\"inLanguage\":\"es\",\"potentialAction\":[{\"@type\":\"ReadAction\",\"target\":[\"https:\/\/e-cristians.cat\/es\/algunas-cosas-que-podemos-aprender-de-la-situacion-de-los-catolicos-en-francia\/\"]}]},{\"@type\":\"BreadcrumbList\",\"@id\":\"https:\/\/e-cristians.cat\/es\/algunas-cosas-que-podemos-aprender-de-la-situacion-de-los-catolicos-en-francia\/#breadcrumb\",\"itemListElement\":[{\"@type\":\"ListItem\",\"position\":1,\"name\":\"Inici\",\"item\":\"https:\/\/e-cristians.cat\/es\/\"},{\"@type\":\"ListItem\",\"position\":2,\"name\":\"Algunas cosas que podemos aprender de la situaci\u00f3n de los cat\u00f3licos en Francia\"}]},{\"@type\":\"WebSite\",\"@id\":\"https:\/\/e-cristians.cat\/#website\",\"url\":\"https:\/\/e-cristians.cat\/\",\"name\":\"e-Cristians\",\"description\":\"\",\"potentialAction\":[{\"@type\":\"SearchAction\",\"target\":{\"@type\":\"EntryPoint\",\"urlTemplate\":\"https:\/\/e-cristians.cat\/?s={search_term_string}\"},\"query-input\":\"required name=search_term_string\"}],\"inLanguage\":\"es\"},{\"@type\":\"Person\",\"@id\":\"https:\/\/e-cristians.cat\/#\/schema\/person\/f0ec475338e49aaef9c9dc9d9f162861\",\"name\":\"e-Cristians\",\"image\":{\"@type\":\"ImageObject\",\"inLanguage\":\"es\",\"@id\":\"https:\/\/e-cristians.cat\/#\/schema\/person\/image\/\",\"url\":\"https:\/\/secure.gravatar.com\/avatar\/14bc9e5b0ca69070f1075ad3efcb33c4?s=96&d=mm&r=g\",\"contentUrl\":\"https:\/\/secure.gravatar.com\/avatar\/14bc9e5b0ca69070f1075ad3efcb33c4?s=96&d=mm&r=g\",\"caption\":\"e-Cristians\"}}]}<\/script>\n<!-- \/ Yoast SEO plugin. -->","yoast_head_json":{"title":"Algunas cosas que podemos aprender de la situaci\u00f3n de los cat\u00f3licos en Francia - e-Cristians","robots":{"index":"noindex","follow":"nofollow"},"og_locale":"es_ES","og_type":"article","og_title":"Algunas cosas que podemos aprender de la situaci\u00f3n de los cat\u00f3licos en Francia - e-Cristians","og_description":"Josep Mir\u00f3 i Ard\u00e8vol Una reciente encuesta, realizada los d\u00edas 24 y 25 de agosto por el instituto IFOP, se\u00f1ala que la mayor\u00eda de los franceses (51%) dicen que no creen en Dios. Todav\u00eda eran una mayor\u00eda de creyentes en 2011 (56%), diez puntos menos que en el lejano 1947 (66%). En la regresi\u00f3n se...","og_url":"https:\/\/e-cristians.cat\/es\/algunas-cosas-que-podemos-aprender-de-la-situacion-de-los-catolicos-en-francia\/","og_site_name":"e-Cristians","article_published_time":"2021-10-08T09:27:10+00:00","og_image":[{"width":600,"height":337,"url":"https:\/\/e-cristians.cat\/wp-content\/uploads\/2021\/10\/2015-03-15-francia-catolica-600x337-1.png","type":"image\/png"}],"author":"e-Cristians","twitter_card":"summary_large_image","twitter_misc":{"Escrito por":"e-Cristians"},"schema":{"@context":"https:\/\/schema.org","@graph":[{"@type":"WebPage","@id":"https:\/\/e-cristians.cat\/es\/algunas-cosas-que-podemos-aprender-de-la-situacion-de-los-catolicos-en-francia\/","url":"https:\/\/e-cristians.cat\/es\/algunas-cosas-que-podemos-aprender-de-la-situacion-de-los-catolicos-en-francia\/","name":"Algunas cosas que podemos aprender de la situaci\u00f3n de los cat\u00f3licos en Francia - e-Cristians","isPartOf":{"@id":"https:\/\/e-cristians.cat\/#website"},"datePublished":"2021-10-08T09:27:10+00:00","dateModified":"2021-10-08T09:27:10+00:00","author":{"@id":"https:\/\/e-cristians.cat\/#\/schema\/person\/f0ec475338e49aaef9c9dc9d9f162861"},"breadcrumb":{"@id":"https:\/\/e-cristians.cat\/es\/algunas-cosas-que-podemos-aprender-de-la-situacion-de-los-catolicos-en-francia\/#breadcrumb"},"inLanguage":"es","potentialAction":[{"@type":"ReadAction","target":["https:\/\/e-cristians.cat\/es\/algunas-cosas-que-podemos-aprender-de-la-situacion-de-los-catolicos-en-francia\/"]}]},{"@type":"BreadcrumbList","@id":"https:\/\/e-cristians.cat\/es\/algunas-cosas-que-podemos-aprender-de-la-situacion-de-los-catolicos-en-francia\/#breadcrumb","itemListElement":[{"@type":"ListItem","position":1,"name":"Inici","item":"https:\/\/e-cristians.cat\/es\/"},{"@type":"ListItem","position":2,"name":"Algunas cosas que podemos aprender de la situaci\u00f3n de los cat\u00f3licos en Francia"}]},{"@type":"WebSite","@id":"https:\/\/e-cristians.cat\/#website","url":"https:\/\/e-cristians.cat\/","name":"e-Cristians","description":"","potentialAction":[{"@type":"SearchAction","target":{"@type":"EntryPoint","urlTemplate":"https:\/\/e-cristians.cat\/?s={search_term_string}"},"query-input":"required name=search_term_string"}],"inLanguage":"es"},{"@type":"Person","@id":"https:\/\/e-cristians.cat\/#\/schema\/person\/f0ec475338e49aaef9c9dc9d9f162861","name":"e-Cristians","image":{"@type":"ImageObject","inLanguage":"es","@id":"https:\/\/e-cristians.cat\/#\/schema\/person\/image\/","url":"https:\/\/secure.gravatar.com\/avatar\/14bc9e5b0ca69070f1075ad3efcb33c4?s=96&d=mm&r=g","contentUrl":"https:\/\/secure.gravatar.com\/avatar\/14bc9e5b0ca69070f1075ad3efcb33c4?s=96&d=mm&r=g","caption":"e-Cristians"}}]}},"jetpack_sharing_enabled":true,"jetpack_featured_media_url":"https:\/\/e-cristians.cat\/wp-content\/uploads\/2021\/10\/2015-03-15-francia-catolica-600x337-1.png","_links":{"self":[{"href":"https:\/\/e-cristians.cat\/es\/wp-json\/wp\/v2\/posts\/22544"}],"collection":[{"href":"https:\/\/e-cristians.cat\/es\/wp-json\/wp\/v2\/posts"}],"about":[{"href":"https:\/\/e-cristians.cat\/es\/wp-json\/wp\/v2\/types\/post"}],"author":[{"embeddable":true,"href":"https:\/\/e-cristians.cat\/es\/wp-json\/wp\/v2\/users\/2"}],"replies":[{"embeddable":true,"href":"https:\/\/e-cristians.cat\/es\/wp-json\/wp\/v2\/comments?post=22544"}],"version-history":[{"count":1,"href":"https:\/\/e-cristians.cat\/es\/wp-json\/wp\/v2\/posts\/22544\/revisions"}],"predecessor-version":[{"id":22547,"href":"https:\/\/e-cristians.cat\/es\/wp-json\/wp\/v2\/posts\/22544\/revisions\/22547"}],"wp:featuredmedia":[{"embeddable":true,"href":"https:\/\/e-cristians.cat\/es\/wp-json\/wp\/v2\/media\/22545"}],"wp:attachment":[{"href":"https:\/\/e-cristians.cat\/es\/wp-json\/wp\/v2\/media?parent=22544"}],"wp:term":[{"taxonomy":"category","embeddable":true,"href":"https:\/\/e-cristians.cat\/es\/wp-json\/wp\/v2\/categories?post=22544"},{"taxonomy":"post_tag","embeddable":true,"href":"https:\/\/e-cristians.cat\/es\/wp-json\/wp\/v2\/tags?post=22544"}],"curies":[{"name":"wp","href":"https:\/\/api.w.org\/{rel}","templated":true}]}}