{"id":2261,"date":"2020-12-15T11:44:28","date_gmt":"2020-12-15T10:44:28","guid":{"rendered":"https:\/\/e-cristians.cat\/?p=2261"},"modified":"2020-12-17T12:51:33","modified_gmt":"2020-12-17T11:51:33","slug":"la-cee-convoca-el-16-de-diciembre-una-jornada-de-ayuno-y-oracion","status":"publish","type":"post","link":"https:\/\/e-cristians.cat\/es\/la-cee-convoca-el-16-de-diciembre-una-jornada-de-ayuno-y-oracion\/","title":{"rendered":"La CEE convoca el 16 de diciembre una Jornada de Ayuno y Oraci\u00f3n ante la aprobaci\u00f3n de la eutanasia"},"content":{"rendered":"<table style=\"width: 100%; border-collapse: collapse; border-style: double; border-color: #ee4300;\" border=\"1\">\n<tbody>\n<tr>\n<td style=\"width: 100%;\">\n<h5 style=\"text-align: center;\">Os recordamos la petici\u00f3n de los obispos de la Conferencia Episcopal Espa\u00f1ola de hacer el dia <span style=\"color: #ee4300;\"><strong>16 de Diciembre una Jornada de Ayuno y Oraci\u00f3n<\/strong><\/span>. Adem\u00e1s de la plegaria personal y en grupo, es un buen motivo para acudir a la eucarist\u00eda en nuestras parroquias.<\/h5>\n<\/td>\n<\/tr>\n<\/tbody>\n<\/table>\n<p>La\u00a0<a href=\"https:\/\/conferenciaepiscopal.es\/\" target=\"_blank\" rel=\"noopener noreferrer\">Conferencia Episcopal Espa\u00f1ola<\/a>\u00a0ha hecho p\u00fablica una\u00a0<a href=\"https:\/\/conferenciaepiscopal.es\/la-vida-es-un-don-la-eutanasia-un-fracaso\/\" target=\"_blank\" rel=\"noopener noreferrer\">nota<\/a>\u00a0de los obispos espa\u00f1oles ante la aprobaci\u00f3n prevista en el Congreso de los Diputados de la ley de la eutanasia.<\/p>\n<p>El Congreso de los Diputados est\u00e1 a punto de culminar la aprobaci\u00f3n de la Ley Org\u00e1nica de regulaci\u00f3n de la eutanasia, una tramitaci\u00f3n que se ha realizado de manera \u201csospechosamente\u201d acelerada, \u201cen tiempo de pandemia y estado de alarma, sin escucha ni di\u00e1logo p\u00fablico\u201d, apuntan los obispos espa\u00f1oles.<\/p>\n<p>\u201c<strong>El hecho es especialmente grave, pues instaura una ruptura moral; un\u00a0cambio en los fines del Estado<\/strong>: de defender la vida a ser responsable de la muerte infligida; y\u00a0tambi\u00e9n\u00a0de la profesi\u00f3n m\u00e9dica, \u00abllamada en lo posible a curar o al menos a aliviar, en cualquier caso a consolar, y nunca a provocar intencionadamente la muerte\u00bb. Es una propuesta que hace juego con la visi\u00f3n antropol\u00f3gica y cultural de los sistemas de poder dominantes en el mundo\u201d, afirman.<\/p>\n<p>Es por eso que la Congregaci\u00f3n para la Doctrina de la Fe, con la aprobaci\u00f3n expresa del papa Francisco public\u00f3 la\u00a0<a href=\"https:\/\/www.forumlibertas.com\/samaritanus-bonus\/\" target=\"_blank\" rel=\"noopener noreferrer\">Carta\u00a0<\/a><em>Samaritanus bonus sobre el cuidado de las personas en las fases cr\u00edticas y terminales de la vida.\u00a0<\/em>Este texto ilumina la reflexi\u00f3n y el juicio moral sobre este tipo de legislaciones. Tambi\u00e9n la Conferencia Episcopal Espa\u00f1ola, con el documento\u00a0<em><a href=\"https:\/\/www.conferenciaepiscopal.com.es\/wp-content\/uploads\/2019\/12\/2019-Familia-Vida-Sembradores-esperanza.pdf\" target=\"_blank\" rel=\"noopener noreferrer\">Sembradores de esperanza. Acoger, proteger y acompa\u00f1ar en la etapa final de esta vida<\/a>,\u00a0<\/em>ofrece unas pautas clarificadoras sobre la cuesti\u00f3n.<\/p>\n<p>Los prelados urgen a\u00a0<strong>la \u201cpromoci\u00f3n\u201d de los cuidados paliativos, \u201cque ayudan a vivir la enfermedad grave sin dolor y al acompa\u00f1amiento integral, por tanto tambi\u00e9n espiritual, a los enfermos y a sus familias<\/strong>\u201c.<\/p>\n<p>La nota expresa que este cuidado integral \u201calivia el dolor, consuela y ofrece la \u00a0esperanza que surge de la fe y da sentido a toda la vida humana, incluso en el sufrimiento y la vulnerabilidad\u201d.<\/p>\n<p>\u201cLa pandemia ha puesto de manifiesto la fragilidad de la vida y ha suscitado solicitud por los cuidados, al mismo tiempo que indignaci\u00f3n por el descarte en la atenci\u00f3n a personas mayores -prosigue la CEE-. Ha crecido la conciencia\u00a0 de que acabar con la vida no puede ser la soluci\u00f3n para abordar un problema humano. Hemos agradecido el trabajo de los sanitarios y el valor de nuestra sanidad p\u00fablica, reclamando incluso su mejora y mayor atenci\u00f3n presupuestaria. La muerte provocada no puede ser un atajo\u00a0que nos permita ahorrar recursos humanos y econ\u00f3micos en los cuidados paliativos y el acompa\u00f1amiento integral. \u00a0Por el contrario, frente a la muerte como soluci\u00f3n, es preciso invertir en los cuidados y cercan\u00eda que todos necesitamos en la etapa final de esta vida. Esta es\u00a0la verdadera compasi\u00f3n\u201d.<\/p>\n<p>Los obispos espa\u00f1oles constatan que la experiencia de los pocos pa\u00edses donde se ha legalizado \u201c<strong>nos dice que la eutanasia incita a la muerte a los m\u00e1s d\u00e9biles<\/strong>\u201c.<\/p>\n<p>\u201cAl otorgar este supuesto derecho, la persona, que se experimenta como una carga para la familia y un peso social, se siente condicionada a pedir la muerte cuando una ley la presiona en esa direcci\u00f3n. La falta de cuidados paliativos\u00a0<strong>es tambi\u00e9n una expresi\u00f3n de desigualdad social. Muchas personas mueren sin poder recibir estos cuidados y s\u00f3lo cuentan con ellos quienes pueden pagarlos<\/strong>\u201c, prosiguen.<\/p>\n<p>Finalmente los prelados piden a \u201ccuantos tienen responsabilidad en la toma de estas graves decisiones\u201d que act\u00faen en conciencia, seg\u00fan \u201cverdad y justicia\u201d.<\/p>\n<p>Y, por ello, convocan a los cat\u00f3licos espa\u00f1oles a\u00a0<strong>una Jornada de ayuno y oraci\u00f3n el pr\u00f3ximo mi\u00e9rcoles 16 de diciembre<\/strong>, \u201cpara pedir al Se\u00f1or que inspire leyes que respeten y promuevan el cuidado de la vida humana.\u00a0 Invitamos a cuantas personas e instituciones quieran unirse a esta iniciativa\u201d.<\/p>\n","protected":false},"excerpt":{"rendered":"<p>Os recordamos la petici\u00f3n de los obispos de la Conferencia Episcopal Espa\u00f1ola de hacer el dia 16 de Diciembre una Jornada de Ayuno y Oraci\u00f3n. Adem\u00e1s de la plegaria personal y en grupo, es un buen motivo para acudir a la eucarist\u00eda en nuestras parroquias. La\u00a0Conferencia Episcopal Espa\u00f1ola\u00a0ha hecho p\u00fablica una\u00a0nota\u00a0de los obispos espa\u00f1oles ante&#8230;<\/p>\n","protected":false},"author":2,"featured_media":2277,"comment_status":"closed","ping_status":"closed","sticky":false,"template":"","format":"standard","meta":{"_jetpack_memberships_contains_paid_content":false,"footnotes":""},"categories":[33],"tags":[],"class_list":["post-2261","post","type-post","status-publish","format-standard","has-post-thumbnail","hentry","category-altres-entitats-informacions-agenda-i-documents-es"],"yoast_head":"<!-- This site is optimized with the Yoast SEO plugin v20.0 - https:\/\/yoast.com\/wordpress\/plugins\/seo\/ -->\n<title>La CEE convoca el 16 de diciembre una Jornada de Ayuno y Oraci\u00f3n ante la aprobaci\u00f3n de la eutanasia - e-Cristians<\/title>\n<meta name=\"robots\" content=\"noindex, nofollow\" \/>\n<meta property=\"og:locale\" content=\"es_ES\" \/>\n<meta property=\"og:type\" content=\"article\" \/>\n<meta property=\"og:title\" content=\"La CEE convoca el 16 de diciembre una Jornada de Ayuno y Oraci\u00f3n ante la aprobaci\u00f3n de la eutanasia - e-Cristians\" \/>\n<meta property=\"og:description\" content=\"Os recordamos la petici\u00f3n de los obispos de la Conferencia Episcopal Espa\u00f1ola de hacer el dia 16 de Diciembre una Jornada de Ayuno y Oraci\u00f3n. Adem\u00e1s de la plegaria personal y en grupo, es un buen motivo para acudir a la eucarist\u00eda en nuestras parroquias. La\u00a0Conferencia Episcopal Espa\u00f1ola\u00a0ha hecho p\u00fablica una\u00a0nota\u00a0de los obispos espa\u00f1oles ante...\" \/>\n<meta property=\"og:url\" content=\"https:\/\/e-cristians.cat\/es\/la-cee-convoca-el-16-de-diciembre-una-jornada-de-ayuno-y-oracion\/\" \/>\n<meta property=\"og:site_name\" content=\"e-Cristians\" \/>\n<meta property=\"article:published_time\" content=\"2020-12-15T10:44:28+00:00\" \/>\n<meta property=\"article:modified_time\" content=\"2020-12-17T11:51:33+00:00\" \/>\n<meta property=\"og:image\" content=\"https:\/\/e-cristians.cat\/wp-content\/uploads\/2020\/12\/2020-manos-chico-adulto-745x475-1.jpg\" \/>\n\t<meta property=\"og:image:width\" content=\"745\" \/>\n\t<meta property=\"og:image:height\" content=\"475\" \/>\n\t<meta property=\"og:image:type\" content=\"image\/jpeg\" \/>\n<meta name=\"author\" content=\"e-Cristians\" \/>\n<meta name=\"twitter:card\" content=\"summary_large_image\" \/>\n<meta name=\"twitter:label1\" content=\"Escrito por\" \/>\n\t<meta name=\"twitter:data1\" content=\"e-Cristians\" \/>\n\t<meta name=\"twitter:label2\" content=\"Tiempo de lectura\" \/>\n\t<meta name=\"twitter:data2\" content=\"4 minutos\" \/>\n<script type=\"application\/ld+json\" class=\"yoast-schema-graph\">{\"@context\":\"https:\/\/schema.org\",\"@graph\":[{\"@type\":\"WebPage\",\"@id\":\"https:\/\/e-cristians.cat\/es\/la-cee-convoca-el-16-de-diciembre-una-jornada-de-ayuno-y-oracion\/\",\"url\":\"https:\/\/e-cristians.cat\/es\/la-cee-convoca-el-16-de-diciembre-una-jornada-de-ayuno-y-oracion\/\",\"name\":\"La CEE convoca el 16 de diciembre una Jornada de Ayuno y Oraci\u00f3n ante la aprobaci\u00f3n de la eutanasia - e-Cristians\",\"isPartOf\":{\"@id\":\"https:\/\/e-cristians.cat\/#website\"},\"datePublished\":\"2020-12-15T10:44:28+00:00\",\"dateModified\":\"2020-12-17T11:51:33+00:00\",\"author\":{\"@id\":\"https:\/\/e-cristians.cat\/#\/schema\/person\/f0ec475338e49aaef9c9dc9d9f162861\"},\"breadcrumb\":{\"@id\":\"https:\/\/e-cristians.cat\/es\/la-cee-convoca-el-16-de-diciembre-una-jornada-de-ayuno-y-oracion\/#breadcrumb\"},\"inLanguage\":\"es\",\"potentialAction\":[{\"@type\":\"ReadAction\",\"target\":[\"https:\/\/e-cristians.cat\/es\/la-cee-convoca-el-16-de-diciembre-una-jornada-de-ayuno-y-oracion\/\"]}]},{\"@type\":\"BreadcrumbList\",\"@id\":\"https:\/\/e-cristians.cat\/es\/la-cee-convoca-el-16-de-diciembre-una-jornada-de-ayuno-y-oracion\/#breadcrumb\",\"itemListElement\":[{\"@type\":\"ListItem\",\"position\":1,\"name\":\"Inici\",\"item\":\"https:\/\/e-cristians.cat\/es\/\"},{\"@type\":\"ListItem\",\"position\":2,\"name\":\"La CEE convoca el 16 de diciembre una Jornada de Ayuno y Oraci\u00f3n ante la aprobaci\u00f3n de la eutanasia\"}]},{\"@type\":\"WebSite\",\"@id\":\"https:\/\/e-cristians.cat\/#website\",\"url\":\"https:\/\/e-cristians.cat\/\",\"name\":\"e-Cristians\",\"description\":\"\",\"potentialAction\":[{\"@type\":\"SearchAction\",\"target\":{\"@type\":\"EntryPoint\",\"urlTemplate\":\"https:\/\/e-cristians.cat\/?s={search_term_string}\"},\"query-input\":\"required name=search_term_string\"}],\"inLanguage\":\"es\"},{\"@type\":\"Person\",\"@id\":\"https:\/\/e-cristians.cat\/#\/schema\/person\/f0ec475338e49aaef9c9dc9d9f162861\",\"name\":\"e-Cristians\",\"image\":{\"@type\":\"ImageObject\",\"inLanguage\":\"es\",\"@id\":\"https:\/\/e-cristians.cat\/#\/schema\/person\/image\/\",\"url\":\"https:\/\/secure.gravatar.com\/avatar\/14bc9e5b0ca69070f1075ad3efcb33c4?s=96&d=mm&r=g\",\"contentUrl\":\"https:\/\/secure.gravatar.com\/avatar\/14bc9e5b0ca69070f1075ad3efcb33c4?s=96&d=mm&r=g\",\"caption\":\"e-Cristians\"}}]}<\/script>\n<!-- \/ Yoast SEO plugin. -->","yoast_head_json":{"title":"La CEE convoca el 16 de diciembre una Jornada de Ayuno y Oraci\u00f3n ante la aprobaci\u00f3n de la eutanasia - e-Cristians","robots":{"index":"noindex","follow":"nofollow"},"og_locale":"es_ES","og_type":"article","og_title":"La CEE convoca el 16 de diciembre una Jornada de Ayuno y Oraci\u00f3n ante la aprobaci\u00f3n de la eutanasia - e-Cristians","og_description":"Os recordamos la petici\u00f3n de los obispos de la Conferencia Episcopal Espa\u00f1ola de hacer el dia 16 de Diciembre una Jornada de Ayuno y Oraci\u00f3n. Adem\u00e1s de la plegaria personal y en grupo, es un buen motivo para acudir a la eucarist\u00eda en nuestras parroquias. La\u00a0Conferencia Episcopal Espa\u00f1ola\u00a0ha hecho p\u00fablica una\u00a0nota\u00a0de los obispos espa\u00f1oles ante...","og_url":"https:\/\/e-cristians.cat\/es\/la-cee-convoca-el-16-de-diciembre-una-jornada-de-ayuno-y-oracion\/","og_site_name":"e-Cristians","article_published_time":"2020-12-15T10:44:28+00:00","article_modified_time":"2020-12-17T11:51:33+00:00","og_image":[{"width":745,"height":475,"url":"https:\/\/e-cristians.cat\/wp-content\/uploads\/2020\/12\/2020-manos-chico-adulto-745x475-1.jpg","type":"image\/jpeg"}],"author":"e-Cristians","twitter_card":"summary_large_image","twitter_misc":{"Escrito por":"e-Cristians","Tiempo de lectura":"4 minutos"},"schema":{"@context":"https:\/\/schema.org","@graph":[{"@type":"WebPage","@id":"https:\/\/e-cristians.cat\/es\/la-cee-convoca-el-16-de-diciembre-una-jornada-de-ayuno-y-oracion\/","url":"https:\/\/e-cristians.cat\/es\/la-cee-convoca-el-16-de-diciembre-una-jornada-de-ayuno-y-oracion\/","name":"La CEE convoca el 16 de diciembre una Jornada de Ayuno y Oraci\u00f3n ante la aprobaci\u00f3n de la eutanasia - e-Cristians","isPartOf":{"@id":"https:\/\/e-cristians.cat\/#website"},"datePublished":"2020-12-15T10:44:28+00:00","dateModified":"2020-12-17T11:51:33+00:00","author":{"@id":"https:\/\/e-cristians.cat\/#\/schema\/person\/f0ec475338e49aaef9c9dc9d9f162861"},"breadcrumb":{"@id":"https:\/\/e-cristians.cat\/es\/la-cee-convoca-el-16-de-diciembre-una-jornada-de-ayuno-y-oracion\/#breadcrumb"},"inLanguage":"es","potentialAction":[{"@type":"ReadAction","target":["https:\/\/e-cristians.cat\/es\/la-cee-convoca-el-16-de-diciembre-una-jornada-de-ayuno-y-oracion\/"]}]},{"@type":"BreadcrumbList","@id":"https:\/\/e-cristians.cat\/es\/la-cee-convoca-el-16-de-diciembre-una-jornada-de-ayuno-y-oracion\/#breadcrumb","itemListElement":[{"@type":"ListItem","position":1,"name":"Inici","item":"https:\/\/e-cristians.cat\/es\/"},{"@type":"ListItem","position":2,"name":"La CEE convoca el 16 de diciembre una Jornada de Ayuno y Oraci\u00f3n ante la aprobaci\u00f3n de la eutanasia"}]},{"@type":"WebSite","@id":"https:\/\/e-cristians.cat\/#website","url":"https:\/\/e-cristians.cat\/","name":"e-Cristians","description":"","potentialAction":[{"@type":"SearchAction","target":{"@type":"EntryPoint","urlTemplate":"https:\/\/e-cristians.cat\/?s={search_term_string}"},"query-input":"required name=search_term_string"}],"inLanguage":"es"},{"@type":"Person","@id":"https:\/\/e-cristians.cat\/#\/schema\/person\/f0ec475338e49aaef9c9dc9d9f162861","name":"e-Cristians","image":{"@type":"ImageObject","inLanguage":"es","@id":"https:\/\/e-cristians.cat\/#\/schema\/person\/image\/","url":"https:\/\/secure.gravatar.com\/avatar\/14bc9e5b0ca69070f1075ad3efcb33c4?s=96&d=mm&r=g","contentUrl":"https:\/\/secure.gravatar.com\/avatar\/14bc9e5b0ca69070f1075ad3efcb33c4?s=96&d=mm&r=g","caption":"e-Cristians"}}]}},"jetpack_sharing_enabled":true,"jetpack_featured_media_url":"https:\/\/e-cristians.cat\/wp-content\/uploads\/2020\/12\/2020-manos-chico-adulto-745x475-1.jpg","_links":{"self":[{"href":"https:\/\/e-cristians.cat\/es\/wp-json\/wp\/v2\/posts\/2261"}],"collection":[{"href":"https:\/\/e-cristians.cat\/es\/wp-json\/wp\/v2\/posts"}],"about":[{"href":"https:\/\/e-cristians.cat\/es\/wp-json\/wp\/v2\/types\/post"}],"author":[{"embeddable":true,"href":"https:\/\/e-cristians.cat\/es\/wp-json\/wp\/v2\/users\/2"}],"replies":[{"embeddable":true,"href":"https:\/\/e-cristians.cat\/es\/wp-json\/wp\/v2\/comments?post=2261"}],"version-history":[{"count":4,"href":"https:\/\/e-cristians.cat\/es\/wp-json\/wp\/v2\/posts\/2261\/revisions"}],"predecessor-version":[{"id":2272,"href":"https:\/\/e-cristians.cat\/es\/wp-json\/wp\/v2\/posts\/2261\/revisions\/2272"}],"wp:featuredmedia":[{"embeddable":true,"href":"https:\/\/e-cristians.cat\/es\/wp-json\/wp\/v2\/media\/2277"}],"wp:attachment":[{"href":"https:\/\/e-cristians.cat\/es\/wp-json\/wp\/v2\/media?parent=2261"}],"wp:term":[{"taxonomy":"category","embeddable":true,"href":"https:\/\/e-cristians.cat\/es\/wp-json\/wp\/v2\/categories?post=2261"},{"taxonomy":"post_tag","embeddable":true,"href":"https:\/\/e-cristians.cat\/es\/wp-json\/wp\/v2\/tags?post=2261"}],"curies":[{"name":"wp","href":"https:\/\/api.w.org\/{rel}","templated":true}]}}